{"id":1184,"date":"2022-06-29T17:51:53","date_gmt":"2022-06-29T15:51:53","guid":{"rendered":"https:\/\/wp.kristdemokraterna.se\/svalov\/?p=1184"},"modified":"2022-06-29T17:51:53","modified_gmt":"2022-06-29T15:51:53","slug":"kristdemokrater-moter-landsbygdsfolk-pa-borgeby-faltdagar","status":"publish","type":"post","link":"https:\/\/wp.kristdemokraterna.se\/svalov\/kristdemokrater-moter-landsbygdsfolk-pa-borgeby-faltdagar\/","title":{"rendered":"Kristdemokrater m\u00f6ter landsbygdsfolk p\u00e5 Borgeby f\u00e4ltdagar"},"content":{"rendered":"<p><img decoding=\"async\" src=\"http:\/\/wp.kristdemokraterna.se\/svalov2\/files\/2022\/06\/tobias-kampanj-i-borgeby.jpg\" \/><\/p>\n<div class=\"kvgmc6g5 cxmmr5t8 oygrvhab hcukyx3x c1et5uql ii04i59q\">\n<div dir=\"auto\">Under onsdagen den 29 och torsdagen den 30 juni hittar ni v\u00e5ra KD-politiker p\u00e5 Borgeby F\u00e4ltdagar i monter S52.<\/div>\n<\/div>\n<div class=\"cxmmr5t8 oygrvhab hcukyx3x c1et5uql o9v6fnle ii04i59q\">\n<div dir=\"auto\">Ni som ska dit f\u00e5r g\u00e4rna passa p\u00e5 att prata med v\u00e5r egen lokala stj\u00e4rna Tobias Entin som ni p\u00e5 valdagen den 11 september kommer hitta p\u00e5 toppen av valsedeln till Regionfullm\u00e4ktige i Sk\u00e5ne.<\/div>\n<div dir=\"auto\">Ett uppdrag han kandiderar f\u00f6r d\u00e5 vi alla brinner f\u00f6r att fr\u00e4mja en h\u00e5llbar landsbygd och livskvalitet f\u00f6r alla m\u00e4nniskor som bor p\u00e5 landet.<\/div>\n<\/div>\n<div class=\"cxmmr5t8 oygrvhab hcukyx3x c1et5uql o9v6fnle ii04i59q\">\n<div dir=\"auto\">P\u00e5 gruppbilden hittar ni \u00e4ven Staffan Danielsson, tidigare Riksdagsledamot f\u00f6r Centern som \u00e4ven han numera \u00e4r Kristdemokrat d\u00e5 han anser att v\u00e5r politik \u00e4r det enda r\u00e4tta borgerliga landsbygdspartiet.<\/div>\n<\/div>\n","protected":false},"excerpt":{"rendered":"<p>Under onsdagen den 29 och torsdagen den 30 juni hittar ni v\u00e5ra KD-politiker p\u00e5 Borgeby F\u00e4ltdagar i monter S52. Ni som ska dit f\u00e5r g\u00e4rna passa p\u00e5 att prata med v\u00e5r egen lokala stj\u00e4rna Tobias Entin som ni p\u00e5 valdagen den 11 september kommer hitta p\u00e5 toppen av valsedeln till Regionfullm\u00e4ktige i Sk\u00e5ne. Ett uppdrag <a class=\"read-more-link\" href=\"https:\/\/wp.kristdemokraterna.se\/svalov\/kristdemokrater-moter-landsbygdsfolk-pa-borgeby-faltdagar\/\">L\u00e4s mer<\/a><\/p>\n","protected":false},"author":2,"featured_media":1185,"comment_status":"closed","ping_status":"closed","sticky":false,"template":"","format":"standard","meta":{"_acf_changed":false,"footnotes":""},"categories":[1],"tags":[],"class_list":["post-1184","post","type-post","status-publish","format-standard","hentry","category-okategoriserade"],"acf":[],"yoast_head":"<!-- This site is optimized with the Yoast SEO plugin v27.5 - https:\/\/yoast.com\/product\/yoast-seo-wordpress\/ -->\n<title>Kristdemokrater m\u00f6ter landsbygdsfolk p\u00e5 Borgeby f\u00e4ltdagar - Kristdemokraterna - Sval\u00f6v<\/title>\n<meta name=\"robots\" content=\"index, follow, max-snippet:-1, max-image-preview:large, max-video-preview:-1\" \/>\n<link rel=\"canonical\" href=\"https:\/\/wp.kristdemokraterna.se\/svalov\/kristdemokrater-moter-landsbygdsfolk-pa-borgeby-faltdagar\/\" \/>\n<meta property=\"og:locale\" content=\"sv_SE\" \/>\n<meta property=\"og:type\" content=\"article\" \/>\n<meta property=\"og:title\" content=\"Kristdemokrater m\u00f6ter landsbygdsfolk p\u00e5 Borgeby f\u00e4ltdagar - Kristdemokraterna - Sval\u00f6v\" \/>\n<meta property=\"og:description\" content=\"Under onsdagen den 29 och torsdagen den 30 juni hittar ni v\u00e5ra KD-politiker p\u00e5 Borgeby F\u00e4ltdagar i monter S52. Ni som ska dit f\u00e5r g\u00e4rna passa p\u00e5 att prata med v\u00e5r egen lokala stj\u00e4rna Tobias Entin som ni p\u00e5 valdagen den 11 september kommer hitta p\u00e5 toppen av valsedeln till Regionfullm\u00e4ktige i Sk\u00e5ne. Ett uppdrag L\u00e4s mer\" \/>\n<meta property=\"og:url\" content=\"https:\/\/wp.kristdemokraterna.se\/svalov\/kristdemokrater-moter-landsbygdsfolk-pa-borgeby-faltdagar\/\" \/>\n<meta property=\"og:site_name\" content=\"Kristdemokraterna - Sval\u00f6v\" \/>\n<meta property=\"article:published_time\" content=\"2022-06-29T15:51:53+00:00\" \/>\n<meta property=\"og:image\" content=\"https:\/\/wp.kristdemokraterna.se\/svalov\/files\/2022\/06\/tobias-kampanj-i-borgeby.jpg\" \/>\n\t<meta property=\"og:image:width\" content=\"960\" \/>\n\t<meta property=\"og:image:height\" content=\"751\" \/>\n\t<meta property=\"og:image:type\" content=\"image\/jpeg\" \/>\n<meta name=\"author\" content=\"Helpdesk Kristdemokraterna\" \/>\n<meta name=\"twitter:card\" content=\"summary_large_image\" \/>\n<meta name=\"twitter:label1\" content=\"Skriven av\" \/>\n\t<meta name=\"twitter:data1\" content=\"Helpdesk Kristdemokraterna\" \/>\n\t<meta name=\"twitter:label2\" content=\"Ber\u00e4knad l\u00e4stid\" \/>\n\t<meta name=\"twitter:data2\" content=\"1 minut\" \/>\n<script type=\"application\/ld+json\" class=\"yoast-schema-graph\">{\"@context\":\"https:\\\/\\\/schema.org\",\"@graph\":[{\"@type\":\"Article\",\"@id\":\"https:\\\/\\\/wp.kristdemokraterna.se\\\/svalov\\\/kristdemokrater-moter-landsbygdsfolk-pa-borgeby-faltdagar\\\/#article\",\"isPartOf\":{\"@id\":\"https:\\\/\\\/wp.kristdemokraterna.se\\\/svalov\\\/kristdemokrater-moter-landsbygdsfolk-pa-borgeby-faltdagar\\\/\"},\"author\":{\"name\":\"Helpdesk Kristdemokraterna\",\"@id\":\"https:\\\/\\\/wp.kristdemokraterna.se\\\/svalov\\\/#\\\/schema\\\/person\\\/6562e20e17e2df58423fa0f4dc8de535\"},\"headline\":\"Kristdemokrater m\u00f6ter landsbygdsfolk p\u00e5 Borgeby f\u00e4ltdagar\",\"datePublished\":\"2022-06-29T15:51:53+00:00\",\"mainEntityOfPage\":{\"@id\":\"https:\\\/\\\/wp.kristdemokraterna.se\\\/svalov\\\/kristdemokrater-moter-landsbygdsfolk-pa-borgeby-faltdagar\\\/\"},\"wordCount\":128,\"image\":{\"@id\":\"https:\\\/\\\/wp.kristdemokraterna.se\\\/svalov\\\/kristdemokrater-moter-landsbygdsfolk-pa-borgeby-faltdagar\\\/#primaryimage\"},\"thumbnailUrl\":\"https:\\\/\\\/wp.kristdemokraterna.se\\\/svalov\\\/files\\\/2022\\\/06\\\/tobias-kampanj-i-borgeby.jpg\",\"inLanguage\":\"sv-SE\"},{\"@type\":\"WebPage\",\"@id\":\"https:\\\/\\\/wp.kristdemokraterna.se\\\/svalov\\\/kristdemokrater-moter-landsbygdsfolk-pa-borgeby-faltdagar\\\/\",\"url\":\"https:\\\/\\\/wp.kristdemokraterna.se\\\/svalov\\\/kristdemokrater-moter-landsbygdsfolk-pa-borgeby-faltdagar\\\/\",\"name\":\"Kristdemokrater m\u00f6ter landsbygdsfolk p\u00e5 Borgeby f\u00e4ltdagar - Kristdemokraterna - Sval\u00f6v\",\"isPartOf\":{\"@id\":\"https:\\\/\\\/wp.kristdemokraterna.se\\\/svalov\\\/#website\"},\"primaryImageOfPage\":{\"@id\":\"https:\\\/\\\/wp.kristdemokraterna.se\\\/svalov\\\/kristdemokrater-moter-landsbygdsfolk-pa-borgeby-faltdagar\\\/#primaryimage\"},\"image\":{\"@id\":\"https:\\\/\\\/wp.kristdemokraterna.se\\\/svalov\\\/kristdemokrater-moter-landsbygdsfolk-pa-borgeby-faltdagar\\\/#primaryimage\"},\"thumbnailUrl\":\"https:\\\/\\\/wp.kristdemokraterna.se\\\/svalov\\\/files\\\/2022\\\/06\\\/tobias-kampanj-i-borgeby.jpg\",\"datePublished\":\"2022-06-29T15:51:53+00:00\",\"author\":{\"@id\":\"https:\\\/\\\/wp.kristdemokraterna.se\\\/svalov\\\/#\\\/schema\\\/person\\\/6562e20e17e2df58423fa0f4dc8de535\"},\"breadcrumb\":{\"@id\":\"https:\\\/\\\/wp.kristdemokraterna.se\\\/svalov\\\/kristdemokrater-moter-landsbygdsfolk-pa-borgeby-faltdagar\\\/#breadcrumb\"},\"inLanguage\":\"sv-SE\",\"potentialAction\":[{\"@type\":\"ReadAction\",\"target\":[\"https:\\\/\\\/wp.kristdemokraterna.se\\\/svalov\\\/kristdemokrater-moter-landsbygdsfolk-pa-borgeby-faltdagar\\\/\"]}]},{\"@type\":\"ImageObject\",\"inLanguage\":\"sv-SE\",\"@id\":\"https:\\\/\\\/wp.kristdemokraterna.se\\\/svalov\\\/kristdemokrater-moter-landsbygdsfolk-pa-borgeby-faltdagar\\\/#primaryimage\",\"url\":\"https:\\\/\\\/wp.kristdemokraterna.se\\\/svalov\\\/files\\\/2022\\\/06\\\/tobias-kampanj-i-borgeby.jpg\",\"contentUrl\":\"https:\\\/\\\/wp.kristdemokraterna.se\\\/svalov\\\/files\\\/2022\\\/06\\\/tobias-kampanj-i-borgeby.jpg\",\"width\":960,\"height\":751},{\"@type\":\"BreadcrumbList\",\"@id\":\"https:\\\/\\\/wp.kristdemokraterna.se\\\/svalov\\\/kristdemokrater-moter-landsbygdsfolk-pa-borgeby-faltdagar\\\/#breadcrumb\",\"itemListElement\":[{\"@type\":\"ListItem\",\"position\":1,\"name\":\"Hem\",\"item\":\"https:\\\/\\\/wp.kristdemokraterna.se\\\/svalov\\\/\"},{\"@type\":\"ListItem\",\"position\":2,\"name\":\"Kristdemokrater m\u00f6ter landsbygdsfolk p\u00e5 Borgeby f\u00e4ltdagar\"}]},{\"@type\":\"WebSite\",\"@id\":\"https:\\\/\\\/wp.kristdemokraterna.se\\\/svalov\\\/#website\",\"url\":\"https:\\\/\\\/wp.kristdemokraterna.se\\\/svalov\\\/\",\"name\":\"Kristdemokraterna - Sval\u00f6v\",\"description\":\"\",\"inLanguage\":\"sv-SE\"},{\"@type\":\"Person\",\"@id\":\"https:\\\/\\\/wp.kristdemokraterna.se\\\/svalov\\\/#\\\/schema\\\/person\\\/6562e20e17e2df58423fa0f4dc8de535\",\"name\":\"Helpdesk Kristdemokraterna\",\"image\":{\"@type\":\"ImageObject\",\"inLanguage\":\"sv-SE\",\"@id\":\"https:\\\/\\\/secure.gravatar.com\\\/avatar\\\/8ea49a6cb5a559b7be600a852cfc8614108618c76571e208b9e938ffcb7f15ff?s=96&d=mm&r=g\",\"url\":\"https:\\\/\\\/secure.gravatar.com\\\/avatar\\\/8ea49a6cb5a559b7be600a852cfc8614108618c76571e208b9e938ffcb7f15ff?s=96&d=mm&r=g\",\"contentUrl\":\"https:\\\/\\\/secure.gravatar.com\\\/avatar\\\/8ea49a6cb5a559b7be600a852cfc8614108618c76571e208b9e938ffcb7f15ff?s=96&d=mm&r=g\",\"caption\":\"Helpdesk Kristdemokraterna\"},\"description\":\"helpdesk@kristdemokraterna.se eller 08-723 25 55\",\"url\":\"https:\\\/\\\/wp.kristdemokraterna.se\\\/svalov\\\/author\\\/admin\\\/\"}]}<\/script>\n<!-- \/ Yoast SEO plugin. -->","yoast_head_json":{"title":"Kristdemokrater m\u00f6ter landsbygdsfolk p\u00e5 Borgeby f\u00e4ltdagar - Kristdemokraterna - Sval\u00f6v","robots":{"index":"index","follow":"follow","max-snippet":"max-snippet:-1","max-image-preview":"max-image-preview:large","max-video-preview":"max-video-preview:-1"},"canonical":"https:\/\/wp.kristdemokraterna.se\/svalov\/kristdemokrater-moter-landsbygdsfolk-pa-borgeby-faltdagar\/","og_locale":"sv_SE","og_type":"article","og_title":"Kristdemokrater m\u00f6ter landsbygdsfolk p\u00e5 Borgeby f\u00e4ltdagar - Kristdemokraterna - Sval\u00f6v","og_description":"Under onsdagen den 29 och torsdagen den 30 juni hittar ni v\u00e5ra KD-politiker p\u00e5 Borgeby F\u00e4ltdagar i monter S52. Ni som ska dit f\u00e5r g\u00e4rna passa p\u00e5 att prata med v\u00e5r egen lokala stj\u00e4rna Tobias Entin som ni p\u00e5 valdagen den 11 september kommer hitta p\u00e5 toppen av valsedeln till Regionfullm\u00e4ktige i Sk\u00e5ne. Ett uppdrag L\u00e4s mer","og_url":"https:\/\/wp.kristdemokraterna.se\/svalov\/kristdemokrater-moter-landsbygdsfolk-pa-borgeby-faltdagar\/","og_site_name":"Kristdemokraterna - Sval\u00f6v","article_published_time":"2022-06-29T15:51:53+00:00","og_image":[{"width":960,"height":751,"url":"https:\/\/wp.kristdemokraterna.se\/svalov\/files\/2022\/06\/tobias-kampanj-i-borgeby.jpg","type":"image\/jpeg"}],"author":"Helpdesk Kristdemokraterna","twitter_card":"summary_large_image","twitter_misc":{"Skriven av":"Helpdesk Kristdemokraterna","Ber\u00e4knad l\u00e4stid":"1 minut"},"schema":{"@context":"https:\/\/schema.org","@graph":[{"@type":"Article","@id":"https:\/\/wp.kristdemokraterna.se\/svalov\/kristdemokrater-moter-landsbygdsfolk-pa-borgeby-faltdagar\/#article","isPartOf":{"@id":"https:\/\/wp.kristdemokraterna.se\/svalov\/kristdemokrater-moter-landsbygdsfolk-pa-borgeby-faltdagar\/"},"author":{"name":"Helpdesk Kristdemokraterna","@id":"https:\/\/wp.kristdemokraterna.se\/svalov\/#\/schema\/person\/6562e20e17e2df58423fa0f4dc8de535"},"headline":"Kristdemokrater m\u00f6ter landsbygdsfolk p\u00e5 Borgeby f\u00e4ltdagar","datePublished":"2022-06-29T15:51:53+00:00","mainEntityOfPage":{"@id":"https:\/\/wp.kristdemokraterna.se\/svalov\/kristdemokrater-moter-landsbygdsfolk-pa-borgeby-faltdagar\/"},"wordCount":128,"image":{"@id":"https:\/\/wp.kristdemokraterna.se\/svalov\/kristdemokrater-moter-landsbygdsfolk-pa-borgeby-faltdagar\/#primaryimage"},"thumbnailUrl":"https:\/\/wp.kristdemokraterna.se\/svalov\/files\/2022\/06\/tobias-kampanj-i-borgeby.jpg","inLanguage":"sv-SE"},{"@type":"WebPage","@id":"https:\/\/wp.kristdemokraterna.se\/svalov\/kristdemokrater-moter-landsbygdsfolk-pa-borgeby-faltdagar\/","url":"https:\/\/wp.kristdemokraterna.se\/svalov\/kristdemokrater-moter-landsbygdsfolk-pa-borgeby-faltdagar\/","name":"Kristdemokrater m\u00f6ter landsbygdsfolk p\u00e5 Borgeby f\u00e4ltdagar - Kristdemokraterna - Sval\u00f6v","isPartOf":{"@id":"https:\/\/wp.kristdemokraterna.se\/svalov\/#website"},"primaryImageOfPage":{"@id":"https:\/\/wp.kristdemokraterna.se\/svalov\/kristdemokrater-moter-landsbygdsfolk-pa-borgeby-faltdagar\/#primaryimage"},"image":{"@id":"https:\/\/wp.kristdemokraterna.se\/svalov\/kristdemokrater-moter-landsbygdsfolk-pa-borgeby-faltdagar\/#primaryimage"},"thumbnailUrl":"https:\/\/wp.kristdemokraterna.se\/svalov\/files\/2022\/06\/tobias-kampanj-i-borgeby.jpg","datePublished":"2022-06-29T15:51:53+00:00","author":{"@id":"https:\/\/wp.kristdemokraterna.se\/svalov\/#\/schema\/person\/6562e20e17e2df58423fa0f4dc8de535"},"breadcrumb":{"@id":"https:\/\/wp.kristdemokraterna.se\/svalov\/kristdemokrater-moter-landsbygdsfolk-pa-borgeby-faltdagar\/#breadcrumb"},"inLanguage":"sv-SE","potentialAction":[{"@type":"ReadAction","target":["https:\/\/wp.kristdemokraterna.se\/svalov\/kristdemokrater-moter-landsbygdsfolk-pa-borgeby-faltdagar\/"]}]},{"@type":"ImageObject","inLanguage":"sv-SE","@id":"https:\/\/wp.kristdemokraterna.se\/svalov\/kristdemokrater-moter-landsbygdsfolk-pa-borgeby-faltdagar\/#primaryimage","url":"https:\/\/wp.kristdemokraterna.se\/svalov\/files\/2022\/06\/tobias-kampanj-i-borgeby.jpg","contentUrl":"https:\/\/wp.kristdemokraterna.se\/svalov\/files\/2022\/06\/tobias-kampanj-i-borgeby.jpg","width":960,"height":751},{"@type":"BreadcrumbList","@id":"https:\/\/wp.kristdemokraterna.se\/svalov\/kristdemokrater-moter-landsbygdsfolk-pa-borgeby-faltdagar\/#breadcrumb","itemListElement":[{"@type":"ListItem","position":1,"name":"Hem","item":"https:\/\/wp.kristdemokraterna.se\/svalov\/"},{"@type":"ListItem","position":2,"name":"Kristdemokrater m\u00f6ter landsbygdsfolk p\u00e5 Borgeby f\u00e4ltdagar"}]},{"@type":"WebSite","@id":"https:\/\/wp.kristdemokraterna.se\/svalov\/#website","url":"https:\/\/wp.kristdemokraterna.se\/svalov\/","name":"Kristdemokraterna - Sval\u00f6v","description":"","inLanguage":"sv-SE"},{"@type":"Person","@id":"https:\/\/wp.kristdemokraterna.se\/svalov\/#\/schema\/person\/6562e20e17e2df58423fa0f4dc8de535","name":"Helpdesk Kristdemokraterna","image":{"@type":"ImageObject","inLanguage":"sv-SE","@id":"https:\/\/secure.gravatar.com\/avatar\/8ea49a6cb5a559b7be600a852cfc8614108618c76571e208b9e938ffcb7f15ff?s=96&d=mm&r=g","url":"https:\/\/secure.gravatar.com\/avatar\/8ea49a6cb5a559b7be600a852cfc8614108618c76571e208b9e938ffcb7f15ff?s=96&d=mm&r=g","contentUrl":"https:\/\/secure.gravatar.com\/avatar\/8ea49a6cb5a559b7be600a852cfc8614108618c76571e208b9e938ffcb7f15ff?s=96&d=mm&r=g","caption":"Helpdesk Kristdemokraterna"},"description":"helpdesk@kristdemokraterna.se eller 08-723 25 55","url":"https:\/\/wp.kristdemokraterna.se\/svalov\/author\/admin\/"}]}},"_links":{"self":[{"href":"https:\/\/wp.kristdemokraterna.se\/svalov\/wp-json\/wp\/v2\/posts\/1184","targetHints":{"allow":["GET"]}}],"collection":[{"href":"https:\/\/wp.kristdemokraterna.se\/svalov\/wp-json\/wp\/v2\/posts"}],"about":[{"href":"https:\/\/wp.kristdemokraterna.se\/svalov\/wp-json\/wp\/v2\/types\/post"}],"author":[{"embeddable":true,"href":"https:\/\/wp.kristdemokraterna.se\/svalov\/wp-json\/wp\/v2\/users\/2"}],"replies":[{"embeddable":true,"href":"https:\/\/wp.kristdemokraterna.se\/svalov\/wp-json\/wp\/v2\/comments?post=1184"}],"version-history":[{"count":0,"href":"https:\/\/wp.kristdemokraterna.se\/svalov\/wp-json\/wp\/v2\/posts\/1184\/revisions"}],"wp:featuredmedia":[{"embeddable":true,"href":"https:\/\/wp.kristdemokraterna.se\/svalov\/wp-json\/wp\/v2\/media\/1185"}],"wp:attachment":[{"href":"https:\/\/wp.kristdemokraterna.se\/svalov\/wp-json\/wp\/v2\/media?parent=1184"}],"wp:term":[{"taxonomy":"category","embeddable":true,"href":"https:\/\/wp.kristdemokraterna.se\/svalov\/wp-json\/wp\/v2\/categories?post=1184"},{"taxonomy":"post_tag","embeddable":true,"href":"https:\/\/wp.kristdemokraterna.se\/svalov\/wp-json\/wp\/v2\/tags?post=1184"}],"curies":[{"name":"wp","href":"https:\/\/api.w.org\/{rel}","templated":true}]}}