{"id":1190,"date":"2022-07-10T22:24:39","date_gmt":"2022-07-10T20:24:39","guid":{"rendered":"https:\/\/wp.kristdemokraterna.se\/svalov\/?p=1190"},"modified":"2022-07-10T22:24:39","modified_gmt":"2022-07-10T20:24:39","slug":"kd-gick-med-i-prideparaden","status":"publish","type":"post","link":"https:\/\/wp.kristdemokraterna.se\/svalov\/kd-gick-med-i-prideparaden\/","title":{"rendered":"KD gick med i Prideparaden"},"content":{"rendered":"<p><img decoding=\"async\" src=\"http:\/\/wp.kristdemokraterna.se\/svalov2\/files\/2022\/07\/aase-gar-prideparaden.png\" \/><\/p>\n<p>V\u00e5r gruppledare Aase J\u00f6nsson gick med i Pride-paraden i Malm\u00f6 p\u00e5 l\u00f6rdagen.<\/p>\n","protected":false},"excerpt":{"rendered":"<p>V\u00e5r gruppledare Aase J\u00f6nsson gick med i Pride-paraden i Malm\u00f6 p\u00e5 l\u00f6rdagen.<\/p>\n","protected":false},"author":2,"featured_media":1191,"comment_status":"closed","ping_status":"closed","sticky":false,"template":"","format":"standard","meta":{"_acf_changed":false,"footnotes":""},"categories":[1],"tags":[],"class_list":["post-1190","post","type-post","status-publish","format-standard","hentry","category-okategoriserade"],"acf":[],"yoast_head":"<!-- This site is optimized with the Yoast SEO plugin v27.5 - https:\/\/yoast.com\/product\/yoast-seo-wordpress\/ -->\n<title>KD gick med i Prideparaden - Kristdemokraterna - Sval\u00f6v<\/title>\n<meta name=\"robots\" content=\"index, follow, max-snippet:-1, max-image-preview:large, max-video-preview:-1\" \/>\n<link rel=\"canonical\" href=\"https:\/\/wp.kristdemokraterna.se\/svalov\/kd-gick-med-i-prideparaden\/\" \/>\n<meta property=\"og:locale\" content=\"sv_SE\" \/>\n<meta property=\"og:type\" content=\"article\" \/>\n<meta property=\"og:title\" content=\"KD gick med i Prideparaden - Kristdemokraterna - Sval\u00f6v\" \/>\n<meta property=\"og:description\" content=\"V\u00e5r gruppledare Aase J\u00f6nsson gick med i Pride-paraden i Malm\u00f6 p\u00e5 l\u00f6rdagen.\" \/>\n<meta property=\"og:url\" content=\"https:\/\/wp.kristdemokraterna.se\/svalov\/kd-gick-med-i-prideparaden\/\" \/>\n<meta property=\"og:site_name\" content=\"Kristdemokraterna - Sval\u00f6v\" \/>\n<meta property=\"article:published_time\" content=\"2022-07-10T20:24:39+00:00\" \/>\n<meta property=\"og:image\" content=\"https:\/\/wp.kristdemokraterna.se\/svalov\/files\/2022\/07\/aase-gar-prideparaden.png\" \/>\n\t<meta property=\"og:image:width\" content=\"741\" \/>\n\t<meta property=\"og:image:height\" content=\"678\" \/>\n\t<meta property=\"og:image:type\" content=\"image\/png\" \/>\n<meta name=\"author\" content=\"Helpdesk Kristdemokraterna\" \/>\n<meta name=\"twitter:card\" content=\"summary_large_image\" \/>\n<meta name=\"twitter:label1\" content=\"Skriven av\" \/>\n\t<meta name=\"twitter:data1\" content=\"Helpdesk Kristdemokraterna\" \/>\n\t<meta name=\"twitter:label2\" content=\"Ber\u00e4knad l\u00e4stid\" \/>\n\t<meta name=\"twitter:data2\" content=\"1 minut\" \/>\n<script type=\"application\/ld+json\" class=\"yoast-schema-graph\">{\"@context\":\"https:\\\/\\\/schema.org\",\"@graph\":[{\"@type\":\"Article\",\"@id\":\"https:\\\/\\\/wp.kristdemokraterna.se\\\/svalov\\\/kd-gick-med-i-prideparaden\\\/#article\",\"isPartOf\":{\"@id\":\"https:\\\/\\\/wp.kristdemokraterna.se\\\/svalov\\\/kd-gick-med-i-prideparaden\\\/\"},\"author\":{\"name\":\"Helpdesk Kristdemokraterna\",\"@id\":\"https:\\\/\\\/wp.kristdemokraterna.se\\\/svalov\\\/#\\\/schema\\\/person\\\/6562e20e17e2df58423fa0f4dc8de535\"},\"headline\":\"KD gick med i Prideparaden\",\"datePublished\":\"2022-07-10T20:24:39+00:00\",\"mainEntityOfPage\":{\"@id\":\"https:\\\/\\\/wp.kristdemokraterna.se\\\/svalov\\\/kd-gick-med-i-prideparaden\\\/\"},\"wordCount\":20,\"image\":{\"@id\":\"https:\\\/\\\/wp.kristdemokraterna.se\\\/svalov\\\/kd-gick-med-i-prideparaden\\\/#primaryimage\"},\"thumbnailUrl\":\"https:\\\/\\\/wp.kristdemokraterna.se\\\/svalov\\\/files\\\/2022\\\/07\\\/aase-gar-prideparaden.png\",\"inLanguage\":\"sv-SE\"},{\"@type\":\"WebPage\",\"@id\":\"https:\\\/\\\/wp.kristdemokraterna.se\\\/svalov\\\/kd-gick-med-i-prideparaden\\\/\",\"url\":\"https:\\\/\\\/wp.kristdemokraterna.se\\\/svalov\\\/kd-gick-med-i-prideparaden\\\/\",\"name\":\"KD gick med i Prideparaden - Kristdemokraterna - Sval\u00f6v\",\"isPartOf\":{\"@id\":\"https:\\\/\\\/wp.kristdemokraterna.se\\\/svalov\\\/#website\"},\"primaryImageOfPage\":{\"@id\":\"https:\\\/\\\/wp.kristdemokraterna.se\\\/svalov\\\/kd-gick-med-i-prideparaden\\\/#primaryimage\"},\"image\":{\"@id\":\"https:\\\/\\\/wp.kristdemokraterna.se\\\/svalov\\\/kd-gick-med-i-prideparaden\\\/#primaryimage\"},\"thumbnailUrl\":\"https:\\\/\\\/wp.kristdemokraterna.se\\\/svalov\\\/files\\\/2022\\\/07\\\/aase-gar-prideparaden.png\",\"datePublished\":\"2022-07-10T20:24:39+00:00\",\"author\":{\"@id\":\"https:\\\/\\\/wp.kristdemokraterna.se\\\/svalov\\\/#\\\/schema\\\/person\\\/6562e20e17e2df58423fa0f4dc8de535\"},\"breadcrumb\":{\"@id\":\"https:\\\/\\\/wp.kristdemokraterna.se\\\/svalov\\\/kd-gick-med-i-prideparaden\\\/#breadcrumb\"},\"inLanguage\":\"sv-SE\",\"potentialAction\":[{\"@type\":\"ReadAction\",\"target\":[\"https:\\\/\\\/wp.kristdemokraterna.se\\\/svalov\\\/kd-gick-med-i-prideparaden\\\/\"]}]},{\"@type\":\"ImageObject\",\"inLanguage\":\"sv-SE\",\"@id\":\"https:\\\/\\\/wp.kristdemokraterna.se\\\/svalov\\\/kd-gick-med-i-prideparaden\\\/#primaryimage\",\"url\":\"https:\\\/\\\/wp.kristdemokraterna.se\\\/svalov\\\/files\\\/2022\\\/07\\\/aase-gar-prideparaden.png\",\"contentUrl\":\"https:\\\/\\\/wp.kristdemokraterna.se\\\/svalov\\\/files\\\/2022\\\/07\\\/aase-gar-prideparaden.png\",\"width\":741,\"height\":678},{\"@type\":\"BreadcrumbList\",\"@id\":\"https:\\\/\\\/wp.kristdemokraterna.se\\\/svalov\\\/kd-gick-med-i-prideparaden\\\/#breadcrumb\",\"itemListElement\":[{\"@type\":\"ListItem\",\"position\":1,\"name\":\"Hem\",\"item\":\"https:\\\/\\\/wp.kristdemokraterna.se\\\/svalov\\\/\"},{\"@type\":\"ListItem\",\"position\":2,\"name\":\"KD gick med i Prideparaden\"}]},{\"@type\":\"WebSite\",\"@id\":\"https:\\\/\\\/wp.kristdemokraterna.se\\\/svalov\\\/#website\",\"url\":\"https:\\\/\\\/wp.kristdemokraterna.se\\\/svalov\\\/\",\"name\":\"Kristdemokraterna - Sval\u00f6v\",\"description\":\"\",\"inLanguage\":\"sv-SE\"},{\"@type\":\"Person\",\"@id\":\"https:\\\/\\\/wp.kristdemokraterna.se\\\/svalov\\\/#\\\/schema\\\/person\\\/6562e20e17e2df58423fa0f4dc8de535\",\"name\":\"Helpdesk Kristdemokraterna\",\"image\":{\"@type\":\"ImageObject\",\"inLanguage\":\"sv-SE\",\"@id\":\"https:\\\/\\\/secure.gravatar.com\\\/avatar\\\/8ea49a6cb5a559b7be600a852cfc8614108618c76571e208b9e938ffcb7f15ff?s=96&d=mm&r=g\",\"url\":\"https:\\\/\\\/secure.gravatar.com\\\/avatar\\\/8ea49a6cb5a559b7be600a852cfc8614108618c76571e208b9e938ffcb7f15ff?s=96&d=mm&r=g\",\"contentUrl\":\"https:\\\/\\\/secure.gravatar.com\\\/avatar\\\/8ea49a6cb5a559b7be600a852cfc8614108618c76571e208b9e938ffcb7f15ff?s=96&d=mm&r=g\",\"caption\":\"Helpdesk Kristdemokraterna\"},\"description\":\"helpdesk@kristdemokraterna.se eller 08-723 25 55\",\"url\":\"https:\\\/\\\/wp.kristdemokraterna.se\\\/svalov\\\/author\\\/admin\\\/\"}]}<\/script>\n<!-- \/ Yoast SEO plugin. -->","yoast_head_json":{"title":"KD gick med i Prideparaden - Kristdemokraterna - Sval\u00f6v","robots":{"index":"index","follow":"follow","max-snippet":"max-snippet:-1","max-image-preview":"max-image-preview:large","max-video-preview":"max-video-preview:-1"},"canonical":"https:\/\/wp.kristdemokraterna.se\/svalov\/kd-gick-med-i-prideparaden\/","og_locale":"sv_SE","og_type":"article","og_title":"KD gick med i Prideparaden - Kristdemokraterna - Sval\u00f6v","og_description":"V\u00e5r gruppledare Aase J\u00f6nsson gick med i Pride-paraden i Malm\u00f6 p\u00e5 l\u00f6rdagen.","og_url":"https:\/\/wp.kristdemokraterna.se\/svalov\/kd-gick-med-i-prideparaden\/","og_site_name":"Kristdemokraterna - Sval\u00f6v","article_published_time":"2022-07-10T20:24:39+00:00","og_image":[{"width":741,"height":678,"url":"https:\/\/wp.kristdemokraterna.se\/svalov\/files\/2022\/07\/aase-gar-prideparaden.png","type":"image\/png"}],"author":"Helpdesk Kristdemokraterna","twitter_card":"summary_large_image","twitter_misc":{"Skriven av":"Helpdesk Kristdemokraterna","Ber\u00e4knad l\u00e4stid":"1 minut"},"schema":{"@context":"https:\/\/schema.org","@graph":[{"@type":"Article","@id":"https:\/\/wp.kristdemokraterna.se\/svalov\/kd-gick-med-i-prideparaden\/#article","isPartOf":{"@id":"https:\/\/wp.kristdemokraterna.se\/svalov\/kd-gick-med-i-prideparaden\/"},"author":{"name":"Helpdesk Kristdemokraterna","@id":"https:\/\/wp.kristdemokraterna.se\/svalov\/#\/schema\/person\/6562e20e17e2df58423fa0f4dc8de535"},"headline":"KD gick med i Prideparaden","datePublished":"2022-07-10T20:24:39+00:00","mainEntityOfPage":{"@id":"https:\/\/wp.kristdemokraterna.se\/svalov\/kd-gick-med-i-prideparaden\/"},"wordCount":20,"image":{"@id":"https:\/\/wp.kristdemokraterna.se\/svalov\/kd-gick-med-i-prideparaden\/#primaryimage"},"thumbnailUrl":"https:\/\/wp.kristdemokraterna.se\/svalov\/files\/2022\/07\/aase-gar-prideparaden.png","inLanguage":"sv-SE"},{"@type":"WebPage","@id":"https:\/\/wp.kristdemokraterna.se\/svalov\/kd-gick-med-i-prideparaden\/","url":"https:\/\/wp.kristdemokraterna.se\/svalov\/kd-gick-med-i-prideparaden\/","name":"KD gick med i Prideparaden - Kristdemokraterna - Sval\u00f6v","isPartOf":{"@id":"https:\/\/wp.kristdemokraterna.se\/svalov\/#website"},"primaryImageOfPage":{"@id":"https:\/\/wp.kristdemokraterna.se\/svalov\/kd-gick-med-i-prideparaden\/#primaryimage"},"image":{"@id":"https:\/\/wp.kristdemokraterna.se\/svalov\/kd-gick-med-i-prideparaden\/#primaryimage"},"thumbnailUrl":"https:\/\/wp.kristdemokraterna.se\/svalov\/files\/2022\/07\/aase-gar-prideparaden.png","datePublished":"2022-07-10T20:24:39+00:00","author":{"@id":"https:\/\/wp.kristdemokraterna.se\/svalov\/#\/schema\/person\/6562e20e17e2df58423fa0f4dc8de535"},"breadcrumb":{"@id":"https:\/\/wp.kristdemokraterna.se\/svalov\/kd-gick-med-i-prideparaden\/#breadcrumb"},"inLanguage":"sv-SE","potentialAction":[{"@type":"ReadAction","target":["https:\/\/wp.kristdemokraterna.se\/svalov\/kd-gick-med-i-prideparaden\/"]}]},{"@type":"ImageObject","inLanguage":"sv-SE","@id":"https:\/\/wp.kristdemokraterna.se\/svalov\/kd-gick-med-i-prideparaden\/#primaryimage","url":"https:\/\/wp.kristdemokraterna.se\/svalov\/files\/2022\/07\/aase-gar-prideparaden.png","contentUrl":"https:\/\/wp.kristdemokraterna.se\/svalov\/files\/2022\/07\/aase-gar-prideparaden.png","width":741,"height":678},{"@type":"BreadcrumbList","@id":"https:\/\/wp.kristdemokraterna.se\/svalov\/kd-gick-med-i-prideparaden\/#breadcrumb","itemListElement":[{"@type":"ListItem","position":1,"name":"Hem","item":"https:\/\/wp.kristdemokraterna.se\/svalov\/"},{"@type":"ListItem","position":2,"name":"KD gick med i Prideparaden"}]},{"@type":"WebSite","@id":"https:\/\/wp.kristdemokraterna.se\/svalov\/#website","url":"https:\/\/wp.kristdemokraterna.se\/svalov\/","name":"Kristdemokraterna - Sval\u00f6v","description":"","inLanguage":"sv-SE"},{"@type":"Person","@id":"https:\/\/wp.kristdemokraterna.se\/svalov\/#\/schema\/person\/6562e20e17e2df58423fa0f4dc8de535","name":"Helpdesk Kristdemokraterna","image":{"@type":"ImageObject","inLanguage":"sv-SE","@id":"https:\/\/secure.gravatar.com\/avatar\/8ea49a6cb5a559b7be600a852cfc8614108618c76571e208b9e938ffcb7f15ff?s=96&d=mm&r=g","url":"https:\/\/secure.gravatar.com\/avatar\/8ea49a6cb5a559b7be600a852cfc8614108618c76571e208b9e938ffcb7f15ff?s=96&d=mm&r=g","contentUrl":"https:\/\/secure.gravatar.com\/avatar\/8ea49a6cb5a559b7be600a852cfc8614108618c76571e208b9e938ffcb7f15ff?s=96&d=mm&r=g","caption":"Helpdesk Kristdemokraterna"},"description":"helpdesk@kristdemokraterna.se eller 08-723 25 55","url":"https:\/\/wp.kristdemokraterna.se\/svalov\/author\/admin\/"}]}},"_links":{"self":[{"href":"https:\/\/wp.kristdemokraterna.se\/svalov\/wp-json\/wp\/v2\/posts\/1190","targetHints":{"allow":["GET"]}}],"collection":[{"href":"https:\/\/wp.kristdemokraterna.se\/svalov\/wp-json\/wp\/v2\/posts"}],"about":[{"href":"https:\/\/wp.kristdemokraterna.se\/svalov\/wp-json\/wp\/v2\/types\/post"}],"author":[{"embeddable":true,"href":"https:\/\/wp.kristdemokraterna.se\/svalov\/wp-json\/wp\/v2\/users\/2"}],"replies":[{"embeddable":true,"href":"https:\/\/wp.kristdemokraterna.se\/svalov\/wp-json\/wp\/v2\/comments?post=1190"}],"version-history":[{"count":0,"href":"https:\/\/wp.kristdemokraterna.se\/svalov\/wp-json\/wp\/v2\/posts\/1190\/revisions"}],"wp:featuredmedia":[{"embeddable":true,"href":"https:\/\/wp.kristdemokraterna.se\/svalov\/wp-json\/wp\/v2\/media\/1191"}],"wp:attachment":[{"href":"https:\/\/wp.kristdemokraterna.se\/svalov\/wp-json\/wp\/v2\/media?parent=1190"}],"wp:term":[{"taxonomy":"category","embeddable":true,"href":"https:\/\/wp.kristdemokraterna.se\/svalov\/wp-json\/wp\/v2\/categories?post=1190"},{"taxonomy":"post_tag","embeddable":true,"href":"https:\/\/wp.kristdemokraterna.se\/svalov\/wp-json\/wp\/v2\/tags?post=1190"}],"curies":[{"name":"wp","href":"https:\/\/api.w.org\/{rel}","templated":true}]}}