{"id":1377,"date":"2022-11-29T10:20:24","date_gmt":"2022-11-29T09:20:24","guid":{"rendered":"https:\/\/wp.kristdemokraterna.se\/svalov\/?p=1377"},"modified":"2022-11-29T10:20:24","modified_gmt":"2022-11-29T09:20:24","slug":"inlagg-av-aase-jonsson-i-budgetdebatten","status":"publish","type":"post","link":"https:\/\/wp.kristdemokraterna.se\/svalov\/inlagg-av-aase-jonsson-i-budgetdebatten\/","title":{"rendered":"Inl\u00e4gg av Aase J\u00f6nsson i budgetdebatten"},"content":{"rendered":"<p><img decoding=\"async\" src=\"http:\/\/wp.kristdemokraterna.se\/svalov2\/files\/2022\/11\/aase_kommunfullm_nov_2022.png\" \/><\/p>\n<p>I budgetdebatten gjorde v\u00e5rt KD-kommunalr\u00e5d Aase J\u00f6nsson ett l\u00e5ngt och bra inl\u00e4gg som g\u00e5r att se p\u00e5 YouTube: <a class=\"x1i10hfl xjbqb8w x6umtig x1b1mbwd xaqea5y xav7gou x9f619 x1ypdohk xt0psk2 xe8uvvx xdj266r x11i5rnm xat24cr x1mh8g0r xexx8yu x4uap5 x18d9i69 xkhd6sd x16tdsg8 x1hl2dhg xggy1nq x1a2a7pz xt0b8zv x1fey0fg\" role=\"link\" href=\"https:\/\/l.facebook.com\/l.php?u=https%3A%2F%2Fwww.youtube.com%2Fwatch%3Fv%3DNO7-o7qCk6o%26t%3D9238s%26fbclid%3DIwAR0TH89gwIzyDzT-Axa2uXYk3gC-3u_Tla5Z3ucQTkuCRLtZkhXkrWL4vwc&amp;h=AT1jWzh2JtMCHPb6ND2wSKyVyYJMS6p7hNbQ4jc7_UHhU6Yw9kRlt0ZHEY8lrJhszDwy8kCAYaEQu6z6gLt9qwKT4TNdR1iX3msvMfTGHOvN9j40IaPl6_Fz8vrTbXMQ0A&amp;__tn__=-UK-R&amp;c[0]=AT3jQmuvq6nQoLDnPtjyka98yuYMvGzZp4L3sVly6WJXNJVmGvVpN1kqCLmMaR4nuM6HXVzBhPUBlCZJ9uFDOw1bYepe4SZpW7h5Zeq9C8L3xwVO2Ex9Snniy0eWLJCOyCpqI5-uSjwgOO4u7Vme2QGanar6lmEXOQLpv5eRAlpM-xApVe0S0AhP7gPKDrwAzRKQXKPd4L8m\" target=\"_blank\" rel=\"nofollow noopener\">https:\/\/www.youtube.com\/watch?v=NO7-o7qCk6o&amp;t=9238s<\/a><br \/>\nDra fram f\u00f6rloppsindikatorn till 1:23.<\/p>\n<p>H\u00e4r f\u00f6ljer \u00e4ven inl\u00e4gget i skriftlig form:<\/p>\n<p>&#8221;Tack f\u00f6r ordet<\/p>\n<p>ordf\u00f6rande, ledam\u00f6ter, \u00e5h\u00f6rare och press<\/p>\n<p>Jag vill yrka bifall till de 8 punkterna som finns i handlingarna. Samtidigt vill jag lyfta ett par speciella punkter ur Kristdemokratisk synvinkel:<\/p>\n<p>Samh\u00e4llsbyggnadsn\u00e4mnden uppdras att<\/p>\n<p>&#8211; G\u00f6ra en \u00f6versyn av g\u00e4llande lokala trafikf\u00f6reskrifter intill f\u00f6rskolor, skolor samt lekplatser f\u00f6r att ytterligare fr\u00e4mja tillg\u00e4nglighet, trygghet, trafiks\u00e4kerhet samt milj\u00f6 och h\u00e4lsa. &#8211; I samarbete med bildningsn\u00e4mnden utreda samt f\u00f6resl\u00e5 framtida omr\u00e5den f\u00f6r fotbollsplaner inom Billeberga t\u00e4tort.<\/p>\n<p>Socialn\u00e4mnden uppdras att skyndsamt g\u00f6ra en \u00f6versyn av behoven av nya boendeformer f\u00f6r brukare inom LSS.<\/p>\n<p>Att hitta en l\u00e5ngsiktig l\u00f6sning g\u00e4llande R\u00f6st\u00e5ngabadet.<\/p>\n<p>Nuvarande socialn\u00e4mnd samt v\u00e5rd- och omsorgsn\u00e4mnden sl\u00e5s ihop till en socialn\u00e4mnd med ett individ- och familjeutskott. Motivet \u00e4r att anpassa den politiska \u00f6verbyggnaden till de ekonomiska f\u00f6ruts\u00e4ttningarna som g\u00e4ller, samt att i Skottlandsmodellens anda, samla verksamheter inom det sociala omr\u00e5det. Sval\u00f6vs modellen heter Tidigt och Tillsammans.<\/p>\n<p>Till sist:<\/p>\n<p>Jag har ocks\u00e5 tittat lite p\u00e5 vad S och C har f\u00f6r m\u00e5l f\u00f6r socialn\u00e4mnden 2023.<\/p>\n<p>I Centerns f\u00f6rslag \u00e4r det mesta redan ig\u00e5ng eller ligger i startgroparna inf\u00f6r 2023 genom bl.a. FINSAM processer eller Tidigt och Tillsammans.<\/p>\n<p>Man har \u00f6kad digitalisering som m\u00e5l. Under v\u00e5ren kommer i de allra flesta ans\u00f6kningar om f\u00f6rs\u00f6rjningsst\u00f6d att vara digitala. Vi kommer ocks\u00e5 att b\u00f6rja med digitala ber\u00e4kningar.<\/p>\n<p>Mina kommentarer n\u00e4r det g\u00e4ller S m\u00e5l f\u00f6r Socialn\u00e4mnden f\u00f6r 2023:<\/p>\n<p>D\u00e4r vill man prioritera aktiva arbetsmarknadsinsatser. Det g\u00f6r vi redan genom Fokus syssels\u00e4ttning.<\/p>\n<p>Ge st\u00f6d till personer med psykiska funktionsvariationer. Detta g\u00f6rs via en FINSAM-process.<\/p>\n<p>Jag uppskattar verkligen att oppositionen har samma m\u00e5l som v\u00e5rt p\u00e5g\u00e5ende arbete inom Social Sektor.<\/p>\n<p>Tack f\u00f6r ordet.&#8221;<\/p>\n","protected":false},"excerpt":{"rendered":"<p>I budgetdebatten gjorde v\u00e5rt KD-kommunalr\u00e5d Aase J\u00f6nsson ett l\u00e5ngt och bra inl\u00e4gg som g\u00e5r att se p\u00e5 YouTube: https:\/\/www.youtube.com\/watch?v=NO7-o7qCk6o&amp;t=9238s Dra fram f\u00f6rloppsindikatorn till 1:23. H\u00e4r f\u00f6ljer \u00e4ven inl\u00e4gget i skriftlig form: &#8221;Tack f\u00f6r ordet ordf\u00f6rande, ledam\u00f6ter, \u00e5h\u00f6rare och press Jag vill yrka bifall till de 8 punkterna som finns i handlingarna. Samtidigt vill jag lyfta <a class=\"read-more-link\" href=\"https:\/\/wp.kristdemokraterna.se\/svalov\/inlagg-av-aase-jonsson-i-budgetdebatten\/\">L\u00e4s mer<\/a><\/p>\n","protected":false},"author":2,"featured_media":1378,"comment_status":"closed","ping_status":"closed","sticky":false,"template":"","format":"standard","meta":{"_acf_changed":false,"footnotes":""},"categories":[1],"tags":[],"class_list":["post-1377","post","type-post","status-publish","format-standard","hentry","category-okategoriserade"],"acf":[],"yoast_head":"<!-- This site is optimized with the Yoast SEO plugin v27.5 - https:\/\/yoast.com\/product\/yoast-seo-wordpress\/ -->\n<title>Inl\u00e4gg av Aase J\u00f6nsson i budgetdebatten - Kristdemokraterna - Sval\u00f6v<\/title>\n<meta name=\"robots\" content=\"index, follow, max-snippet:-1, max-image-preview:large, max-video-preview:-1\" \/>\n<link rel=\"canonical\" href=\"https:\/\/wp.kristdemokraterna.se\/svalov\/inlagg-av-aase-jonsson-i-budgetdebatten\/\" \/>\n<meta property=\"og:locale\" content=\"sv_SE\" \/>\n<meta property=\"og:type\" content=\"article\" \/>\n<meta property=\"og:title\" content=\"Inl\u00e4gg av Aase J\u00f6nsson i budgetdebatten - Kristdemokraterna - Sval\u00f6v\" \/>\n<meta property=\"og:description\" content=\"I budgetdebatten gjorde v\u00e5rt KD-kommunalr\u00e5d Aase J\u00f6nsson ett l\u00e5ngt och bra inl\u00e4gg som g\u00e5r att se p\u00e5 YouTube: https:\/\/www.youtube.com\/watch?v=NO7-o7qCk6o&amp;t=9238s Dra fram f\u00f6rloppsindikatorn till 1:23. H\u00e4r f\u00f6ljer \u00e4ven inl\u00e4gget i skriftlig form: &#8221;Tack f\u00f6r ordet ordf\u00f6rande, ledam\u00f6ter, \u00e5h\u00f6rare och press Jag vill yrka bifall till de 8 punkterna som finns i handlingarna. Samtidigt vill jag lyfta L\u00e4s mer\" \/>\n<meta property=\"og:url\" content=\"https:\/\/wp.kristdemokraterna.se\/svalov\/inlagg-av-aase-jonsson-i-budgetdebatten\/\" \/>\n<meta property=\"og:site_name\" content=\"Kristdemokraterna - Sval\u00f6v\" \/>\n<meta property=\"article:published_time\" content=\"2022-11-29T09:20:24+00:00\" \/>\n<meta property=\"og:image\" content=\"https:\/\/wp.kristdemokraterna.se\/svalov\/files\/2022\/11\/aase_kommunfullm_nov_2022.png\" \/>\n\t<meta property=\"og:image:width\" content=\"1056\" \/>\n\t<meta property=\"og:image:height\" content=\"837\" \/>\n\t<meta property=\"og:image:type\" content=\"image\/png\" \/>\n<meta name=\"author\" content=\"Helpdesk Kristdemokraterna\" \/>\n<meta name=\"twitter:card\" content=\"summary_large_image\" \/>\n<meta name=\"twitter:label1\" content=\"Skriven av\" \/>\n\t<meta name=\"twitter:data1\" content=\"Helpdesk Kristdemokraterna\" \/>\n\t<meta name=\"twitter:label2\" content=\"Ber\u00e4knad l\u00e4stid\" \/>\n\t<meta name=\"twitter:data2\" content=\"2 minuter\" \/>\n<script type=\"application\/ld+json\" class=\"yoast-schema-graph\">{\"@context\":\"https:\\\/\\\/schema.org\",\"@graph\":[{\"@type\":\"Article\",\"@id\":\"https:\\\/\\\/wp.kristdemokraterna.se\\\/svalov\\\/inlagg-av-aase-jonsson-i-budgetdebatten\\\/#article\",\"isPartOf\":{\"@id\":\"https:\\\/\\\/wp.kristdemokraterna.se\\\/svalov\\\/inlagg-av-aase-jonsson-i-budgetdebatten\\\/\"},\"author\":{\"name\":\"Helpdesk Kristdemokraterna\",\"@id\":\"https:\\\/\\\/wp.kristdemokraterna.se\\\/svalov\\\/#\\\/schema\\\/person\\\/6562e20e17e2df58423fa0f4dc8de535\"},\"headline\":\"Inl\u00e4gg av Aase J\u00f6nsson i budgetdebatten\",\"datePublished\":\"2022-11-29T09:20:24+00:00\",\"mainEntityOfPage\":{\"@id\":\"https:\\\/\\\/wp.kristdemokraterna.se\\\/svalov\\\/inlagg-av-aase-jonsson-i-budgetdebatten\\\/\"},\"wordCount\":389,\"image\":{\"@id\":\"https:\\\/\\\/wp.kristdemokraterna.se\\\/svalov\\\/inlagg-av-aase-jonsson-i-budgetdebatten\\\/#primaryimage\"},\"thumbnailUrl\":\"https:\\\/\\\/wp.kristdemokraterna.se\\\/svalov\\\/files\\\/2022\\\/11\\\/aase_kommunfullm_nov_2022.png\",\"inLanguage\":\"sv-SE\"},{\"@type\":\"WebPage\",\"@id\":\"https:\\\/\\\/wp.kristdemokraterna.se\\\/svalov\\\/inlagg-av-aase-jonsson-i-budgetdebatten\\\/\",\"url\":\"https:\\\/\\\/wp.kristdemokraterna.se\\\/svalov\\\/inlagg-av-aase-jonsson-i-budgetdebatten\\\/\",\"name\":\"Inl\u00e4gg av Aase J\u00f6nsson i budgetdebatten - Kristdemokraterna - Sval\u00f6v\",\"isPartOf\":{\"@id\":\"https:\\\/\\\/wp.kristdemokraterna.se\\\/svalov\\\/#website\"},\"primaryImageOfPage\":{\"@id\":\"https:\\\/\\\/wp.kristdemokraterna.se\\\/svalov\\\/inlagg-av-aase-jonsson-i-budgetdebatten\\\/#primaryimage\"},\"image\":{\"@id\":\"https:\\\/\\\/wp.kristdemokraterna.se\\\/svalov\\\/inlagg-av-aase-jonsson-i-budgetdebatten\\\/#primaryimage\"},\"thumbnailUrl\":\"https:\\\/\\\/wp.kristdemokraterna.se\\\/svalov\\\/files\\\/2022\\\/11\\\/aase_kommunfullm_nov_2022.png\",\"datePublished\":\"2022-11-29T09:20:24+00:00\",\"author\":{\"@id\":\"https:\\\/\\\/wp.kristdemokraterna.se\\\/svalov\\\/#\\\/schema\\\/person\\\/6562e20e17e2df58423fa0f4dc8de535\"},\"breadcrumb\":{\"@id\":\"https:\\\/\\\/wp.kristdemokraterna.se\\\/svalov\\\/inlagg-av-aase-jonsson-i-budgetdebatten\\\/#breadcrumb\"},\"inLanguage\":\"sv-SE\",\"potentialAction\":[{\"@type\":\"ReadAction\",\"target\":[\"https:\\\/\\\/wp.kristdemokraterna.se\\\/svalov\\\/inlagg-av-aase-jonsson-i-budgetdebatten\\\/\"]}]},{\"@type\":\"ImageObject\",\"inLanguage\":\"sv-SE\",\"@id\":\"https:\\\/\\\/wp.kristdemokraterna.se\\\/svalov\\\/inlagg-av-aase-jonsson-i-budgetdebatten\\\/#primaryimage\",\"url\":\"https:\\\/\\\/wp.kristdemokraterna.se\\\/svalov\\\/files\\\/2022\\\/11\\\/aase_kommunfullm_nov_2022.png\",\"contentUrl\":\"https:\\\/\\\/wp.kristdemokraterna.se\\\/svalov\\\/files\\\/2022\\\/11\\\/aase_kommunfullm_nov_2022.png\",\"width\":1056,\"height\":837},{\"@type\":\"BreadcrumbList\",\"@id\":\"https:\\\/\\\/wp.kristdemokraterna.se\\\/svalov\\\/inlagg-av-aase-jonsson-i-budgetdebatten\\\/#breadcrumb\",\"itemListElement\":[{\"@type\":\"ListItem\",\"position\":1,\"name\":\"Hem\",\"item\":\"https:\\\/\\\/wp.kristdemokraterna.se\\\/svalov\\\/\"},{\"@type\":\"ListItem\",\"position\":2,\"name\":\"Inl\u00e4gg av Aase J\u00f6nsson i budgetdebatten\"}]},{\"@type\":\"WebSite\",\"@id\":\"https:\\\/\\\/wp.kristdemokraterna.se\\\/svalov\\\/#website\",\"url\":\"https:\\\/\\\/wp.kristdemokraterna.se\\\/svalov\\\/\",\"name\":\"Kristdemokraterna - Sval\u00f6v\",\"description\":\"\",\"inLanguage\":\"sv-SE\"},{\"@type\":\"Person\",\"@id\":\"https:\\\/\\\/wp.kristdemokraterna.se\\\/svalov\\\/#\\\/schema\\\/person\\\/6562e20e17e2df58423fa0f4dc8de535\",\"name\":\"Helpdesk Kristdemokraterna\",\"image\":{\"@type\":\"ImageObject\",\"inLanguage\":\"sv-SE\",\"@id\":\"https:\\\/\\\/secure.gravatar.com\\\/avatar\\\/8ea49a6cb5a559b7be600a852cfc8614108618c76571e208b9e938ffcb7f15ff?s=96&d=mm&r=g\",\"url\":\"https:\\\/\\\/secure.gravatar.com\\\/avatar\\\/8ea49a6cb5a559b7be600a852cfc8614108618c76571e208b9e938ffcb7f15ff?s=96&d=mm&r=g\",\"contentUrl\":\"https:\\\/\\\/secure.gravatar.com\\\/avatar\\\/8ea49a6cb5a559b7be600a852cfc8614108618c76571e208b9e938ffcb7f15ff?s=96&d=mm&r=g\",\"caption\":\"Helpdesk Kristdemokraterna\"},\"description\":\"helpdesk@kristdemokraterna.se eller 08-723 25 55\",\"url\":\"https:\\\/\\\/wp.kristdemokraterna.se\\\/svalov\\\/author\\\/admin\\\/\"}]}<\/script>\n<!-- \/ Yoast SEO plugin. -->","yoast_head_json":{"title":"Inl\u00e4gg av Aase J\u00f6nsson i budgetdebatten - Kristdemokraterna - Sval\u00f6v","robots":{"index":"index","follow":"follow","max-snippet":"max-snippet:-1","max-image-preview":"max-image-preview:large","max-video-preview":"max-video-preview:-1"},"canonical":"https:\/\/wp.kristdemokraterna.se\/svalov\/inlagg-av-aase-jonsson-i-budgetdebatten\/","og_locale":"sv_SE","og_type":"article","og_title":"Inl\u00e4gg av Aase J\u00f6nsson i budgetdebatten - Kristdemokraterna - Sval\u00f6v","og_description":"I budgetdebatten gjorde v\u00e5rt KD-kommunalr\u00e5d Aase J\u00f6nsson ett l\u00e5ngt och bra inl\u00e4gg som g\u00e5r att se p\u00e5 YouTube: https:\/\/www.youtube.com\/watch?v=NO7-o7qCk6o&amp;t=9238s Dra fram f\u00f6rloppsindikatorn till 1:23. H\u00e4r f\u00f6ljer \u00e4ven inl\u00e4gget i skriftlig form: &#8221;Tack f\u00f6r ordet ordf\u00f6rande, ledam\u00f6ter, \u00e5h\u00f6rare och press Jag vill yrka bifall till de 8 punkterna som finns i handlingarna. Samtidigt vill jag lyfta L\u00e4s mer","og_url":"https:\/\/wp.kristdemokraterna.se\/svalov\/inlagg-av-aase-jonsson-i-budgetdebatten\/","og_site_name":"Kristdemokraterna - Sval\u00f6v","article_published_time":"2022-11-29T09:20:24+00:00","og_image":[{"width":1056,"height":837,"url":"https:\/\/wp.kristdemokraterna.se\/svalov\/files\/2022\/11\/aase_kommunfullm_nov_2022.png","type":"image\/png"}],"author":"Helpdesk Kristdemokraterna","twitter_card":"summary_large_image","twitter_misc":{"Skriven av":"Helpdesk Kristdemokraterna","Ber\u00e4knad l\u00e4stid":"2 minuter"},"schema":{"@context":"https:\/\/schema.org","@graph":[{"@type":"Article","@id":"https:\/\/wp.kristdemokraterna.se\/svalov\/inlagg-av-aase-jonsson-i-budgetdebatten\/#article","isPartOf":{"@id":"https:\/\/wp.kristdemokraterna.se\/svalov\/inlagg-av-aase-jonsson-i-budgetdebatten\/"},"author":{"name":"Helpdesk Kristdemokraterna","@id":"https:\/\/wp.kristdemokraterna.se\/svalov\/#\/schema\/person\/6562e20e17e2df58423fa0f4dc8de535"},"headline":"Inl\u00e4gg av Aase J\u00f6nsson i budgetdebatten","datePublished":"2022-11-29T09:20:24+00:00","mainEntityOfPage":{"@id":"https:\/\/wp.kristdemokraterna.se\/svalov\/inlagg-av-aase-jonsson-i-budgetdebatten\/"},"wordCount":389,"image":{"@id":"https:\/\/wp.kristdemokraterna.se\/svalov\/inlagg-av-aase-jonsson-i-budgetdebatten\/#primaryimage"},"thumbnailUrl":"https:\/\/wp.kristdemokraterna.se\/svalov\/files\/2022\/11\/aase_kommunfullm_nov_2022.png","inLanguage":"sv-SE"},{"@type":"WebPage","@id":"https:\/\/wp.kristdemokraterna.se\/svalov\/inlagg-av-aase-jonsson-i-budgetdebatten\/","url":"https:\/\/wp.kristdemokraterna.se\/svalov\/inlagg-av-aase-jonsson-i-budgetdebatten\/","name":"Inl\u00e4gg av Aase J\u00f6nsson i budgetdebatten - Kristdemokraterna - Sval\u00f6v","isPartOf":{"@id":"https:\/\/wp.kristdemokraterna.se\/svalov\/#website"},"primaryImageOfPage":{"@id":"https:\/\/wp.kristdemokraterna.se\/svalov\/inlagg-av-aase-jonsson-i-budgetdebatten\/#primaryimage"},"image":{"@id":"https:\/\/wp.kristdemokraterna.se\/svalov\/inlagg-av-aase-jonsson-i-budgetdebatten\/#primaryimage"},"thumbnailUrl":"https:\/\/wp.kristdemokraterna.se\/svalov\/files\/2022\/11\/aase_kommunfullm_nov_2022.png","datePublished":"2022-11-29T09:20:24+00:00","author":{"@id":"https:\/\/wp.kristdemokraterna.se\/svalov\/#\/schema\/person\/6562e20e17e2df58423fa0f4dc8de535"},"breadcrumb":{"@id":"https:\/\/wp.kristdemokraterna.se\/svalov\/inlagg-av-aase-jonsson-i-budgetdebatten\/#breadcrumb"},"inLanguage":"sv-SE","potentialAction":[{"@type":"ReadAction","target":["https:\/\/wp.kristdemokraterna.se\/svalov\/inlagg-av-aase-jonsson-i-budgetdebatten\/"]}]},{"@type":"ImageObject","inLanguage":"sv-SE","@id":"https:\/\/wp.kristdemokraterna.se\/svalov\/inlagg-av-aase-jonsson-i-budgetdebatten\/#primaryimage","url":"https:\/\/wp.kristdemokraterna.se\/svalov\/files\/2022\/11\/aase_kommunfullm_nov_2022.png","contentUrl":"https:\/\/wp.kristdemokraterna.se\/svalov\/files\/2022\/11\/aase_kommunfullm_nov_2022.png","width":1056,"height":837},{"@type":"BreadcrumbList","@id":"https:\/\/wp.kristdemokraterna.se\/svalov\/inlagg-av-aase-jonsson-i-budgetdebatten\/#breadcrumb","itemListElement":[{"@type":"ListItem","position":1,"name":"Hem","item":"https:\/\/wp.kristdemokraterna.se\/svalov\/"},{"@type":"ListItem","position":2,"name":"Inl\u00e4gg av Aase J\u00f6nsson i budgetdebatten"}]},{"@type":"WebSite","@id":"https:\/\/wp.kristdemokraterna.se\/svalov\/#website","url":"https:\/\/wp.kristdemokraterna.se\/svalov\/","name":"Kristdemokraterna - Sval\u00f6v","description":"","inLanguage":"sv-SE"},{"@type":"Person","@id":"https:\/\/wp.kristdemokraterna.se\/svalov\/#\/schema\/person\/6562e20e17e2df58423fa0f4dc8de535","name":"Helpdesk Kristdemokraterna","image":{"@type":"ImageObject","inLanguage":"sv-SE","@id":"https:\/\/secure.gravatar.com\/avatar\/8ea49a6cb5a559b7be600a852cfc8614108618c76571e208b9e938ffcb7f15ff?s=96&d=mm&r=g","url":"https:\/\/secure.gravatar.com\/avatar\/8ea49a6cb5a559b7be600a852cfc8614108618c76571e208b9e938ffcb7f15ff?s=96&d=mm&r=g","contentUrl":"https:\/\/secure.gravatar.com\/avatar\/8ea49a6cb5a559b7be600a852cfc8614108618c76571e208b9e938ffcb7f15ff?s=96&d=mm&r=g","caption":"Helpdesk Kristdemokraterna"},"description":"helpdesk@kristdemokraterna.se eller 08-723 25 55","url":"https:\/\/wp.kristdemokraterna.se\/svalov\/author\/admin\/"}]}},"_links":{"self":[{"href":"https:\/\/wp.kristdemokraterna.se\/svalov\/wp-json\/wp\/v2\/posts\/1377","targetHints":{"allow":["GET"]}}],"collection":[{"href":"https:\/\/wp.kristdemokraterna.se\/svalov\/wp-json\/wp\/v2\/posts"}],"about":[{"href":"https:\/\/wp.kristdemokraterna.se\/svalov\/wp-json\/wp\/v2\/types\/post"}],"author":[{"embeddable":true,"href":"https:\/\/wp.kristdemokraterna.se\/svalov\/wp-json\/wp\/v2\/users\/2"}],"replies":[{"embeddable":true,"href":"https:\/\/wp.kristdemokraterna.se\/svalov\/wp-json\/wp\/v2\/comments?post=1377"}],"version-history":[{"count":0,"href":"https:\/\/wp.kristdemokraterna.se\/svalov\/wp-json\/wp\/v2\/posts\/1377\/revisions"}],"wp:featuredmedia":[{"embeddable":true,"href":"https:\/\/wp.kristdemokraterna.se\/svalov\/wp-json\/wp\/v2\/media\/1378"}],"wp:attachment":[{"href":"https:\/\/wp.kristdemokraterna.se\/svalov\/wp-json\/wp\/v2\/media?parent=1377"}],"wp:term":[{"taxonomy":"category","embeddable":true,"href":"https:\/\/wp.kristdemokraterna.se\/svalov\/wp-json\/wp\/v2\/categories?post=1377"},{"taxonomy":"post_tag","embeddable":true,"href":"https:\/\/wp.kristdemokraterna.se\/svalov\/wp-json\/wp\/v2\/tags?post=1377"}],"curies":[{"name":"wp","href":"https:\/\/api.w.org\/{rel}","templated":true}]}}