{"id":1416,"date":"2023-01-29T18:26:42","date_gmt":"2023-01-29T17:26:42","guid":{"rendered":"https:\/\/wp.kristdemokraterna.se\/svalov\/?p=1416"},"modified":"2023-01-29T18:26:42","modified_gmt":"2023-01-29T17:26:42","slug":"nagra-fran-kd-svalov-var-pa-utbildning","status":"publish","type":"post","link":"https:\/\/wp.kristdemokraterna.se\/svalov\/nagra-fran-kd-svalov-var-pa-utbildning\/","title":{"rendered":"N\u00e5gra fr\u00e5n KD Sval\u00f6v var p\u00e5 utbildning"},"content":{"rendered":"<p>S\u00e5 \u00e4r det ett nytt \u00e5r och alla val \u00e4r gjorda. Nu \u00e4r det \u00e5ter dags f\u00f6r KD-utbildning. Fr\u00e5n Sval\u00f6v var vi 6 som \u00e5kte. Hela R\u00e5dhus Sk\u00e5nes samlingssal var full av kristdemokrater fr\u00e5n b\u00e5de Sk\u00e5ne, Blekinge samt s\u00f6dra Halland och s\u00f6dra Sm\u00e5land. Utbildningen handlade bland annat om de olika regler och lagar som det kan vara bra att k\u00e4nna till som f\u00f6rtroendevald.<\/p>\n<p><img decoding=\"async\" src=\"http:\/\/wp.kristdemokraterna.se\/svalov2\/files\/2023\/01\/kd-utbildning_2023n.jpg\" \/><\/p>\n<p>P\u00e5 bilden syns Aase J\u00f6nsson, \u00c5ke Jonsson, Leni L\u00f6vberg, Frank Urban Johansson, Marie Dahlstr\u00f6m och Tobias Entin.<\/p>\n","protected":false},"excerpt":{"rendered":"<p>S\u00e5 \u00e4r det ett nytt \u00e5r och alla val \u00e4r gjorda. Nu \u00e4r det \u00e5ter dags f\u00f6r KD-utbildning. Fr\u00e5n Sval\u00f6v var vi 6 som \u00e5kte. Hela R\u00e5dhus Sk\u00e5nes samlingssal var full av kristdemokrater fr\u00e5n b\u00e5de Sk\u00e5ne, Blekinge samt s\u00f6dra Halland och s\u00f6dra Sm\u00e5land. Utbildningen handlade bland annat om de olika regler och lagar som det <a class=\"read-more-link\" href=\"https:\/\/wp.kristdemokraterna.se\/svalov\/nagra-fran-kd-svalov-var-pa-utbildning\/\">L\u00e4s mer<\/a><\/p>\n","protected":false},"author":2,"featured_media":1417,"comment_status":"closed","ping_status":"closed","sticky":false,"template":"","format":"standard","meta":{"_acf_changed":false,"footnotes":""},"categories":[1],"tags":[],"class_list":["post-1416","post","type-post","status-publish","format-standard","hentry","category-okategoriserade"],"acf":[],"yoast_head":"<!-- This site is optimized with the Yoast SEO plugin v27.5 - https:\/\/yoast.com\/product\/yoast-seo-wordpress\/ -->\n<title>N\u00e5gra fr\u00e5n KD Sval\u00f6v var p\u00e5 utbildning - Kristdemokraterna - Sval\u00f6v<\/title>\n<meta name=\"robots\" content=\"index, follow, max-snippet:-1, max-image-preview:large, max-video-preview:-1\" \/>\n<link rel=\"canonical\" href=\"https:\/\/wp.kristdemokraterna.se\/svalov\/nagra-fran-kd-svalov-var-pa-utbildning\/\" \/>\n<meta property=\"og:locale\" content=\"sv_SE\" \/>\n<meta property=\"og:type\" content=\"article\" \/>\n<meta property=\"og:title\" content=\"N\u00e5gra fr\u00e5n KD Sval\u00f6v var p\u00e5 utbildning - Kristdemokraterna - Sval\u00f6v\" \/>\n<meta property=\"og:description\" content=\"S\u00e5 \u00e4r det ett nytt \u00e5r och alla val \u00e4r gjorda. Nu \u00e4r det \u00e5ter dags f\u00f6r KD-utbildning. Fr\u00e5n Sval\u00f6v var vi 6 som \u00e5kte. Hela R\u00e5dhus Sk\u00e5nes samlingssal var full av kristdemokrater fr\u00e5n b\u00e5de Sk\u00e5ne, Blekinge samt s\u00f6dra Halland och s\u00f6dra Sm\u00e5land. Utbildningen handlade bland annat om de olika regler och lagar som det L\u00e4s mer\" \/>\n<meta property=\"og:url\" content=\"https:\/\/wp.kristdemokraterna.se\/svalov\/nagra-fran-kd-svalov-var-pa-utbildning\/\" \/>\n<meta property=\"og:site_name\" content=\"Kristdemokraterna - Sval\u00f6v\" \/>\n<meta property=\"article:published_time\" content=\"2023-01-29T17:26:42+00:00\" \/>\n<meta property=\"og:image\" content=\"https:\/\/wp.kristdemokraterna.se\/svalov\/files\/2023\/01\/kd-utbildning_2023n.jpg\" \/>\n\t<meta property=\"og:image:width\" content=\"1170\" \/>\n\t<meta property=\"og:image:height\" content=\"876\" \/>\n\t<meta property=\"og:image:type\" content=\"image\/jpeg\" \/>\n<meta name=\"author\" content=\"Helpdesk Kristdemokraterna\" \/>\n<meta name=\"twitter:card\" content=\"summary_large_image\" \/>\n<meta name=\"twitter:label1\" content=\"Skriven av\" \/>\n\t<meta name=\"twitter:data1\" content=\"Helpdesk Kristdemokraterna\" \/>\n\t<meta name=\"twitter:label2\" content=\"Ber\u00e4knad l\u00e4stid\" \/>\n\t<meta name=\"twitter:data2\" content=\"1 minut\" \/>\n<script type=\"application\/ld+json\" class=\"yoast-schema-graph\">{\"@context\":\"https:\\\/\\\/schema.org\",\"@graph\":[{\"@type\":\"Article\",\"@id\":\"https:\\\/\\\/wp.kristdemokraterna.se\\\/svalov\\\/nagra-fran-kd-svalov-var-pa-utbildning\\\/#article\",\"isPartOf\":{\"@id\":\"https:\\\/\\\/wp.kristdemokraterna.se\\\/svalov\\\/nagra-fran-kd-svalov-var-pa-utbildning\\\/\"},\"author\":{\"name\":\"Helpdesk Kristdemokraterna\",\"@id\":\"https:\\\/\\\/wp.kristdemokraterna.se\\\/svalov\\\/#\\\/schema\\\/person\\\/6562e20e17e2df58423fa0f4dc8de535\"},\"headline\":\"N\u00e5gra fr\u00e5n KD Sval\u00f6v var p\u00e5 utbildning\",\"datePublished\":\"2023-01-29T17:26:42+00:00\",\"mainEntityOfPage\":{\"@id\":\"https:\\\/\\\/wp.kristdemokraterna.se\\\/svalov\\\/nagra-fran-kd-svalov-var-pa-utbildning\\\/\"},\"wordCount\":105,\"image\":{\"@id\":\"https:\\\/\\\/wp.kristdemokraterna.se\\\/svalov\\\/nagra-fran-kd-svalov-var-pa-utbildning\\\/#primaryimage\"},\"thumbnailUrl\":\"https:\\\/\\\/wp.kristdemokraterna.se\\\/svalov\\\/files\\\/2023\\\/01\\\/kd-utbildning_2023n.jpg\",\"inLanguage\":\"sv-SE\"},{\"@type\":\"WebPage\",\"@id\":\"https:\\\/\\\/wp.kristdemokraterna.se\\\/svalov\\\/nagra-fran-kd-svalov-var-pa-utbildning\\\/\",\"url\":\"https:\\\/\\\/wp.kristdemokraterna.se\\\/svalov\\\/nagra-fran-kd-svalov-var-pa-utbildning\\\/\",\"name\":\"N\u00e5gra fr\u00e5n KD Sval\u00f6v var p\u00e5 utbildning - Kristdemokraterna - Sval\u00f6v\",\"isPartOf\":{\"@id\":\"https:\\\/\\\/wp.kristdemokraterna.se\\\/svalov\\\/#website\"},\"primaryImageOfPage\":{\"@id\":\"https:\\\/\\\/wp.kristdemokraterna.se\\\/svalov\\\/nagra-fran-kd-svalov-var-pa-utbildning\\\/#primaryimage\"},\"image\":{\"@id\":\"https:\\\/\\\/wp.kristdemokraterna.se\\\/svalov\\\/nagra-fran-kd-svalov-var-pa-utbildning\\\/#primaryimage\"},\"thumbnailUrl\":\"https:\\\/\\\/wp.kristdemokraterna.se\\\/svalov\\\/files\\\/2023\\\/01\\\/kd-utbildning_2023n.jpg\",\"datePublished\":\"2023-01-29T17:26:42+00:00\",\"author\":{\"@id\":\"https:\\\/\\\/wp.kristdemokraterna.se\\\/svalov\\\/#\\\/schema\\\/person\\\/6562e20e17e2df58423fa0f4dc8de535\"},\"breadcrumb\":{\"@id\":\"https:\\\/\\\/wp.kristdemokraterna.se\\\/svalov\\\/nagra-fran-kd-svalov-var-pa-utbildning\\\/#breadcrumb\"},\"inLanguage\":\"sv-SE\",\"potentialAction\":[{\"@type\":\"ReadAction\",\"target\":[\"https:\\\/\\\/wp.kristdemokraterna.se\\\/svalov\\\/nagra-fran-kd-svalov-var-pa-utbildning\\\/\"]}]},{\"@type\":\"ImageObject\",\"inLanguage\":\"sv-SE\",\"@id\":\"https:\\\/\\\/wp.kristdemokraterna.se\\\/svalov\\\/nagra-fran-kd-svalov-var-pa-utbildning\\\/#primaryimage\",\"url\":\"https:\\\/\\\/wp.kristdemokraterna.se\\\/svalov\\\/files\\\/2023\\\/01\\\/kd-utbildning_2023n.jpg\",\"contentUrl\":\"https:\\\/\\\/wp.kristdemokraterna.se\\\/svalov\\\/files\\\/2023\\\/01\\\/kd-utbildning_2023n.jpg\",\"width\":1170,\"height\":876},{\"@type\":\"BreadcrumbList\",\"@id\":\"https:\\\/\\\/wp.kristdemokraterna.se\\\/svalov\\\/nagra-fran-kd-svalov-var-pa-utbildning\\\/#breadcrumb\",\"itemListElement\":[{\"@type\":\"ListItem\",\"position\":1,\"name\":\"Hem\",\"item\":\"https:\\\/\\\/wp.kristdemokraterna.se\\\/svalov\\\/\"},{\"@type\":\"ListItem\",\"position\":2,\"name\":\"N\u00e5gra fr\u00e5n KD Sval\u00f6v var p\u00e5 utbildning\"}]},{\"@type\":\"WebSite\",\"@id\":\"https:\\\/\\\/wp.kristdemokraterna.se\\\/svalov\\\/#website\",\"url\":\"https:\\\/\\\/wp.kristdemokraterna.se\\\/svalov\\\/\",\"name\":\"Kristdemokraterna - Sval\u00f6v\",\"description\":\"\",\"inLanguage\":\"sv-SE\"},{\"@type\":\"Person\",\"@id\":\"https:\\\/\\\/wp.kristdemokraterna.se\\\/svalov\\\/#\\\/schema\\\/person\\\/6562e20e17e2df58423fa0f4dc8de535\",\"name\":\"Helpdesk Kristdemokraterna\",\"image\":{\"@type\":\"ImageObject\",\"inLanguage\":\"sv-SE\",\"@id\":\"https:\\\/\\\/secure.gravatar.com\\\/avatar\\\/8ea49a6cb5a559b7be600a852cfc8614108618c76571e208b9e938ffcb7f15ff?s=96&d=mm&r=g\",\"url\":\"https:\\\/\\\/secure.gravatar.com\\\/avatar\\\/8ea49a6cb5a559b7be600a852cfc8614108618c76571e208b9e938ffcb7f15ff?s=96&d=mm&r=g\",\"contentUrl\":\"https:\\\/\\\/secure.gravatar.com\\\/avatar\\\/8ea49a6cb5a559b7be600a852cfc8614108618c76571e208b9e938ffcb7f15ff?s=96&d=mm&r=g\",\"caption\":\"Helpdesk Kristdemokraterna\"},\"description\":\"helpdesk@kristdemokraterna.se eller 08-723 25 55\",\"url\":\"https:\\\/\\\/wp.kristdemokraterna.se\\\/svalov\\\/author\\\/admin\\\/\"}]}<\/script>\n<!-- \/ Yoast SEO plugin. -->","yoast_head_json":{"title":"N\u00e5gra fr\u00e5n KD Sval\u00f6v var p\u00e5 utbildning - Kristdemokraterna - Sval\u00f6v","robots":{"index":"index","follow":"follow","max-snippet":"max-snippet:-1","max-image-preview":"max-image-preview:large","max-video-preview":"max-video-preview:-1"},"canonical":"https:\/\/wp.kristdemokraterna.se\/svalov\/nagra-fran-kd-svalov-var-pa-utbildning\/","og_locale":"sv_SE","og_type":"article","og_title":"N\u00e5gra fr\u00e5n KD Sval\u00f6v var p\u00e5 utbildning - Kristdemokraterna - Sval\u00f6v","og_description":"S\u00e5 \u00e4r det ett nytt \u00e5r och alla val \u00e4r gjorda. Nu \u00e4r det \u00e5ter dags f\u00f6r KD-utbildning. Fr\u00e5n Sval\u00f6v var vi 6 som \u00e5kte. Hela R\u00e5dhus Sk\u00e5nes samlingssal var full av kristdemokrater fr\u00e5n b\u00e5de Sk\u00e5ne, Blekinge samt s\u00f6dra Halland och s\u00f6dra Sm\u00e5land. Utbildningen handlade bland annat om de olika regler och lagar som det L\u00e4s mer","og_url":"https:\/\/wp.kristdemokraterna.se\/svalov\/nagra-fran-kd-svalov-var-pa-utbildning\/","og_site_name":"Kristdemokraterna - Sval\u00f6v","article_published_time":"2023-01-29T17:26:42+00:00","og_image":[{"width":1170,"height":876,"url":"https:\/\/wp.kristdemokraterna.se\/svalov\/files\/2023\/01\/kd-utbildning_2023n.jpg","type":"image\/jpeg"}],"author":"Helpdesk Kristdemokraterna","twitter_card":"summary_large_image","twitter_misc":{"Skriven av":"Helpdesk Kristdemokraterna","Ber\u00e4knad l\u00e4stid":"1 minut"},"schema":{"@context":"https:\/\/schema.org","@graph":[{"@type":"Article","@id":"https:\/\/wp.kristdemokraterna.se\/svalov\/nagra-fran-kd-svalov-var-pa-utbildning\/#article","isPartOf":{"@id":"https:\/\/wp.kristdemokraterna.se\/svalov\/nagra-fran-kd-svalov-var-pa-utbildning\/"},"author":{"name":"Helpdesk Kristdemokraterna","@id":"https:\/\/wp.kristdemokraterna.se\/svalov\/#\/schema\/person\/6562e20e17e2df58423fa0f4dc8de535"},"headline":"N\u00e5gra fr\u00e5n KD Sval\u00f6v var p\u00e5 utbildning","datePublished":"2023-01-29T17:26:42+00:00","mainEntityOfPage":{"@id":"https:\/\/wp.kristdemokraterna.se\/svalov\/nagra-fran-kd-svalov-var-pa-utbildning\/"},"wordCount":105,"image":{"@id":"https:\/\/wp.kristdemokraterna.se\/svalov\/nagra-fran-kd-svalov-var-pa-utbildning\/#primaryimage"},"thumbnailUrl":"https:\/\/wp.kristdemokraterna.se\/svalov\/files\/2023\/01\/kd-utbildning_2023n.jpg","inLanguage":"sv-SE"},{"@type":"WebPage","@id":"https:\/\/wp.kristdemokraterna.se\/svalov\/nagra-fran-kd-svalov-var-pa-utbildning\/","url":"https:\/\/wp.kristdemokraterna.se\/svalov\/nagra-fran-kd-svalov-var-pa-utbildning\/","name":"N\u00e5gra fr\u00e5n KD Sval\u00f6v var p\u00e5 utbildning - Kristdemokraterna - Sval\u00f6v","isPartOf":{"@id":"https:\/\/wp.kristdemokraterna.se\/svalov\/#website"},"primaryImageOfPage":{"@id":"https:\/\/wp.kristdemokraterna.se\/svalov\/nagra-fran-kd-svalov-var-pa-utbildning\/#primaryimage"},"image":{"@id":"https:\/\/wp.kristdemokraterna.se\/svalov\/nagra-fran-kd-svalov-var-pa-utbildning\/#primaryimage"},"thumbnailUrl":"https:\/\/wp.kristdemokraterna.se\/svalov\/files\/2023\/01\/kd-utbildning_2023n.jpg","datePublished":"2023-01-29T17:26:42+00:00","author":{"@id":"https:\/\/wp.kristdemokraterna.se\/svalov\/#\/schema\/person\/6562e20e17e2df58423fa0f4dc8de535"},"breadcrumb":{"@id":"https:\/\/wp.kristdemokraterna.se\/svalov\/nagra-fran-kd-svalov-var-pa-utbildning\/#breadcrumb"},"inLanguage":"sv-SE","potentialAction":[{"@type":"ReadAction","target":["https:\/\/wp.kristdemokraterna.se\/svalov\/nagra-fran-kd-svalov-var-pa-utbildning\/"]}]},{"@type":"ImageObject","inLanguage":"sv-SE","@id":"https:\/\/wp.kristdemokraterna.se\/svalov\/nagra-fran-kd-svalov-var-pa-utbildning\/#primaryimage","url":"https:\/\/wp.kristdemokraterna.se\/svalov\/files\/2023\/01\/kd-utbildning_2023n.jpg","contentUrl":"https:\/\/wp.kristdemokraterna.se\/svalov\/files\/2023\/01\/kd-utbildning_2023n.jpg","width":1170,"height":876},{"@type":"BreadcrumbList","@id":"https:\/\/wp.kristdemokraterna.se\/svalov\/nagra-fran-kd-svalov-var-pa-utbildning\/#breadcrumb","itemListElement":[{"@type":"ListItem","position":1,"name":"Hem","item":"https:\/\/wp.kristdemokraterna.se\/svalov\/"},{"@type":"ListItem","position":2,"name":"N\u00e5gra fr\u00e5n KD Sval\u00f6v var p\u00e5 utbildning"}]},{"@type":"WebSite","@id":"https:\/\/wp.kristdemokraterna.se\/svalov\/#website","url":"https:\/\/wp.kristdemokraterna.se\/svalov\/","name":"Kristdemokraterna - Sval\u00f6v","description":"","inLanguage":"sv-SE"},{"@type":"Person","@id":"https:\/\/wp.kristdemokraterna.se\/svalov\/#\/schema\/person\/6562e20e17e2df58423fa0f4dc8de535","name":"Helpdesk Kristdemokraterna","image":{"@type":"ImageObject","inLanguage":"sv-SE","@id":"https:\/\/secure.gravatar.com\/avatar\/8ea49a6cb5a559b7be600a852cfc8614108618c76571e208b9e938ffcb7f15ff?s=96&d=mm&r=g","url":"https:\/\/secure.gravatar.com\/avatar\/8ea49a6cb5a559b7be600a852cfc8614108618c76571e208b9e938ffcb7f15ff?s=96&d=mm&r=g","contentUrl":"https:\/\/secure.gravatar.com\/avatar\/8ea49a6cb5a559b7be600a852cfc8614108618c76571e208b9e938ffcb7f15ff?s=96&d=mm&r=g","caption":"Helpdesk Kristdemokraterna"},"description":"helpdesk@kristdemokraterna.se eller 08-723 25 55","url":"https:\/\/wp.kristdemokraterna.se\/svalov\/author\/admin\/"}]}},"_links":{"self":[{"href":"https:\/\/wp.kristdemokraterna.se\/svalov\/wp-json\/wp\/v2\/posts\/1416","targetHints":{"allow":["GET"]}}],"collection":[{"href":"https:\/\/wp.kristdemokraterna.se\/svalov\/wp-json\/wp\/v2\/posts"}],"about":[{"href":"https:\/\/wp.kristdemokraterna.se\/svalov\/wp-json\/wp\/v2\/types\/post"}],"author":[{"embeddable":true,"href":"https:\/\/wp.kristdemokraterna.se\/svalov\/wp-json\/wp\/v2\/users\/2"}],"replies":[{"embeddable":true,"href":"https:\/\/wp.kristdemokraterna.se\/svalov\/wp-json\/wp\/v2\/comments?post=1416"}],"version-history":[{"count":0,"href":"https:\/\/wp.kristdemokraterna.se\/svalov\/wp-json\/wp\/v2\/posts\/1416\/revisions"}],"wp:featuredmedia":[{"embeddable":true,"href":"https:\/\/wp.kristdemokraterna.se\/svalov\/wp-json\/wp\/v2\/media\/1417"}],"wp:attachment":[{"href":"https:\/\/wp.kristdemokraterna.se\/svalov\/wp-json\/wp\/v2\/media?parent=1416"}],"wp:term":[{"taxonomy":"category","embeddable":true,"href":"https:\/\/wp.kristdemokraterna.se\/svalov\/wp-json\/wp\/v2\/categories?post=1416"},{"taxonomy":"post_tag","embeddable":true,"href":"https:\/\/wp.kristdemokraterna.se\/svalov\/wp-json\/wp\/v2\/tags?post=1416"}],"curies":[{"name":"wp","href":"https:\/\/api.w.org\/{rel}","templated":true}]}}