{"id":1450,"date":"2023-04-16T18:05:10","date_gmt":"2023-04-16T16:05:10","guid":{"rendered":"https:\/\/wp.kristdemokraterna.se\/svalov\/?p=1450"},"modified":"2023-04-16T18:05:10","modified_gmt":"2023-04-16T16:05:10","slug":"aase-jonsson-ar-nu-utsedd-till-arets-kristdemokrat","status":"publish","type":"post","link":"https:\/\/wp.kristdemokraterna.se\/svalov\/aase-jonsson-ar-nu-utsedd-till-arets-kristdemokrat\/","title":{"rendered":"Aase J\u00f6nsson \u00e4r nu utsedd till \u00e5rets kristdemokrat"},"content":{"rendered":"<p>Under KD-dagarna i \u00d6rebro blev v\u00e5rt KD-kommunalr\u00e5d Aase J\u00f6nsson utsedd till \u00e5rets kristdemokrat, med f\u00f6ljande motivering:<\/p>\n<p>&#8221;\u00c5rets kristdemokrat har under m\u00e5nga \u00e5r varit kommunpolitiker i sin kommun. I sin roll som f\u00f6rtroendevald har \u00e5rets kristdemokrat under flera mandatperioder arbetat f\u00f6r att v\u00e5rt parti skulle f\u00e5 ett st\u00f6rre inflytande, ett arbete som varit b\u00e5de tungt och slitsamt. Genom sin f\u00f6rm\u00e5ga att engagera, v\u00e4lkomna och inkludera allt fler i detta arbete, har \u00e5rets kristdemokrat p\u00e5 ett f\u00f6red\u00f6mligt s\u00e4tt inspirerat medlemmarna i sin partiavdelning och har en mycket stor del i att v\u00e5rt parti idag \u00e4r representerat i sin kommuns fullm\u00e4ktigef\u00f6rsamling.<\/p>\n<p>\u00c5rets kristdemokrat har dessutom lyckats att f\u00f6rvalta valframg\u00e5ngarna, varit en driven f\u00f6rhandlare f\u00f6r att bilda ett majoritetsstyre med starkt, kristdemokratiskt inflytande och innehar sedan valet 2018 bland annat uppdraget som kommunalr\u00e5d. \u00c5rets kristdemokrat har p\u00e5 ett p\u00e5tagligt s\u00e4tt visat att framg\u00e5ng inte \u00e4r en slump utan resultatet av ett l\u00e5ngt och uth\u00e5lligt arbete.<\/p>\n<p>\u00c5rets kristdemokrat \u00e4r Aase J\u00f6nsson, Sval\u00f6vs kommun!&#8221;<\/p>\n<p><img decoding=\"async\" src=\"http:\/\/wp.kristdemokraterna.se\/svalov2\/files\/2023\/04\/annu-en-bild-pa-aase-och-ebba_n.jpg\" \/><\/p>\n<p>Nu finns \u00e4ven en artikel om detta i Sk\u00e5nska Dagbladet p\u00e5 f\u00f6ljande l\u00e4nk:<\/p>\n<p><a href=\"https:\/\/www.skd.se\/2023-04-28\/sveriges-popularaste-kristdemokrat---hon-finns-i-svalov?fbclid=IwAR3yhFDi0R4W1yf-DL5P9fvkWRGIyWGGP_KhfNhQZGLnkWlbuSIX0RpDa58\">https:\/\/www.skd.se\/2023-04-28\/sveriges-popularaste-kristdemokrat&#8212;hon-finns-i-svalov?fbclid=IwAR3yhFDi0R4W1yf-DL5P9fvkWRGIyWGGP_KhfNhQZGLnkWlbuSIX0RpDa58<\/a><\/p>\n","protected":false},"excerpt":{"rendered":"<p>Under KD-dagarna i \u00d6rebro blev v\u00e5rt KD-kommunalr\u00e5d Aase J\u00f6nsson utsedd till \u00e5rets kristdemokrat, med f\u00f6ljande motivering: &#8221;\u00c5rets kristdemokrat har under m\u00e5nga \u00e5r varit kommunpolitiker i sin kommun. I sin roll som f\u00f6rtroendevald har \u00e5rets kristdemokrat under flera mandatperioder arbetat f\u00f6r att v\u00e5rt parti skulle f\u00e5 ett st\u00f6rre inflytande, ett arbete som varit b\u00e5de tungt och <a class=\"read-more-link\" href=\"https:\/\/wp.kristdemokraterna.se\/svalov\/aase-jonsson-ar-nu-utsedd-till-arets-kristdemokrat\/\">L\u00e4s mer<\/a><\/p>\n","protected":false},"author":2,"featured_media":1453,"comment_status":"closed","ping_status":"closed","sticky":false,"template":"","format":"standard","meta":{"_acf_changed":false,"footnotes":""},"categories":[1],"tags":[],"class_list":["post-1450","post","type-post","status-publish","format-standard","hentry","category-okategoriserade"],"acf":[],"yoast_head":"<!-- This site is optimized with the Yoast SEO plugin v27.4 - https:\/\/yoast.com\/product\/yoast-seo-wordpress\/ -->\n<title>Aase J\u00f6nsson \u00e4r nu utsedd till \u00e5rets kristdemokrat - Kristdemokraterna - Sval\u00f6v<\/title>\n<meta name=\"robots\" content=\"index, follow, max-snippet:-1, max-image-preview:large, max-video-preview:-1\" \/>\n<link rel=\"canonical\" href=\"https:\/\/wp.kristdemokraterna.se\/svalov\/aase-jonsson-ar-nu-utsedd-till-arets-kristdemokrat\/\" \/>\n<meta property=\"og:locale\" content=\"sv_SE\" \/>\n<meta property=\"og:type\" content=\"article\" \/>\n<meta property=\"og:title\" content=\"Aase J\u00f6nsson \u00e4r nu utsedd till \u00e5rets kristdemokrat - Kristdemokraterna - Sval\u00f6v\" \/>\n<meta property=\"og:description\" content=\"Under KD-dagarna i \u00d6rebro blev v\u00e5rt KD-kommunalr\u00e5d Aase J\u00f6nsson utsedd till \u00e5rets kristdemokrat, med f\u00f6ljande motivering: &#8221;\u00c5rets kristdemokrat har under m\u00e5nga \u00e5r varit kommunpolitiker i sin kommun. I sin roll som f\u00f6rtroendevald har \u00e5rets kristdemokrat under flera mandatperioder arbetat f\u00f6r att v\u00e5rt parti skulle f\u00e5 ett st\u00f6rre inflytande, ett arbete som varit b\u00e5de tungt och L\u00e4s mer\" \/>\n<meta property=\"og:url\" content=\"https:\/\/wp.kristdemokraterna.se\/svalov\/aase-jonsson-ar-nu-utsedd-till-arets-kristdemokrat\/\" \/>\n<meta property=\"og:site_name\" content=\"Kristdemokraterna - Sval\u00f6v\" \/>\n<meta property=\"article:published_time\" content=\"2023-04-16T16:05:10+00:00\" \/>\n<meta property=\"og:image\" content=\"https:\/\/wp.kristdemokraterna.se\/svalov\/files\/2023\/04\/annu-en-bild-pa-aase-och-ebba_n.jpg\" \/>\n\t<meta property=\"og:image:width\" content=\"1536\" \/>\n\t<meta property=\"og:image:height\" content=\"2048\" \/>\n\t<meta property=\"og:image:type\" content=\"image\/jpeg\" \/>\n<meta name=\"author\" content=\"Helpdesk Kristdemokraterna\" \/>\n<meta name=\"twitter:card\" content=\"summary_large_image\" \/>\n<meta name=\"twitter:label1\" content=\"Skriven av\" \/>\n\t<meta name=\"twitter:data1\" content=\"Helpdesk Kristdemokraterna\" \/>\n\t<meta name=\"twitter:label2\" content=\"Ber\u00e4knad l\u00e4stid\" \/>\n\t<meta name=\"twitter:data2\" content=\"2 minuter\" \/>\n<script type=\"application\/ld+json\" class=\"yoast-schema-graph\">{\"@context\":\"https:\\\/\\\/schema.org\",\"@graph\":[{\"@type\":\"Article\",\"@id\":\"https:\\\/\\\/wp.kristdemokraterna.se\\\/svalov\\\/aase-jonsson-ar-nu-utsedd-till-arets-kristdemokrat\\\/#article\",\"isPartOf\":{\"@id\":\"https:\\\/\\\/wp.kristdemokraterna.se\\\/svalov\\\/aase-jonsson-ar-nu-utsedd-till-arets-kristdemokrat\\\/\"},\"author\":{\"name\":\"Helpdesk Kristdemokraterna\",\"@id\":\"https:\\\/\\\/wp.kristdemokraterna.se\\\/svalov\\\/#\\\/schema\\\/person\\\/6562e20e17e2df58423fa0f4dc8de535\"},\"headline\":\"Aase J\u00f6nsson \u00e4r nu utsedd till \u00e5rets kristdemokrat\",\"datePublished\":\"2023-04-16T16:05:10+00:00\",\"mainEntityOfPage\":{\"@id\":\"https:\\\/\\\/wp.kristdemokraterna.se\\\/svalov\\\/aase-jonsson-ar-nu-utsedd-till-arets-kristdemokrat\\\/\"},\"wordCount\":230,\"image\":{\"@id\":\"https:\\\/\\\/wp.kristdemokraterna.se\\\/svalov\\\/aase-jonsson-ar-nu-utsedd-till-arets-kristdemokrat\\\/#primaryimage\"},\"thumbnailUrl\":\"https:\\\/\\\/wp.kristdemokraterna.se\\\/svalov\\\/files\\\/2023\\\/04\\\/annu-en-bild-pa-aase-och-ebba_n.jpg\",\"inLanguage\":\"sv-SE\"},{\"@type\":\"WebPage\",\"@id\":\"https:\\\/\\\/wp.kristdemokraterna.se\\\/svalov\\\/aase-jonsson-ar-nu-utsedd-till-arets-kristdemokrat\\\/\",\"url\":\"https:\\\/\\\/wp.kristdemokraterna.se\\\/svalov\\\/aase-jonsson-ar-nu-utsedd-till-arets-kristdemokrat\\\/\",\"name\":\"Aase J\u00f6nsson \u00e4r nu utsedd till \u00e5rets kristdemokrat - Kristdemokraterna - Sval\u00f6v\",\"isPartOf\":{\"@id\":\"https:\\\/\\\/wp.kristdemokraterna.se\\\/svalov\\\/#website\"},\"primaryImageOfPage\":{\"@id\":\"https:\\\/\\\/wp.kristdemokraterna.se\\\/svalov\\\/aase-jonsson-ar-nu-utsedd-till-arets-kristdemokrat\\\/#primaryimage\"},\"image\":{\"@id\":\"https:\\\/\\\/wp.kristdemokraterna.se\\\/svalov\\\/aase-jonsson-ar-nu-utsedd-till-arets-kristdemokrat\\\/#primaryimage\"},\"thumbnailUrl\":\"https:\\\/\\\/wp.kristdemokraterna.se\\\/svalov\\\/files\\\/2023\\\/04\\\/annu-en-bild-pa-aase-och-ebba_n.jpg\",\"datePublished\":\"2023-04-16T16:05:10+00:00\",\"author\":{\"@id\":\"https:\\\/\\\/wp.kristdemokraterna.se\\\/svalov\\\/#\\\/schema\\\/person\\\/6562e20e17e2df58423fa0f4dc8de535\"},\"breadcrumb\":{\"@id\":\"https:\\\/\\\/wp.kristdemokraterna.se\\\/svalov\\\/aase-jonsson-ar-nu-utsedd-till-arets-kristdemokrat\\\/#breadcrumb\"},\"inLanguage\":\"sv-SE\",\"potentialAction\":[{\"@type\":\"ReadAction\",\"target\":[\"https:\\\/\\\/wp.kristdemokraterna.se\\\/svalov\\\/aase-jonsson-ar-nu-utsedd-till-arets-kristdemokrat\\\/\"]}]},{\"@type\":\"ImageObject\",\"inLanguage\":\"sv-SE\",\"@id\":\"https:\\\/\\\/wp.kristdemokraterna.se\\\/svalov\\\/aase-jonsson-ar-nu-utsedd-till-arets-kristdemokrat\\\/#primaryimage\",\"url\":\"https:\\\/\\\/wp.kristdemokraterna.se\\\/svalov\\\/files\\\/2023\\\/04\\\/annu-en-bild-pa-aase-och-ebba_n.jpg\",\"contentUrl\":\"https:\\\/\\\/wp.kristdemokraterna.se\\\/svalov\\\/files\\\/2023\\\/04\\\/annu-en-bild-pa-aase-och-ebba_n.jpg\",\"width\":1536,\"height\":2048},{\"@type\":\"BreadcrumbList\",\"@id\":\"https:\\\/\\\/wp.kristdemokraterna.se\\\/svalov\\\/aase-jonsson-ar-nu-utsedd-till-arets-kristdemokrat\\\/#breadcrumb\",\"itemListElement\":[{\"@type\":\"ListItem\",\"position\":1,\"name\":\"Hem\",\"item\":\"https:\\\/\\\/wp.kristdemokraterna.se\\\/svalov\\\/\"},{\"@type\":\"ListItem\",\"position\":2,\"name\":\"Aase J\u00f6nsson \u00e4r nu utsedd till \u00e5rets kristdemokrat\"}]},{\"@type\":\"WebSite\",\"@id\":\"https:\\\/\\\/wp.kristdemokraterna.se\\\/svalov\\\/#website\",\"url\":\"https:\\\/\\\/wp.kristdemokraterna.se\\\/svalov\\\/\",\"name\":\"Kristdemokraterna - Sval\u00f6v\",\"description\":\"\",\"inLanguage\":\"sv-SE\"},{\"@type\":\"Person\",\"@id\":\"https:\\\/\\\/wp.kristdemokraterna.se\\\/svalov\\\/#\\\/schema\\\/person\\\/6562e20e17e2df58423fa0f4dc8de535\",\"name\":\"Helpdesk Kristdemokraterna\",\"image\":{\"@type\":\"ImageObject\",\"inLanguage\":\"sv-SE\",\"@id\":\"https:\\\/\\\/secure.gravatar.com\\\/avatar\\\/8ea49a6cb5a559b7be600a852cfc8614108618c76571e208b9e938ffcb7f15ff?s=96&d=mm&r=g\",\"url\":\"https:\\\/\\\/secure.gravatar.com\\\/avatar\\\/8ea49a6cb5a559b7be600a852cfc8614108618c76571e208b9e938ffcb7f15ff?s=96&d=mm&r=g\",\"contentUrl\":\"https:\\\/\\\/secure.gravatar.com\\\/avatar\\\/8ea49a6cb5a559b7be600a852cfc8614108618c76571e208b9e938ffcb7f15ff?s=96&d=mm&r=g\",\"caption\":\"Helpdesk Kristdemokraterna\"},\"description\":\"helpdesk@kristdemokraterna.se eller 08-723 25 55\",\"url\":\"https:\\\/\\\/wp.kristdemokraterna.se\\\/svalov\\\/author\\\/admin\\\/\"}]}<\/script>\n<!-- \/ Yoast SEO plugin. -->","yoast_head_json":{"title":"Aase J\u00f6nsson \u00e4r nu utsedd till \u00e5rets kristdemokrat - Kristdemokraterna - Sval\u00f6v","robots":{"index":"index","follow":"follow","max-snippet":"max-snippet:-1","max-image-preview":"max-image-preview:large","max-video-preview":"max-video-preview:-1"},"canonical":"https:\/\/wp.kristdemokraterna.se\/svalov\/aase-jonsson-ar-nu-utsedd-till-arets-kristdemokrat\/","og_locale":"sv_SE","og_type":"article","og_title":"Aase J\u00f6nsson \u00e4r nu utsedd till \u00e5rets kristdemokrat - Kristdemokraterna - Sval\u00f6v","og_description":"Under KD-dagarna i \u00d6rebro blev v\u00e5rt KD-kommunalr\u00e5d Aase J\u00f6nsson utsedd till \u00e5rets kristdemokrat, med f\u00f6ljande motivering: &#8221;\u00c5rets kristdemokrat har under m\u00e5nga \u00e5r varit kommunpolitiker i sin kommun. I sin roll som f\u00f6rtroendevald har \u00e5rets kristdemokrat under flera mandatperioder arbetat f\u00f6r att v\u00e5rt parti skulle f\u00e5 ett st\u00f6rre inflytande, ett arbete som varit b\u00e5de tungt och L\u00e4s mer","og_url":"https:\/\/wp.kristdemokraterna.se\/svalov\/aase-jonsson-ar-nu-utsedd-till-arets-kristdemokrat\/","og_site_name":"Kristdemokraterna - Sval\u00f6v","article_published_time":"2023-04-16T16:05:10+00:00","og_image":[{"width":1536,"height":2048,"url":"https:\/\/wp.kristdemokraterna.se\/svalov\/files\/2023\/04\/annu-en-bild-pa-aase-och-ebba_n.jpg","type":"image\/jpeg"}],"author":"Helpdesk Kristdemokraterna","twitter_card":"summary_large_image","twitter_misc":{"Skriven av":"Helpdesk Kristdemokraterna","Ber\u00e4knad l\u00e4stid":"2 minuter"},"schema":{"@context":"https:\/\/schema.org","@graph":[{"@type":"Article","@id":"https:\/\/wp.kristdemokraterna.se\/svalov\/aase-jonsson-ar-nu-utsedd-till-arets-kristdemokrat\/#article","isPartOf":{"@id":"https:\/\/wp.kristdemokraterna.se\/svalov\/aase-jonsson-ar-nu-utsedd-till-arets-kristdemokrat\/"},"author":{"name":"Helpdesk Kristdemokraterna","@id":"https:\/\/wp.kristdemokraterna.se\/svalov\/#\/schema\/person\/6562e20e17e2df58423fa0f4dc8de535"},"headline":"Aase J\u00f6nsson \u00e4r nu utsedd till \u00e5rets kristdemokrat","datePublished":"2023-04-16T16:05:10+00:00","mainEntityOfPage":{"@id":"https:\/\/wp.kristdemokraterna.se\/svalov\/aase-jonsson-ar-nu-utsedd-till-arets-kristdemokrat\/"},"wordCount":230,"image":{"@id":"https:\/\/wp.kristdemokraterna.se\/svalov\/aase-jonsson-ar-nu-utsedd-till-arets-kristdemokrat\/#primaryimage"},"thumbnailUrl":"https:\/\/wp.kristdemokraterna.se\/svalov\/files\/2023\/04\/annu-en-bild-pa-aase-och-ebba_n.jpg","inLanguage":"sv-SE"},{"@type":"WebPage","@id":"https:\/\/wp.kristdemokraterna.se\/svalov\/aase-jonsson-ar-nu-utsedd-till-arets-kristdemokrat\/","url":"https:\/\/wp.kristdemokraterna.se\/svalov\/aase-jonsson-ar-nu-utsedd-till-arets-kristdemokrat\/","name":"Aase J\u00f6nsson \u00e4r nu utsedd till \u00e5rets kristdemokrat - Kristdemokraterna - Sval\u00f6v","isPartOf":{"@id":"https:\/\/wp.kristdemokraterna.se\/svalov\/#website"},"primaryImageOfPage":{"@id":"https:\/\/wp.kristdemokraterna.se\/svalov\/aase-jonsson-ar-nu-utsedd-till-arets-kristdemokrat\/#primaryimage"},"image":{"@id":"https:\/\/wp.kristdemokraterna.se\/svalov\/aase-jonsson-ar-nu-utsedd-till-arets-kristdemokrat\/#primaryimage"},"thumbnailUrl":"https:\/\/wp.kristdemokraterna.se\/svalov\/files\/2023\/04\/annu-en-bild-pa-aase-och-ebba_n.jpg","datePublished":"2023-04-16T16:05:10+00:00","author":{"@id":"https:\/\/wp.kristdemokraterna.se\/svalov\/#\/schema\/person\/6562e20e17e2df58423fa0f4dc8de535"},"breadcrumb":{"@id":"https:\/\/wp.kristdemokraterna.se\/svalov\/aase-jonsson-ar-nu-utsedd-till-arets-kristdemokrat\/#breadcrumb"},"inLanguage":"sv-SE","potentialAction":[{"@type":"ReadAction","target":["https:\/\/wp.kristdemokraterna.se\/svalov\/aase-jonsson-ar-nu-utsedd-till-arets-kristdemokrat\/"]}]},{"@type":"ImageObject","inLanguage":"sv-SE","@id":"https:\/\/wp.kristdemokraterna.se\/svalov\/aase-jonsson-ar-nu-utsedd-till-arets-kristdemokrat\/#primaryimage","url":"https:\/\/wp.kristdemokraterna.se\/svalov\/files\/2023\/04\/annu-en-bild-pa-aase-och-ebba_n.jpg","contentUrl":"https:\/\/wp.kristdemokraterna.se\/svalov\/files\/2023\/04\/annu-en-bild-pa-aase-och-ebba_n.jpg","width":1536,"height":2048},{"@type":"BreadcrumbList","@id":"https:\/\/wp.kristdemokraterna.se\/svalov\/aase-jonsson-ar-nu-utsedd-till-arets-kristdemokrat\/#breadcrumb","itemListElement":[{"@type":"ListItem","position":1,"name":"Hem","item":"https:\/\/wp.kristdemokraterna.se\/svalov\/"},{"@type":"ListItem","position":2,"name":"Aase J\u00f6nsson \u00e4r nu utsedd till \u00e5rets kristdemokrat"}]},{"@type":"WebSite","@id":"https:\/\/wp.kristdemokraterna.se\/svalov\/#website","url":"https:\/\/wp.kristdemokraterna.se\/svalov\/","name":"Kristdemokraterna - Sval\u00f6v","description":"","inLanguage":"sv-SE"},{"@type":"Person","@id":"https:\/\/wp.kristdemokraterna.se\/svalov\/#\/schema\/person\/6562e20e17e2df58423fa0f4dc8de535","name":"Helpdesk Kristdemokraterna","image":{"@type":"ImageObject","inLanguage":"sv-SE","@id":"https:\/\/secure.gravatar.com\/avatar\/8ea49a6cb5a559b7be600a852cfc8614108618c76571e208b9e938ffcb7f15ff?s=96&d=mm&r=g","url":"https:\/\/secure.gravatar.com\/avatar\/8ea49a6cb5a559b7be600a852cfc8614108618c76571e208b9e938ffcb7f15ff?s=96&d=mm&r=g","contentUrl":"https:\/\/secure.gravatar.com\/avatar\/8ea49a6cb5a559b7be600a852cfc8614108618c76571e208b9e938ffcb7f15ff?s=96&d=mm&r=g","caption":"Helpdesk Kristdemokraterna"},"description":"helpdesk@kristdemokraterna.se eller 08-723 25 55","url":"https:\/\/wp.kristdemokraterna.se\/svalov\/author\/admin\/"}]}},"_links":{"self":[{"href":"https:\/\/wp.kristdemokraterna.se\/svalov\/wp-json\/wp\/v2\/posts\/1450","targetHints":{"allow":["GET"]}}],"collection":[{"href":"https:\/\/wp.kristdemokraterna.se\/svalov\/wp-json\/wp\/v2\/posts"}],"about":[{"href":"https:\/\/wp.kristdemokraterna.se\/svalov\/wp-json\/wp\/v2\/types\/post"}],"author":[{"embeddable":true,"href":"https:\/\/wp.kristdemokraterna.se\/svalov\/wp-json\/wp\/v2\/users\/2"}],"replies":[{"embeddable":true,"href":"https:\/\/wp.kristdemokraterna.se\/svalov\/wp-json\/wp\/v2\/comments?post=1450"}],"version-history":[{"count":0,"href":"https:\/\/wp.kristdemokraterna.se\/svalov\/wp-json\/wp\/v2\/posts\/1450\/revisions"}],"wp:featuredmedia":[{"embeddable":true,"href":"https:\/\/wp.kristdemokraterna.se\/svalov\/wp-json\/wp\/v2\/media\/1453"}],"wp:attachment":[{"href":"https:\/\/wp.kristdemokraterna.se\/svalov\/wp-json\/wp\/v2\/media?parent=1450"}],"wp:term":[{"taxonomy":"category","embeddable":true,"href":"https:\/\/wp.kristdemokraterna.se\/svalov\/wp-json\/wp\/v2\/categories?post=1450"},{"taxonomy":"post_tag","embeddable":true,"href":"https:\/\/wp.kristdemokraterna.se\/svalov\/wp-json\/wp\/v2\/tags?post=1450"}],"curies":[{"name":"wp","href":"https:\/\/api.w.org\/{rel}","templated":true}]}}