{"id":1463,"date":"2023-05-30T10:05:06","date_gmt":"2023-05-30T08:05:06","guid":{"rendered":"https:\/\/wp.kristdemokraterna.se\/svalov\/?p=1463"},"modified":"2023-05-30T10:05:06","modified_gmt":"2023-05-30T08:05:06","slug":"anforande-av-aase-jonsson-angaende-90-socialnamndens-atgardsplan-for-budget-i-balans-2023","status":"publish","type":"post","link":"https:\/\/wp.kristdemokraterna.se\/svalov\/anforande-av-aase-jonsson-angaende-90-socialnamndens-atgardsplan-for-budget-i-balans-2023\/","title":{"rendered":"Anf\u00f6rande av Aase J\u00f6nsson ang\u00e5ende \u00a7\u00a090 Socialn\u00e4mndens \u00e5tg\u00e4rdsplan f\u00f6r budget i balans 2023"},"content":{"rendered":"<p><img decoding=\"async\" src=\"http:\/\/wp.kristdemokraterna.se\/svalov2\/files\/2023\/05\/aases-anforande-paragraf-90.png\" \/><br \/>\nP\u00e5 kommunfullm\u00e4ktige h\u00f6ll socialn\u00e4mndens ordf\u00f6rande Aase J\u00f6nsson f\u00f6ljande inledningsanf\u00f6rande ang\u00e5ende <strong>\u00a7 90 Socialn\u00e4mndens \u00e5tg\u00e4rdsplan f\u00f6r budget i balans 2023:<br \/>\n<\/strong>&#8221;Ordf. Ledam\u00f6ter, \u00e5h\u00f6rare digitala och n\u00e4rvarande:<\/p>\n<p>Den senaste prognosen f\u00f6r socialn\u00e4mnden visar p\u00e5 ett stort underskott i verksamheten om cirka 20 miljoner kronor. Med anledning av prognosen samt kommunfullm\u00e4ktiges anvisning i antaget dokument g\u00e4llande m\u00e5l och budget 2023 med plan 2024 \u2013 2025 har socialn\u00e4mnden beslutat om en \u00e5tg\u00e4rdsplan f\u00f6r att f\u00e5 en budget i balans f\u00f6r verksamhets\u00e5ret 2023. Vi tog \u00e4ven beslut om en genomlysning av all verksamhet av en utomst\u00e5ende konsult vid f\u00f6rra n\u00e4mndsm\u00f6tet f\u00f6r att f\u00e5 klarhet i vad som \u00e4r bakgrunden till underskottet.<\/p>\n<ol>\n<li>Kommunfullm\u00e4ktige beviljar socialn\u00e4mnden ett till\u00e4ggsanslag om 2,1 miljoner kronor f\u00f6r \u00f6kade placeringskostnader inom verksamheten v\u00e5rd och omsorg. <strong>Placeringar inom demens som vi inte har r\u00e4tt kompetens f\u00f6r.<\/strong><\/li>\n<li>Vidare beviljar kommunfullm\u00e4ktige ett till\u00e4ggsanslag om 2,5 miljoner kronor till socialn\u00e4mnden f\u00f6r \u00f6kade placeringskostnader inom verksamheten LSS. <strong>Migrationsverket betalar inte l\u00e4ngre d\u00e5 brukaren blivit svensk medborgare.<\/strong><\/li>\n<li>Slutligen beviljar kommunfullm\u00e4ktige ett till\u00e4ggsanslag om 1,5 miljoner kronor till socialn\u00e4mnden f\u00f6r \u00f6kade placeringskostnader inom verksamheten individ- och familjeomsorg. <strong>Placeringar som vi \u00e4r skyldiga att g\u00f6ra.<\/strong><\/li>\n<li>Kommunfullm\u00e4ktige beviljar socialn\u00e4mnden ett till\u00e4ggsanslag f\u00f6r investeringar i s\u00e4ngbytesprogram om 700 000 kronor. <strong>Detta har p\u00e5 n\u00e5got vis missats.&#8221;<\/strong><\/li>\n<\/ol>\n<p>Hela debatten g\u00e5r att f\u00f6lja p\u00e5 f\u00f6ljande l\u00e4nk:<\/p>\n<p><a href=\"https:\/\/svalov.webbtvkf.se\/?20230529#rev=4683&amp;part=1\">https:\/\/svalov.webbtvkf.se\/?20230529#rev=4683&amp;part=1<\/a><\/p>\n","protected":false},"excerpt":{"rendered":"<p>P\u00e5 kommunfullm\u00e4ktige h\u00f6ll socialn\u00e4mndens ordf\u00f6rande Aase J\u00f6nsson f\u00f6ljande inledningsanf\u00f6rande ang\u00e5ende \u00a7 90 Socialn\u00e4mndens \u00e5tg\u00e4rdsplan f\u00f6r budget i balans 2023: &#8221;Ordf. Ledam\u00f6ter, \u00e5h\u00f6rare digitala och n\u00e4rvarande: Den senaste prognosen f\u00f6r socialn\u00e4mnden visar p\u00e5 ett stort underskott i verksamheten om cirka 20 miljoner kronor. Med anledning av prognosen samt kommunfullm\u00e4ktiges anvisning i antaget dokument g\u00e4llande m\u00e5l och <a class=\"read-more-link\" href=\"https:\/\/wp.kristdemokraterna.se\/svalov\/anforande-av-aase-jonsson-angaende-90-socialnamndens-atgardsplan-for-budget-i-balans-2023\/\">L\u00e4s mer<\/a><\/p>\n","protected":false},"author":2,"featured_media":1464,"comment_status":"closed","ping_status":"closed","sticky":false,"template":"","format":"standard","meta":{"_acf_changed":false,"footnotes":""},"categories":[1],"tags":[],"class_list":["post-1463","post","type-post","status-publish","format-standard","hentry","category-okategoriserade"],"acf":[],"yoast_head":"<!-- This site is optimized with the Yoast SEO plugin v27.5 - https:\/\/yoast.com\/product\/yoast-seo-wordpress\/ -->\n<title>Anf\u00f6rande av Aase J\u00f6nsson ang\u00e5ende \u00a7\u00a090 Socialn\u00e4mndens \u00e5tg\u00e4rdsplan f\u00f6r budget i balans 2023 - Kristdemokraterna - Sval\u00f6v<\/title>\n<meta name=\"robots\" content=\"index, follow, max-snippet:-1, max-image-preview:large, max-video-preview:-1\" \/>\n<link rel=\"canonical\" href=\"https:\/\/wp.kristdemokraterna.se\/svalov\/anforande-av-aase-jonsson-angaende-90-socialnamndens-atgardsplan-for-budget-i-balans-2023\/\" \/>\n<meta property=\"og:locale\" content=\"sv_SE\" \/>\n<meta property=\"og:type\" content=\"article\" \/>\n<meta property=\"og:title\" content=\"Anf\u00f6rande av Aase J\u00f6nsson ang\u00e5ende \u00a7\u00a090 Socialn\u00e4mndens \u00e5tg\u00e4rdsplan f\u00f6r budget i balans 2023 - Kristdemokraterna - Sval\u00f6v\" \/>\n<meta property=\"og:description\" content=\"P\u00e5 kommunfullm\u00e4ktige h\u00f6ll socialn\u00e4mndens ordf\u00f6rande Aase J\u00f6nsson f\u00f6ljande inledningsanf\u00f6rande ang\u00e5ende \u00a7 90 Socialn\u00e4mndens \u00e5tg\u00e4rdsplan f\u00f6r budget i balans 2023: &#8221;Ordf. Ledam\u00f6ter, \u00e5h\u00f6rare digitala och n\u00e4rvarande: Den senaste prognosen f\u00f6r socialn\u00e4mnden visar p\u00e5 ett stort underskott i verksamheten om cirka 20 miljoner kronor. Med anledning av prognosen samt kommunfullm\u00e4ktiges anvisning i antaget dokument g\u00e4llande m\u00e5l och L\u00e4s mer\" \/>\n<meta property=\"og:url\" content=\"https:\/\/wp.kristdemokraterna.se\/svalov\/anforande-av-aase-jonsson-angaende-90-socialnamndens-atgardsplan-for-budget-i-balans-2023\/\" \/>\n<meta property=\"og:site_name\" content=\"Kristdemokraterna - Sval\u00f6v\" \/>\n<meta property=\"article:published_time\" content=\"2023-05-30T08:05:06+00:00\" \/>\n<meta property=\"og:image\" content=\"https:\/\/wp.kristdemokraterna.se\/svalov\/files\/2023\/05\/aases-anforande-paragraf-90.png\" \/>\n\t<meta property=\"og:image:width\" content=\"1136\" \/>\n\t<meta property=\"og:image:height\" content=\"377\" \/>\n\t<meta property=\"og:image:type\" content=\"image\/png\" \/>\n<meta name=\"author\" content=\"Helpdesk Kristdemokraterna\" \/>\n<meta name=\"twitter:card\" content=\"summary_large_image\" \/>\n<meta name=\"twitter:label1\" content=\"Skriven av\" \/>\n\t<meta name=\"twitter:data1\" content=\"Helpdesk Kristdemokraterna\" \/>\n\t<meta name=\"twitter:label2\" content=\"Ber\u00e4knad l\u00e4stid\" \/>\n\t<meta name=\"twitter:data2\" content=\"2 minuter\" \/>\n<script type=\"application\/ld+json\" class=\"yoast-schema-graph\">{\"@context\":\"https:\\\/\\\/schema.org\",\"@graph\":[{\"@type\":\"Article\",\"@id\":\"https:\\\/\\\/wp.kristdemokraterna.se\\\/svalov\\\/anforande-av-aase-jonsson-angaende-90-socialnamndens-atgardsplan-for-budget-i-balans-2023\\\/#article\",\"isPartOf\":{\"@id\":\"https:\\\/\\\/wp.kristdemokraterna.se\\\/svalov\\\/anforande-av-aase-jonsson-angaende-90-socialnamndens-atgardsplan-for-budget-i-balans-2023\\\/\"},\"author\":{\"name\":\"Helpdesk Kristdemokraterna\",\"@id\":\"https:\\\/\\\/wp.kristdemokraterna.se\\\/svalov\\\/#\\\/schema\\\/person\\\/6562e20e17e2df58423fa0f4dc8de535\"},\"headline\":\"Anf\u00f6rande av Aase J\u00f6nsson ang\u00e5ende \u00a7\u00a090 Socialn\u00e4mndens \u00e5tg\u00e4rdsplan f\u00f6r budget i balans 2023\",\"datePublished\":\"2023-05-30T08:05:06+00:00\",\"mainEntityOfPage\":{\"@id\":\"https:\\\/\\\/wp.kristdemokraterna.se\\\/svalov\\\/anforande-av-aase-jonsson-angaende-90-socialnamndens-atgardsplan-for-budget-i-balans-2023\\\/\"},\"wordCount\":278,\"image\":{\"@id\":\"https:\\\/\\\/wp.kristdemokraterna.se\\\/svalov\\\/anforande-av-aase-jonsson-angaende-90-socialnamndens-atgardsplan-for-budget-i-balans-2023\\\/#primaryimage\"},\"thumbnailUrl\":\"https:\\\/\\\/wp.kristdemokraterna.se\\\/svalov\\\/files\\\/2023\\\/05\\\/aases-anforande-paragraf-90.png\",\"inLanguage\":\"sv-SE\"},{\"@type\":\"WebPage\",\"@id\":\"https:\\\/\\\/wp.kristdemokraterna.se\\\/svalov\\\/anforande-av-aase-jonsson-angaende-90-socialnamndens-atgardsplan-for-budget-i-balans-2023\\\/\",\"url\":\"https:\\\/\\\/wp.kristdemokraterna.se\\\/svalov\\\/anforande-av-aase-jonsson-angaende-90-socialnamndens-atgardsplan-for-budget-i-balans-2023\\\/\",\"name\":\"Anf\u00f6rande av Aase J\u00f6nsson ang\u00e5ende \u00a7\u00a090 Socialn\u00e4mndens \u00e5tg\u00e4rdsplan f\u00f6r budget i balans 2023 - Kristdemokraterna - Sval\u00f6v\",\"isPartOf\":{\"@id\":\"https:\\\/\\\/wp.kristdemokraterna.se\\\/svalov\\\/#website\"},\"primaryImageOfPage\":{\"@id\":\"https:\\\/\\\/wp.kristdemokraterna.se\\\/svalov\\\/anforande-av-aase-jonsson-angaende-90-socialnamndens-atgardsplan-for-budget-i-balans-2023\\\/#primaryimage\"},\"image\":{\"@id\":\"https:\\\/\\\/wp.kristdemokraterna.se\\\/svalov\\\/anforande-av-aase-jonsson-angaende-90-socialnamndens-atgardsplan-for-budget-i-balans-2023\\\/#primaryimage\"},\"thumbnailUrl\":\"https:\\\/\\\/wp.kristdemokraterna.se\\\/svalov\\\/files\\\/2023\\\/05\\\/aases-anforande-paragraf-90.png\",\"datePublished\":\"2023-05-30T08:05:06+00:00\",\"author\":{\"@id\":\"https:\\\/\\\/wp.kristdemokraterna.se\\\/svalov\\\/#\\\/schema\\\/person\\\/6562e20e17e2df58423fa0f4dc8de535\"},\"breadcrumb\":{\"@id\":\"https:\\\/\\\/wp.kristdemokraterna.se\\\/svalov\\\/anforande-av-aase-jonsson-angaende-90-socialnamndens-atgardsplan-for-budget-i-balans-2023\\\/#breadcrumb\"},\"inLanguage\":\"sv-SE\",\"potentialAction\":[{\"@type\":\"ReadAction\",\"target\":[\"https:\\\/\\\/wp.kristdemokraterna.se\\\/svalov\\\/anforande-av-aase-jonsson-angaende-90-socialnamndens-atgardsplan-for-budget-i-balans-2023\\\/\"]}]},{\"@type\":\"ImageObject\",\"inLanguage\":\"sv-SE\",\"@id\":\"https:\\\/\\\/wp.kristdemokraterna.se\\\/svalov\\\/anforande-av-aase-jonsson-angaende-90-socialnamndens-atgardsplan-for-budget-i-balans-2023\\\/#primaryimage\",\"url\":\"https:\\\/\\\/wp.kristdemokraterna.se\\\/svalov\\\/files\\\/2023\\\/05\\\/aases-anforande-paragraf-90.png\",\"contentUrl\":\"https:\\\/\\\/wp.kristdemokraterna.se\\\/svalov\\\/files\\\/2023\\\/05\\\/aases-anforande-paragraf-90.png\",\"width\":1136,\"height\":377},{\"@type\":\"BreadcrumbList\",\"@id\":\"https:\\\/\\\/wp.kristdemokraterna.se\\\/svalov\\\/anforande-av-aase-jonsson-angaende-90-socialnamndens-atgardsplan-for-budget-i-balans-2023\\\/#breadcrumb\",\"itemListElement\":[{\"@type\":\"ListItem\",\"position\":1,\"name\":\"Hem\",\"item\":\"https:\\\/\\\/wp.kristdemokraterna.se\\\/svalov\\\/\"},{\"@type\":\"ListItem\",\"position\":2,\"name\":\"Anf\u00f6rande av Aase J\u00f6nsson ang\u00e5ende \u00a7\u00a090 Socialn\u00e4mndens \u00e5tg\u00e4rdsplan f\u00f6r budget i balans 2023\"}]},{\"@type\":\"WebSite\",\"@id\":\"https:\\\/\\\/wp.kristdemokraterna.se\\\/svalov\\\/#website\",\"url\":\"https:\\\/\\\/wp.kristdemokraterna.se\\\/svalov\\\/\",\"name\":\"Kristdemokraterna - Sval\u00f6v\",\"description\":\"\",\"inLanguage\":\"sv-SE\"},{\"@type\":\"Person\",\"@id\":\"https:\\\/\\\/wp.kristdemokraterna.se\\\/svalov\\\/#\\\/schema\\\/person\\\/6562e20e17e2df58423fa0f4dc8de535\",\"name\":\"Helpdesk Kristdemokraterna\",\"image\":{\"@type\":\"ImageObject\",\"inLanguage\":\"sv-SE\",\"@id\":\"https:\\\/\\\/secure.gravatar.com\\\/avatar\\\/8ea49a6cb5a559b7be600a852cfc8614108618c76571e208b9e938ffcb7f15ff?s=96&d=mm&r=g\",\"url\":\"https:\\\/\\\/secure.gravatar.com\\\/avatar\\\/8ea49a6cb5a559b7be600a852cfc8614108618c76571e208b9e938ffcb7f15ff?s=96&d=mm&r=g\",\"contentUrl\":\"https:\\\/\\\/secure.gravatar.com\\\/avatar\\\/8ea49a6cb5a559b7be600a852cfc8614108618c76571e208b9e938ffcb7f15ff?s=96&d=mm&r=g\",\"caption\":\"Helpdesk Kristdemokraterna\"},\"description\":\"helpdesk@kristdemokraterna.se eller 08-723 25 55\",\"url\":\"https:\\\/\\\/wp.kristdemokraterna.se\\\/svalov\\\/author\\\/admin\\\/\"}]}<\/script>\n<!-- \/ Yoast SEO plugin. -->","yoast_head_json":{"title":"Anf\u00f6rande av Aase J\u00f6nsson ang\u00e5ende \u00a7\u00a090 Socialn\u00e4mndens \u00e5tg\u00e4rdsplan f\u00f6r budget i balans 2023 - Kristdemokraterna - Sval\u00f6v","robots":{"index":"index","follow":"follow","max-snippet":"max-snippet:-1","max-image-preview":"max-image-preview:large","max-video-preview":"max-video-preview:-1"},"canonical":"https:\/\/wp.kristdemokraterna.se\/svalov\/anforande-av-aase-jonsson-angaende-90-socialnamndens-atgardsplan-for-budget-i-balans-2023\/","og_locale":"sv_SE","og_type":"article","og_title":"Anf\u00f6rande av Aase J\u00f6nsson ang\u00e5ende \u00a7\u00a090 Socialn\u00e4mndens \u00e5tg\u00e4rdsplan f\u00f6r budget i balans 2023 - Kristdemokraterna - Sval\u00f6v","og_description":"P\u00e5 kommunfullm\u00e4ktige h\u00f6ll socialn\u00e4mndens ordf\u00f6rande Aase J\u00f6nsson f\u00f6ljande inledningsanf\u00f6rande ang\u00e5ende \u00a7 90 Socialn\u00e4mndens \u00e5tg\u00e4rdsplan f\u00f6r budget i balans 2023: &#8221;Ordf. Ledam\u00f6ter, \u00e5h\u00f6rare digitala och n\u00e4rvarande: Den senaste prognosen f\u00f6r socialn\u00e4mnden visar p\u00e5 ett stort underskott i verksamheten om cirka 20 miljoner kronor. Med anledning av prognosen samt kommunfullm\u00e4ktiges anvisning i antaget dokument g\u00e4llande m\u00e5l och L\u00e4s mer","og_url":"https:\/\/wp.kristdemokraterna.se\/svalov\/anforande-av-aase-jonsson-angaende-90-socialnamndens-atgardsplan-for-budget-i-balans-2023\/","og_site_name":"Kristdemokraterna - Sval\u00f6v","article_published_time":"2023-05-30T08:05:06+00:00","og_image":[{"width":1136,"height":377,"url":"https:\/\/wp.kristdemokraterna.se\/svalov\/files\/2023\/05\/aases-anforande-paragraf-90.png","type":"image\/png"}],"author":"Helpdesk Kristdemokraterna","twitter_card":"summary_large_image","twitter_misc":{"Skriven av":"Helpdesk Kristdemokraterna","Ber\u00e4knad l\u00e4stid":"2 minuter"},"schema":{"@context":"https:\/\/schema.org","@graph":[{"@type":"Article","@id":"https:\/\/wp.kristdemokraterna.se\/svalov\/anforande-av-aase-jonsson-angaende-90-socialnamndens-atgardsplan-for-budget-i-balans-2023\/#article","isPartOf":{"@id":"https:\/\/wp.kristdemokraterna.se\/svalov\/anforande-av-aase-jonsson-angaende-90-socialnamndens-atgardsplan-for-budget-i-balans-2023\/"},"author":{"name":"Helpdesk Kristdemokraterna","@id":"https:\/\/wp.kristdemokraterna.se\/svalov\/#\/schema\/person\/6562e20e17e2df58423fa0f4dc8de535"},"headline":"Anf\u00f6rande av Aase J\u00f6nsson ang\u00e5ende \u00a7\u00a090 Socialn\u00e4mndens \u00e5tg\u00e4rdsplan f\u00f6r budget i balans 2023","datePublished":"2023-05-30T08:05:06+00:00","mainEntityOfPage":{"@id":"https:\/\/wp.kristdemokraterna.se\/svalov\/anforande-av-aase-jonsson-angaende-90-socialnamndens-atgardsplan-for-budget-i-balans-2023\/"},"wordCount":278,"image":{"@id":"https:\/\/wp.kristdemokraterna.se\/svalov\/anforande-av-aase-jonsson-angaende-90-socialnamndens-atgardsplan-for-budget-i-balans-2023\/#primaryimage"},"thumbnailUrl":"https:\/\/wp.kristdemokraterna.se\/svalov\/files\/2023\/05\/aases-anforande-paragraf-90.png","inLanguage":"sv-SE"},{"@type":"WebPage","@id":"https:\/\/wp.kristdemokraterna.se\/svalov\/anforande-av-aase-jonsson-angaende-90-socialnamndens-atgardsplan-for-budget-i-balans-2023\/","url":"https:\/\/wp.kristdemokraterna.se\/svalov\/anforande-av-aase-jonsson-angaende-90-socialnamndens-atgardsplan-for-budget-i-balans-2023\/","name":"Anf\u00f6rande av Aase J\u00f6nsson ang\u00e5ende \u00a7\u00a090 Socialn\u00e4mndens \u00e5tg\u00e4rdsplan f\u00f6r budget i balans 2023 - Kristdemokraterna - Sval\u00f6v","isPartOf":{"@id":"https:\/\/wp.kristdemokraterna.se\/svalov\/#website"},"primaryImageOfPage":{"@id":"https:\/\/wp.kristdemokraterna.se\/svalov\/anforande-av-aase-jonsson-angaende-90-socialnamndens-atgardsplan-for-budget-i-balans-2023\/#primaryimage"},"image":{"@id":"https:\/\/wp.kristdemokraterna.se\/svalov\/anforande-av-aase-jonsson-angaende-90-socialnamndens-atgardsplan-for-budget-i-balans-2023\/#primaryimage"},"thumbnailUrl":"https:\/\/wp.kristdemokraterna.se\/svalov\/files\/2023\/05\/aases-anforande-paragraf-90.png","datePublished":"2023-05-30T08:05:06+00:00","author":{"@id":"https:\/\/wp.kristdemokraterna.se\/svalov\/#\/schema\/person\/6562e20e17e2df58423fa0f4dc8de535"},"breadcrumb":{"@id":"https:\/\/wp.kristdemokraterna.se\/svalov\/anforande-av-aase-jonsson-angaende-90-socialnamndens-atgardsplan-for-budget-i-balans-2023\/#breadcrumb"},"inLanguage":"sv-SE","potentialAction":[{"@type":"ReadAction","target":["https:\/\/wp.kristdemokraterna.se\/svalov\/anforande-av-aase-jonsson-angaende-90-socialnamndens-atgardsplan-for-budget-i-balans-2023\/"]}]},{"@type":"ImageObject","inLanguage":"sv-SE","@id":"https:\/\/wp.kristdemokraterna.se\/svalov\/anforande-av-aase-jonsson-angaende-90-socialnamndens-atgardsplan-for-budget-i-balans-2023\/#primaryimage","url":"https:\/\/wp.kristdemokraterna.se\/svalov\/files\/2023\/05\/aases-anforande-paragraf-90.png","contentUrl":"https:\/\/wp.kristdemokraterna.se\/svalov\/files\/2023\/05\/aases-anforande-paragraf-90.png","width":1136,"height":377},{"@type":"BreadcrumbList","@id":"https:\/\/wp.kristdemokraterna.se\/svalov\/anforande-av-aase-jonsson-angaende-90-socialnamndens-atgardsplan-for-budget-i-balans-2023\/#breadcrumb","itemListElement":[{"@type":"ListItem","position":1,"name":"Hem","item":"https:\/\/wp.kristdemokraterna.se\/svalov\/"},{"@type":"ListItem","position":2,"name":"Anf\u00f6rande av Aase J\u00f6nsson ang\u00e5ende \u00a7\u00a090 Socialn\u00e4mndens \u00e5tg\u00e4rdsplan f\u00f6r budget i balans 2023"}]},{"@type":"WebSite","@id":"https:\/\/wp.kristdemokraterna.se\/svalov\/#website","url":"https:\/\/wp.kristdemokraterna.se\/svalov\/","name":"Kristdemokraterna - Sval\u00f6v","description":"","inLanguage":"sv-SE"},{"@type":"Person","@id":"https:\/\/wp.kristdemokraterna.se\/svalov\/#\/schema\/person\/6562e20e17e2df58423fa0f4dc8de535","name":"Helpdesk Kristdemokraterna","image":{"@type":"ImageObject","inLanguage":"sv-SE","@id":"https:\/\/secure.gravatar.com\/avatar\/8ea49a6cb5a559b7be600a852cfc8614108618c76571e208b9e938ffcb7f15ff?s=96&d=mm&r=g","url":"https:\/\/secure.gravatar.com\/avatar\/8ea49a6cb5a559b7be600a852cfc8614108618c76571e208b9e938ffcb7f15ff?s=96&d=mm&r=g","contentUrl":"https:\/\/secure.gravatar.com\/avatar\/8ea49a6cb5a559b7be600a852cfc8614108618c76571e208b9e938ffcb7f15ff?s=96&d=mm&r=g","caption":"Helpdesk Kristdemokraterna"},"description":"helpdesk@kristdemokraterna.se eller 08-723 25 55","url":"https:\/\/wp.kristdemokraterna.se\/svalov\/author\/admin\/"}]}},"_links":{"self":[{"href":"https:\/\/wp.kristdemokraterna.se\/svalov\/wp-json\/wp\/v2\/posts\/1463","targetHints":{"allow":["GET"]}}],"collection":[{"href":"https:\/\/wp.kristdemokraterna.se\/svalov\/wp-json\/wp\/v2\/posts"}],"about":[{"href":"https:\/\/wp.kristdemokraterna.se\/svalov\/wp-json\/wp\/v2\/types\/post"}],"author":[{"embeddable":true,"href":"https:\/\/wp.kristdemokraterna.se\/svalov\/wp-json\/wp\/v2\/users\/2"}],"replies":[{"embeddable":true,"href":"https:\/\/wp.kristdemokraterna.se\/svalov\/wp-json\/wp\/v2\/comments?post=1463"}],"version-history":[{"count":0,"href":"https:\/\/wp.kristdemokraterna.se\/svalov\/wp-json\/wp\/v2\/posts\/1463\/revisions"}],"wp:featuredmedia":[{"embeddable":true,"href":"https:\/\/wp.kristdemokraterna.se\/svalov\/wp-json\/wp\/v2\/media\/1464"}],"wp:attachment":[{"href":"https:\/\/wp.kristdemokraterna.se\/svalov\/wp-json\/wp\/v2\/media?parent=1463"}],"wp:term":[{"taxonomy":"category","embeddable":true,"href":"https:\/\/wp.kristdemokraterna.se\/svalov\/wp-json\/wp\/v2\/categories?post=1463"},{"taxonomy":"post_tag","embeddable":true,"href":"https:\/\/wp.kristdemokraterna.se\/svalov\/wp-json\/wp\/v2\/tags?post=1463"}],"curies":[{"name":"wp","href":"https:\/\/api.w.org\/{rel}","templated":true}]}}