{"id":1467,"date":"2023-07-18T19:31:20","date_gmt":"2023-07-18T17:31:20","guid":{"rendered":"https:\/\/wp.kristdemokraterna.se\/svalov\/?p=1467"},"modified":"2023-07-18T19:31:20","modified_gmt":"2023-07-18T17:31:20","slug":"kd-svalov-kommer-att-deltaga-pa-rostanga-marknad-lordagen-den-22-juli","status":"publish","type":"post","link":"https:\/\/wp.kristdemokraterna.se\/svalov\/kd-svalov-kommer-att-deltaga-pa-rostanga-marknad-lordagen-den-22-juli\/","title":{"rendered":"KD Sval\u00f6v kommer att deltaga p\u00e5 R\u00f6st\u00e5nga marknad l\u00f6rdagen den 22 juli"},"content":{"rendered":"<p><img decoding=\"async\" src=\"http:\/\/wp.kristdemokraterna.se\/svalov2\/files\/2023\/07\/evenemang-rostanga-marknad.png\" \/><\/p>\n<p>P\u00e5 l\u00f6rdag den 22\/7 kommer KD Sval\u00f6v att st\u00e5 p\u00e5 R\u00f6st\u00e5nga marknad. Kom g\u00e4rna f\u00f6rbi och prata med Daniel J\u00f6nsson om k\u00e4rnkraftverken och gl\u00f6m inte att h\u00e4mta lite popcorn. St\u00e4ll dina fr\u00e5gor och ber\u00e4tta f\u00f6r oss vad du tycker \u00e4r viktigast i Sval\u00f6vs kommun. D\u00e4r kommer \u00e4ven komma en KD-kossa som du har m\u00f6jlighet att ta bild med och \u00e4ven r\u00f6sta om vad KD-kossan ska f\u00e5 f\u00f6r namn. Hoppas vi ses d\u00e4r<br \/>\nMvh KD Sval\u00f6v<\/p>\n","protected":false},"excerpt":{"rendered":"<p>P\u00e5 l\u00f6rdag den 22\/7 kommer KD Sval\u00f6v att st\u00e5 p\u00e5 R\u00f6st\u00e5nga marknad. Kom g\u00e4rna f\u00f6rbi och prata med Daniel J\u00f6nsson om k\u00e4rnkraftverken och gl\u00f6m inte att h\u00e4mta lite popcorn. St\u00e4ll dina fr\u00e5gor och ber\u00e4tta f\u00f6r oss vad du tycker \u00e4r viktigast i Sval\u00f6vs kommun. D\u00e4r kommer \u00e4ven komma en KD-kossa som du har m\u00f6jlighet att <a class=\"read-more-link\" href=\"https:\/\/wp.kristdemokraterna.se\/svalov\/kd-svalov-kommer-att-deltaga-pa-rostanga-marknad-lordagen-den-22-juli\/\">L\u00e4s mer<\/a><\/p>\n","protected":false},"author":2,"featured_media":1468,"comment_status":"closed","ping_status":"closed","sticky":false,"template":"","format":"standard","meta":{"_acf_changed":false,"footnotes":""},"categories":[1],"tags":[],"class_list":["post-1467","post","type-post","status-publish","format-standard","hentry","category-okategoriserade"],"acf":[],"yoast_head":"<!-- This site is optimized with the Yoast SEO plugin v27.4 - https:\/\/yoast.com\/product\/yoast-seo-wordpress\/ -->\n<title>KD Sval\u00f6v kommer att deltaga p\u00e5 R\u00f6st\u00e5nga marknad l\u00f6rdagen den 22 juli - Kristdemokraterna - Sval\u00f6v<\/title>\n<meta name=\"robots\" content=\"index, follow, max-snippet:-1, max-image-preview:large, max-video-preview:-1\" \/>\n<link rel=\"canonical\" href=\"https:\/\/wp.kristdemokraterna.se\/svalov\/kd-svalov-kommer-att-deltaga-pa-rostanga-marknad-lordagen-den-22-juli\/\" \/>\n<meta property=\"og:locale\" content=\"sv_SE\" \/>\n<meta property=\"og:type\" content=\"article\" \/>\n<meta property=\"og:title\" content=\"KD Sval\u00f6v kommer att deltaga p\u00e5 R\u00f6st\u00e5nga marknad l\u00f6rdagen den 22 juli - Kristdemokraterna - Sval\u00f6v\" \/>\n<meta property=\"og:description\" content=\"P\u00e5 l\u00f6rdag den 22\/7 kommer KD Sval\u00f6v att st\u00e5 p\u00e5 R\u00f6st\u00e5nga marknad. Kom g\u00e4rna f\u00f6rbi och prata med Daniel J\u00f6nsson om k\u00e4rnkraftverken och gl\u00f6m inte att h\u00e4mta lite popcorn. St\u00e4ll dina fr\u00e5gor och ber\u00e4tta f\u00f6r oss vad du tycker \u00e4r viktigast i Sval\u00f6vs kommun. D\u00e4r kommer \u00e4ven komma en KD-kossa som du har m\u00f6jlighet att L\u00e4s mer\" \/>\n<meta property=\"og:url\" content=\"https:\/\/wp.kristdemokraterna.se\/svalov\/kd-svalov-kommer-att-deltaga-pa-rostanga-marknad-lordagen-den-22-juli\/\" \/>\n<meta property=\"og:site_name\" content=\"Kristdemokraterna - Sval\u00f6v\" \/>\n<meta property=\"article:published_time\" content=\"2023-07-18T17:31:20+00:00\" \/>\n<meta property=\"og:image\" content=\"https:\/\/wp.kristdemokraterna.se\/svalov\/files\/2023\/07\/evenemang-rostanga-marknad.png\" \/>\n\t<meta property=\"og:image:width\" content=\"998\" \/>\n\t<meta property=\"og:image:height\" content=\"454\" \/>\n\t<meta property=\"og:image:type\" content=\"image\/png\" \/>\n<meta name=\"author\" content=\"Helpdesk Kristdemokraterna\" \/>\n<meta name=\"twitter:card\" content=\"summary_large_image\" \/>\n<meta name=\"twitter:label1\" content=\"Skriven av\" \/>\n\t<meta name=\"twitter:data1\" content=\"Helpdesk Kristdemokraterna\" \/>\n\t<meta name=\"twitter:label2\" content=\"Ber\u00e4knad l\u00e4stid\" \/>\n\t<meta name=\"twitter:data2\" content=\"1 minut\" \/>\n<script type=\"application\/ld+json\" class=\"yoast-schema-graph\">{\"@context\":\"https:\\\/\\\/schema.org\",\"@graph\":[{\"@type\":\"Article\",\"@id\":\"https:\\\/\\\/wp.kristdemokraterna.se\\\/svalov\\\/kd-svalov-kommer-att-deltaga-pa-rostanga-marknad-lordagen-den-22-juli\\\/#article\",\"isPartOf\":{\"@id\":\"https:\\\/\\\/wp.kristdemokraterna.se\\\/svalov\\\/kd-svalov-kommer-att-deltaga-pa-rostanga-marknad-lordagen-den-22-juli\\\/\"},\"author\":{\"name\":\"Helpdesk Kristdemokraterna\",\"@id\":\"https:\\\/\\\/wp.kristdemokraterna.se\\\/svalov\\\/#\\\/schema\\\/person\\\/6562e20e17e2df58423fa0f4dc8de535\"},\"headline\":\"KD Sval\u00f6v kommer att deltaga p\u00e5 R\u00f6st\u00e5nga marknad l\u00f6rdagen den 22 juli\",\"datePublished\":\"2023-07-18T17:31:20+00:00\",\"mainEntityOfPage\":{\"@id\":\"https:\\\/\\\/wp.kristdemokraterna.se\\\/svalov\\\/kd-svalov-kommer-att-deltaga-pa-rostanga-marknad-lordagen-den-22-juli\\\/\"},\"wordCount\":110,\"image\":{\"@id\":\"https:\\\/\\\/wp.kristdemokraterna.se\\\/svalov\\\/kd-svalov-kommer-att-deltaga-pa-rostanga-marknad-lordagen-den-22-juli\\\/#primaryimage\"},\"thumbnailUrl\":\"https:\\\/\\\/wp.kristdemokraterna.se\\\/svalov\\\/files\\\/2023\\\/07\\\/evenemang-rostanga-marknad.png\",\"inLanguage\":\"sv-SE\"},{\"@type\":\"WebPage\",\"@id\":\"https:\\\/\\\/wp.kristdemokraterna.se\\\/svalov\\\/kd-svalov-kommer-att-deltaga-pa-rostanga-marknad-lordagen-den-22-juli\\\/\",\"url\":\"https:\\\/\\\/wp.kristdemokraterna.se\\\/svalov\\\/kd-svalov-kommer-att-deltaga-pa-rostanga-marknad-lordagen-den-22-juli\\\/\",\"name\":\"KD Sval\u00f6v kommer att deltaga p\u00e5 R\u00f6st\u00e5nga marknad l\u00f6rdagen den 22 juli - Kristdemokraterna - Sval\u00f6v\",\"isPartOf\":{\"@id\":\"https:\\\/\\\/wp.kristdemokraterna.se\\\/svalov\\\/#website\"},\"primaryImageOfPage\":{\"@id\":\"https:\\\/\\\/wp.kristdemokraterna.se\\\/svalov\\\/kd-svalov-kommer-att-deltaga-pa-rostanga-marknad-lordagen-den-22-juli\\\/#primaryimage\"},\"image\":{\"@id\":\"https:\\\/\\\/wp.kristdemokraterna.se\\\/svalov\\\/kd-svalov-kommer-att-deltaga-pa-rostanga-marknad-lordagen-den-22-juli\\\/#primaryimage\"},\"thumbnailUrl\":\"https:\\\/\\\/wp.kristdemokraterna.se\\\/svalov\\\/files\\\/2023\\\/07\\\/evenemang-rostanga-marknad.png\",\"datePublished\":\"2023-07-18T17:31:20+00:00\",\"author\":{\"@id\":\"https:\\\/\\\/wp.kristdemokraterna.se\\\/svalov\\\/#\\\/schema\\\/person\\\/6562e20e17e2df58423fa0f4dc8de535\"},\"breadcrumb\":{\"@id\":\"https:\\\/\\\/wp.kristdemokraterna.se\\\/svalov\\\/kd-svalov-kommer-att-deltaga-pa-rostanga-marknad-lordagen-den-22-juli\\\/#breadcrumb\"},\"inLanguage\":\"sv-SE\",\"potentialAction\":[{\"@type\":\"ReadAction\",\"target\":[\"https:\\\/\\\/wp.kristdemokraterna.se\\\/svalov\\\/kd-svalov-kommer-att-deltaga-pa-rostanga-marknad-lordagen-den-22-juli\\\/\"]}]},{\"@type\":\"ImageObject\",\"inLanguage\":\"sv-SE\",\"@id\":\"https:\\\/\\\/wp.kristdemokraterna.se\\\/svalov\\\/kd-svalov-kommer-att-deltaga-pa-rostanga-marknad-lordagen-den-22-juli\\\/#primaryimage\",\"url\":\"https:\\\/\\\/wp.kristdemokraterna.se\\\/svalov\\\/files\\\/2023\\\/07\\\/evenemang-rostanga-marknad.png\",\"contentUrl\":\"https:\\\/\\\/wp.kristdemokraterna.se\\\/svalov\\\/files\\\/2023\\\/07\\\/evenemang-rostanga-marknad.png\",\"width\":998,\"height\":454},{\"@type\":\"BreadcrumbList\",\"@id\":\"https:\\\/\\\/wp.kristdemokraterna.se\\\/svalov\\\/kd-svalov-kommer-att-deltaga-pa-rostanga-marknad-lordagen-den-22-juli\\\/#breadcrumb\",\"itemListElement\":[{\"@type\":\"ListItem\",\"position\":1,\"name\":\"Hem\",\"item\":\"https:\\\/\\\/wp.kristdemokraterna.se\\\/svalov\\\/\"},{\"@type\":\"ListItem\",\"position\":2,\"name\":\"KD Sval\u00f6v kommer att deltaga p\u00e5 R\u00f6st\u00e5nga marknad l\u00f6rdagen den 22 juli\"}]},{\"@type\":\"WebSite\",\"@id\":\"https:\\\/\\\/wp.kristdemokraterna.se\\\/svalov\\\/#website\",\"url\":\"https:\\\/\\\/wp.kristdemokraterna.se\\\/svalov\\\/\",\"name\":\"Kristdemokraterna - Sval\u00f6v\",\"description\":\"\",\"inLanguage\":\"sv-SE\"},{\"@type\":\"Person\",\"@id\":\"https:\\\/\\\/wp.kristdemokraterna.se\\\/svalov\\\/#\\\/schema\\\/person\\\/6562e20e17e2df58423fa0f4dc8de535\",\"name\":\"Helpdesk Kristdemokraterna\",\"image\":{\"@type\":\"ImageObject\",\"inLanguage\":\"sv-SE\",\"@id\":\"https:\\\/\\\/secure.gravatar.com\\\/avatar\\\/8ea49a6cb5a559b7be600a852cfc8614108618c76571e208b9e938ffcb7f15ff?s=96&d=mm&r=g\",\"url\":\"https:\\\/\\\/secure.gravatar.com\\\/avatar\\\/8ea49a6cb5a559b7be600a852cfc8614108618c76571e208b9e938ffcb7f15ff?s=96&d=mm&r=g\",\"contentUrl\":\"https:\\\/\\\/secure.gravatar.com\\\/avatar\\\/8ea49a6cb5a559b7be600a852cfc8614108618c76571e208b9e938ffcb7f15ff?s=96&d=mm&r=g\",\"caption\":\"Helpdesk Kristdemokraterna\"},\"description\":\"helpdesk@kristdemokraterna.se eller 08-723 25 55\",\"url\":\"https:\\\/\\\/wp.kristdemokraterna.se\\\/svalov\\\/author\\\/admin\\\/\"}]}<\/script>\n<!-- \/ Yoast SEO plugin. -->","yoast_head_json":{"title":"KD Sval\u00f6v kommer att deltaga p\u00e5 R\u00f6st\u00e5nga marknad l\u00f6rdagen den 22 juli - Kristdemokraterna - Sval\u00f6v","robots":{"index":"index","follow":"follow","max-snippet":"max-snippet:-1","max-image-preview":"max-image-preview:large","max-video-preview":"max-video-preview:-1"},"canonical":"https:\/\/wp.kristdemokraterna.se\/svalov\/kd-svalov-kommer-att-deltaga-pa-rostanga-marknad-lordagen-den-22-juli\/","og_locale":"sv_SE","og_type":"article","og_title":"KD Sval\u00f6v kommer att deltaga p\u00e5 R\u00f6st\u00e5nga marknad l\u00f6rdagen den 22 juli - Kristdemokraterna - Sval\u00f6v","og_description":"P\u00e5 l\u00f6rdag den 22\/7 kommer KD Sval\u00f6v att st\u00e5 p\u00e5 R\u00f6st\u00e5nga marknad. Kom g\u00e4rna f\u00f6rbi och prata med Daniel J\u00f6nsson om k\u00e4rnkraftverken och gl\u00f6m inte att h\u00e4mta lite popcorn. St\u00e4ll dina fr\u00e5gor och ber\u00e4tta f\u00f6r oss vad du tycker \u00e4r viktigast i Sval\u00f6vs kommun. D\u00e4r kommer \u00e4ven komma en KD-kossa som du har m\u00f6jlighet att L\u00e4s mer","og_url":"https:\/\/wp.kristdemokraterna.se\/svalov\/kd-svalov-kommer-att-deltaga-pa-rostanga-marknad-lordagen-den-22-juli\/","og_site_name":"Kristdemokraterna - Sval\u00f6v","article_published_time":"2023-07-18T17:31:20+00:00","og_image":[{"width":998,"height":454,"url":"https:\/\/wp.kristdemokraterna.se\/svalov\/files\/2023\/07\/evenemang-rostanga-marknad.png","type":"image\/png"}],"author":"Helpdesk Kristdemokraterna","twitter_card":"summary_large_image","twitter_misc":{"Skriven av":"Helpdesk Kristdemokraterna","Ber\u00e4knad l\u00e4stid":"1 minut"},"schema":{"@context":"https:\/\/schema.org","@graph":[{"@type":"Article","@id":"https:\/\/wp.kristdemokraterna.se\/svalov\/kd-svalov-kommer-att-deltaga-pa-rostanga-marknad-lordagen-den-22-juli\/#article","isPartOf":{"@id":"https:\/\/wp.kristdemokraterna.se\/svalov\/kd-svalov-kommer-att-deltaga-pa-rostanga-marknad-lordagen-den-22-juli\/"},"author":{"name":"Helpdesk Kristdemokraterna","@id":"https:\/\/wp.kristdemokraterna.se\/svalov\/#\/schema\/person\/6562e20e17e2df58423fa0f4dc8de535"},"headline":"KD Sval\u00f6v kommer att deltaga p\u00e5 R\u00f6st\u00e5nga marknad l\u00f6rdagen den 22 juli","datePublished":"2023-07-18T17:31:20+00:00","mainEntityOfPage":{"@id":"https:\/\/wp.kristdemokraterna.se\/svalov\/kd-svalov-kommer-att-deltaga-pa-rostanga-marknad-lordagen-den-22-juli\/"},"wordCount":110,"image":{"@id":"https:\/\/wp.kristdemokraterna.se\/svalov\/kd-svalov-kommer-att-deltaga-pa-rostanga-marknad-lordagen-den-22-juli\/#primaryimage"},"thumbnailUrl":"https:\/\/wp.kristdemokraterna.se\/svalov\/files\/2023\/07\/evenemang-rostanga-marknad.png","inLanguage":"sv-SE"},{"@type":"WebPage","@id":"https:\/\/wp.kristdemokraterna.se\/svalov\/kd-svalov-kommer-att-deltaga-pa-rostanga-marknad-lordagen-den-22-juli\/","url":"https:\/\/wp.kristdemokraterna.se\/svalov\/kd-svalov-kommer-att-deltaga-pa-rostanga-marknad-lordagen-den-22-juli\/","name":"KD Sval\u00f6v kommer att deltaga p\u00e5 R\u00f6st\u00e5nga marknad l\u00f6rdagen den 22 juli - Kristdemokraterna - Sval\u00f6v","isPartOf":{"@id":"https:\/\/wp.kristdemokraterna.se\/svalov\/#website"},"primaryImageOfPage":{"@id":"https:\/\/wp.kristdemokraterna.se\/svalov\/kd-svalov-kommer-att-deltaga-pa-rostanga-marknad-lordagen-den-22-juli\/#primaryimage"},"image":{"@id":"https:\/\/wp.kristdemokraterna.se\/svalov\/kd-svalov-kommer-att-deltaga-pa-rostanga-marknad-lordagen-den-22-juli\/#primaryimage"},"thumbnailUrl":"https:\/\/wp.kristdemokraterna.se\/svalov\/files\/2023\/07\/evenemang-rostanga-marknad.png","datePublished":"2023-07-18T17:31:20+00:00","author":{"@id":"https:\/\/wp.kristdemokraterna.se\/svalov\/#\/schema\/person\/6562e20e17e2df58423fa0f4dc8de535"},"breadcrumb":{"@id":"https:\/\/wp.kristdemokraterna.se\/svalov\/kd-svalov-kommer-att-deltaga-pa-rostanga-marknad-lordagen-den-22-juli\/#breadcrumb"},"inLanguage":"sv-SE","potentialAction":[{"@type":"ReadAction","target":["https:\/\/wp.kristdemokraterna.se\/svalov\/kd-svalov-kommer-att-deltaga-pa-rostanga-marknad-lordagen-den-22-juli\/"]}]},{"@type":"ImageObject","inLanguage":"sv-SE","@id":"https:\/\/wp.kristdemokraterna.se\/svalov\/kd-svalov-kommer-att-deltaga-pa-rostanga-marknad-lordagen-den-22-juli\/#primaryimage","url":"https:\/\/wp.kristdemokraterna.se\/svalov\/files\/2023\/07\/evenemang-rostanga-marknad.png","contentUrl":"https:\/\/wp.kristdemokraterna.se\/svalov\/files\/2023\/07\/evenemang-rostanga-marknad.png","width":998,"height":454},{"@type":"BreadcrumbList","@id":"https:\/\/wp.kristdemokraterna.se\/svalov\/kd-svalov-kommer-att-deltaga-pa-rostanga-marknad-lordagen-den-22-juli\/#breadcrumb","itemListElement":[{"@type":"ListItem","position":1,"name":"Hem","item":"https:\/\/wp.kristdemokraterna.se\/svalov\/"},{"@type":"ListItem","position":2,"name":"KD Sval\u00f6v kommer att deltaga p\u00e5 R\u00f6st\u00e5nga marknad l\u00f6rdagen den 22 juli"}]},{"@type":"WebSite","@id":"https:\/\/wp.kristdemokraterna.se\/svalov\/#website","url":"https:\/\/wp.kristdemokraterna.se\/svalov\/","name":"Kristdemokraterna - Sval\u00f6v","description":"","inLanguage":"sv-SE"},{"@type":"Person","@id":"https:\/\/wp.kristdemokraterna.se\/svalov\/#\/schema\/person\/6562e20e17e2df58423fa0f4dc8de535","name":"Helpdesk Kristdemokraterna","image":{"@type":"ImageObject","inLanguage":"sv-SE","@id":"https:\/\/secure.gravatar.com\/avatar\/8ea49a6cb5a559b7be600a852cfc8614108618c76571e208b9e938ffcb7f15ff?s=96&d=mm&r=g","url":"https:\/\/secure.gravatar.com\/avatar\/8ea49a6cb5a559b7be600a852cfc8614108618c76571e208b9e938ffcb7f15ff?s=96&d=mm&r=g","contentUrl":"https:\/\/secure.gravatar.com\/avatar\/8ea49a6cb5a559b7be600a852cfc8614108618c76571e208b9e938ffcb7f15ff?s=96&d=mm&r=g","caption":"Helpdesk Kristdemokraterna"},"description":"helpdesk@kristdemokraterna.se eller 08-723 25 55","url":"https:\/\/wp.kristdemokraterna.se\/svalov\/author\/admin\/"}]}},"_links":{"self":[{"href":"https:\/\/wp.kristdemokraterna.se\/svalov\/wp-json\/wp\/v2\/posts\/1467","targetHints":{"allow":["GET"]}}],"collection":[{"href":"https:\/\/wp.kristdemokraterna.se\/svalov\/wp-json\/wp\/v2\/posts"}],"about":[{"href":"https:\/\/wp.kristdemokraterna.se\/svalov\/wp-json\/wp\/v2\/types\/post"}],"author":[{"embeddable":true,"href":"https:\/\/wp.kristdemokraterna.se\/svalov\/wp-json\/wp\/v2\/users\/2"}],"replies":[{"embeddable":true,"href":"https:\/\/wp.kristdemokraterna.se\/svalov\/wp-json\/wp\/v2\/comments?post=1467"}],"version-history":[{"count":0,"href":"https:\/\/wp.kristdemokraterna.se\/svalov\/wp-json\/wp\/v2\/posts\/1467\/revisions"}],"wp:featuredmedia":[{"embeddable":true,"href":"https:\/\/wp.kristdemokraterna.se\/svalov\/wp-json\/wp\/v2\/media\/1468"}],"wp:attachment":[{"href":"https:\/\/wp.kristdemokraterna.se\/svalov\/wp-json\/wp\/v2\/media?parent=1467"}],"wp:term":[{"taxonomy":"category","embeddable":true,"href":"https:\/\/wp.kristdemokraterna.se\/svalov\/wp-json\/wp\/v2\/categories?post=1467"},{"taxonomy":"post_tag","embeddable":true,"href":"https:\/\/wp.kristdemokraterna.se\/svalov\/wp-json\/wp\/v2\/tags?post=1467"}],"curies":[{"name":"wp","href":"https:\/\/api.w.org\/{rel}","templated":true}]}}