{"id":1471,"date":"2023-07-22T19:17:57","date_gmt":"2023-07-22T17:17:57","guid":{"rendered":"https:\/\/wp.kristdemokraterna.se\/svalov\/?p=1471"},"modified":"2023-07-22T19:17:57","modified_gmt":"2023-07-22T17:17:57","slug":"kd-svalov-deltog-pa-rostanga-marknad","status":"publish","type":"post","link":"https:\/\/wp.kristdemokraterna.se\/svalov\/kd-svalov-deltog-pa-rostanga-marknad\/","title":{"rendered":"KD Sval\u00f6v deltog p\u00e5 R\u00f6st\u00e5nga marknad"},"content":{"rendered":"<p>I \u00e5r var det f\u00f6rsta g\u00e5ngen som vi hade med en KD-ko som delade ut popcorn och som var mycket uppskattad \u2013 framf\u00f6rallt av barnen p\u00e5 R\u00f6st\u00e5nga marknad. Det var heller ingen tillf\u00e4llighet att det var just en ko. Det skulle f\u00f6ra tankarna till Kristdemokratiska Bondef\u00f6rbundet som grundades f\u00f6r snart ett \u00e5r sedan.<\/p>\n<p><img decoding=\"async\" src=\"http:\/\/wp.kristdemokraterna.se\/svalov2\/files\/2023\/07\/gruppbild_n.jpg\" \/><\/p>\n<p>P\u00e5 bilden syns fr.v. Aase J\u00f6nsson, Marie Dahlstr\u00f6m, Felicia Dahlstr\u00f6m (i ko-dr\u00e4kt), \u00c5ke Jonsson, Vilhelm Jonsson, Leni L\u00f6vberg och Lars Kristensson<\/p>\n<p>&nbsp;<\/p>\n","protected":false},"excerpt":{"rendered":"<p>I \u00e5r var det f\u00f6rsta g\u00e5ngen som vi hade med en KD-ko som delade ut popcorn och som var mycket uppskattad \u2013 framf\u00f6rallt av barnen p\u00e5 R\u00f6st\u00e5nga marknad. Det var heller ingen tillf\u00e4llighet att det var just en ko. Det skulle f\u00f6ra tankarna till Kristdemokratiska Bondef\u00f6rbundet som grundades f\u00f6r snart ett \u00e5r sedan. P\u00e5 bilden <a class=\"read-more-link\" href=\"https:\/\/wp.kristdemokraterna.se\/svalov\/kd-svalov-deltog-pa-rostanga-marknad\/\">L\u00e4s mer<\/a><\/p>\n","protected":false},"author":2,"featured_media":1472,"comment_status":"closed","ping_status":"closed","sticky":false,"template":"","format":"standard","meta":{"_acf_changed":false,"footnotes":""},"categories":[1],"tags":[],"class_list":["post-1471","post","type-post","status-publish","format-standard","hentry","category-okategoriserade"],"acf":[],"yoast_head":"<!-- This site is optimized with the Yoast SEO plugin v27.4 - https:\/\/yoast.com\/product\/yoast-seo-wordpress\/ -->\n<title>KD Sval\u00f6v deltog p\u00e5 R\u00f6st\u00e5nga marknad - Kristdemokraterna - Sval\u00f6v<\/title>\n<meta name=\"robots\" content=\"index, follow, max-snippet:-1, max-image-preview:large, max-video-preview:-1\" \/>\n<link rel=\"canonical\" href=\"https:\/\/wp.kristdemokraterna.se\/svalov\/kd-svalov-deltog-pa-rostanga-marknad\/\" \/>\n<meta property=\"og:locale\" content=\"sv_SE\" \/>\n<meta property=\"og:type\" content=\"article\" \/>\n<meta property=\"og:title\" content=\"KD Sval\u00f6v deltog p\u00e5 R\u00f6st\u00e5nga marknad - Kristdemokraterna - Sval\u00f6v\" \/>\n<meta property=\"og:description\" content=\"I \u00e5r var det f\u00f6rsta g\u00e5ngen som vi hade med en KD-ko som delade ut popcorn och som var mycket uppskattad \u2013 framf\u00f6rallt av barnen p\u00e5 R\u00f6st\u00e5nga marknad. Det var heller ingen tillf\u00e4llighet att det var just en ko. Det skulle f\u00f6ra tankarna till Kristdemokratiska Bondef\u00f6rbundet som grundades f\u00f6r snart ett \u00e5r sedan. P\u00e5 bilden L\u00e4s mer\" \/>\n<meta property=\"og:url\" content=\"https:\/\/wp.kristdemokraterna.se\/svalov\/kd-svalov-deltog-pa-rostanga-marknad\/\" \/>\n<meta property=\"og:site_name\" content=\"Kristdemokraterna - Sval\u00f6v\" \/>\n<meta property=\"article:published_time\" content=\"2023-07-22T17:17:57+00:00\" \/>\n<meta property=\"og:image\" content=\"https:\/\/wp.kristdemokraterna.se\/svalov\/files\/2023\/07\/gruppbild_n.jpg\" \/>\n\t<meta property=\"og:image:width\" content=\"1600\" \/>\n\t<meta property=\"og:image:height\" content=\"1200\" \/>\n\t<meta property=\"og:image:type\" content=\"image\/jpeg\" \/>\n<meta name=\"author\" content=\"Helpdesk Kristdemokraterna\" \/>\n<meta name=\"twitter:card\" content=\"summary_large_image\" \/>\n<meta name=\"twitter:label1\" content=\"Skriven av\" \/>\n\t<meta name=\"twitter:data1\" content=\"Helpdesk Kristdemokraterna\" \/>\n\t<meta name=\"twitter:label2\" content=\"Ber\u00e4knad l\u00e4stid\" \/>\n\t<meta name=\"twitter:data2\" content=\"1 minut\" \/>\n<script type=\"application\/ld+json\" class=\"yoast-schema-graph\">{\"@context\":\"https:\\\/\\\/schema.org\",\"@graph\":[{\"@type\":\"Article\",\"@id\":\"https:\\\/\\\/wp.kristdemokraterna.se\\\/svalov\\\/kd-svalov-deltog-pa-rostanga-marknad\\\/#article\",\"isPartOf\":{\"@id\":\"https:\\\/\\\/wp.kristdemokraterna.se\\\/svalov\\\/kd-svalov-deltog-pa-rostanga-marknad\\\/\"},\"author\":{\"name\":\"Helpdesk Kristdemokraterna\",\"@id\":\"https:\\\/\\\/wp.kristdemokraterna.se\\\/svalov\\\/#\\\/schema\\\/person\\\/6562e20e17e2df58423fa0f4dc8de535\"},\"headline\":\"KD Sval\u00f6v deltog p\u00e5 R\u00f6st\u00e5nga marknad\",\"datePublished\":\"2023-07-22T17:17:57+00:00\",\"mainEntityOfPage\":{\"@id\":\"https:\\\/\\\/wp.kristdemokraterna.se\\\/svalov\\\/kd-svalov-deltog-pa-rostanga-marknad\\\/\"},\"wordCount\":98,\"image\":{\"@id\":\"https:\\\/\\\/wp.kristdemokraterna.se\\\/svalov\\\/kd-svalov-deltog-pa-rostanga-marknad\\\/#primaryimage\"},\"thumbnailUrl\":\"https:\\\/\\\/wp.kristdemokraterna.se\\\/svalov\\\/files\\\/2023\\\/07\\\/gruppbild_n.jpg\",\"inLanguage\":\"sv-SE\"},{\"@type\":\"WebPage\",\"@id\":\"https:\\\/\\\/wp.kristdemokraterna.se\\\/svalov\\\/kd-svalov-deltog-pa-rostanga-marknad\\\/\",\"url\":\"https:\\\/\\\/wp.kristdemokraterna.se\\\/svalov\\\/kd-svalov-deltog-pa-rostanga-marknad\\\/\",\"name\":\"KD Sval\u00f6v deltog p\u00e5 R\u00f6st\u00e5nga marknad - Kristdemokraterna - Sval\u00f6v\",\"isPartOf\":{\"@id\":\"https:\\\/\\\/wp.kristdemokraterna.se\\\/svalov\\\/#website\"},\"primaryImageOfPage\":{\"@id\":\"https:\\\/\\\/wp.kristdemokraterna.se\\\/svalov\\\/kd-svalov-deltog-pa-rostanga-marknad\\\/#primaryimage\"},\"image\":{\"@id\":\"https:\\\/\\\/wp.kristdemokraterna.se\\\/svalov\\\/kd-svalov-deltog-pa-rostanga-marknad\\\/#primaryimage\"},\"thumbnailUrl\":\"https:\\\/\\\/wp.kristdemokraterna.se\\\/svalov\\\/files\\\/2023\\\/07\\\/gruppbild_n.jpg\",\"datePublished\":\"2023-07-22T17:17:57+00:00\",\"author\":{\"@id\":\"https:\\\/\\\/wp.kristdemokraterna.se\\\/svalov\\\/#\\\/schema\\\/person\\\/6562e20e17e2df58423fa0f4dc8de535\"},\"breadcrumb\":{\"@id\":\"https:\\\/\\\/wp.kristdemokraterna.se\\\/svalov\\\/kd-svalov-deltog-pa-rostanga-marknad\\\/#breadcrumb\"},\"inLanguage\":\"sv-SE\",\"potentialAction\":[{\"@type\":\"ReadAction\",\"target\":[\"https:\\\/\\\/wp.kristdemokraterna.se\\\/svalov\\\/kd-svalov-deltog-pa-rostanga-marknad\\\/\"]}]},{\"@type\":\"ImageObject\",\"inLanguage\":\"sv-SE\",\"@id\":\"https:\\\/\\\/wp.kristdemokraterna.se\\\/svalov\\\/kd-svalov-deltog-pa-rostanga-marknad\\\/#primaryimage\",\"url\":\"https:\\\/\\\/wp.kristdemokraterna.se\\\/svalov\\\/files\\\/2023\\\/07\\\/gruppbild_n.jpg\",\"contentUrl\":\"https:\\\/\\\/wp.kristdemokraterna.se\\\/svalov\\\/files\\\/2023\\\/07\\\/gruppbild_n.jpg\",\"width\":1600,\"height\":1200},{\"@type\":\"BreadcrumbList\",\"@id\":\"https:\\\/\\\/wp.kristdemokraterna.se\\\/svalov\\\/kd-svalov-deltog-pa-rostanga-marknad\\\/#breadcrumb\",\"itemListElement\":[{\"@type\":\"ListItem\",\"position\":1,\"name\":\"Hem\",\"item\":\"https:\\\/\\\/wp.kristdemokraterna.se\\\/svalov\\\/\"},{\"@type\":\"ListItem\",\"position\":2,\"name\":\"KD Sval\u00f6v deltog p\u00e5 R\u00f6st\u00e5nga marknad\"}]},{\"@type\":\"WebSite\",\"@id\":\"https:\\\/\\\/wp.kristdemokraterna.se\\\/svalov\\\/#website\",\"url\":\"https:\\\/\\\/wp.kristdemokraterna.se\\\/svalov\\\/\",\"name\":\"Kristdemokraterna - Sval\u00f6v\",\"description\":\"\",\"inLanguage\":\"sv-SE\"},{\"@type\":\"Person\",\"@id\":\"https:\\\/\\\/wp.kristdemokraterna.se\\\/svalov\\\/#\\\/schema\\\/person\\\/6562e20e17e2df58423fa0f4dc8de535\",\"name\":\"Helpdesk Kristdemokraterna\",\"image\":{\"@type\":\"ImageObject\",\"inLanguage\":\"sv-SE\",\"@id\":\"https:\\\/\\\/secure.gravatar.com\\\/avatar\\\/8ea49a6cb5a559b7be600a852cfc8614108618c76571e208b9e938ffcb7f15ff?s=96&d=mm&r=g\",\"url\":\"https:\\\/\\\/secure.gravatar.com\\\/avatar\\\/8ea49a6cb5a559b7be600a852cfc8614108618c76571e208b9e938ffcb7f15ff?s=96&d=mm&r=g\",\"contentUrl\":\"https:\\\/\\\/secure.gravatar.com\\\/avatar\\\/8ea49a6cb5a559b7be600a852cfc8614108618c76571e208b9e938ffcb7f15ff?s=96&d=mm&r=g\",\"caption\":\"Helpdesk Kristdemokraterna\"},\"description\":\"helpdesk@kristdemokraterna.se eller 08-723 25 55\",\"url\":\"https:\\\/\\\/wp.kristdemokraterna.se\\\/svalov\\\/author\\\/admin\\\/\"}]}<\/script>\n<!-- \/ Yoast SEO plugin. -->","yoast_head_json":{"title":"KD Sval\u00f6v deltog p\u00e5 R\u00f6st\u00e5nga marknad - Kristdemokraterna - Sval\u00f6v","robots":{"index":"index","follow":"follow","max-snippet":"max-snippet:-1","max-image-preview":"max-image-preview:large","max-video-preview":"max-video-preview:-1"},"canonical":"https:\/\/wp.kristdemokraterna.se\/svalov\/kd-svalov-deltog-pa-rostanga-marknad\/","og_locale":"sv_SE","og_type":"article","og_title":"KD Sval\u00f6v deltog p\u00e5 R\u00f6st\u00e5nga marknad - Kristdemokraterna - Sval\u00f6v","og_description":"I \u00e5r var det f\u00f6rsta g\u00e5ngen som vi hade med en KD-ko som delade ut popcorn och som var mycket uppskattad \u2013 framf\u00f6rallt av barnen p\u00e5 R\u00f6st\u00e5nga marknad. Det var heller ingen tillf\u00e4llighet att det var just en ko. Det skulle f\u00f6ra tankarna till Kristdemokratiska Bondef\u00f6rbundet som grundades f\u00f6r snart ett \u00e5r sedan. P\u00e5 bilden L\u00e4s mer","og_url":"https:\/\/wp.kristdemokraterna.se\/svalov\/kd-svalov-deltog-pa-rostanga-marknad\/","og_site_name":"Kristdemokraterna - Sval\u00f6v","article_published_time":"2023-07-22T17:17:57+00:00","og_image":[{"width":1600,"height":1200,"url":"https:\/\/wp.kristdemokraterna.se\/svalov\/files\/2023\/07\/gruppbild_n.jpg","type":"image\/jpeg"}],"author":"Helpdesk Kristdemokraterna","twitter_card":"summary_large_image","twitter_misc":{"Skriven av":"Helpdesk Kristdemokraterna","Ber\u00e4knad l\u00e4stid":"1 minut"},"schema":{"@context":"https:\/\/schema.org","@graph":[{"@type":"Article","@id":"https:\/\/wp.kristdemokraterna.se\/svalov\/kd-svalov-deltog-pa-rostanga-marknad\/#article","isPartOf":{"@id":"https:\/\/wp.kristdemokraterna.se\/svalov\/kd-svalov-deltog-pa-rostanga-marknad\/"},"author":{"name":"Helpdesk Kristdemokraterna","@id":"https:\/\/wp.kristdemokraterna.se\/svalov\/#\/schema\/person\/6562e20e17e2df58423fa0f4dc8de535"},"headline":"KD Sval\u00f6v deltog p\u00e5 R\u00f6st\u00e5nga marknad","datePublished":"2023-07-22T17:17:57+00:00","mainEntityOfPage":{"@id":"https:\/\/wp.kristdemokraterna.se\/svalov\/kd-svalov-deltog-pa-rostanga-marknad\/"},"wordCount":98,"image":{"@id":"https:\/\/wp.kristdemokraterna.se\/svalov\/kd-svalov-deltog-pa-rostanga-marknad\/#primaryimage"},"thumbnailUrl":"https:\/\/wp.kristdemokraterna.se\/svalov\/files\/2023\/07\/gruppbild_n.jpg","inLanguage":"sv-SE"},{"@type":"WebPage","@id":"https:\/\/wp.kristdemokraterna.se\/svalov\/kd-svalov-deltog-pa-rostanga-marknad\/","url":"https:\/\/wp.kristdemokraterna.se\/svalov\/kd-svalov-deltog-pa-rostanga-marknad\/","name":"KD Sval\u00f6v deltog p\u00e5 R\u00f6st\u00e5nga marknad - Kristdemokraterna - Sval\u00f6v","isPartOf":{"@id":"https:\/\/wp.kristdemokraterna.se\/svalov\/#website"},"primaryImageOfPage":{"@id":"https:\/\/wp.kristdemokraterna.se\/svalov\/kd-svalov-deltog-pa-rostanga-marknad\/#primaryimage"},"image":{"@id":"https:\/\/wp.kristdemokraterna.se\/svalov\/kd-svalov-deltog-pa-rostanga-marknad\/#primaryimage"},"thumbnailUrl":"https:\/\/wp.kristdemokraterna.se\/svalov\/files\/2023\/07\/gruppbild_n.jpg","datePublished":"2023-07-22T17:17:57+00:00","author":{"@id":"https:\/\/wp.kristdemokraterna.se\/svalov\/#\/schema\/person\/6562e20e17e2df58423fa0f4dc8de535"},"breadcrumb":{"@id":"https:\/\/wp.kristdemokraterna.se\/svalov\/kd-svalov-deltog-pa-rostanga-marknad\/#breadcrumb"},"inLanguage":"sv-SE","potentialAction":[{"@type":"ReadAction","target":["https:\/\/wp.kristdemokraterna.se\/svalov\/kd-svalov-deltog-pa-rostanga-marknad\/"]}]},{"@type":"ImageObject","inLanguage":"sv-SE","@id":"https:\/\/wp.kristdemokraterna.se\/svalov\/kd-svalov-deltog-pa-rostanga-marknad\/#primaryimage","url":"https:\/\/wp.kristdemokraterna.se\/svalov\/files\/2023\/07\/gruppbild_n.jpg","contentUrl":"https:\/\/wp.kristdemokraterna.se\/svalov\/files\/2023\/07\/gruppbild_n.jpg","width":1600,"height":1200},{"@type":"BreadcrumbList","@id":"https:\/\/wp.kristdemokraterna.se\/svalov\/kd-svalov-deltog-pa-rostanga-marknad\/#breadcrumb","itemListElement":[{"@type":"ListItem","position":1,"name":"Hem","item":"https:\/\/wp.kristdemokraterna.se\/svalov\/"},{"@type":"ListItem","position":2,"name":"KD Sval\u00f6v deltog p\u00e5 R\u00f6st\u00e5nga marknad"}]},{"@type":"WebSite","@id":"https:\/\/wp.kristdemokraterna.se\/svalov\/#website","url":"https:\/\/wp.kristdemokraterna.se\/svalov\/","name":"Kristdemokraterna - Sval\u00f6v","description":"","inLanguage":"sv-SE"},{"@type":"Person","@id":"https:\/\/wp.kristdemokraterna.se\/svalov\/#\/schema\/person\/6562e20e17e2df58423fa0f4dc8de535","name":"Helpdesk Kristdemokraterna","image":{"@type":"ImageObject","inLanguage":"sv-SE","@id":"https:\/\/secure.gravatar.com\/avatar\/8ea49a6cb5a559b7be600a852cfc8614108618c76571e208b9e938ffcb7f15ff?s=96&d=mm&r=g","url":"https:\/\/secure.gravatar.com\/avatar\/8ea49a6cb5a559b7be600a852cfc8614108618c76571e208b9e938ffcb7f15ff?s=96&d=mm&r=g","contentUrl":"https:\/\/secure.gravatar.com\/avatar\/8ea49a6cb5a559b7be600a852cfc8614108618c76571e208b9e938ffcb7f15ff?s=96&d=mm&r=g","caption":"Helpdesk Kristdemokraterna"},"description":"helpdesk@kristdemokraterna.se eller 08-723 25 55","url":"https:\/\/wp.kristdemokraterna.se\/svalov\/author\/admin\/"}]}},"_links":{"self":[{"href":"https:\/\/wp.kristdemokraterna.se\/svalov\/wp-json\/wp\/v2\/posts\/1471","targetHints":{"allow":["GET"]}}],"collection":[{"href":"https:\/\/wp.kristdemokraterna.se\/svalov\/wp-json\/wp\/v2\/posts"}],"about":[{"href":"https:\/\/wp.kristdemokraterna.se\/svalov\/wp-json\/wp\/v2\/types\/post"}],"author":[{"embeddable":true,"href":"https:\/\/wp.kristdemokraterna.se\/svalov\/wp-json\/wp\/v2\/users\/2"}],"replies":[{"embeddable":true,"href":"https:\/\/wp.kristdemokraterna.se\/svalov\/wp-json\/wp\/v2\/comments?post=1471"}],"version-history":[{"count":0,"href":"https:\/\/wp.kristdemokraterna.se\/svalov\/wp-json\/wp\/v2\/posts\/1471\/revisions"}],"wp:featuredmedia":[{"embeddable":true,"href":"https:\/\/wp.kristdemokraterna.se\/svalov\/wp-json\/wp\/v2\/media\/1472"}],"wp:attachment":[{"href":"https:\/\/wp.kristdemokraterna.se\/svalov\/wp-json\/wp\/v2\/media?parent=1471"}],"wp:term":[{"taxonomy":"category","embeddable":true,"href":"https:\/\/wp.kristdemokraterna.se\/svalov\/wp-json\/wp\/v2\/categories?post=1471"},{"taxonomy":"post_tag","embeddable":true,"href":"https:\/\/wp.kristdemokraterna.se\/svalov\/wp-json\/wp\/v2\/tags?post=1471"}],"curies":[{"name":"wp","href":"https:\/\/api.w.org\/{rel}","templated":true}]}}