{"id":1559,"date":"2024-05-22T07:55:42","date_gmt":"2024-05-22T05:55:42","guid":{"rendered":"https:\/\/wp.kristdemokraterna.se\/svalov\/?p=1559"},"modified":"2024-05-22T07:55:42","modified_gmt":"2024-05-22T05:55:42","slug":"martin-hallander-3-a-pa-eu-valsedeln-besoker-svalov-i-morgon-torsdag","status":"publish","type":"post","link":"https:\/\/wp.kristdemokraterna.se\/svalov\/martin-hallander-3-a-pa-eu-valsedeln-besoker-svalov-i-morgon-torsdag\/","title":{"rendered":"Martin Hallander 3:a p\u00e5 EU-valsedeln bes\u00f6ker Sval\u00f6v i morgon torsdag"},"content":{"rendered":"<p>Martin Hallander som \u00e4r 3:a p\u00e5 Kristdemokraternas EU-valsedel bes\u00f6ker Sval\u00f6v i morgon torsdag. Kom till Sval\u00f6vs centrum och prata med honom och f\u00e5 mer information fr\u00e5n kl. 15:30.<\/p>\n<p><img decoding=\"async\" src=\"http:\/\/wp.kristdemokraterna.se\/svalov2\/files\/2024\/05\/martin-hallander-eu-val-2024.png\" \/><\/p>\n<p><img decoding=\"async\" src=\"http:\/\/wp.kristdemokraterna.se\/svalov2\/files\/2024\/05\/martin-hallanders-text-eu-val-2024.png\" \/><\/p>\n<p><img decoding=\"async\" src=\"http:\/\/wp.kristdemokraterna.se\/svalov2\/files\/2024\/05\/martin-hallander-pa-besok-i-svalov2024.jpeg\" \/><\/p>\n<p>Det blev tillf\u00e4lle f\u00f6r Martin att tala med ganska m\u00e5nga.<\/p>\n","protected":false},"excerpt":{"rendered":"<p>Martin Hallander som \u00e4r 3:a p\u00e5 Kristdemokraternas EU-valsedel bes\u00f6ker Sval\u00f6v i morgon torsdag. Kom till Sval\u00f6vs centrum och prata med honom och f\u00e5 mer information fr\u00e5n kl. 15:30. Det blev tillf\u00e4lle f\u00f6r Martin att tala med ganska m\u00e5nga.<\/p>\n","protected":false},"author":2,"featured_media":1565,"comment_status":"closed","ping_status":"closed","sticky":false,"template":"","format":"standard","meta":{"_acf_changed":false,"footnotes":""},"categories":[1],"tags":[],"class_list":["post-1559","post","type-post","status-publish","format-standard","hentry","category-okategoriserade"],"acf":[],"yoast_head":"<!-- This site is optimized with the Yoast SEO plugin v27.5 - https:\/\/yoast.com\/product\/yoast-seo-wordpress\/ -->\n<title>Martin Hallander 3:a p\u00e5 EU-valsedeln bes\u00f6ker Sval\u00f6v i morgon torsdag - Kristdemokraterna - Sval\u00f6v<\/title>\n<meta name=\"robots\" content=\"index, follow, max-snippet:-1, max-image-preview:large, max-video-preview:-1\" \/>\n<link rel=\"canonical\" href=\"https:\/\/wp.kristdemokraterna.se\/svalov\/martin-hallander-3-a-pa-eu-valsedeln-besoker-svalov-i-morgon-torsdag\/\" \/>\n<meta property=\"og:locale\" content=\"sv_SE\" \/>\n<meta property=\"og:type\" content=\"article\" \/>\n<meta property=\"og:title\" content=\"Martin Hallander 3:a p\u00e5 EU-valsedeln bes\u00f6ker Sval\u00f6v i morgon torsdag - Kristdemokraterna - Sval\u00f6v\" \/>\n<meta property=\"og:description\" content=\"Martin Hallander som \u00e4r 3:a p\u00e5 Kristdemokraternas EU-valsedel bes\u00f6ker Sval\u00f6v i morgon torsdag. Kom till Sval\u00f6vs centrum och prata med honom och f\u00e5 mer information fr\u00e5n kl. 15:30. Det blev tillf\u00e4lle f\u00f6r Martin att tala med ganska m\u00e5nga.\" \/>\n<meta property=\"og:url\" content=\"https:\/\/wp.kristdemokraterna.se\/svalov\/martin-hallander-3-a-pa-eu-valsedeln-besoker-svalov-i-morgon-torsdag\/\" \/>\n<meta property=\"og:site_name\" content=\"Kristdemokraterna - Sval\u00f6v\" \/>\n<meta property=\"article:published_time\" content=\"2024-05-22T05:55:42+00:00\" \/>\n<meta property=\"og:image\" content=\"https:\/\/wp.kristdemokraterna.se\/svalov\/files\/2024\/05\/martin-hallander-pa-besok-i-svalov2024.jpeg\" \/>\n\t<meta property=\"og:image:width\" content=\"1536\" \/>\n\t<meta property=\"og:image:height\" content=\"2048\" \/>\n\t<meta property=\"og:image:type\" content=\"image\/jpeg\" \/>\n<meta name=\"author\" content=\"Helpdesk Kristdemokraterna\" \/>\n<meta name=\"twitter:card\" content=\"summary_large_image\" \/>\n<meta name=\"twitter:label1\" content=\"Skriven av\" \/>\n\t<meta name=\"twitter:data1\" content=\"Helpdesk Kristdemokraterna\" \/>\n\t<meta name=\"twitter:label2\" content=\"Ber\u00e4knad l\u00e4stid\" \/>\n\t<meta name=\"twitter:data2\" content=\"1 minut\" \/>\n<script type=\"application\/ld+json\" class=\"yoast-schema-graph\">{\"@context\":\"https:\\\/\\\/schema.org\",\"@graph\":[{\"@type\":\"Article\",\"@id\":\"https:\\\/\\\/wp.kristdemokraterna.se\\\/svalov\\\/martin-hallander-3-a-pa-eu-valsedeln-besoker-svalov-i-morgon-torsdag\\\/#article\",\"isPartOf\":{\"@id\":\"https:\\\/\\\/wp.kristdemokraterna.se\\\/svalov\\\/martin-hallander-3-a-pa-eu-valsedeln-besoker-svalov-i-morgon-torsdag\\\/\"},\"author\":{\"name\":\"Helpdesk Kristdemokraterna\",\"@id\":\"https:\\\/\\\/wp.kristdemokraterna.se\\\/svalov\\\/#\\\/schema\\\/person\\\/6562e20e17e2df58423fa0f4dc8de535\"},\"headline\":\"Martin Hallander 3:a p\u00e5 EU-valsedeln bes\u00f6ker Sval\u00f6v i morgon torsdag\",\"datePublished\":\"2024-05-22T05:55:42+00:00\",\"mainEntityOfPage\":{\"@id\":\"https:\\\/\\\/wp.kristdemokraterna.se\\\/svalov\\\/martin-hallander-3-a-pa-eu-valsedeln-besoker-svalov-i-morgon-torsdag\\\/\"},\"wordCount\":56,\"image\":{\"@id\":\"https:\\\/\\\/wp.kristdemokraterna.se\\\/svalov\\\/martin-hallander-3-a-pa-eu-valsedeln-besoker-svalov-i-morgon-torsdag\\\/#primaryimage\"},\"thumbnailUrl\":\"https:\\\/\\\/wp.kristdemokraterna.se\\\/svalov\\\/files\\\/2024\\\/05\\\/martin-hallander-pa-besok-i-svalov2024.jpeg\",\"inLanguage\":\"sv-SE\"},{\"@type\":\"WebPage\",\"@id\":\"https:\\\/\\\/wp.kristdemokraterna.se\\\/svalov\\\/martin-hallander-3-a-pa-eu-valsedeln-besoker-svalov-i-morgon-torsdag\\\/\",\"url\":\"https:\\\/\\\/wp.kristdemokraterna.se\\\/svalov\\\/martin-hallander-3-a-pa-eu-valsedeln-besoker-svalov-i-morgon-torsdag\\\/\",\"name\":\"Martin Hallander 3:a p\u00e5 EU-valsedeln bes\u00f6ker Sval\u00f6v i morgon torsdag - Kristdemokraterna - Sval\u00f6v\",\"isPartOf\":{\"@id\":\"https:\\\/\\\/wp.kristdemokraterna.se\\\/svalov\\\/#website\"},\"primaryImageOfPage\":{\"@id\":\"https:\\\/\\\/wp.kristdemokraterna.se\\\/svalov\\\/martin-hallander-3-a-pa-eu-valsedeln-besoker-svalov-i-morgon-torsdag\\\/#primaryimage\"},\"image\":{\"@id\":\"https:\\\/\\\/wp.kristdemokraterna.se\\\/svalov\\\/martin-hallander-3-a-pa-eu-valsedeln-besoker-svalov-i-morgon-torsdag\\\/#primaryimage\"},\"thumbnailUrl\":\"https:\\\/\\\/wp.kristdemokraterna.se\\\/svalov\\\/files\\\/2024\\\/05\\\/martin-hallander-pa-besok-i-svalov2024.jpeg\",\"datePublished\":\"2024-05-22T05:55:42+00:00\",\"author\":{\"@id\":\"https:\\\/\\\/wp.kristdemokraterna.se\\\/svalov\\\/#\\\/schema\\\/person\\\/6562e20e17e2df58423fa0f4dc8de535\"},\"breadcrumb\":{\"@id\":\"https:\\\/\\\/wp.kristdemokraterna.se\\\/svalov\\\/martin-hallander-3-a-pa-eu-valsedeln-besoker-svalov-i-morgon-torsdag\\\/#breadcrumb\"},\"inLanguage\":\"sv-SE\",\"potentialAction\":[{\"@type\":\"ReadAction\",\"target\":[\"https:\\\/\\\/wp.kristdemokraterna.se\\\/svalov\\\/martin-hallander-3-a-pa-eu-valsedeln-besoker-svalov-i-morgon-torsdag\\\/\"]}]},{\"@type\":\"ImageObject\",\"inLanguage\":\"sv-SE\",\"@id\":\"https:\\\/\\\/wp.kristdemokraterna.se\\\/svalov\\\/martin-hallander-3-a-pa-eu-valsedeln-besoker-svalov-i-morgon-torsdag\\\/#primaryimage\",\"url\":\"https:\\\/\\\/wp.kristdemokraterna.se\\\/svalov\\\/files\\\/2024\\\/05\\\/martin-hallander-pa-besok-i-svalov2024.jpeg\",\"contentUrl\":\"https:\\\/\\\/wp.kristdemokraterna.se\\\/svalov\\\/files\\\/2024\\\/05\\\/martin-hallander-pa-besok-i-svalov2024.jpeg\",\"width\":1536,\"height\":2048},{\"@type\":\"BreadcrumbList\",\"@id\":\"https:\\\/\\\/wp.kristdemokraterna.se\\\/svalov\\\/martin-hallander-3-a-pa-eu-valsedeln-besoker-svalov-i-morgon-torsdag\\\/#breadcrumb\",\"itemListElement\":[{\"@type\":\"ListItem\",\"position\":1,\"name\":\"Hem\",\"item\":\"https:\\\/\\\/wp.kristdemokraterna.se\\\/svalov\\\/\"},{\"@type\":\"ListItem\",\"position\":2,\"name\":\"Martin Hallander 3:a p\u00e5 EU-valsedeln bes\u00f6ker Sval\u00f6v i morgon torsdag\"}]},{\"@type\":\"WebSite\",\"@id\":\"https:\\\/\\\/wp.kristdemokraterna.se\\\/svalov\\\/#website\",\"url\":\"https:\\\/\\\/wp.kristdemokraterna.se\\\/svalov\\\/\",\"name\":\"Kristdemokraterna - Sval\u00f6v\",\"description\":\"\",\"inLanguage\":\"sv-SE\"},{\"@type\":\"Person\",\"@id\":\"https:\\\/\\\/wp.kristdemokraterna.se\\\/svalov\\\/#\\\/schema\\\/person\\\/6562e20e17e2df58423fa0f4dc8de535\",\"name\":\"Helpdesk Kristdemokraterna\",\"image\":{\"@type\":\"ImageObject\",\"inLanguage\":\"sv-SE\",\"@id\":\"https:\\\/\\\/secure.gravatar.com\\\/avatar\\\/8ea49a6cb5a559b7be600a852cfc8614108618c76571e208b9e938ffcb7f15ff?s=96&d=mm&r=g\",\"url\":\"https:\\\/\\\/secure.gravatar.com\\\/avatar\\\/8ea49a6cb5a559b7be600a852cfc8614108618c76571e208b9e938ffcb7f15ff?s=96&d=mm&r=g\",\"contentUrl\":\"https:\\\/\\\/secure.gravatar.com\\\/avatar\\\/8ea49a6cb5a559b7be600a852cfc8614108618c76571e208b9e938ffcb7f15ff?s=96&d=mm&r=g\",\"caption\":\"Helpdesk Kristdemokraterna\"},\"description\":\"helpdesk@kristdemokraterna.se eller 08-723 25 55\",\"url\":\"https:\\\/\\\/wp.kristdemokraterna.se\\\/svalov\\\/author\\\/admin\\\/\"}]}<\/script>\n<!-- \/ Yoast SEO plugin. -->","yoast_head_json":{"title":"Martin Hallander 3:a p\u00e5 EU-valsedeln bes\u00f6ker Sval\u00f6v i morgon torsdag - Kristdemokraterna - Sval\u00f6v","robots":{"index":"index","follow":"follow","max-snippet":"max-snippet:-1","max-image-preview":"max-image-preview:large","max-video-preview":"max-video-preview:-1"},"canonical":"https:\/\/wp.kristdemokraterna.se\/svalov\/martin-hallander-3-a-pa-eu-valsedeln-besoker-svalov-i-morgon-torsdag\/","og_locale":"sv_SE","og_type":"article","og_title":"Martin Hallander 3:a p\u00e5 EU-valsedeln bes\u00f6ker Sval\u00f6v i morgon torsdag - Kristdemokraterna - Sval\u00f6v","og_description":"Martin Hallander som \u00e4r 3:a p\u00e5 Kristdemokraternas EU-valsedel bes\u00f6ker Sval\u00f6v i morgon torsdag. Kom till Sval\u00f6vs centrum och prata med honom och f\u00e5 mer information fr\u00e5n kl. 15:30. Det blev tillf\u00e4lle f\u00f6r Martin att tala med ganska m\u00e5nga.","og_url":"https:\/\/wp.kristdemokraterna.se\/svalov\/martin-hallander-3-a-pa-eu-valsedeln-besoker-svalov-i-morgon-torsdag\/","og_site_name":"Kristdemokraterna - Sval\u00f6v","article_published_time":"2024-05-22T05:55:42+00:00","og_image":[{"width":1536,"height":2048,"url":"https:\/\/wp.kristdemokraterna.se\/svalov\/files\/2024\/05\/martin-hallander-pa-besok-i-svalov2024.jpeg","type":"image\/jpeg"}],"author":"Helpdesk Kristdemokraterna","twitter_card":"summary_large_image","twitter_misc":{"Skriven av":"Helpdesk Kristdemokraterna","Ber\u00e4knad l\u00e4stid":"1 minut"},"schema":{"@context":"https:\/\/schema.org","@graph":[{"@type":"Article","@id":"https:\/\/wp.kristdemokraterna.se\/svalov\/martin-hallander-3-a-pa-eu-valsedeln-besoker-svalov-i-morgon-torsdag\/#article","isPartOf":{"@id":"https:\/\/wp.kristdemokraterna.se\/svalov\/martin-hallander-3-a-pa-eu-valsedeln-besoker-svalov-i-morgon-torsdag\/"},"author":{"name":"Helpdesk Kristdemokraterna","@id":"https:\/\/wp.kristdemokraterna.se\/svalov\/#\/schema\/person\/6562e20e17e2df58423fa0f4dc8de535"},"headline":"Martin Hallander 3:a p\u00e5 EU-valsedeln bes\u00f6ker Sval\u00f6v i morgon torsdag","datePublished":"2024-05-22T05:55:42+00:00","mainEntityOfPage":{"@id":"https:\/\/wp.kristdemokraterna.se\/svalov\/martin-hallander-3-a-pa-eu-valsedeln-besoker-svalov-i-morgon-torsdag\/"},"wordCount":56,"image":{"@id":"https:\/\/wp.kristdemokraterna.se\/svalov\/martin-hallander-3-a-pa-eu-valsedeln-besoker-svalov-i-morgon-torsdag\/#primaryimage"},"thumbnailUrl":"https:\/\/wp.kristdemokraterna.se\/svalov\/files\/2024\/05\/martin-hallander-pa-besok-i-svalov2024.jpeg","inLanguage":"sv-SE"},{"@type":"WebPage","@id":"https:\/\/wp.kristdemokraterna.se\/svalov\/martin-hallander-3-a-pa-eu-valsedeln-besoker-svalov-i-morgon-torsdag\/","url":"https:\/\/wp.kristdemokraterna.se\/svalov\/martin-hallander-3-a-pa-eu-valsedeln-besoker-svalov-i-morgon-torsdag\/","name":"Martin Hallander 3:a p\u00e5 EU-valsedeln bes\u00f6ker Sval\u00f6v i morgon torsdag - Kristdemokraterna - Sval\u00f6v","isPartOf":{"@id":"https:\/\/wp.kristdemokraterna.se\/svalov\/#website"},"primaryImageOfPage":{"@id":"https:\/\/wp.kristdemokraterna.se\/svalov\/martin-hallander-3-a-pa-eu-valsedeln-besoker-svalov-i-morgon-torsdag\/#primaryimage"},"image":{"@id":"https:\/\/wp.kristdemokraterna.se\/svalov\/martin-hallander-3-a-pa-eu-valsedeln-besoker-svalov-i-morgon-torsdag\/#primaryimage"},"thumbnailUrl":"https:\/\/wp.kristdemokraterna.se\/svalov\/files\/2024\/05\/martin-hallander-pa-besok-i-svalov2024.jpeg","datePublished":"2024-05-22T05:55:42+00:00","author":{"@id":"https:\/\/wp.kristdemokraterna.se\/svalov\/#\/schema\/person\/6562e20e17e2df58423fa0f4dc8de535"},"breadcrumb":{"@id":"https:\/\/wp.kristdemokraterna.se\/svalov\/martin-hallander-3-a-pa-eu-valsedeln-besoker-svalov-i-morgon-torsdag\/#breadcrumb"},"inLanguage":"sv-SE","potentialAction":[{"@type":"ReadAction","target":["https:\/\/wp.kristdemokraterna.se\/svalov\/martin-hallander-3-a-pa-eu-valsedeln-besoker-svalov-i-morgon-torsdag\/"]}]},{"@type":"ImageObject","inLanguage":"sv-SE","@id":"https:\/\/wp.kristdemokraterna.se\/svalov\/martin-hallander-3-a-pa-eu-valsedeln-besoker-svalov-i-morgon-torsdag\/#primaryimage","url":"https:\/\/wp.kristdemokraterna.se\/svalov\/files\/2024\/05\/martin-hallander-pa-besok-i-svalov2024.jpeg","contentUrl":"https:\/\/wp.kristdemokraterna.se\/svalov\/files\/2024\/05\/martin-hallander-pa-besok-i-svalov2024.jpeg","width":1536,"height":2048},{"@type":"BreadcrumbList","@id":"https:\/\/wp.kristdemokraterna.se\/svalov\/martin-hallander-3-a-pa-eu-valsedeln-besoker-svalov-i-morgon-torsdag\/#breadcrumb","itemListElement":[{"@type":"ListItem","position":1,"name":"Hem","item":"https:\/\/wp.kristdemokraterna.se\/svalov\/"},{"@type":"ListItem","position":2,"name":"Martin Hallander 3:a p\u00e5 EU-valsedeln bes\u00f6ker Sval\u00f6v i morgon torsdag"}]},{"@type":"WebSite","@id":"https:\/\/wp.kristdemokraterna.se\/svalov\/#website","url":"https:\/\/wp.kristdemokraterna.se\/svalov\/","name":"Kristdemokraterna - Sval\u00f6v","description":"","inLanguage":"sv-SE"},{"@type":"Person","@id":"https:\/\/wp.kristdemokraterna.se\/svalov\/#\/schema\/person\/6562e20e17e2df58423fa0f4dc8de535","name":"Helpdesk Kristdemokraterna","image":{"@type":"ImageObject","inLanguage":"sv-SE","@id":"https:\/\/secure.gravatar.com\/avatar\/8ea49a6cb5a559b7be600a852cfc8614108618c76571e208b9e938ffcb7f15ff?s=96&d=mm&r=g","url":"https:\/\/secure.gravatar.com\/avatar\/8ea49a6cb5a559b7be600a852cfc8614108618c76571e208b9e938ffcb7f15ff?s=96&d=mm&r=g","contentUrl":"https:\/\/secure.gravatar.com\/avatar\/8ea49a6cb5a559b7be600a852cfc8614108618c76571e208b9e938ffcb7f15ff?s=96&d=mm&r=g","caption":"Helpdesk Kristdemokraterna"},"description":"helpdesk@kristdemokraterna.se eller 08-723 25 55","url":"https:\/\/wp.kristdemokraterna.se\/svalov\/author\/admin\/"}]}},"_links":{"self":[{"href":"https:\/\/wp.kristdemokraterna.se\/svalov\/wp-json\/wp\/v2\/posts\/1559","targetHints":{"allow":["GET"]}}],"collection":[{"href":"https:\/\/wp.kristdemokraterna.se\/svalov\/wp-json\/wp\/v2\/posts"}],"about":[{"href":"https:\/\/wp.kristdemokraterna.se\/svalov\/wp-json\/wp\/v2\/types\/post"}],"author":[{"embeddable":true,"href":"https:\/\/wp.kristdemokraterna.se\/svalov\/wp-json\/wp\/v2\/users\/2"}],"replies":[{"embeddable":true,"href":"https:\/\/wp.kristdemokraterna.se\/svalov\/wp-json\/wp\/v2\/comments?post=1559"}],"version-history":[{"count":0,"href":"https:\/\/wp.kristdemokraterna.se\/svalov\/wp-json\/wp\/v2\/posts\/1559\/revisions"}],"wp:featuredmedia":[{"embeddable":true,"href":"https:\/\/wp.kristdemokraterna.se\/svalov\/wp-json\/wp\/v2\/media\/1565"}],"wp:attachment":[{"href":"https:\/\/wp.kristdemokraterna.se\/svalov\/wp-json\/wp\/v2\/media?parent=1559"}],"wp:term":[{"taxonomy":"category","embeddable":true,"href":"https:\/\/wp.kristdemokraterna.se\/svalov\/wp-json\/wp\/v2\/categories?post=1559"},{"taxonomy":"post_tag","embeddable":true,"href":"https:\/\/wp.kristdemokraterna.se\/svalov\/wp-json\/wp\/v2\/tags?post=1559"}],"curies":[{"name":"wp","href":"https:\/\/api.w.org\/{rel}","templated":true}]}}