{"id":1572,"date":"2024-05-28T17:44:51","date_gmt":"2024-05-28T15:44:51","guid":{"rendered":"https:\/\/wp.kristdemokraterna.se\/svalov\/?p=1572"},"modified":"2024-05-28T17:44:51","modified_gmt":"2024-05-28T15:44:51","slug":"vart-kd-kommunalrad-aase-jonsson-var-med-nar-de-forsta-spadtagen-togs-pa-lantlyckan","status":"publish","type":"post","link":"https:\/\/wp.kristdemokraterna.se\/svalov\/vart-kd-kommunalrad-aase-jonsson-var-med-nar-de-forsta-spadtagen-togs-pa-lantlyckan\/","title":{"rendered":"V\u00e5rt KD-kommunalr\u00e5d Aase J\u00f6nsson var med n\u00e4r de f\u00f6rsta spadtagen togs p\u00e5 Lantlyckan"},"content":{"rendered":"<p><img decoding=\"async\" src=\"http:\/\/wp.kristdemokraterna.se\/svalov2\/files\/2024\/05\/forsta-spadtaget-pa-lantlyckan.png\" \/><\/p>\n<p>Som ordf\u00f6rande f\u00f6r socialn\u00e4mnden fick Aase J\u00f6nsson (KD) vara med och ta de f\u00f6rsta spadtagen f\u00f6r Lantlyckans \u00e4ldreboende i Sval\u00f6v.<\/p>\n<p>P\u00e5 kommunens hemsida finns mer att l\u00e4sa om detta:\u00a0<a href=\"https:\/\/www.svalov.se\/nyheter\/aktuellt\/2024-05-28-forsta-spadtagen-for-lantlyckans-aldreboende\">https:\/\/www.svalov.se\/nyheter\/aktuellt\/2024-05-28-forsta-spadtagen-for-lantlyckans-aldreboende<\/a><\/p>\n<p>&nbsp;<\/p>\n","protected":false},"excerpt":{"rendered":"<p>Som ordf\u00f6rande f\u00f6r socialn\u00e4mnden fick Aase J\u00f6nsson (KD) vara med och ta de f\u00f6rsta spadtagen f\u00f6r Lantlyckans \u00e4ldreboende i Sval\u00f6v. P\u00e5 kommunens hemsida finns mer att l\u00e4sa om detta:\u00a0https:\/\/www.svalov.se\/nyheter\/aktuellt\/2024-05-28-forsta-spadtagen-for-lantlyckans-aldreboende &nbsp;<\/p>\n","protected":false},"author":2,"featured_media":1573,"comment_status":"closed","ping_status":"closed","sticky":false,"template":"","format":"standard","meta":{"_acf_changed":false,"footnotes":""},"categories":[1],"tags":[],"class_list":["post-1572","post","type-post","status-publish","format-standard","hentry","category-okategoriserade"],"acf":[],"yoast_head":"<!-- This site is optimized with the Yoast SEO plugin v27.4 - https:\/\/yoast.com\/product\/yoast-seo-wordpress\/ -->\n<title>V\u00e5rt KD-kommunalr\u00e5d Aase J\u00f6nsson var med n\u00e4r de f\u00f6rsta spadtagen togs p\u00e5 Lantlyckan - Kristdemokraterna - Sval\u00f6v<\/title>\n<meta name=\"robots\" content=\"index, follow, max-snippet:-1, max-image-preview:large, max-video-preview:-1\" \/>\n<link rel=\"canonical\" href=\"https:\/\/wp.kristdemokraterna.se\/svalov\/vart-kd-kommunalrad-aase-jonsson-var-med-nar-de-forsta-spadtagen-togs-pa-lantlyckan\/\" \/>\n<meta property=\"og:locale\" content=\"sv_SE\" \/>\n<meta property=\"og:type\" content=\"article\" \/>\n<meta property=\"og:title\" content=\"V\u00e5rt KD-kommunalr\u00e5d Aase J\u00f6nsson var med n\u00e4r de f\u00f6rsta spadtagen togs p\u00e5 Lantlyckan - Kristdemokraterna - Sval\u00f6v\" \/>\n<meta property=\"og:description\" content=\"Som ordf\u00f6rande f\u00f6r socialn\u00e4mnden fick Aase J\u00f6nsson (KD) vara med och ta de f\u00f6rsta spadtagen f\u00f6r Lantlyckans \u00e4ldreboende i Sval\u00f6v. P\u00e5 kommunens hemsida finns mer att l\u00e4sa om detta:\u00a0https:\/\/www.svalov.se\/nyheter\/aktuellt\/2024-05-28-forsta-spadtagen-for-lantlyckans-aldreboende &nbsp;\" \/>\n<meta property=\"og:url\" content=\"https:\/\/wp.kristdemokraterna.se\/svalov\/vart-kd-kommunalrad-aase-jonsson-var-med-nar-de-forsta-spadtagen-togs-pa-lantlyckan\/\" \/>\n<meta property=\"og:site_name\" content=\"Kristdemokraterna - Sval\u00f6v\" \/>\n<meta property=\"article:published_time\" content=\"2024-05-28T15:44:51+00:00\" \/>\n<meta property=\"og:image\" content=\"https:\/\/wp.kristdemokraterna.se\/svalov\/files\/2024\/05\/forsta-spadtaget-pa-lantlyckan.png\" \/>\n\t<meta property=\"og:image:width\" content=\"771\" \/>\n\t<meta property=\"og:image:height\" content=\"475\" \/>\n\t<meta property=\"og:image:type\" content=\"image\/png\" \/>\n<meta name=\"author\" content=\"Helpdesk Kristdemokraterna\" \/>\n<meta name=\"twitter:card\" content=\"summary_large_image\" \/>\n<meta name=\"twitter:label1\" content=\"Skriven av\" \/>\n\t<meta name=\"twitter:data1\" content=\"Helpdesk Kristdemokraterna\" \/>\n\t<meta name=\"twitter:label2\" content=\"Ber\u00e4knad l\u00e4stid\" \/>\n\t<meta name=\"twitter:data2\" content=\"1 minut\" \/>\n<script type=\"application\/ld+json\" class=\"yoast-schema-graph\">{\"@context\":\"https:\\\/\\\/schema.org\",\"@graph\":[{\"@type\":\"Article\",\"@id\":\"https:\\\/\\\/wp.kristdemokraterna.se\\\/svalov\\\/vart-kd-kommunalrad-aase-jonsson-var-med-nar-de-forsta-spadtagen-togs-pa-lantlyckan\\\/#article\",\"isPartOf\":{\"@id\":\"https:\\\/\\\/wp.kristdemokraterna.se\\\/svalov\\\/vart-kd-kommunalrad-aase-jonsson-var-med-nar-de-forsta-spadtagen-togs-pa-lantlyckan\\\/\"},\"author\":{\"name\":\"Helpdesk Kristdemokraterna\",\"@id\":\"https:\\\/\\\/wp.kristdemokraterna.se\\\/svalov\\\/#\\\/schema\\\/person\\\/6562e20e17e2df58423fa0f4dc8de535\"},\"headline\":\"V\u00e5rt KD-kommunalr\u00e5d Aase J\u00f6nsson var med n\u00e4r de f\u00f6rsta spadtagen togs p\u00e5 Lantlyckan\",\"datePublished\":\"2024-05-28T15:44:51+00:00\",\"mainEntityOfPage\":{\"@id\":\"https:\\\/\\\/wp.kristdemokraterna.se\\\/svalov\\\/vart-kd-kommunalrad-aase-jonsson-var-med-nar-de-forsta-spadtagen-togs-pa-lantlyckan\\\/\"},\"wordCount\":65,\"image\":{\"@id\":\"https:\\\/\\\/wp.kristdemokraterna.se\\\/svalov\\\/vart-kd-kommunalrad-aase-jonsson-var-med-nar-de-forsta-spadtagen-togs-pa-lantlyckan\\\/#primaryimage\"},\"thumbnailUrl\":\"https:\\\/\\\/wp.kristdemokraterna.se\\\/svalov\\\/files\\\/2024\\\/05\\\/forsta-spadtaget-pa-lantlyckan.png\",\"inLanguage\":\"sv-SE\"},{\"@type\":\"WebPage\",\"@id\":\"https:\\\/\\\/wp.kristdemokraterna.se\\\/svalov\\\/vart-kd-kommunalrad-aase-jonsson-var-med-nar-de-forsta-spadtagen-togs-pa-lantlyckan\\\/\",\"url\":\"https:\\\/\\\/wp.kristdemokraterna.se\\\/svalov\\\/vart-kd-kommunalrad-aase-jonsson-var-med-nar-de-forsta-spadtagen-togs-pa-lantlyckan\\\/\",\"name\":\"V\u00e5rt KD-kommunalr\u00e5d Aase J\u00f6nsson var med n\u00e4r de f\u00f6rsta spadtagen togs p\u00e5 Lantlyckan - Kristdemokraterna - Sval\u00f6v\",\"isPartOf\":{\"@id\":\"https:\\\/\\\/wp.kristdemokraterna.se\\\/svalov\\\/#website\"},\"primaryImageOfPage\":{\"@id\":\"https:\\\/\\\/wp.kristdemokraterna.se\\\/svalov\\\/vart-kd-kommunalrad-aase-jonsson-var-med-nar-de-forsta-spadtagen-togs-pa-lantlyckan\\\/#primaryimage\"},\"image\":{\"@id\":\"https:\\\/\\\/wp.kristdemokraterna.se\\\/svalov\\\/vart-kd-kommunalrad-aase-jonsson-var-med-nar-de-forsta-spadtagen-togs-pa-lantlyckan\\\/#primaryimage\"},\"thumbnailUrl\":\"https:\\\/\\\/wp.kristdemokraterna.se\\\/svalov\\\/files\\\/2024\\\/05\\\/forsta-spadtaget-pa-lantlyckan.png\",\"datePublished\":\"2024-05-28T15:44:51+00:00\",\"author\":{\"@id\":\"https:\\\/\\\/wp.kristdemokraterna.se\\\/svalov\\\/#\\\/schema\\\/person\\\/6562e20e17e2df58423fa0f4dc8de535\"},\"breadcrumb\":{\"@id\":\"https:\\\/\\\/wp.kristdemokraterna.se\\\/svalov\\\/vart-kd-kommunalrad-aase-jonsson-var-med-nar-de-forsta-spadtagen-togs-pa-lantlyckan\\\/#breadcrumb\"},\"inLanguage\":\"sv-SE\",\"potentialAction\":[{\"@type\":\"ReadAction\",\"target\":[\"https:\\\/\\\/wp.kristdemokraterna.se\\\/svalov\\\/vart-kd-kommunalrad-aase-jonsson-var-med-nar-de-forsta-spadtagen-togs-pa-lantlyckan\\\/\"]}]},{\"@type\":\"ImageObject\",\"inLanguage\":\"sv-SE\",\"@id\":\"https:\\\/\\\/wp.kristdemokraterna.se\\\/svalov\\\/vart-kd-kommunalrad-aase-jonsson-var-med-nar-de-forsta-spadtagen-togs-pa-lantlyckan\\\/#primaryimage\",\"url\":\"https:\\\/\\\/wp.kristdemokraterna.se\\\/svalov\\\/files\\\/2024\\\/05\\\/forsta-spadtaget-pa-lantlyckan.png\",\"contentUrl\":\"https:\\\/\\\/wp.kristdemokraterna.se\\\/svalov\\\/files\\\/2024\\\/05\\\/forsta-spadtaget-pa-lantlyckan.png\",\"width\":771,\"height\":475},{\"@type\":\"BreadcrumbList\",\"@id\":\"https:\\\/\\\/wp.kristdemokraterna.se\\\/svalov\\\/vart-kd-kommunalrad-aase-jonsson-var-med-nar-de-forsta-spadtagen-togs-pa-lantlyckan\\\/#breadcrumb\",\"itemListElement\":[{\"@type\":\"ListItem\",\"position\":1,\"name\":\"Hem\",\"item\":\"https:\\\/\\\/wp.kristdemokraterna.se\\\/svalov\\\/\"},{\"@type\":\"ListItem\",\"position\":2,\"name\":\"V\u00e5rt KD-kommunalr\u00e5d Aase J\u00f6nsson var med n\u00e4r de f\u00f6rsta spadtagen togs p\u00e5 Lantlyckan\"}]},{\"@type\":\"WebSite\",\"@id\":\"https:\\\/\\\/wp.kristdemokraterna.se\\\/svalov\\\/#website\",\"url\":\"https:\\\/\\\/wp.kristdemokraterna.se\\\/svalov\\\/\",\"name\":\"Kristdemokraterna - Sval\u00f6v\",\"description\":\"\",\"inLanguage\":\"sv-SE\"},{\"@type\":\"Person\",\"@id\":\"https:\\\/\\\/wp.kristdemokraterna.se\\\/svalov\\\/#\\\/schema\\\/person\\\/6562e20e17e2df58423fa0f4dc8de535\",\"name\":\"Helpdesk Kristdemokraterna\",\"image\":{\"@type\":\"ImageObject\",\"inLanguage\":\"sv-SE\",\"@id\":\"https:\\\/\\\/secure.gravatar.com\\\/avatar\\\/8ea49a6cb5a559b7be600a852cfc8614108618c76571e208b9e938ffcb7f15ff?s=96&d=mm&r=g\",\"url\":\"https:\\\/\\\/secure.gravatar.com\\\/avatar\\\/8ea49a6cb5a559b7be600a852cfc8614108618c76571e208b9e938ffcb7f15ff?s=96&d=mm&r=g\",\"contentUrl\":\"https:\\\/\\\/secure.gravatar.com\\\/avatar\\\/8ea49a6cb5a559b7be600a852cfc8614108618c76571e208b9e938ffcb7f15ff?s=96&d=mm&r=g\",\"caption\":\"Helpdesk Kristdemokraterna\"},\"description\":\"helpdesk@kristdemokraterna.se eller 08-723 25 55\",\"url\":\"https:\\\/\\\/wp.kristdemokraterna.se\\\/svalov\\\/author\\\/admin\\\/\"}]}<\/script>\n<!-- \/ Yoast SEO plugin. -->","yoast_head_json":{"title":"V\u00e5rt KD-kommunalr\u00e5d Aase J\u00f6nsson var med n\u00e4r de f\u00f6rsta spadtagen togs p\u00e5 Lantlyckan - Kristdemokraterna - Sval\u00f6v","robots":{"index":"index","follow":"follow","max-snippet":"max-snippet:-1","max-image-preview":"max-image-preview:large","max-video-preview":"max-video-preview:-1"},"canonical":"https:\/\/wp.kristdemokraterna.se\/svalov\/vart-kd-kommunalrad-aase-jonsson-var-med-nar-de-forsta-spadtagen-togs-pa-lantlyckan\/","og_locale":"sv_SE","og_type":"article","og_title":"V\u00e5rt KD-kommunalr\u00e5d Aase J\u00f6nsson var med n\u00e4r de f\u00f6rsta spadtagen togs p\u00e5 Lantlyckan - Kristdemokraterna - Sval\u00f6v","og_description":"Som ordf\u00f6rande f\u00f6r socialn\u00e4mnden fick Aase J\u00f6nsson (KD) vara med och ta de f\u00f6rsta spadtagen f\u00f6r Lantlyckans \u00e4ldreboende i Sval\u00f6v. P\u00e5 kommunens hemsida finns mer att l\u00e4sa om detta:\u00a0https:\/\/www.svalov.se\/nyheter\/aktuellt\/2024-05-28-forsta-spadtagen-for-lantlyckans-aldreboende &nbsp;","og_url":"https:\/\/wp.kristdemokraterna.se\/svalov\/vart-kd-kommunalrad-aase-jonsson-var-med-nar-de-forsta-spadtagen-togs-pa-lantlyckan\/","og_site_name":"Kristdemokraterna - Sval\u00f6v","article_published_time":"2024-05-28T15:44:51+00:00","og_image":[{"width":771,"height":475,"url":"https:\/\/wp.kristdemokraterna.se\/svalov\/files\/2024\/05\/forsta-spadtaget-pa-lantlyckan.png","type":"image\/png"}],"author":"Helpdesk Kristdemokraterna","twitter_card":"summary_large_image","twitter_misc":{"Skriven av":"Helpdesk Kristdemokraterna","Ber\u00e4knad l\u00e4stid":"1 minut"},"schema":{"@context":"https:\/\/schema.org","@graph":[{"@type":"Article","@id":"https:\/\/wp.kristdemokraterna.se\/svalov\/vart-kd-kommunalrad-aase-jonsson-var-med-nar-de-forsta-spadtagen-togs-pa-lantlyckan\/#article","isPartOf":{"@id":"https:\/\/wp.kristdemokraterna.se\/svalov\/vart-kd-kommunalrad-aase-jonsson-var-med-nar-de-forsta-spadtagen-togs-pa-lantlyckan\/"},"author":{"name":"Helpdesk Kristdemokraterna","@id":"https:\/\/wp.kristdemokraterna.se\/svalov\/#\/schema\/person\/6562e20e17e2df58423fa0f4dc8de535"},"headline":"V\u00e5rt KD-kommunalr\u00e5d Aase J\u00f6nsson var med n\u00e4r de f\u00f6rsta spadtagen togs p\u00e5 Lantlyckan","datePublished":"2024-05-28T15:44:51+00:00","mainEntityOfPage":{"@id":"https:\/\/wp.kristdemokraterna.se\/svalov\/vart-kd-kommunalrad-aase-jonsson-var-med-nar-de-forsta-spadtagen-togs-pa-lantlyckan\/"},"wordCount":65,"image":{"@id":"https:\/\/wp.kristdemokraterna.se\/svalov\/vart-kd-kommunalrad-aase-jonsson-var-med-nar-de-forsta-spadtagen-togs-pa-lantlyckan\/#primaryimage"},"thumbnailUrl":"https:\/\/wp.kristdemokraterna.se\/svalov\/files\/2024\/05\/forsta-spadtaget-pa-lantlyckan.png","inLanguage":"sv-SE"},{"@type":"WebPage","@id":"https:\/\/wp.kristdemokraterna.se\/svalov\/vart-kd-kommunalrad-aase-jonsson-var-med-nar-de-forsta-spadtagen-togs-pa-lantlyckan\/","url":"https:\/\/wp.kristdemokraterna.se\/svalov\/vart-kd-kommunalrad-aase-jonsson-var-med-nar-de-forsta-spadtagen-togs-pa-lantlyckan\/","name":"V\u00e5rt KD-kommunalr\u00e5d Aase J\u00f6nsson var med n\u00e4r de f\u00f6rsta spadtagen togs p\u00e5 Lantlyckan - Kristdemokraterna - Sval\u00f6v","isPartOf":{"@id":"https:\/\/wp.kristdemokraterna.se\/svalov\/#website"},"primaryImageOfPage":{"@id":"https:\/\/wp.kristdemokraterna.se\/svalov\/vart-kd-kommunalrad-aase-jonsson-var-med-nar-de-forsta-spadtagen-togs-pa-lantlyckan\/#primaryimage"},"image":{"@id":"https:\/\/wp.kristdemokraterna.se\/svalov\/vart-kd-kommunalrad-aase-jonsson-var-med-nar-de-forsta-spadtagen-togs-pa-lantlyckan\/#primaryimage"},"thumbnailUrl":"https:\/\/wp.kristdemokraterna.se\/svalov\/files\/2024\/05\/forsta-spadtaget-pa-lantlyckan.png","datePublished":"2024-05-28T15:44:51+00:00","author":{"@id":"https:\/\/wp.kristdemokraterna.se\/svalov\/#\/schema\/person\/6562e20e17e2df58423fa0f4dc8de535"},"breadcrumb":{"@id":"https:\/\/wp.kristdemokraterna.se\/svalov\/vart-kd-kommunalrad-aase-jonsson-var-med-nar-de-forsta-spadtagen-togs-pa-lantlyckan\/#breadcrumb"},"inLanguage":"sv-SE","potentialAction":[{"@type":"ReadAction","target":["https:\/\/wp.kristdemokraterna.se\/svalov\/vart-kd-kommunalrad-aase-jonsson-var-med-nar-de-forsta-spadtagen-togs-pa-lantlyckan\/"]}]},{"@type":"ImageObject","inLanguage":"sv-SE","@id":"https:\/\/wp.kristdemokraterna.se\/svalov\/vart-kd-kommunalrad-aase-jonsson-var-med-nar-de-forsta-spadtagen-togs-pa-lantlyckan\/#primaryimage","url":"https:\/\/wp.kristdemokraterna.se\/svalov\/files\/2024\/05\/forsta-spadtaget-pa-lantlyckan.png","contentUrl":"https:\/\/wp.kristdemokraterna.se\/svalov\/files\/2024\/05\/forsta-spadtaget-pa-lantlyckan.png","width":771,"height":475},{"@type":"BreadcrumbList","@id":"https:\/\/wp.kristdemokraterna.se\/svalov\/vart-kd-kommunalrad-aase-jonsson-var-med-nar-de-forsta-spadtagen-togs-pa-lantlyckan\/#breadcrumb","itemListElement":[{"@type":"ListItem","position":1,"name":"Hem","item":"https:\/\/wp.kristdemokraterna.se\/svalov\/"},{"@type":"ListItem","position":2,"name":"V\u00e5rt KD-kommunalr\u00e5d Aase J\u00f6nsson var med n\u00e4r de f\u00f6rsta spadtagen togs p\u00e5 Lantlyckan"}]},{"@type":"WebSite","@id":"https:\/\/wp.kristdemokraterna.se\/svalov\/#website","url":"https:\/\/wp.kristdemokraterna.se\/svalov\/","name":"Kristdemokraterna - Sval\u00f6v","description":"","inLanguage":"sv-SE"},{"@type":"Person","@id":"https:\/\/wp.kristdemokraterna.se\/svalov\/#\/schema\/person\/6562e20e17e2df58423fa0f4dc8de535","name":"Helpdesk Kristdemokraterna","image":{"@type":"ImageObject","inLanguage":"sv-SE","@id":"https:\/\/secure.gravatar.com\/avatar\/8ea49a6cb5a559b7be600a852cfc8614108618c76571e208b9e938ffcb7f15ff?s=96&d=mm&r=g","url":"https:\/\/secure.gravatar.com\/avatar\/8ea49a6cb5a559b7be600a852cfc8614108618c76571e208b9e938ffcb7f15ff?s=96&d=mm&r=g","contentUrl":"https:\/\/secure.gravatar.com\/avatar\/8ea49a6cb5a559b7be600a852cfc8614108618c76571e208b9e938ffcb7f15ff?s=96&d=mm&r=g","caption":"Helpdesk Kristdemokraterna"},"description":"helpdesk@kristdemokraterna.se eller 08-723 25 55","url":"https:\/\/wp.kristdemokraterna.se\/svalov\/author\/admin\/"}]}},"_links":{"self":[{"href":"https:\/\/wp.kristdemokraterna.se\/svalov\/wp-json\/wp\/v2\/posts\/1572","targetHints":{"allow":["GET"]}}],"collection":[{"href":"https:\/\/wp.kristdemokraterna.se\/svalov\/wp-json\/wp\/v2\/posts"}],"about":[{"href":"https:\/\/wp.kristdemokraterna.se\/svalov\/wp-json\/wp\/v2\/types\/post"}],"author":[{"embeddable":true,"href":"https:\/\/wp.kristdemokraterna.se\/svalov\/wp-json\/wp\/v2\/users\/2"}],"replies":[{"embeddable":true,"href":"https:\/\/wp.kristdemokraterna.se\/svalov\/wp-json\/wp\/v2\/comments?post=1572"}],"version-history":[{"count":0,"href":"https:\/\/wp.kristdemokraterna.se\/svalov\/wp-json\/wp\/v2\/posts\/1572\/revisions"}],"wp:featuredmedia":[{"embeddable":true,"href":"https:\/\/wp.kristdemokraterna.se\/svalov\/wp-json\/wp\/v2\/media\/1573"}],"wp:attachment":[{"href":"https:\/\/wp.kristdemokraterna.se\/svalov\/wp-json\/wp\/v2\/media?parent=1572"}],"wp:term":[{"taxonomy":"category","embeddable":true,"href":"https:\/\/wp.kristdemokraterna.se\/svalov\/wp-json\/wp\/v2\/categories?post=1572"},{"taxonomy":"post_tag","embeddable":true,"href":"https:\/\/wp.kristdemokraterna.se\/svalov\/wp-json\/wp\/v2\/tags?post=1572"}],"curies":[{"name":"wp","href":"https:\/\/api.w.org\/{rel}","templated":true}]}}