{"id":159,"date":"2014-08-05T12:04:04","date_gmt":"2014-08-05T10:04:04","guid":{"rendered":"http:\/\/wp.kristdemokraterna.se\/svalov\/?p=159"},"modified":"2014-08-05T12:04:04","modified_gmt":"2014-08-05T10:04:04","slug":"nu-ar-antligen-skyltarna-pa-plats","status":"publish","type":"post","link":"https:\/\/wp.kristdemokraterna.se\/svalov\/nu-ar-antligen-skyltarna-pa-plats\/","title":{"rendered":"Nu \u00e4r \u00e4ntligen skyltarna p\u00e5 plats"},"content":{"rendered":"<div id=\"attachment_160\" style=\"width: 310px\" class=\"wp-caption alignnone\"><a href=\"http:\/\/wp.kristdemokraterna.se\/svalov\/files\/2014\/08\/varning-for-barn-delbert.jpg\"><img loading=\"lazy\" decoding=\"async\" aria-describedby=\"caption-attachment-160\" class=\"size-medium wp-image-160\" src=\"http:\/\/wp.kristdemokraterna.se\/svalov\/files\/2014\/08\/varning-for-barn-delbert-300x201.jpg\" alt=\"\u00c4ntligen kunde Delbert sk\u00e5da skyltarna p\u00e5 plats vid Onsj\u00f6skolan.\" width=\"300\" height=\"201\" \/><\/a><p id=\"caption-attachment-160\" class=\"wp-caption-text\">\u00c4ntligen kunde Delbert sk\u00e5da skyltarna p\u00e5 plats vid Onsj\u00f6skolan.<\/p><\/div>\n<p>\u00c4ntligen \u00e4r skyltarna som varnar f\u00f6r barn p\u00e5 plats vid Onsj\u00f6skolan och skolbarnen d\u00e4r f\u00e5r en tryggare trafikmilj\u00f6. Detta tack vare ett entr\u00e4get arbete av v\u00e5r lokalpolitiker Delbert Jonsson.<br \/>\nMen vi t\u00e4nker inte stoppa h\u00e4r utan vi kommer att forts\u00e4tta att k\u00e4mpa f\u00f6r en b\u00e4ttre trafikmilj\u00f6 f\u00f6r barnen i kommunen.<\/p>\n","protected":false},"excerpt":{"rendered":"<p>\u00c4ntligen \u00e4r skyltarna som varnar f\u00f6r barn p\u00e5 plats vid Onsj\u00f6skolan och skolbarnen d\u00e4r f\u00e5r en tryggare trafikmilj\u00f6. Detta tack vare ett entr\u00e4get arbete av v\u00e5r lokalpolitiker Delbert Jonsson. Men vi t\u00e4nker inte stoppa h\u00e4r utan vi kommer att forts\u00e4tta att k\u00e4mpa f\u00f6r en b\u00e4ttre trafikmilj\u00f6 f\u00f6r barnen i kommunen.<\/p>\n","protected":false},"author":2,"featured_media":0,"comment_status":"closed","ping_status":"closed","sticky":false,"template":"","format":"standard","meta":{"_acf_changed":false,"footnotes":""},"categories":[1],"tags":[17,42,48],"class_list":["post-159","post","type-post","status-publish","format-standard","hentry","category-okategoriserade","tag-barn","tag-sakerhet","tag-trafik"],"acf":[],"yoast_head":"<!-- This site is optimized with the Yoast SEO plugin v27.5 - https:\/\/yoast.com\/product\/yoast-seo-wordpress\/ -->\n<title>Nu \u00e4r \u00e4ntligen skyltarna p\u00e5 plats - Kristdemokraterna - Sval\u00f6v<\/title>\n<meta name=\"robots\" content=\"index, follow, max-snippet:-1, max-image-preview:large, max-video-preview:-1\" \/>\n<link rel=\"canonical\" href=\"https:\/\/wp.kristdemokraterna.se\/svalov\/nu-ar-antligen-skyltarna-pa-plats\/\" \/>\n<meta property=\"og:locale\" content=\"sv_SE\" \/>\n<meta property=\"og:type\" content=\"article\" \/>\n<meta property=\"og:title\" content=\"Nu \u00e4r \u00e4ntligen skyltarna p\u00e5 plats - Kristdemokraterna - Sval\u00f6v\" \/>\n<meta property=\"og:description\" content=\"\u00c4ntligen \u00e4r skyltarna som varnar f\u00f6r barn p\u00e5 plats vid Onsj\u00f6skolan och skolbarnen d\u00e4r f\u00e5r en tryggare trafikmilj\u00f6. Detta tack vare ett entr\u00e4get arbete av v\u00e5r lokalpolitiker Delbert Jonsson. Men vi t\u00e4nker inte stoppa h\u00e4r utan vi kommer att forts\u00e4tta att k\u00e4mpa f\u00f6r en b\u00e4ttre trafikmilj\u00f6 f\u00f6r barnen i kommunen.\" \/>\n<meta property=\"og:url\" content=\"https:\/\/wp.kristdemokraterna.se\/svalov\/nu-ar-antligen-skyltarna-pa-plats\/\" \/>\n<meta property=\"og:site_name\" content=\"Kristdemokraterna - Sval\u00f6v\" \/>\n<meta property=\"article:published_time\" content=\"2014-08-05T10:04:04+00:00\" \/>\n<meta property=\"og:image\" content=\"http:\/\/wp.kristdemokraterna.se\/svalov\/files\/2014\/08\/varning-for-barn-delbert-300x201.jpg\" \/>\n<meta name=\"author\" content=\"Helpdesk Kristdemokraterna\" \/>\n<meta name=\"twitter:card\" content=\"summary_large_image\" \/>\n<meta name=\"twitter:label1\" content=\"Skriven av\" \/>\n\t<meta name=\"twitter:data1\" content=\"Helpdesk Kristdemokraterna\" \/>\n<script type=\"application\/ld+json\" class=\"yoast-schema-graph\">{\"@context\":\"https:\\\/\\\/schema.org\",\"@graph\":[{\"@type\":\"Article\",\"@id\":\"https:\\\/\\\/wp.kristdemokraterna.se\\\/svalov\\\/nu-ar-antligen-skyltarna-pa-plats\\\/#article\",\"isPartOf\":{\"@id\":\"https:\\\/\\\/wp.kristdemokraterna.se\\\/svalov\\\/nu-ar-antligen-skyltarna-pa-plats\\\/\"},\"author\":{\"name\":\"Helpdesk Kristdemokraterna\",\"@id\":\"https:\\\/\\\/wp.kristdemokraterna.se\\\/svalov\\\/#\\\/schema\\\/person\\\/6562e20e17e2df58423fa0f4dc8de535\"},\"headline\":\"Nu \u00e4r \u00e4ntligen skyltarna p\u00e5 plats\",\"datePublished\":\"2014-08-05T10:04:04+00:00\",\"mainEntityOfPage\":{\"@id\":\"https:\\\/\\\/wp.kristdemokraterna.se\\\/svalov\\\/nu-ar-antligen-skyltarna-pa-plats\\\/\"},\"wordCount\":87,\"image\":{\"@id\":\"https:\\\/\\\/wp.kristdemokraterna.se\\\/svalov\\\/nu-ar-antligen-skyltarna-pa-plats\\\/#primaryimage\"},\"thumbnailUrl\":\"http:\\\/\\\/wp.kristdemokraterna.se\\\/svalov\\\/files\\\/2014\\\/08\\\/varning-for-barn-delbert-300x201.jpg\",\"keywords\":[\"Barn\",\"s\u00e4kerhet\",\"trafik\"],\"inLanguage\":\"sv-SE\"},{\"@type\":\"WebPage\",\"@id\":\"https:\\\/\\\/wp.kristdemokraterna.se\\\/svalov\\\/nu-ar-antligen-skyltarna-pa-plats\\\/\",\"url\":\"https:\\\/\\\/wp.kristdemokraterna.se\\\/svalov\\\/nu-ar-antligen-skyltarna-pa-plats\\\/\",\"name\":\"Nu \u00e4r \u00e4ntligen skyltarna p\u00e5 plats - Kristdemokraterna - Sval\u00f6v\",\"isPartOf\":{\"@id\":\"https:\\\/\\\/wp.kristdemokraterna.se\\\/svalov\\\/#website\"},\"primaryImageOfPage\":{\"@id\":\"https:\\\/\\\/wp.kristdemokraterna.se\\\/svalov\\\/nu-ar-antligen-skyltarna-pa-plats\\\/#primaryimage\"},\"image\":{\"@id\":\"https:\\\/\\\/wp.kristdemokraterna.se\\\/svalov\\\/nu-ar-antligen-skyltarna-pa-plats\\\/#primaryimage\"},\"thumbnailUrl\":\"http:\\\/\\\/wp.kristdemokraterna.se\\\/svalov\\\/files\\\/2014\\\/08\\\/varning-for-barn-delbert-300x201.jpg\",\"datePublished\":\"2014-08-05T10:04:04+00:00\",\"author\":{\"@id\":\"https:\\\/\\\/wp.kristdemokraterna.se\\\/svalov\\\/#\\\/schema\\\/person\\\/6562e20e17e2df58423fa0f4dc8de535\"},\"breadcrumb\":{\"@id\":\"https:\\\/\\\/wp.kristdemokraterna.se\\\/svalov\\\/nu-ar-antligen-skyltarna-pa-plats\\\/#breadcrumb\"},\"inLanguage\":\"sv-SE\",\"potentialAction\":[{\"@type\":\"ReadAction\",\"target\":[\"https:\\\/\\\/wp.kristdemokraterna.se\\\/svalov\\\/nu-ar-antligen-skyltarna-pa-plats\\\/\"]}]},{\"@type\":\"ImageObject\",\"inLanguage\":\"sv-SE\",\"@id\":\"https:\\\/\\\/wp.kristdemokraterna.se\\\/svalov\\\/nu-ar-antligen-skyltarna-pa-plats\\\/#primaryimage\",\"url\":\"http:\\\/\\\/wp.kristdemokraterna.se\\\/svalov\\\/files\\\/2014\\\/08\\\/varning-for-barn-delbert-300x201.jpg\",\"contentUrl\":\"http:\\\/\\\/wp.kristdemokraterna.se\\\/svalov\\\/files\\\/2014\\\/08\\\/varning-for-barn-delbert-300x201.jpg\"},{\"@type\":\"BreadcrumbList\",\"@id\":\"https:\\\/\\\/wp.kristdemokraterna.se\\\/svalov\\\/nu-ar-antligen-skyltarna-pa-plats\\\/#breadcrumb\",\"itemListElement\":[{\"@type\":\"ListItem\",\"position\":1,\"name\":\"Hem\",\"item\":\"https:\\\/\\\/wp.kristdemokraterna.se\\\/svalov\\\/\"},{\"@type\":\"ListItem\",\"position\":2,\"name\":\"Nu \u00e4r \u00e4ntligen skyltarna p\u00e5 plats\"}]},{\"@type\":\"WebSite\",\"@id\":\"https:\\\/\\\/wp.kristdemokraterna.se\\\/svalov\\\/#website\",\"url\":\"https:\\\/\\\/wp.kristdemokraterna.se\\\/svalov\\\/\",\"name\":\"Kristdemokraterna - Sval\u00f6v\",\"description\":\"\",\"inLanguage\":\"sv-SE\"},{\"@type\":\"Person\",\"@id\":\"https:\\\/\\\/wp.kristdemokraterna.se\\\/svalov\\\/#\\\/schema\\\/person\\\/6562e20e17e2df58423fa0f4dc8de535\",\"name\":\"Helpdesk Kristdemokraterna\",\"image\":{\"@type\":\"ImageObject\",\"inLanguage\":\"sv-SE\",\"@id\":\"https:\\\/\\\/secure.gravatar.com\\\/avatar\\\/8ea49a6cb5a559b7be600a852cfc8614108618c76571e208b9e938ffcb7f15ff?s=96&d=mm&r=g\",\"url\":\"https:\\\/\\\/secure.gravatar.com\\\/avatar\\\/8ea49a6cb5a559b7be600a852cfc8614108618c76571e208b9e938ffcb7f15ff?s=96&d=mm&r=g\",\"contentUrl\":\"https:\\\/\\\/secure.gravatar.com\\\/avatar\\\/8ea49a6cb5a559b7be600a852cfc8614108618c76571e208b9e938ffcb7f15ff?s=96&d=mm&r=g\",\"caption\":\"Helpdesk Kristdemokraterna\"},\"description\":\"helpdesk@kristdemokraterna.se eller 08-723 25 55\",\"url\":\"https:\\\/\\\/wp.kristdemokraterna.se\\\/svalov\\\/author\\\/admin\\\/\"}]}<\/script>\n<!-- \/ Yoast SEO plugin. -->","yoast_head_json":{"title":"Nu \u00e4r \u00e4ntligen skyltarna p\u00e5 plats - Kristdemokraterna - Sval\u00f6v","robots":{"index":"index","follow":"follow","max-snippet":"max-snippet:-1","max-image-preview":"max-image-preview:large","max-video-preview":"max-video-preview:-1"},"canonical":"https:\/\/wp.kristdemokraterna.se\/svalov\/nu-ar-antligen-skyltarna-pa-plats\/","og_locale":"sv_SE","og_type":"article","og_title":"Nu \u00e4r \u00e4ntligen skyltarna p\u00e5 plats - Kristdemokraterna - Sval\u00f6v","og_description":"\u00c4ntligen \u00e4r skyltarna som varnar f\u00f6r barn p\u00e5 plats vid Onsj\u00f6skolan och skolbarnen d\u00e4r f\u00e5r en tryggare trafikmilj\u00f6. Detta tack vare ett entr\u00e4get arbete av v\u00e5r lokalpolitiker Delbert Jonsson. Men vi t\u00e4nker inte stoppa h\u00e4r utan vi kommer att forts\u00e4tta att k\u00e4mpa f\u00f6r en b\u00e4ttre trafikmilj\u00f6 f\u00f6r barnen i kommunen.","og_url":"https:\/\/wp.kristdemokraterna.se\/svalov\/nu-ar-antligen-skyltarna-pa-plats\/","og_site_name":"Kristdemokraterna - Sval\u00f6v","article_published_time":"2014-08-05T10:04:04+00:00","og_image":[{"url":"http:\/\/wp.kristdemokraterna.se\/svalov\/files\/2014\/08\/varning-for-barn-delbert-300x201.jpg","type":"","width":"","height":""}],"author":"Helpdesk Kristdemokraterna","twitter_card":"summary_large_image","twitter_misc":{"Skriven av":"Helpdesk Kristdemokraterna"},"schema":{"@context":"https:\/\/schema.org","@graph":[{"@type":"Article","@id":"https:\/\/wp.kristdemokraterna.se\/svalov\/nu-ar-antligen-skyltarna-pa-plats\/#article","isPartOf":{"@id":"https:\/\/wp.kristdemokraterna.se\/svalov\/nu-ar-antligen-skyltarna-pa-plats\/"},"author":{"name":"Helpdesk Kristdemokraterna","@id":"https:\/\/wp.kristdemokraterna.se\/svalov\/#\/schema\/person\/6562e20e17e2df58423fa0f4dc8de535"},"headline":"Nu \u00e4r \u00e4ntligen skyltarna p\u00e5 plats","datePublished":"2014-08-05T10:04:04+00:00","mainEntityOfPage":{"@id":"https:\/\/wp.kristdemokraterna.se\/svalov\/nu-ar-antligen-skyltarna-pa-plats\/"},"wordCount":87,"image":{"@id":"https:\/\/wp.kristdemokraterna.se\/svalov\/nu-ar-antligen-skyltarna-pa-plats\/#primaryimage"},"thumbnailUrl":"http:\/\/wp.kristdemokraterna.se\/svalov\/files\/2014\/08\/varning-for-barn-delbert-300x201.jpg","keywords":["Barn","s\u00e4kerhet","trafik"],"inLanguage":"sv-SE"},{"@type":"WebPage","@id":"https:\/\/wp.kristdemokraterna.se\/svalov\/nu-ar-antligen-skyltarna-pa-plats\/","url":"https:\/\/wp.kristdemokraterna.se\/svalov\/nu-ar-antligen-skyltarna-pa-plats\/","name":"Nu \u00e4r \u00e4ntligen skyltarna p\u00e5 plats - Kristdemokraterna - Sval\u00f6v","isPartOf":{"@id":"https:\/\/wp.kristdemokraterna.se\/svalov\/#website"},"primaryImageOfPage":{"@id":"https:\/\/wp.kristdemokraterna.se\/svalov\/nu-ar-antligen-skyltarna-pa-plats\/#primaryimage"},"image":{"@id":"https:\/\/wp.kristdemokraterna.se\/svalov\/nu-ar-antligen-skyltarna-pa-plats\/#primaryimage"},"thumbnailUrl":"http:\/\/wp.kristdemokraterna.se\/svalov\/files\/2014\/08\/varning-for-barn-delbert-300x201.jpg","datePublished":"2014-08-05T10:04:04+00:00","author":{"@id":"https:\/\/wp.kristdemokraterna.se\/svalov\/#\/schema\/person\/6562e20e17e2df58423fa0f4dc8de535"},"breadcrumb":{"@id":"https:\/\/wp.kristdemokraterna.se\/svalov\/nu-ar-antligen-skyltarna-pa-plats\/#breadcrumb"},"inLanguage":"sv-SE","potentialAction":[{"@type":"ReadAction","target":["https:\/\/wp.kristdemokraterna.se\/svalov\/nu-ar-antligen-skyltarna-pa-plats\/"]}]},{"@type":"ImageObject","inLanguage":"sv-SE","@id":"https:\/\/wp.kristdemokraterna.se\/svalov\/nu-ar-antligen-skyltarna-pa-plats\/#primaryimage","url":"http:\/\/wp.kristdemokraterna.se\/svalov\/files\/2014\/08\/varning-for-barn-delbert-300x201.jpg","contentUrl":"http:\/\/wp.kristdemokraterna.se\/svalov\/files\/2014\/08\/varning-for-barn-delbert-300x201.jpg"},{"@type":"BreadcrumbList","@id":"https:\/\/wp.kristdemokraterna.se\/svalov\/nu-ar-antligen-skyltarna-pa-plats\/#breadcrumb","itemListElement":[{"@type":"ListItem","position":1,"name":"Hem","item":"https:\/\/wp.kristdemokraterna.se\/svalov\/"},{"@type":"ListItem","position":2,"name":"Nu \u00e4r \u00e4ntligen skyltarna p\u00e5 plats"}]},{"@type":"WebSite","@id":"https:\/\/wp.kristdemokraterna.se\/svalov\/#website","url":"https:\/\/wp.kristdemokraterna.se\/svalov\/","name":"Kristdemokraterna - Sval\u00f6v","description":"","inLanguage":"sv-SE"},{"@type":"Person","@id":"https:\/\/wp.kristdemokraterna.se\/svalov\/#\/schema\/person\/6562e20e17e2df58423fa0f4dc8de535","name":"Helpdesk Kristdemokraterna","image":{"@type":"ImageObject","inLanguage":"sv-SE","@id":"https:\/\/secure.gravatar.com\/avatar\/8ea49a6cb5a559b7be600a852cfc8614108618c76571e208b9e938ffcb7f15ff?s=96&d=mm&r=g","url":"https:\/\/secure.gravatar.com\/avatar\/8ea49a6cb5a559b7be600a852cfc8614108618c76571e208b9e938ffcb7f15ff?s=96&d=mm&r=g","contentUrl":"https:\/\/secure.gravatar.com\/avatar\/8ea49a6cb5a559b7be600a852cfc8614108618c76571e208b9e938ffcb7f15ff?s=96&d=mm&r=g","caption":"Helpdesk Kristdemokraterna"},"description":"helpdesk@kristdemokraterna.se eller 08-723 25 55","url":"https:\/\/wp.kristdemokraterna.se\/svalov\/author\/admin\/"}]}},"_links":{"self":[{"href":"https:\/\/wp.kristdemokraterna.se\/svalov\/wp-json\/wp\/v2\/posts\/159","targetHints":{"allow":["GET"]}}],"collection":[{"href":"https:\/\/wp.kristdemokraterna.se\/svalov\/wp-json\/wp\/v2\/posts"}],"about":[{"href":"https:\/\/wp.kristdemokraterna.se\/svalov\/wp-json\/wp\/v2\/types\/post"}],"author":[{"embeddable":true,"href":"https:\/\/wp.kristdemokraterna.se\/svalov\/wp-json\/wp\/v2\/users\/2"}],"replies":[{"embeddable":true,"href":"https:\/\/wp.kristdemokraterna.se\/svalov\/wp-json\/wp\/v2\/comments?post=159"}],"version-history":[{"count":0,"href":"https:\/\/wp.kristdemokraterna.se\/svalov\/wp-json\/wp\/v2\/posts\/159\/revisions"}],"wp:attachment":[{"href":"https:\/\/wp.kristdemokraterna.se\/svalov\/wp-json\/wp\/v2\/media?parent=159"}],"wp:term":[{"taxonomy":"category","embeddable":true,"href":"https:\/\/wp.kristdemokraterna.se\/svalov\/wp-json\/wp\/v2\/categories?post=159"},{"taxonomy":"post_tag","embeddable":true,"href":"https:\/\/wp.kristdemokraterna.se\/svalov\/wp-json\/wp\/v2\/tags?post=159"}],"curies":[{"name":"wp","href":"https:\/\/api.w.org\/{rel}","templated":true}]}}