{"id":1726,"date":"2013-11-28T17:06:42","date_gmt":"2013-11-28T16:06:42","guid":{"rendered":"http:\/\/wp.kristdemokraterna.se\/svalov\/?p=135"},"modified":"2013-11-28T17:06:42","modified_gmt":"2013-11-28T16:06:42","slug":"busslinje-243","status":"publish","type":"post","link":"https:\/\/wp.kristdemokraterna.se\/svalov\/busslinje-243\/","title":{"rendered":"Busslinje 243"},"content":{"rendered":"<p>Patrik Wilhelmsson har l\u00e4mnat in en interpellation till Kommunalr\u00e5det Birgitta J\u00f6nsson med anledning av att Sk\u00e5netrafiken fr\u00e5n och med den 15 december tar bort 8 turer p\u00e5 linje 243 mellan R\u00f6st\u00e5nga och Sval\u00f6v.<br \/>\nDet \u00e4r tr\u00e5kigt att det finns personer i kommunen som kan f\u00e5 sv\u00e5rt att ta sig till sitt arbete eller sin utbildning. F\u00e5r hoppas att man kan hitta n\u00e5gon l\u00f6sning p\u00e5 problemet.<\/p>\n<p>Interpellationen i sin helhet finner du h\u00e4r: <a title=\"Interpellation busslinje 243\" href=\"http:\/\/diarier.svalov.se\/Diabaswebb\/famdok.asp?DSN=0&amp;P=328084\" target=\"_blank\" rel=\"noopener\">Interpellation ang\u00e5ende busslinje 243<\/a><\/p>\n","protected":false},"excerpt":{"rendered":"<p>Patrik Wilhelmsson har l\u00e4mnat in en interpellation till Kommunalr\u00e5det Birgitta J\u00f6nsson med anledning av att Sk\u00e5netrafiken fr\u00e5n och med den 15 december tar bort 8 turer p\u00e5 linje 243 mellan R\u00f6st\u00e5nga och Sval\u00f6v. Det \u00e4r tr\u00e5kigt att det finns personer i kommunen som kan f\u00e5 sv\u00e5rt att ta sig till sitt arbete eller sin utbildning. <a class=\"read-more-link\" href=\"https:\/\/wp.kristdemokraterna.se\/svalov\/busslinje-243\/\">L\u00e4s mer<\/a><\/p>\n","protected":false},"author":2,"featured_media":0,"comment_status":"open","ping_status":"open","sticky":false,"template":"","format":"standard","meta":{"_acf_changed":false,"footnotes":""},"categories":[1],"tags":[28,31,44,45,53],"class_list":["post-1726","post","type-post","status-publish","format-standard","hentry","category-okategoriserade","tag-jobb","tag-kollektivtrafik","tag-skanetrafiken","tag-skola","tag-vardagen"],"acf":[],"yoast_head":"<!-- This site is optimized with the Yoast SEO plugin v27.5 - https:\/\/yoast.com\/product\/yoast-seo-wordpress\/ -->\n<title>Busslinje 243 - Kristdemokraterna - Sval\u00f6v<\/title>\n<meta name=\"robots\" content=\"index, follow, max-snippet:-1, max-image-preview:large, max-video-preview:-1\" \/>\n<link rel=\"canonical\" href=\"https:\/\/wp.kristdemokraterna.se\/svalov\/busslinje-243\/\" \/>\n<meta property=\"og:locale\" content=\"sv_SE\" \/>\n<meta property=\"og:type\" content=\"article\" \/>\n<meta property=\"og:title\" content=\"Busslinje 243 - Kristdemokraterna - Sval\u00f6v\" \/>\n<meta property=\"og:description\" content=\"Patrik Wilhelmsson har l\u00e4mnat in en interpellation till Kommunalr\u00e5det Birgitta J\u00f6nsson med anledning av att Sk\u00e5netrafiken fr\u00e5n och med den 15 december tar bort 8 turer p\u00e5 linje 243 mellan R\u00f6st\u00e5nga och Sval\u00f6v. Det \u00e4r tr\u00e5kigt att det finns personer i kommunen som kan f\u00e5 sv\u00e5rt att ta sig till sitt arbete eller sin utbildning. L\u00e4s mer\" \/>\n<meta property=\"og:url\" content=\"https:\/\/wp.kristdemokraterna.se\/svalov\/busslinje-243\/\" \/>\n<meta property=\"og:site_name\" content=\"Kristdemokraterna - Sval\u00f6v\" \/>\n<meta property=\"article:published_time\" content=\"2013-11-28T16:06:42+00:00\" \/>\n<meta name=\"author\" content=\"Helpdesk Kristdemokraterna\" \/>\n<meta name=\"twitter:card\" content=\"summary_large_image\" \/>\n<meta name=\"twitter:label1\" content=\"Skriven av\" \/>\n\t<meta name=\"twitter:data1\" content=\"Helpdesk Kristdemokraterna\" \/>\n<script type=\"application\/ld+json\" class=\"yoast-schema-graph\">{\"@context\":\"https:\\\/\\\/schema.org\",\"@graph\":[{\"@type\":\"Article\",\"@id\":\"https:\\\/\\\/wp.kristdemokraterna.se\\\/svalov\\\/busslinje-243\\\/#article\",\"isPartOf\":{\"@id\":\"https:\\\/\\\/wp.kristdemokraterna.se\\\/svalov\\\/busslinje-243\\\/\"},\"author\":{\"name\":\"Helpdesk Kristdemokraterna\",\"@id\":\"https:\\\/\\\/wp.kristdemokraterna.se\\\/svalov\\\/#\\\/schema\\\/person\\\/6562e20e17e2df58423fa0f4dc8de535\"},\"headline\":\"Busslinje 243\",\"datePublished\":\"2013-11-28T16:06:42+00:00\",\"mainEntityOfPage\":{\"@id\":\"https:\\\/\\\/wp.kristdemokraterna.se\\\/svalov\\\/busslinje-243\\\/\"},\"wordCount\":88,\"commentCount\":0,\"keywords\":[\"jobb\",\"Kollektivtrafik\",\"Sk\u00e5netrafiken\",\"Skola\",\"Vardagen\"],\"inLanguage\":\"sv-SE\"},{\"@type\":\"WebPage\",\"@id\":\"https:\\\/\\\/wp.kristdemokraterna.se\\\/svalov\\\/busslinje-243\\\/\",\"url\":\"https:\\\/\\\/wp.kristdemokraterna.se\\\/svalov\\\/busslinje-243\\\/\",\"name\":\"Busslinje 243 - Kristdemokraterna - Sval\u00f6v\",\"isPartOf\":{\"@id\":\"https:\\\/\\\/wp.kristdemokraterna.se\\\/svalov\\\/#website\"},\"datePublished\":\"2013-11-28T16:06:42+00:00\",\"author\":{\"@id\":\"https:\\\/\\\/wp.kristdemokraterna.se\\\/svalov\\\/#\\\/schema\\\/person\\\/6562e20e17e2df58423fa0f4dc8de535\"},\"breadcrumb\":{\"@id\":\"https:\\\/\\\/wp.kristdemokraterna.se\\\/svalov\\\/busslinje-243\\\/#breadcrumb\"},\"inLanguage\":\"sv-SE\",\"potentialAction\":[{\"@type\":\"ReadAction\",\"target\":[\"https:\\\/\\\/wp.kristdemokraterna.se\\\/svalov\\\/busslinje-243\\\/\"]}]},{\"@type\":\"BreadcrumbList\",\"@id\":\"https:\\\/\\\/wp.kristdemokraterna.se\\\/svalov\\\/busslinje-243\\\/#breadcrumb\",\"itemListElement\":[{\"@type\":\"ListItem\",\"position\":1,\"name\":\"Hem\",\"item\":\"https:\\\/\\\/wp.kristdemokraterna.se\\\/svalov\\\/\"},{\"@type\":\"ListItem\",\"position\":2,\"name\":\"Busslinje 243\"}]},{\"@type\":\"WebSite\",\"@id\":\"https:\\\/\\\/wp.kristdemokraterna.se\\\/svalov\\\/#website\",\"url\":\"https:\\\/\\\/wp.kristdemokraterna.se\\\/svalov\\\/\",\"name\":\"Kristdemokraterna - Sval\u00f6v\",\"description\":\"\",\"inLanguage\":\"sv-SE\"},{\"@type\":\"Person\",\"@id\":\"https:\\\/\\\/wp.kristdemokraterna.se\\\/svalov\\\/#\\\/schema\\\/person\\\/6562e20e17e2df58423fa0f4dc8de535\",\"name\":\"Helpdesk Kristdemokraterna\",\"image\":{\"@type\":\"ImageObject\",\"inLanguage\":\"sv-SE\",\"@id\":\"https:\\\/\\\/secure.gravatar.com\\\/avatar\\\/8ea49a6cb5a559b7be600a852cfc8614108618c76571e208b9e938ffcb7f15ff?s=96&d=mm&r=g\",\"url\":\"https:\\\/\\\/secure.gravatar.com\\\/avatar\\\/8ea49a6cb5a559b7be600a852cfc8614108618c76571e208b9e938ffcb7f15ff?s=96&d=mm&r=g\",\"contentUrl\":\"https:\\\/\\\/secure.gravatar.com\\\/avatar\\\/8ea49a6cb5a559b7be600a852cfc8614108618c76571e208b9e938ffcb7f15ff?s=96&d=mm&r=g\",\"caption\":\"Helpdesk Kristdemokraterna\"},\"description\":\"helpdesk@kristdemokraterna.se eller 08-723 25 55\",\"url\":\"https:\\\/\\\/wp.kristdemokraterna.se\\\/svalov\\\/author\\\/admin\\\/\"}]}<\/script>\n<!-- \/ Yoast SEO plugin. -->","yoast_head_json":{"title":"Busslinje 243 - Kristdemokraterna - Sval\u00f6v","robots":{"index":"index","follow":"follow","max-snippet":"max-snippet:-1","max-image-preview":"max-image-preview:large","max-video-preview":"max-video-preview:-1"},"canonical":"https:\/\/wp.kristdemokraterna.se\/svalov\/busslinje-243\/","og_locale":"sv_SE","og_type":"article","og_title":"Busslinje 243 - Kristdemokraterna - Sval\u00f6v","og_description":"Patrik Wilhelmsson har l\u00e4mnat in en interpellation till Kommunalr\u00e5det Birgitta J\u00f6nsson med anledning av att Sk\u00e5netrafiken fr\u00e5n och med den 15 december tar bort 8 turer p\u00e5 linje 243 mellan R\u00f6st\u00e5nga och Sval\u00f6v. Det \u00e4r tr\u00e5kigt att det finns personer i kommunen som kan f\u00e5 sv\u00e5rt att ta sig till sitt arbete eller sin utbildning. L\u00e4s mer","og_url":"https:\/\/wp.kristdemokraterna.se\/svalov\/busslinje-243\/","og_site_name":"Kristdemokraterna - Sval\u00f6v","article_published_time":"2013-11-28T16:06:42+00:00","author":"Helpdesk Kristdemokraterna","twitter_card":"summary_large_image","twitter_misc":{"Skriven av":"Helpdesk Kristdemokraterna"},"schema":{"@context":"https:\/\/schema.org","@graph":[{"@type":"Article","@id":"https:\/\/wp.kristdemokraterna.se\/svalov\/busslinje-243\/#article","isPartOf":{"@id":"https:\/\/wp.kristdemokraterna.se\/svalov\/busslinje-243\/"},"author":{"name":"Helpdesk Kristdemokraterna","@id":"https:\/\/wp.kristdemokraterna.se\/svalov\/#\/schema\/person\/6562e20e17e2df58423fa0f4dc8de535"},"headline":"Busslinje 243","datePublished":"2013-11-28T16:06:42+00:00","mainEntityOfPage":{"@id":"https:\/\/wp.kristdemokraterna.se\/svalov\/busslinje-243\/"},"wordCount":88,"commentCount":0,"keywords":["jobb","Kollektivtrafik","Sk\u00e5netrafiken","Skola","Vardagen"],"inLanguage":"sv-SE"},{"@type":"WebPage","@id":"https:\/\/wp.kristdemokraterna.se\/svalov\/busslinje-243\/","url":"https:\/\/wp.kristdemokraterna.se\/svalov\/busslinje-243\/","name":"Busslinje 243 - Kristdemokraterna - Sval\u00f6v","isPartOf":{"@id":"https:\/\/wp.kristdemokraterna.se\/svalov\/#website"},"datePublished":"2013-11-28T16:06:42+00:00","author":{"@id":"https:\/\/wp.kristdemokraterna.se\/svalov\/#\/schema\/person\/6562e20e17e2df58423fa0f4dc8de535"},"breadcrumb":{"@id":"https:\/\/wp.kristdemokraterna.se\/svalov\/busslinje-243\/#breadcrumb"},"inLanguage":"sv-SE","potentialAction":[{"@type":"ReadAction","target":["https:\/\/wp.kristdemokraterna.se\/svalov\/busslinje-243\/"]}]},{"@type":"BreadcrumbList","@id":"https:\/\/wp.kristdemokraterna.se\/svalov\/busslinje-243\/#breadcrumb","itemListElement":[{"@type":"ListItem","position":1,"name":"Hem","item":"https:\/\/wp.kristdemokraterna.se\/svalov\/"},{"@type":"ListItem","position":2,"name":"Busslinje 243"}]},{"@type":"WebSite","@id":"https:\/\/wp.kristdemokraterna.se\/svalov\/#website","url":"https:\/\/wp.kristdemokraterna.se\/svalov\/","name":"Kristdemokraterna - Sval\u00f6v","description":"","inLanguage":"sv-SE"},{"@type":"Person","@id":"https:\/\/wp.kristdemokraterna.se\/svalov\/#\/schema\/person\/6562e20e17e2df58423fa0f4dc8de535","name":"Helpdesk Kristdemokraterna","image":{"@type":"ImageObject","inLanguage":"sv-SE","@id":"https:\/\/secure.gravatar.com\/avatar\/8ea49a6cb5a559b7be600a852cfc8614108618c76571e208b9e938ffcb7f15ff?s=96&d=mm&r=g","url":"https:\/\/secure.gravatar.com\/avatar\/8ea49a6cb5a559b7be600a852cfc8614108618c76571e208b9e938ffcb7f15ff?s=96&d=mm&r=g","contentUrl":"https:\/\/secure.gravatar.com\/avatar\/8ea49a6cb5a559b7be600a852cfc8614108618c76571e208b9e938ffcb7f15ff?s=96&d=mm&r=g","caption":"Helpdesk Kristdemokraterna"},"description":"helpdesk@kristdemokraterna.se eller 08-723 25 55","url":"https:\/\/wp.kristdemokraterna.se\/svalov\/author\/admin\/"}]}},"_links":{"self":[{"href":"https:\/\/wp.kristdemokraterna.se\/svalov\/wp-json\/wp\/v2\/posts\/1726","targetHints":{"allow":["GET"]}}],"collection":[{"href":"https:\/\/wp.kristdemokraterna.se\/svalov\/wp-json\/wp\/v2\/posts"}],"about":[{"href":"https:\/\/wp.kristdemokraterna.se\/svalov\/wp-json\/wp\/v2\/types\/post"}],"author":[{"embeddable":true,"href":"https:\/\/wp.kristdemokraterna.se\/svalov\/wp-json\/wp\/v2\/users\/2"}],"replies":[{"embeddable":true,"href":"https:\/\/wp.kristdemokraterna.se\/svalov\/wp-json\/wp\/v2\/comments?post=1726"}],"version-history":[{"count":0,"href":"https:\/\/wp.kristdemokraterna.se\/svalov\/wp-json\/wp\/v2\/posts\/1726\/revisions"}],"wp:attachment":[{"href":"https:\/\/wp.kristdemokraterna.se\/svalov\/wp-json\/wp\/v2\/media?parent=1726"}],"wp:term":[{"taxonomy":"category","embeddable":true,"href":"https:\/\/wp.kristdemokraterna.se\/svalov\/wp-json\/wp\/v2\/categories?post=1726"},{"taxonomy":"post_tag","embeddable":true,"href":"https:\/\/wp.kristdemokraterna.se\/svalov\/wp-json\/wp\/v2\/tags?post=1726"}],"curies":[{"name":"wp","href":"https:\/\/api.w.org\/{rel}","templated":true}]}}