{"id":531,"date":"2016-10-19T19:26:05","date_gmt":"2016-10-19T17:26:05","guid":{"rendered":"http:\/\/wp.kristdemokraterna.se\/svalov\/?p=269"},"modified":"2016-10-19T19:26:05","modified_gmt":"2016-10-19T17:26:05","slug":"kristdemokraterna-har-granskat-naturvardsprogrammet","status":"publish","type":"post","link":"https:\/\/wp.kristdemokraterna.se\/svalov\/kristdemokraterna-har-granskat-naturvardsprogrammet\/","title":{"rendered":"Kristdemokraterna har granskat Naturv\u00e5rdsprogrammet"},"content":{"rendered":"<p>Kristdemokraterna i Sval\u00f6v har granskat f\u00f6rslaget till Naturv\u00e5rdsprogram f\u00f6r Sval\u00f6vs kommun och framf\u00f6rt synpunkter till kommunen. Sj\u00e4lvfallet \u00e4r vi glada att flera decenniers insamling av faktamaterial nu \u00e4ntligen har kunnat sammanst\u00e4llas till ett Naturv\u00e5rdsprogram. Kommunen har ju ett ansvar f\u00f6r att v\u00e4rna naturv\u00e4rdena och att hejda f\u00f6rlusten av biologisk m\u00e5ngfald. Naturen har ju stor betydelse f\u00f6r v\u00e5r fysiska och psykiska h\u00e4lsa och m\u00e5ngfalden av insekter t.ex. \u00e4r viktig f\u00f6r pollinering och d\u00e4rmed sk\u00f6rdeutfallet i vissa lantbruksgr\u00f6dor.<\/p>\n<div id=\"attachment_232\" style=\"width: 550px\" class=\"wp-caption alignleft\"><img loading=\"lazy\" decoding=\"async\" aria-describedby=\"caption-attachment-232\" class=\"size-large wp-image-232\" src=\"http:\/\/wp.kristdemokraterna.se\/svalov\/files\/2015\/03\/img_0785-540x405.jpg\" alt=\"Utveckling kombinerat med bevarande av v\u00e5r underbara natur beh\u00f6vs.\" width=\"540\" height=\"405\" \/><p id=\"caption-attachment-232\" class=\"wp-caption-text\">Utveckling kombinerat med bevarande av v\u00e5r underbara natur beh\u00f6vs.<\/p><\/div>\n<p>Vi hoppas att Naturv\u00e5rdsprogrammet inte bara blir en hyllv\u00e4rmare bland alla andra planer. Vi vill se ett f\u00f6rverkligande av intentionerna i programmet. F\u00f6r detta kr\u00e4vs att medel \u00e5rligen avs\u00e4tts i kommunens budget f\u00f6r sk\u00f6tsel\u00e5tg\u00e4rder.<\/p>\n<p><em>L\u00e4s hela v\u00e5rt yttrande h\u00e4r: <a href=\"http:\/\/wp.kristdemokraterna.se\/svalov\/files\/2016\/10\/synpunkter-naturvardsprogram-20161009.pdf\">synpunkter-naturvardsprogram-20161009<\/a><\/em><\/p>\n","protected":false},"excerpt":{"rendered":"<p>Kristdemokraterna i Sval\u00f6v har granskat f\u00f6rslaget till Naturv\u00e5rdsprogram f\u00f6r Sval\u00f6vs kommun och framf\u00f6rt synpunkter till kommunen. Sj\u00e4lvfallet \u00e4r vi glada att flera decenniers insamling av faktamaterial nu \u00e4ntligen har kunnat sammanst\u00e4llas till ett Naturv\u00e5rdsprogram. Kommunen har ju ett ansvar f\u00f6r att v\u00e4rna naturv\u00e4rdena och att hejda f\u00f6rlusten av biologisk m\u00e5ngfald. Naturen har ju stor betydelse <a class=\"read-more-link\" href=\"https:\/\/wp.kristdemokraterna.se\/svalov\/kristdemokraterna-har-granskat-naturvardsprogrammet\/\">L\u00e4s mer<\/a><\/p>\n","protected":false},"author":2,"featured_media":0,"comment_status":"closed","ping_status":"closed","sticky":false,"template":"","format":"standard","meta":{"_acf_changed":false,"footnotes":""},"categories":[1],"tags":[],"class_list":["post-531","post","type-post","status-publish","format-standard","hentry","category-okategoriserade"],"acf":[],"yoast_head":"<!-- This site is optimized with the Yoast SEO plugin v27.4 - https:\/\/yoast.com\/product\/yoast-seo-wordpress\/ -->\n<title>Kristdemokraterna har granskat Naturv\u00e5rdsprogrammet - Kristdemokraterna - Sval\u00f6v<\/title>\n<meta name=\"robots\" content=\"index, follow, max-snippet:-1, max-image-preview:large, max-video-preview:-1\" \/>\n<link rel=\"canonical\" href=\"https:\/\/wp.kristdemokraterna.se\/svalov\/kristdemokraterna-har-granskat-naturvardsprogrammet\/\" \/>\n<meta property=\"og:locale\" content=\"sv_SE\" \/>\n<meta property=\"og:type\" content=\"article\" \/>\n<meta property=\"og:title\" content=\"Kristdemokraterna har granskat Naturv\u00e5rdsprogrammet - Kristdemokraterna - Sval\u00f6v\" \/>\n<meta property=\"og:description\" content=\"Kristdemokraterna i Sval\u00f6v har granskat f\u00f6rslaget till Naturv\u00e5rdsprogram f\u00f6r Sval\u00f6vs kommun och framf\u00f6rt synpunkter till kommunen. Sj\u00e4lvfallet \u00e4r vi glada att flera decenniers insamling av faktamaterial nu \u00e4ntligen har kunnat sammanst\u00e4llas till ett Naturv\u00e5rdsprogram. Kommunen har ju ett ansvar f\u00f6r att v\u00e4rna naturv\u00e4rdena och att hejda f\u00f6rlusten av biologisk m\u00e5ngfald. Naturen har ju stor betydelse L\u00e4s mer\" \/>\n<meta property=\"og:url\" content=\"https:\/\/wp.kristdemokraterna.se\/svalov\/kristdemokraterna-har-granskat-naturvardsprogrammet\/\" \/>\n<meta property=\"og:site_name\" content=\"Kristdemokraterna - Sval\u00f6v\" \/>\n<meta property=\"article:published_time\" content=\"2016-10-19T17:26:05+00:00\" \/>\n<meta property=\"og:image\" content=\"http:\/\/wp.kristdemokraterna.se\/svalov\/files\/2015\/03\/img_0785-540x405.jpg\" \/>\n<meta name=\"author\" content=\"Helpdesk Kristdemokraterna\" \/>\n<meta name=\"twitter:card\" content=\"summary_large_image\" \/>\n<meta name=\"twitter:label1\" content=\"Skriven av\" \/>\n\t<meta name=\"twitter:data1\" content=\"Helpdesk Kristdemokraterna\" \/>\n\t<meta name=\"twitter:label2\" content=\"Ber\u00e4knad l\u00e4stid\" \/>\n\t<meta name=\"twitter:data2\" content=\"1 minut\" \/>\n<script type=\"application\/ld+json\" class=\"yoast-schema-graph\">{\"@context\":\"https:\\\/\\\/schema.org\",\"@graph\":[{\"@type\":\"Article\",\"@id\":\"https:\\\/\\\/wp.kristdemokraterna.se\\\/svalov\\\/kristdemokraterna-har-granskat-naturvardsprogrammet\\\/#article\",\"isPartOf\":{\"@id\":\"https:\\\/\\\/wp.kristdemokraterna.se\\\/svalov\\\/kristdemokraterna-har-granskat-naturvardsprogrammet\\\/\"},\"author\":{\"name\":\"Helpdesk Kristdemokraterna\",\"@id\":\"https:\\\/\\\/wp.kristdemokraterna.se\\\/svalov\\\/#\\\/schema\\\/person\\\/6562e20e17e2df58423fa0f4dc8de535\"},\"headline\":\"Kristdemokraterna har granskat Naturv\u00e5rdsprogrammet\",\"datePublished\":\"2016-10-19T17:26:05+00:00\",\"mainEntityOfPage\":{\"@id\":\"https:\\\/\\\/wp.kristdemokraterna.se\\\/svalov\\\/kristdemokraterna-har-granskat-naturvardsprogrammet\\\/\"},\"wordCount\":175,\"image\":{\"@id\":\"https:\\\/\\\/wp.kristdemokraterna.se\\\/svalov\\\/kristdemokraterna-har-granskat-naturvardsprogrammet\\\/#primaryimage\"},\"thumbnailUrl\":\"http:\\\/\\\/wp.kristdemokraterna.se\\\/svalov\\\/files\\\/2015\\\/03\\\/img_0785-540x405.jpg\",\"inLanguage\":\"sv-SE\"},{\"@type\":\"WebPage\",\"@id\":\"https:\\\/\\\/wp.kristdemokraterna.se\\\/svalov\\\/kristdemokraterna-har-granskat-naturvardsprogrammet\\\/\",\"url\":\"https:\\\/\\\/wp.kristdemokraterna.se\\\/svalov\\\/kristdemokraterna-har-granskat-naturvardsprogrammet\\\/\",\"name\":\"Kristdemokraterna har granskat Naturv\u00e5rdsprogrammet - Kristdemokraterna - Sval\u00f6v\",\"isPartOf\":{\"@id\":\"https:\\\/\\\/wp.kristdemokraterna.se\\\/svalov\\\/#website\"},\"primaryImageOfPage\":{\"@id\":\"https:\\\/\\\/wp.kristdemokraterna.se\\\/svalov\\\/kristdemokraterna-har-granskat-naturvardsprogrammet\\\/#primaryimage\"},\"image\":{\"@id\":\"https:\\\/\\\/wp.kristdemokraterna.se\\\/svalov\\\/kristdemokraterna-har-granskat-naturvardsprogrammet\\\/#primaryimage\"},\"thumbnailUrl\":\"http:\\\/\\\/wp.kristdemokraterna.se\\\/svalov\\\/files\\\/2015\\\/03\\\/img_0785-540x405.jpg\",\"datePublished\":\"2016-10-19T17:26:05+00:00\",\"author\":{\"@id\":\"https:\\\/\\\/wp.kristdemokraterna.se\\\/svalov\\\/#\\\/schema\\\/person\\\/6562e20e17e2df58423fa0f4dc8de535\"},\"breadcrumb\":{\"@id\":\"https:\\\/\\\/wp.kristdemokraterna.se\\\/svalov\\\/kristdemokraterna-har-granskat-naturvardsprogrammet\\\/#breadcrumb\"},\"inLanguage\":\"sv-SE\",\"potentialAction\":[{\"@type\":\"ReadAction\",\"target\":[\"https:\\\/\\\/wp.kristdemokraterna.se\\\/svalov\\\/kristdemokraterna-har-granskat-naturvardsprogrammet\\\/\"]}]},{\"@type\":\"ImageObject\",\"inLanguage\":\"sv-SE\",\"@id\":\"https:\\\/\\\/wp.kristdemokraterna.se\\\/svalov\\\/kristdemokraterna-har-granskat-naturvardsprogrammet\\\/#primaryimage\",\"url\":\"http:\\\/\\\/wp.kristdemokraterna.se\\\/svalov\\\/files\\\/2015\\\/03\\\/img_0785-540x405.jpg\",\"contentUrl\":\"http:\\\/\\\/wp.kristdemokraterna.se\\\/svalov\\\/files\\\/2015\\\/03\\\/img_0785-540x405.jpg\"},{\"@type\":\"BreadcrumbList\",\"@id\":\"https:\\\/\\\/wp.kristdemokraterna.se\\\/svalov\\\/kristdemokraterna-har-granskat-naturvardsprogrammet\\\/#breadcrumb\",\"itemListElement\":[{\"@type\":\"ListItem\",\"position\":1,\"name\":\"Hem\",\"item\":\"https:\\\/\\\/wp.kristdemokraterna.se\\\/svalov\\\/\"},{\"@type\":\"ListItem\",\"position\":2,\"name\":\"Kristdemokraterna har granskat Naturv\u00e5rdsprogrammet\"}]},{\"@type\":\"WebSite\",\"@id\":\"https:\\\/\\\/wp.kristdemokraterna.se\\\/svalov\\\/#website\",\"url\":\"https:\\\/\\\/wp.kristdemokraterna.se\\\/svalov\\\/\",\"name\":\"Kristdemokraterna - Sval\u00f6v\",\"description\":\"\",\"inLanguage\":\"sv-SE\"},{\"@type\":\"Person\",\"@id\":\"https:\\\/\\\/wp.kristdemokraterna.se\\\/svalov\\\/#\\\/schema\\\/person\\\/6562e20e17e2df58423fa0f4dc8de535\",\"name\":\"Helpdesk Kristdemokraterna\",\"image\":{\"@type\":\"ImageObject\",\"inLanguage\":\"sv-SE\",\"@id\":\"https:\\\/\\\/secure.gravatar.com\\\/avatar\\\/8ea49a6cb5a559b7be600a852cfc8614108618c76571e208b9e938ffcb7f15ff?s=96&d=mm&r=g\",\"url\":\"https:\\\/\\\/secure.gravatar.com\\\/avatar\\\/8ea49a6cb5a559b7be600a852cfc8614108618c76571e208b9e938ffcb7f15ff?s=96&d=mm&r=g\",\"contentUrl\":\"https:\\\/\\\/secure.gravatar.com\\\/avatar\\\/8ea49a6cb5a559b7be600a852cfc8614108618c76571e208b9e938ffcb7f15ff?s=96&d=mm&r=g\",\"caption\":\"Helpdesk Kristdemokraterna\"},\"description\":\"helpdesk@kristdemokraterna.se eller 08-723 25 55\",\"url\":\"https:\\\/\\\/wp.kristdemokraterna.se\\\/svalov\\\/author\\\/admin\\\/\"}]}<\/script>\n<!-- \/ Yoast SEO plugin. -->","yoast_head_json":{"title":"Kristdemokraterna har granskat Naturv\u00e5rdsprogrammet - Kristdemokraterna - Sval\u00f6v","robots":{"index":"index","follow":"follow","max-snippet":"max-snippet:-1","max-image-preview":"max-image-preview:large","max-video-preview":"max-video-preview:-1"},"canonical":"https:\/\/wp.kristdemokraterna.se\/svalov\/kristdemokraterna-har-granskat-naturvardsprogrammet\/","og_locale":"sv_SE","og_type":"article","og_title":"Kristdemokraterna har granskat Naturv\u00e5rdsprogrammet - Kristdemokraterna - Sval\u00f6v","og_description":"Kristdemokraterna i Sval\u00f6v har granskat f\u00f6rslaget till Naturv\u00e5rdsprogram f\u00f6r Sval\u00f6vs kommun och framf\u00f6rt synpunkter till kommunen. Sj\u00e4lvfallet \u00e4r vi glada att flera decenniers insamling av faktamaterial nu \u00e4ntligen har kunnat sammanst\u00e4llas till ett Naturv\u00e5rdsprogram. Kommunen har ju ett ansvar f\u00f6r att v\u00e4rna naturv\u00e4rdena och att hejda f\u00f6rlusten av biologisk m\u00e5ngfald. Naturen har ju stor betydelse L\u00e4s mer","og_url":"https:\/\/wp.kristdemokraterna.se\/svalov\/kristdemokraterna-har-granskat-naturvardsprogrammet\/","og_site_name":"Kristdemokraterna - Sval\u00f6v","article_published_time":"2016-10-19T17:26:05+00:00","og_image":[{"url":"http:\/\/wp.kristdemokraterna.se\/svalov\/files\/2015\/03\/img_0785-540x405.jpg","type":"","width":"","height":""}],"author":"Helpdesk Kristdemokraterna","twitter_card":"summary_large_image","twitter_misc":{"Skriven av":"Helpdesk Kristdemokraterna","Ber\u00e4knad l\u00e4stid":"1 minut"},"schema":{"@context":"https:\/\/schema.org","@graph":[{"@type":"Article","@id":"https:\/\/wp.kristdemokraterna.se\/svalov\/kristdemokraterna-har-granskat-naturvardsprogrammet\/#article","isPartOf":{"@id":"https:\/\/wp.kristdemokraterna.se\/svalov\/kristdemokraterna-har-granskat-naturvardsprogrammet\/"},"author":{"name":"Helpdesk Kristdemokraterna","@id":"https:\/\/wp.kristdemokraterna.se\/svalov\/#\/schema\/person\/6562e20e17e2df58423fa0f4dc8de535"},"headline":"Kristdemokraterna har granskat Naturv\u00e5rdsprogrammet","datePublished":"2016-10-19T17:26:05+00:00","mainEntityOfPage":{"@id":"https:\/\/wp.kristdemokraterna.se\/svalov\/kristdemokraterna-har-granskat-naturvardsprogrammet\/"},"wordCount":175,"image":{"@id":"https:\/\/wp.kristdemokraterna.se\/svalov\/kristdemokraterna-har-granskat-naturvardsprogrammet\/#primaryimage"},"thumbnailUrl":"http:\/\/wp.kristdemokraterna.se\/svalov\/files\/2015\/03\/img_0785-540x405.jpg","inLanguage":"sv-SE"},{"@type":"WebPage","@id":"https:\/\/wp.kristdemokraterna.se\/svalov\/kristdemokraterna-har-granskat-naturvardsprogrammet\/","url":"https:\/\/wp.kristdemokraterna.se\/svalov\/kristdemokraterna-har-granskat-naturvardsprogrammet\/","name":"Kristdemokraterna har granskat Naturv\u00e5rdsprogrammet - Kristdemokraterna - Sval\u00f6v","isPartOf":{"@id":"https:\/\/wp.kristdemokraterna.se\/svalov\/#website"},"primaryImageOfPage":{"@id":"https:\/\/wp.kristdemokraterna.se\/svalov\/kristdemokraterna-har-granskat-naturvardsprogrammet\/#primaryimage"},"image":{"@id":"https:\/\/wp.kristdemokraterna.se\/svalov\/kristdemokraterna-har-granskat-naturvardsprogrammet\/#primaryimage"},"thumbnailUrl":"http:\/\/wp.kristdemokraterna.se\/svalov\/files\/2015\/03\/img_0785-540x405.jpg","datePublished":"2016-10-19T17:26:05+00:00","author":{"@id":"https:\/\/wp.kristdemokraterna.se\/svalov\/#\/schema\/person\/6562e20e17e2df58423fa0f4dc8de535"},"breadcrumb":{"@id":"https:\/\/wp.kristdemokraterna.se\/svalov\/kristdemokraterna-har-granskat-naturvardsprogrammet\/#breadcrumb"},"inLanguage":"sv-SE","potentialAction":[{"@type":"ReadAction","target":["https:\/\/wp.kristdemokraterna.se\/svalov\/kristdemokraterna-har-granskat-naturvardsprogrammet\/"]}]},{"@type":"ImageObject","inLanguage":"sv-SE","@id":"https:\/\/wp.kristdemokraterna.se\/svalov\/kristdemokraterna-har-granskat-naturvardsprogrammet\/#primaryimage","url":"http:\/\/wp.kristdemokraterna.se\/svalov\/files\/2015\/03\/img_0785-540x405.jpg","contentUrl":"http:\/\/wp.kristdemokraterna.se\/svalov\/files\/2015\/03\/img_0785-540x405.jpg"},{"@type":"BreadcrumbList","@id":"https:\/\/wp.kristdemokraterna.se\/svalov\/kristdemokraterna-har-granskat-naturvardsprogrammet\/#breadcrumb","itemListElement":[{"@type":"ListItem","position":1,"name":"Hem","item":"https:\/\/wp.kristdemokraterna.se\/svalov\/"},{"@type":"ListItem","position":2,"name":"Kristdemokraterna har granskat Naturv\u00e5rdsprogrammet"}]},{"@type":"WebSite","@id":"https:\/\/wp.kristdemokraterna.se\/svalov\/#website","url":"https:\/\/wp.kristdemokraterna.se\/svalov\/","name":"Kristdemokraterna - Sval\u00f6v","description":"","inLanguage":"sv-SE"},{"@type":"Person","@id":"https:\/\/wp.kristdemokraterna.se\/svalov\/#\/schema\/person\/6562e20e17e2df58423fa0f4dc8de535","name":"Helpdesk Kristdemokraterna","image":{"@type":"ImageObject","inLanguage":"sv-SE","@id":"https:\/\/secure.gravatar.com\/avatar\/8ea49a6cb5a559b7be600a852cfc8614108618c76571e208b9e938ffcb7f15ff?s=96&d=mm&r=g","url":"https:\/\/secure.gravatar.com\/avatar\/8ea49a6cb5a559b7be600a852cfc8614108618c76571e208b9e938ffcb7f15ff?s=96&d=mm&r=g","contentUrl":"https:\/\/secure.gravatar.com\/avatar\/8ea49a6cb5a559b7be600a852cfc8614108618c76571e208b9e938ffcb7f15ff?s=96&d=mm&r=g","caption":"Helpdesk Kristdemokraterna"},"description":"helpdesk@kristdemokraterna.se eller 08-723 25 55","url":"https:\/\/wp.kristdemokraterna.se\/svalov\/author\/admin\/"}]}},"_links":{"self":[{"href":"https:\/\/wp.kristdemokraterna.se\/svalov\/wp-json\/wp\/v2\/posts\/531","targetHints":{"allow":["GET"]}}],"collection":[{"href":"https:\/\/wp.kristdemokraterna.se\/svalov\/wp-json\/wp\/v2\/posts"}],"about":[{"href":"https:\/\/wp.kristdemokraterna.se\/svalov\/wp-json\/wp\/v2\/types\/post"}],"author":[{"embeddable":true,"href":"https:\/\/wp.kristdemokraterna.se\/svalov\/wp-json\/wp\/v2\/users\/2"}],"replies":[{"embeddable":true,"href":"https:\/\/wp.kristdemokraterna.se\/svalov\/wp-json\/wp\/v2\/comments?post=531"}],"version-history":[{"count":0,"href":"https:\/\/wp.kristdemokraterna.se\/svalov\/wp-json\/wp\/v2\/posts\/531\/revisions"}],"wp:attachment":[{"href":"https:\/\/wp.kristdemokraterna.se\/svalov\/wp-json\/wp\/v2\/media?parent=531"}],"wp:term":[{"taxonomy":"category","embeddable":true,"href":"https:\/\/wp.kristdemokraterna.se\/svalov\/wp-json\/wp\/v2\/categories?post=531"},{"taxonomy":"post_tag","embeddable":true,"href":"https:\/\/wp.kristdemokraterna.se\/svalov\/wp-json\/wp\/v2\/tags?post=531"}],"curies":[{"name":"wp","href":"https:\/\/api.w.org\/{rel}","templated":true}]}}