{"id":562,"date":"2018-12-20T23:10:32","date_gmt":"2018-12-20T22:10:32","guid":{"rendered":"http:\/\/wp.kristdemokraterna.se\/svalov\/?p=562"},"modified":"2018-12-20T23:10:32","modified_gmt":"2018-12-20T22:10:32","slug":"efter-en-hel-dags-fullmaktige-ar-valen-till-namnderna-klara","status":"publish","type":"post","link":"https:\/\/wp.kristdemokraterna.se\/svalov\/efter-en-hel-dags-fullmaktige-ar-valen-till-namnderna-klara\/","title":{"rendered":"Efter en hel dags fullm\u00e4ktige \u00e4r valen till n\u00e4mnderna klara"},"content":{"rendered":"<p>Som resultat av valet och samverkan inom Alliansen har Kristdemokraterna i Sval\u00f6v nu f\u00f6ljande politiska uppdrag:<\/p>\n<p>Kommunfullm\u00e4ktige:<br \/>\n<a class=\"profileLink\" href=\"https:\/\/www.facebook.com\/aase.jonsson?__tn__=%2CdK-R-R&amp;eid=ARCFso56R561NAIVwma8scsNYdRw3e5dLsnX3RDeuBsaSQWcRs8DeBjIcjML17l9iuNOBtENIgVdCIfZ&amp;fref=mentions\" data-hovercard=\"\/ajax\/hovercard\/user.php?id=1646595924&amp;extragetparams=%7B%22__tn__%22%3A%22%2CdK-R-R%22%2C%22eid%22%3A%22ARCFso56R561NAIVwma8scsNYdRw3e5dLsnX3RDeuBsaSQWcRs8DeBjIcjML17l9iuNOBtENIgVdCIfZ%22%2C%22fref%22%3A%22mentions%22%7D\" data-hovercard-prefer-more-content-show=\"1\">Aase J\u00f6nsson<\/a>, ledamot;<br \/>\n<a class=\"profileLink\" href=\"https:\/\/www.facebook.com\/delbert.aake.jonsson?__tn__=%2CdK-R-R&amp;eid=ARAyAitfOTy3S8Qtpn2K4DTqxEGlq7ZZaJ8lV7mfmhOI6tSSt5r3COybtzD9x1IZamdghUJ4_uaH0A4t&amp;fref=mentions\" data-hovercard=\"\/ajax\/hovercard\/user.php?id=602182538&amp;extragetparams=%7B%22__tn__%22%3A%22%2CdK-R-R%22%2C%22eid%22%3A%22ARAyAitfOTy3S8Qtpn2K4DTqxEGlq7ZZaJ8lV7mfmhOI6tSSt5r3COybtzD9x1IZamdghUJ4_uaH0A4t%22%2C%22fref%22%3A%22mentions%22%7D\" data-hovercard-prefer-more-content-show=\"1\">\u00c5ke Jonsson<\/a>, 1:e ers\u00e4ttare<br \/>\n<a class=\"profileLink\" href=\"https:\/\/www.facebook.com\/anders.bjerehjelm?__tn__=%2CdK-R-R&amp;eid=ARBCUgrtT7e-y6DWsdrRx5JRn_0xRnMIR6gp4acFg-et802aF2cw2zFylg7w5ggf2HzttKgzrL62Xjg5&amp;fref=mentions\" data-hovercard=\"\/ajax\/hovercard\/user.php?id=1819316614&amp;extragetparams=%7B%22__tn__%22%3A%22%2CdK-R-R%22%2C%22eid%22%3A%22ARBCUgrtT7e-y6DWsdrRx5JRn_0xRnMIR6gp4acFg-et802aF2cw2zFylg7w5ggf2HzttKgzrL62Xjg5%22%2C%22fref%22%3A%22mentions%22%7D\" data-hovercard-prefer-more-content-show=\"1\">Anders Bjerehjelm<\/a>, 2:e ers\u00e4ttare.<span class=\"text_exposed_show\"><br \/>\n<\/span><\/p>\n<p><span class=\"text_exposed_show\">Kommunstyrelsen: Aase J\u00f6nsson, ers\u00e4ttare.<br \/>\nKommunstyrelsens arbetsutskott: Aase J\u00f6nsson, ers\u00e4ttare<br \/>\n<\/span><\/p>\n<p><span class=\"text_exposed_show\">Valberedningsn\u00e4mnden:<br \/>\n\u00c5ke Jonsson, ledamot<br \/>\nAnders Bjerehjelm, ers\u00e4ttare.<br \/>\n<\/span><\/p>\n<p><span class=\"text_exposed_show\">Socialn\u00e4mnden: Aase J\u00f6nsson, ordf\u00f6rande.<br \/>\n<\/span><\/p>\n<p><span class=\"text_exposed_show\">V\u00e5rd- och omsorgsn\u00e4mnden: Camilla Terp, ers\u00e4ttare.<br \/>\n<\/span><\/p>\n<p><span class=\"text_exposed_show\">Samh\u00e4llsbyggnadsn\u00e4mnden: \u00c5ke Jonsson, ledamot.<br \/>\n<\/span><\/p>\n<p><span class=\"text_exposed_show\">Bildningsn\u00e4mnden: Anders Bjerehjelm, ers\u00e4ttare.<br \/>\n<\/span><\/p>\n<p><span class=\"text_exposed_show\">Krisledningsn\u00e4mnden: Aase J\u00f6nsson, ers\u00e4ttare.<br \/>\n<\/span><\/p>\n<p><span class=\"text_exposed_show\">FINSAM Landskrona-Sval\u00f6v: Aase J\u00f6nsson, ledamot<\/span><\/p>\n","protected":false},"excerpt":{"rendered":"<p>Som resultat av valet och samverkan inom Alliansen har Kristdemokraterna i Sval\u00f6v nu f\u00f6ljande politiska uppdrag: Kommunfullm\u00e4ktige: Aase J\u00f6nsson, ledamot; \u00c5ke Jonsson, 1:e ers\u00e4ttare Anders Bjerehjelm, 2:e ers\u00e4ttare. Kommunstyrelsen: Aase J\u00f6nsson, ers\u00e4ttare. Kommunstyrelsens arbetsutskott: Aase J\u00f6nsson, ers\u00e4ttare Valberedningsn\u00e4mnden: \u00c5ke Jonsson, ledamot Anders Bjerehjelm, ers\u00e4ttare. Socialn\u00e4mnden: Aase J\u00f6nsson, ordf\u00f6rande. V\u00e5rd- och omsorgsn\u00e4mnden: Camilla Terp, ers\u00e4ttare. Samh\u00e4llsbyggnadsn\u00e4mnden: <a class=\"read-more-link\" href=\"https:\/\/wp.kristdemokraterna.se\/svalov\/efter-en-hel-dags-fullmaktige-ar-valen-till-namnderna-klara\/\">L\u00e4s mer<\/a><\/p>\n","protected":false},"author":2,"featured_media":0,"comment_status":"closed","ping_status":"closed","sticky":false,"template":"","format":"standard","meta":{"_acf_changed":false,"footnotes":""},"categories":[1],"tags":[],"class_list":["post-562","post","type-post","status-publish","format-standard","hentry","category-okategoriserade"],"acf":[],"yoast_head":"<!-- This site is optimized with the Yoast SEO plugin v27.4 - https:\/\/yoast.com\/product\/yoast-seo-wordpress\/ -->\n<title>Efter en hel dags fullm\u00e4ktige \u00e4r valen till n\u00e4mnderna klara - Kristdemokraterna - Sval\u00f6v<\/title>\n<meta name=\"robots\" content=\"index, follow, max-snippet:-1, max-image-preview:large, max-video-preview:-1\" \/>\n<link rel=\"canonical\" href=\"https:\/\/wp.kristdemokraterna.se\/svalov\/efter-en-hel-dags-fullmaktige-ar-valen-till-namnderna-klara\/\" \/>\n<meta property=\"og:locale\" content=\"sv_SE\" \/>\n<meta property=\"og:type\" content=\"article\" \/>\n<meta property=\"og:title\" content=\"Efter en hel dags fullm\u00e4ktige \u00e4r valen till n\u00e4mnderna klara - Kristdemokraterna - Sval\u00f6v\" \/>\n<meta property=\"og:description\" content=\"Som resultat av valet och samverkan inom Alliansen har Kristdemokraterna i Sval\u00f6v nu f\u00f6ljande politiska uppdrag: Kommunfullm\u00e4ktige: Aase J\u00f6nsson, ledamot; \u00c5ke Jonsson, 1:e ers\u00e4ttare Anders Bjerehjelm, 2:e ers\u00e4ttare. Kommunstyrelsen: Aase J\u00f6nsson, ers\u00e4ttare. Kommunstyrelsens arbetsutskott: Aase J\u00f6nsson, ers\u00e4ttare Valberedningsn\u00e4mnden: \u00c5ke Jonsson, ledamot Anders Bjerehjelm, ers\u00e4ttare. Socialn\u00e4mnden: Aase J\u00f6nsson, ordf\u00f6rande. V\u00e5rd- och omsorgsn\u00e4mnden: Camilla Terp, ers\u00e4ttare. Samh\u00e4llsbyggnadsn\u00e4mnden: L\u00e4s mer\" \/>\n<meta property=\"og:url\" content=\"https:\/\/wp.kristdemokraterna.se\/svalov\/efter-en-hel-dags-fullmaktige-ar-valen-till-namnderna-klara\/\" \/>\n<meta property=\"og:site_name\" content=\"Kristdemokraterna - Sval\u00f6v\" \/>\n<meta property=\"article:published_time\" content=\"2018-12-20T22:10:32+00:00\" \/>\n<meta name=\"author\" content=\"Helpdesk Kristdemokraterna\" \/>\n<meta name=\"twitter:card\" content=\"summary_large_image\" \/>\n<meta name=\"twitter:label1\" content=\"Skriven av\" \/>\n\t<meta name=\"twitter:data1\" content=\"Helpdesk Kristdemokraterna\" \/>\n<script type=\"application\/ld+json\" class=\"yoast-schema-graph\">{\"@context\":\"https:\\\/\\\/schema.org\",\"@graph\":[{\"@type\":\"Article\",\"@id\":\"https:\\\/\\\/wp.kristdemokraterna.se\\\/svalov\\\/efter-en-hel-dags-fullmaktige-ar-valen-till-namnderna-klara\\\/#article\",\"isPartOf\":{\"@id\":\"https:\\\/\\\/wp.kristdemokraterna.se\\\/svalov\\\/efter-en-hel-dags-fullmaktige-ar-valen-till-namnderna-klara\\\/\"},\"author\":{\"name\":\"Helpdesk Kristdemokraterna\",\"@id\":\"https:\\\/\\\/wp.kristdemokraterna.se\\\/svalov\\\/#\\\/schema\\\/person\\\/6562e20e17e2df58423fa0f4dc8de535\"},\"headline\":\"Efter en hel dags fullm\u00e4ktige \u00e4r valen till n\u00e4mnderna klara\",\"datePublished\":\"2018-12-20T22:10:32+00:00\",\"mainEntityOfPage\":{\"@id\":\"https:\\\/\\\/wp.kristdemokraterna.se\\\/svalov\\\/efter-en-hel-dags-fullmaktige-ar-valen-till-namnderna-klara\\\/\"},\"wordCount\":110,\"inLanguage\":\"sv-SE\"},{\"@type\":\"WebPage\",\"@id\":\"https:\\\/\\\/wp.kristdemokraterna.se\\\/svalov\\\/efter-en-hel-dags-fullmaktige-ar-valen-till-namnderna-klara\\\/\",\"url\":\"https:\\\/\\\/wp.kristdemokraterna.se\\\/svalov\\\/efter-en-hel-dags-fullmaktige-ar-valen-till-namnderna-klara\\\/\",\"name\":\"Efter en hel dags fullm\u00e4ktige \u00e4r valen till n\u00e4mnderna klara - Kristdemokraterna - Sval\u00f6v\",\"isPartOf\":{\"@id\":\"https:\\\/\\\/wp.kristdemokraterna.se\\\/svalov\\\/#website\"},\"datePublished\":\"2018-12-20T22:10:32+00:00\",\"author\":{\"@id\":\"https:\\\/\\\/wp.kristdemokraterna.se\\\/svalov\\\/#\\\/schema\\\/person\\\/6562e20e17e2df58423fa0f4dc8de535\"},\"breadcrumb\":{\"@id\":\"https:\\\/\\\/wp.kristdemokraterna.se\\\/svalov\\\/efter-en-hel-dags-fullmaktige-ar-valen-till-namnderna-klara\\\/#breadcrumb\"},\"inLanguage\":\"sv-SE\",\"potentialAction\":[{\"@type\":\"ReadAction\",\"target\":[\"https:\\\/\\\/wp.kristdemokraterna.se\\\/svalov\\\/efter-en-hel-dags-fullmaktige-ar-valen-till-namnderna-klara\\\/\"]}]},{\"@type\":\"BreadcrumbList\",\"@id\":\"https:\\\/\\\/wp.kristdemokraterna.se\\\/svalov\\\/efter-en-hel-dags-fullmaktige-ar-valen-till-namnderna-klara\\\/#breadcrumb\",\"itemListElement\":[{\"@type\":\"ListItem\",\"position\":1,\"name\":\"Hem\",\"item\":\"https:\\\/\\\/wp.kristdemokraterna.se\\\/svalov\\\/\"},{\"@type\":\"ListItem\",\"position\":2,\"name\":\"Efter en hel dags fullm\u00e4ktige \u00e4r valen till n\u00e4mnderna klara\"}]},{\"@type\":\"WebSite\",\"@id\":\"https:\\\/\\\/wp.kristdemokraterna.se\\\/svalov\\\/#website\",\"url\":\"https:\\\/\\\/wp.kristdemokraterna.se\\\/svalov\\\/\",\"name\":\"Kristdemokraterna - Sval\u00f6v\",\"description\":\"\",\"inLanguage\":\"sv-SE\"},{\"@type\":\"Person\",\"@id\":\"https:\\\/\\\/wp.kristdemokraterna.se\\\/svalov\\\/#\\\/schema\\\/person\\\/6562e20e17e2df58423fa0f4dc8de535\",\"name\":\"Helpdesk Kristdemokraterna\",\"image\":{\"@type\":\"ImageObject\",\"inLanguage\":\"sv-SE\",\"@id\":\"https:\\\/\\\/secure.gravatar.com\\\/avatar\\\/8ea49a6cb5a559b7be600a852cfc8614108618c76571e208b9e938ffcb7f15ff?s=96&d=mm&r=g\",\"url\":\"https:\\\/\\\/secure.gravatar.com\\\/avatar\\\/8ea49a6cb5a559b7be600a852cfc8614108618c76571e208b9e938ffcb7f15ff?s=96&d=mm&r=g\",\"contentUrl\":\"https:\\\/\\\/secure.gravatar.com\\\/avatar\\\/8ea49a6cb5a559b7be600a852cfc8614108618c76571e208b9e938ffcb7f15ff?s=96&d=mm&r=g\",\"caption\":\"Helpdesk Kristdemokraterna\"},\"description\":\"helpdesk@kristdemokraterna.se eller 08-723 25 55\",\"url\":\"https:\\\/\\\/wp.kristdemokraterna.se\\\/svalov\\\/author\\\/admin\\\/\"}]}<\/script>\n<!-- \/ Yoast SEO plugin. -->","yoast_head_json":{"title":"Efter en hel dags fullm\u00e4ktige \u00e4r valen till n\u00e4mnderna klara - Kristdemokraterna - Sval\u00f6v","robots":{"index":"index","follow":"follow","max-snippet":"max-snippet:-1","max-image-preview":"max-image-preview:large","max-video-preview":"max-video-preview:-1"},"canonical":"https:\/\/wp.kristdemokraterna.se\/svalov\/efter-en-hel-dags-fullmaktige-ar-valen-till-namnderna-klara\/","og_locale":"sv_SE","og_type":"article","og_title":"Efter en hel dags fullm\u00e4ktige \u00e4r valen till n\u00e4mnderna klara - Kristdemokraterna - Sval\u00f6v","og_description":"Som resultat av valet och samverkan inom Alliansen har Kristdemokraterna i Sval\u00f6v nu f\u00f6ljande politiska uppdrag: Kommunfullm\u00e4ktige: Aase J\u00f6nsson, ledamot; \u00c5ke Jonsson, 1:e ers\u00e4ttare Anders Bjerehjelm, 2:e ers\u00e4ttare. Kommunstyrelsen: Aase J\u00f6nsson, ers\u00e4ttare. Kommunstyrelsens arbetsutskott: Aase J\u00f6nsson, ers\u00e4ttare Valberedningsn\u00e4mnden: \u00c5ke Jonsson, ledamot Anders Bjerehjelm, ers\u00e4ttare. Socialn\u00e4mnden: Aase J\u00f6nsson, ordf\u00f6rande. V\u00e5rd- och omsorgsn\u00e4mnden: Camilla Terp, ers\u00e4ttare. Samh\u00e4llsbyggnadsn\u00e4mnden: L\u00e4s mer","og_url":"https:\/\/wp.kristdemokraterna.se\/svalov\/efter-en-hel-dags-fullmaktige-ar-valen-till-namnderna-klara\/","og_site_name":"Kristdemokraterna - Sval\u00f6v","article_published_time":"2018-12-20T22:10:32+00:00","author":"Helpdesk Kristdemokraterna","twitter_card":"summary_large_image","twitter_misc":{"Skriven av":"Helpdesk Kristdemokraterna"},"schema":{"@context":"https:\/\/schema.org","@graph":[{"@type":"Article","@id":"https:\/\/wp.kristdemokraterna.se\/svalov\/efter-en-hel-dags-fullmaktige-ar-valen-till-namnderna-klara\/#article","isPartOf":{"@id":"https:\/\/wp.kristdemokraterna.se\/svalov\/efter-en-hel-dags-fullmaktige-ar-valen-till-namnderna-klara\/"},"author":{"name":"Helpdesk Kristdemokraterna","@id":"https:\/\/wp.kristdemokraterna.se\/svalov\/#\/schema\/person\/6562e20e17e2df58423fa0f4dc8de535"},"headline":"Efter en hel dags fullm\u00e4ktige \u00e4r valen till n\u00e4mnderna klara","datePublished":"2018-12-20T22:10:32+00:00","mainEntityOfPage":{"@id":"https:\/\/wp.kristdemokraterna.se\/svalov\/efter-en-hel-dags-fullmaktige-ar-valen-till-namnderna-klara\/"},"wordCount":110,"inLanguage":"sv-SE"},{"@type":"WebPage","@id":"https:\/\/wp.kristdemokraterna.se\/svalov\/efter-en-hel-dags-fullmaktige-ar-valen-till-namnderna-klara\/","url":"https:\/\/wp.kristdemokraterna.se\/svalov\/efter-en-hel-dags-fullmaktige-ar-valen-till-namnderna-klara\/","name":"Efter en hel dags fullm\u00e4ktige \u00e4r valen till n\u00e4mnderna klara - Kristdemokraterna - Sval\u00f6v","isPartOf":{"@id":"https:\/\/wp.kristdemokraterna.se\/svalov\/#website"},"datePublished":"2018-12-20T22:10:32+00:00","author":{"@id":"https:\/\/wp.kristdemokraterna.se\/svalov\/#\/schema\/person\/6562e20e17e2df58423fa0f4dc8de535"},"breadcrumb":{"@id":"https:\/\/wp.kristdemokraterna.se\/svalov\/efter-en-hel-dags-fullmaktige-ar-valen-till-namnderna-klara\/#breadcrumb"},"inLanguage":"sv-SE","potentialAction":[{"@type":"ReadAction","target":["https:\/\/wp.kristdemokraterna.se\/svalov\/efter-en-hel-dags-fullmaktige-ar-valen-till-namnderna-klara\/"]}]},{"@type":"BreadcrumbList","@id":"https:\/\/wp.kristdemokraterna.se\/svalov\/efter-en-hel-dags-fullmaktige-ar-valen-till-namnderna-klara\/#breadcrumb","itemListElement":[{"@type":"ListItem","position":1,"name":"Hem","item":"https:\/\/wp.kristdemokraterna.se\/svalov\/"},{"@type":"ListItem","position":2,"name":"Efter en hel dags fullm\u00e4ktige \u00e4r valen till n\u00e4mnderna klara"}]},{"@type":"WebSite","@id":"https:\/\/wp.kristdemokraterna.se\/svalov\/#website","url":"https:\/\/wp.kristdemokraterna.se\/svalov\/","name":"Kristdemokraterna - Sval\u00f6v","description":"","inLanguage":"sv-SE"},{"@type":"Person","@id":"https:\/\/wp.kristdemokraterna.se\/svalov\/#\/schema\/person\/6562e20e17e2df58423fa0f4dc8de535","name":"Helpdesk Kristdemokraterna","image":{"@type":"ImageObject","inLanguage":"sv-SE","@id":"https:\/\/secure.gravatar.com\/avatar\/8ea49a6cb5a559b7be600a852cfc8614108618c76571e208b9e938ffcb7f15ff?s=96&d=mm&r=g","url":"https:\/\/secure.gravatar.com\/avatar\/8ea49a6cb5a559b7be600a852cfc8614108618c76571e208b9e938ffcb7f15ff?s=96&d=mm&r=g","contentUrl":"https:\/\/secure.gravatar.com\/avatar\/8ea49a6cb5a559b7be600a852cfc8614108618c76571e208b9e938ffcb7f15ff?s=96&d=mm&r=g","caption":"Helpdesk Kristdemokraterna"},"description":"helpdesk@kristdemokraterna.se eller 08-723 25 55","url":"https:\/\/wp.kristdemokraterna.se\/svalov\/author\/admin\/"}]}},"_links":{"self":[{"href":"https:\/\/wp.kristdemokraterna.se\/svalov\/wp-json\/wp\/v2\/posts\/562","targetHints":{"allow":["GET"]}}],"collection":[{"href":"https:\/\/wp.kristdemokraterna.se\/svalov\/wp-json\/wp\/v2\/posts"}],"about":[{"href":"https:\/\/wp.kristdemokraterna.se\/svalov\/wp-json\/wp\/v2\/types\/post"}],"author":[{"embeddable":true,"href":"https:\/\/wp.kristdemokraterna.se\/svalov\/wp-json\/wp\/v2\/users\/2"}],"replies":[{"embeddable":true,"href":"https:\/\/wp.kristdemokraterna.se\/svalov\/wp-json\/wp\/v2\/comments?post=562"}],"version-history":[{"count":0,"href":"https:\/\/wp.kristdemokraterna.se\/svalov\/wp-json\/wp\/v2\/posts\/562\/revisions"}],"wp:attachment":[{"href":"https:\/\/wp.kristdemokraterna.se\/svalov\/wp-json\/wp\/v2\/media?parent=562"}],"wp:term":[{"taxonomy":"category","embeddable":true,"href":"https:\/\/wp.kristdemokraterna.se\/svalov\/wp-json\/wp\/v2\/categories?post=562"},{"taxonomy":"post_tag","embeddable":true,"href":"https:\/\/wp.kristdemokraterna.se\/svalov\/wp-json\/wp\/v2\/tags?post=562"}],"curies":[{"name":"wp","href":"https:\/\/api.w.org\/{rel}","templated":true}]}}