{"id":640,"date":"2025-03-29T20:51:57","date_gmt":"2025-03-29T19:51:57","guid":{"rendered":"https:\/\/wp.kristdemokraterna.se\/svedala\/?p=640"},"modified":"2025-03-29T20:51:57","modified_gmt":"2025-03-29T19:51:57","slug":"debatten-om-raddningstjansten-riskerar-att-bli-en-stangd-dorr","status":"publish","type":"post","link":"https:\/\/wp.kristdemokraterna.se\/svedala\/debatten-om-raddningstjansten-riskerar-att-bli-en-stangd-dorr\/","title":{"rendered":"Debatten om r\u00e4ddningstj\u00e4nsten riskerar att bli en st\u00e4ngd d\u00f6rr"},"content":{"rendered":"<p><strong>P\u00e5 kommunstyrelsens senaste m\u00f6te lade ordf\u00f6rande Erik Stoy (M)<\/strong> fram ett initiativ\u00e4rende om en debatt inf\u00f6r folkomr\u00f6stningen om Svedalas r\u00e4ddningstj\u00e4nst. <strong>Ett till synes positivt initiativ \u2013 men det verkliga inneh\u00e5llet i beslutet pekar \u00e5t ett helt annat h\u00e5ll.<\/strong><\/p>\n<p>N\u00e4r fr\u00e5gan gick vidare till kommunstyrelsens arbetsutskott <strong>r\u00f6stade Stoy (M), Ambj\u00f6rn Hardenstedt (S) och Sara Ripa (C)<\/strong> gemensamt f\u00f6r att debatten <strong>ska begr\u00e4nsas till endast fyra deltagare <\/strong>\u2013 tv\u00e5 fr\u00e5n varje sida. Det inneb\u00e4r att Svedalas brandmans f\u00f6rening <strong>som tog initiativ till folkomr\u00f6stningen inte f\u00e5r n\u00e5gon plats alls<\/strong><strong>.<\/strong><\/p>\n<p><!--more-->Detta \u00e4r inte bara orimligt \u2013 det \u00e4r en demokratisk paradox. Hur kan de som satte ig\u00e5ng processen nu tystas i den debatt som ska f\u00f6reg\u00e5 folkets beslut? Det \u00e4r att st\u00e4nga d\u00f6rren f\u00f6r dem som \u00f6ppnade den.<\/p>\n<p>Sverigedemokraterna r\u00f6stade emot och f\u00f6reslog ist\u00e4llet att varje parti samt en representant f\u00f6r folkinitiativet skulle f\u00e5 delta. Det vore ett mer rimligt och r\u00e4ttvist uppl\u00e4gg.<\/p>\n<p>Debatten ska inte vara ett politiskt sk\u00e5despel \u2013 den ska vara en m\u00f6jlighet f\u00f6r inv\u00e5narna att f\u00e5 h\u00f6ra alla relevanta r\u00f6ster inf\u00f6r en avg\u00f6rande folkomr\u00f6stning. Kristdemokraterna kr\u00e4ver att beslutet ompr\u00f6vas. <strong>Vi vill se en \u00f6ppen debatt, d\u00e4r partier, initiativtagare och andra intressenter bjuds in.<\/strong><\/p>\n<p>F\u00f6r demokratins skull \u2013 l\u00e5t folkomr\u00f6stningen om r\u00e4ddningstj\u00e4nsten pr\u00e4glas av \u00f6ppenhet, inte av politisk kontroll.<\/p>\n<p><strong>Kristdemokraterna i Svedala<\/strong><\/p>\n","protected":false},"excerpt":{"rendered":"<p>P\u00e5 kommunstyrelsens senaste m\u00f6te lade ordf\u00f6rande Erik Stoy (M) fram ett initiativ\u00e4rende om en debatt inf\u00f6r folkomr\u00f6stningen om Svedalas r\u00e4ddningstj\u00e4nst. Ett till synes positivt initiativ \u2013 men det verkliga inneh\u00e5llet i beslutet pekar \u00e5t ett helt annat h\u00e5ll. N\u00e4r fr\u00e5gan gick vidare till kommunstyrelsens arbetsutskott r\u00f6stade Stoy (M), Ambj\u00f6rn Hardenstedt (S) och Sara Ripa (C) <a class=\"read-more-link\" href=\"https:\/\/wp.kristdemokraterna.se\/svedala\/debatten-om-raddningstjansten-riskerar-att-bli-en-stangd-dorr\/\">L\u00e4s mer<\/a><\/p>\n","protected":false},"author":945,"featured_media":0,"comment_status":"closed","ping_status":"closed","sticky":false,"template":"","format":"standard","meta":{"_acf_changed":false,"footnotes":""},"categories":[14],"tags":[],"class_list":["post-640","post","type-post","status-publish","format-standard","hentry","category-raddningstjanst"],"acf":[],"yoast_head":"<!-- This site is optimized with the Yoast SEO plugin v27.4 - https:\/\/yoast.com\/product\/yoast-seo-wordpress\/ -->\n<title>Debatten om r\u00e4ddningstj\u00e4nsten riskerar att bli en st\u00e4ngd d\u00f6rr - Kristdemokraterna | Svedala<\/title>\n<meta name=\"description\" content=\"Debatt om r\u00e4ddningstj\u00e4nsten riskerar a\" \/>\n<meta name=\"robots\" content=\"index, follow, max-snippet:-1, max-image-preview:large, max-video-preview:-1\" \/>\n<link rel=\"canonical\" href=\"https:\/\/wp.kristdemokraterna.se\/svedala\/debatten-om-raddningstjansten-riskerar-att-bli-en-stangd-dorr\/\" \/>\n<meta property=\"og:locale\" content=\"sv_SE\" \/>\n<meta property=\"og:type\" content=\"article\" \/>\n<meta property=\"og:title\" content=\"Debatten om r\u00e4ddningstj\u00e4nsten riskerar att bli en st\u00e4ngd d\u00f6rr - Kristdemokraterna | Svedala\" \/>\n<meta property=\"og:description\" content=\"Debatt om r\u00e4ddningstj\u00e4nsten riskerar a\" \/>\n<meta property=\"og:url\" content=\"https:\/\/wp.kristdemokraterna.se\/svedala\/debatten-om-raddningstjansten-riskerar-att-bli-en-stangd-dorr\/\" \/>\n<meta property=\"og:site_name\" content=\"Kristdemokraterna | Svedala\" \/>\n<meta property=\"article:author\" content=\"https:\/\/www.facebook.com\/KDSvedala\" \/>\n<meta property=\"article:published_time\" content=\"2025-03-29T19:51:57+00:00\" \/>\n<meta name=\"author\" content=\"svedala\" \/>\n<meta name=\"twitter:card\" content=\"summary_large_image\" \/>\n<meta name=\"twitter:label1\" content=\"Skriven av\" \/>\n\t<meta name=\"twitter:data1\" content=\"svedala\" \/>\n\t<meta name=\"twitter:label2\" content=\"Ber\u00e4knad l\u00e4stid\" \/>\n\t<meta name=\"twitter:data2\" content=\"2 minuter\" \/>\n<script type=\"application\/ld+json\" class=\"yoast-schema-graph\">{\"@context\":\"https:\\\/\\\/schema.org\",\"@graph\":[{\"@type\":\"Article\",\"@id\":\"https:\\\/\\\/wp.kristdemokraterna.se\\\/svedala\\\/debatten-om-raddningstjansten-riskerar-att-bli-en-stangd-dorr\\\/#article\",\"isPartOf\":{\"@id\":\"https:\\\/\\\/wp.kristdemokraterna.se\\\/svedala\\\/debatten-om-raddningstjansten-riskerar-att-bli-en-stangd-dorr\\\/\"},\"author\":{\"name\":\"svedala\",\"@id\":\"https:\\\/\\\/wp.kristdemokraterna.se\\\/svedala\\\/#\\\/schema\\\/person\\\/3d1398a59e3cee8910b9e54a7de0c3ee\"},\"headline\":\"Debatten om r\u00e4ddningstj\u00e4nsten riskerar att bli en st\u00e4ngd d\u00f6rr\",\"datePublished\":\"2025-03-29T19:51:57+00:00\",\"mainEntityOfPage\":{\"@id\":\"https:\\\/\\\/wp.kristdemokraterna.se\\\/svedala\\\/debatten-om-raddningstjansten-riskerar-att-bli-en-stangd-dorr\\\/\"},\"wordCount\":269,\"articleSection\":[\"R\u00e4ddningstj\u00e4nst\"],\"inLanguage\":\"sv-SE\"},{\"@type\":\"WebPage\",\"@id\":\"https:\\\/\\\/wp.kristdemokraterna.se\\\/svedala\\\/debatten-om-raddningstjansten-riskerar-att-bli-en-stangd-dorr\\\/\",\"url\":\"https:\\\/\\\/wp.kristdemokraterna.se\\\/svedala\\\/debatten-om-raddningstjansten-riskerar-att-bli-en-stangd-dorr\\\/\",\"name\":\"Debatten om r\u00e4ddningstj\u00e4nsten riskerar att bli en st\u00e4ngd d\u00f6rr - Kristdemokraterna | Svedala\",\"isPartOf\":{\"@id\":\"https:\\\/\\\/wp.kristdemokraterna.se\\\/svedala\\\/#website\"},\"datePublished\":\"2025-03-29T19:51:57+00:00\",\"author\":{\"@id\":\"https:\\\/\\\/wp.kristdemokraterna.se\\\/svedala\\\/#\\\/schema\\\/person\\\/3d1398a59e3cee8910b9e54a7de0c3ee\"},\"description\":\"Debatt om r\u00e4ddningstj\u00e4nsten riskerar a\",\"breadcrumb\":{\"@id\":\"https:\\\/\\\/wp.kristdemokraterna.se\\\/svedala\\\/debatten-om-raddningstjansten-riskerar-att-bli-en-stangd-dorr\\\/#breadcrumb\"},\"inLanguage\":\"sv-SE\",\"potentialAction\":[{\"@type\":\"ReadAction\",\"target\":[\"https:\\\/\\\/wp.kristdemokraterna.se\\\/svedala\\\/debatten-om-raddningstjansten-riskerar-att-bli-en-stangd-dorr\\\/\"]}]},{\"@type\":\"BreadcrumbList\",\"@id\":\"https:\\\/\\\/wp.kristdemokraterna.se\\\/svedala\\\/debatten-om-raddningstjansten-riskerar-att-bli-en-stangd-dorr\\\/#breadcrumb\",\"itemListElement\":[{\"@type\":\"ListItem\",\"position\":1,\"name\":\"Hem\",\"item\":\"https:\\\/\\\/wp.kristdemokraterna.se\\\/svedala\\\/\"},{\"@type\":\"ListItem\",\"position\":2,\"name\":\"Debatten om r\u00e4ddningstj\u00e4nsten riskerar att bli en st\u00e4ngd d\u00f6rr\"}]},{\"@type\":\"WebSite\",\"@id\":\"https:\\\/\\\/wp.kristdemokraterna.se\\\/svedala\\\/#website\",\"url\":\"https:\\\/\\\/wp.kristdemokraterna.se\\\/svedala\\\/\",\"name\":\"Kristdemokraterna | Svedala\",\"description\":\"Ett Svedala d\u00e4r n\u00e4rhet, ansvar och omtanke f\u00e5r styra \u2013 inte storskalighet och centralisering\",\"inLanguage\":\"sv-SE\"},{\"@type\":\"Person\",\"@id\":\"https:\\\/\\\/wp.kristdemokraterna.se\\\/svedala\\\/#\\\/schema\\\/person\\\/3d1398a59e3cee8910b9e54a7de0c3ee\",\"name\":\"svedala\",\"image\":{\"@type\":\"ImageObject\",\"inLanguage\":\"sv-SE\",\"@id\":\"https:\\\/\\\/secure.gravatar.com\\\/avatar\\\/1b94617fcb6329bca9e3557b768050901f95da08c3f160db21ccd75d493c45b0?s=96&d=mm&r=g\",\"url\":\"https:\\\/\\\/secure.gravatar.com\\\/avatar\\\/1b94617fcb6329bca9e3557b768050901f95da08c3f160db21ccd75d493c45b0?s=96&d=mm&r=g\",\"contentUrl\":\"https:\\\/\\\/secure.gravatar.com\\\/avatar\\\/1b94617fcb6329bca9e3557b768050901f95da08c3f160db21ccd75d493c45b0?s=96&d=mm&r=g\",\"caption\":\"svedala\"},\"sameAs\":[\"http:\\\/\\\/www.kristdemokraterna.se\\\/svedala\",\"https:\\\/\\\/www.facebook.com\\\/KDSvedala\",\"https:\\\/\\\/www.instagram.com\\\/kd.svedala\\\/\"],\"url\":\"https:\\\/\\\/wp.kristdemokraterna.se\\\/svedala\\\/author\\\/svedala\\\/\"}]}<\/script>\n<!-- \/ Yoast SEO plugin. -->","yoast_head_json":{"title":"Debatten om r\u00e4ddningstj\u00e4nsten riskerar att bli en st\u00e4ngd d\u00f6rr - Kristdemokraterna | Svedala","description":"Debatt om r\u00e4ddningstj\u00e4nsten riskerar a","robots":{"index":"index","follow":"follow","max-snippet":"max-snippet:-1","max-image-preview":"max-image-preview:large","max-video-preview":"max-video-preview:-1"},"canonical":"https:\/\/wp.kristdemokraterna.se\/svedala\/debatten-om-raddningstjansten-riskerar-att-bli-en-stangd-dorr\/","og_locale":"sv_SE","og_type":"article","og_title":"Debatten om r\u00e4ddningstj\u00e4nsten riskerar att bli en st\u00e4ngd d\u00f6rr - Kristdemokraterna | Svedala","og_description":"Debatt om r\u00e4ddningstj\u00e4nsten riskerar a","og_url":"https:\/\/wp.kristdemokraterna.se\/svedala\/debatten-om-raddningstjansten-riskerar-att-bli-en-stangd-dorr\/","og_site_name":"Kristdemokraterna | Svedala","article_author":"https:\/\/www.facebook.com\/KDSvedala","article_published_time":"2025-03-29T19:51:57+00:00","author":"svedala","twitter_card":"summary_large_image","twitter_misc":{"Skriven av":"svedala","Ber\u00e4knad l\u00e4stid":"2 minuter"},"schema":{"@context":"https:\/\/schema.org","@graph":[{"@type":"Article","@id":"https:\/\/wp.kristdemokraterna.se\/svedala\/debatten-om-raddningstjansten-riskerar-att-bli-en-stangd-dorr\/#article","isPartOf":{"@id":"https:\/\/wp.kristdemokraterna.se\/svedala\/debatten-om-raddningstjansten-riskerar-att-bli-en-stangd-dorr\/"},"author":{"name":"svedala","@id":"https:\/\/wp.kristdemokraterna.se\/svedala\/#\/schema\/person\/3d1398a59e3cee8910b9e54a7de0c3ee"},"headline":"Debatten om r\u00e4ddningstj\u00e4nsten riskerar att bli en st\u00e4ngd d\u00f6rr","datePublished":"2025-03-29T19:51:57+00:00","mainEntityOfPage":{"@id":"https:\/\/wp.kristdemokraterna.se\/svedala\/debatten-om-raddningstjansten-riskerar-att-bli-en-stangd-dorr\/"},"wordCount":269,"articleSection":["R\u00e4ddningstj\u00e4nst"],"inLanguage":"sv-SE"},{"@type":"WebPage","@id":"https:\/\/wp.kristdemokraterna.se\/svedala\/debatten-om-raddningstjansten-riskerar-att-bli-en-stangd-dorr\/","url":"https:\/\/wp.kristdemokraterna.se\/svedala\/debatten-om-raddningstjansten-riskerar-att-bli-en-stangd-dorr\/","name":"Debatten om r\u00e4ddningstj\u00e4nsten riskerar att bli en st\u00e4ngd d\u00f6rr - Kristdemokraterna | Svedala","isPartOf":{"@id":"https:\/\/wp.kristdemokraterna.se\/svedala\/#website"},"datePublished":"2025-03-29T19:51:57+00:00","author":{"@id":"https:\/\/wp.kristdemokraterna.se\/svedala\/#\/schema\/person\/3d1398a59e3cee8910b9e54a7de0c3ee"},"description":"Debatt om r\u00e4ddningstj\u00e4nsten riskerar a","breadcrumb":{"@id":"https:\/\/wp.kristdemokraterna.se\/svedala\/debatten-om-raddningstjansten-riskerar-att-bli-en-stangd-dorr\/#breadcrumb"},"inLanguage":"sv-SE","potentialAction":[{"@type":"ReadAction","target":["https:\/\/wp.kristdemokraterna.se\/svedala\/debatten-om-raddningstjansten-riskerar-att-bli-en-stangd-dorr\/"]}]},{"@type":"BreadcrumbList","@id":"https:\/\/wp.kristdemokraterna.se\/svedala\/debatten-om-raddningstjansten-riskerar-att-bli-en-stangd-dorr\/#breadcrumb","itemListElement":[{"@type":"ListItem","position":1,"name":"Hem","item":"https:\/\/wp.kristdemokraterna.se\/svedala\/"},{"@type":"ListItem","position":2,"name":"Debatten om r\u00e4ddningstj\u00e4nsten riskerar att bli en st\u00e4ngd d\u00f6rr"}]},{"@type":"WebSite","@id":"https:\/\/wp.kristdemokraterna.se\/svedala\/#website","url":"https:\/\/wp.kristdemokraterna.se\/svedala\/","name":"Kristdemokraterna | Svedala","description":"Ett Svedala d\u00e4r n\u00e4rhet, ansvar och omtanke f\u00e5r styra \u2013 inte storskalighet och centralisering","inLanguage":"sv-SE"},{"@type":"Person","@id":"https:\/\/wp.kristdemokraterna.se\/svedala\/#\/schema\/person\/3d1398a59e3cee8910b9e54a7de0c3ee","name":"svedala","image":{"@type":"ImageObject","inLanguage":"sv-SE","@id":"https:\/\/secure.gravatar.com\/avatar\/1b94617fcb6329bca9e3557b768050901f95da08c3f160db21ccd75d493c45b0?s=96&d=mm&r=g","url":"https:\/\/secure.gravatar.com\/avatar\/1b94617fcb6329bca9e3557b768050901f95da08c3f160db21ccd75d493c45b0?s=96&d=mm&r=g","contentUrl":"https:\/\/secure.gravatar.com\/avatar\/1b94617fcb6329bca9e3557b768050901f95da08c3f160db21ccd75d493c45b0?s=96&d=mm&r=g","caption":"svedala"},"sameAs":["http:\/\/www.kristdemokraterna.se\/svedala","https:\/\/www.facebook.com\/KDSvedala","https:\/\/www.instagram.com\/kd.svedala\/"],"url":"https:\/\/wp.kristdemokraterna.se\/svedala\/author\/svedala\/"}]}},"_links":{"self":[{"href":"https:\/\/wp.kristdemokraterna.se\/svedala\/wp-json\/wp\/v2\/posts\/640","targetHints":{"allow":["GET"]}}],"collection":[{"href":"https:\/\/wp.kristdemokraterna.se\/svedala\/wp-json\/wp\/v2\/posts"}],"about":[{"href":"https:\/\/wp.kristdemokraterna.se\/svedala\/wp-json\/wp\/v2\/types\/post"}],"author":[{"embeddable":true,"href":"https:\/\/wp.kristdemokraterna.se\/svedala\/wp-json\/wp\/v2\/users\/945"}],"replies":[{"embeddable":true,"href":"https:\/\/wp.kristdemokraterna.se\/svedala\/wp-json\/wp\/v2\/comments?post=640"}],"version-history":[{"count":2,"href":"https:\/\/wp.kristdemokraterna.se\/svedala\/wp-json\/wp\/v2\/posts\/640\/revisions"}],"predecessor-version":[{"id":688,"href":"https:\/\/wp.kristdemokraterna.se\/svedala\/wp-json\/wp\/v2\/posts\/640\/revisions\/688"}],"wp:attachment":[{"href":"https:\/\/wp.kristdemokraterna.se\/svedala\/wp-json\/wp\/v2\/media?parent=640"}],"wp:term":[{"taxonomy":"category","embeddable":true,"href":"https:\/\/wp.kristdemokraterna.se\/svedala\/wp-json\/wp\/v2\/categories?post=640"},{"taxonomy":"post_tag","embeddable":true,"href":"https:\/\/wp.kristdemokraterna.se\/svedala\/wp-json\/wp\/v2\/tags?post=640"}],"curies":[{"name":"wp","href":"https:\/\/api.w.org\/{rel}","templated":true}]}}