{"id":699,"date":"2025-04-24T13:10:27","date_gmt":"2025-04-24T11:10:27","guid":{"rendered":"https:\/\/wp.kristdemokraterna.se\/svedala\/?p=699"},"modified":"2026-01-28T18:21:53","modified_gmt":"2026-01-28T17:21:53","slug":"5-nya-bidrag-som-starker-foreningarna-i-svedala-en-framtid-med-fler-mojligheter","status":"publish","type":"post","link":"https:\/\/wp.kristdemokraterna.se\/svedala\/5-nya-bidrag-som-starker-foreningarna-i-svedala-en-framtid-med-fler-mojligheter\/","title":{"rendered":"5 nya bidrag som st\u00e4rker f\u00f6reningarna i Svedala \u2013 En framtid med fler m\u00f6jligheter!"},"content":{"rendered":"<p>Den 23 april fattade Kommunfullm\u00e4ktige ett viktigt beslut som kommer att f\u00f6r\u00e4ndra f\u00f6ruts\u00e4ttningarna f\u00f6r m\u00e5nga f\u00f6reningar i Svedala. De fem nya bidragen som nu inf\u00f6rs kommer att ge f\u00f6reningarna \u00f6kad m\u00f6jlighet att v\u00e4xa, utvecklas och skapa mer aktiviteter som gagnar hela v\u00e5r gemenskap. Det \u00e4r en satsning som inte bara syftar till att st\u00e4rka redan etablerade f\u00f6reningar utan ocks\u00e5 ge nya f\u00f6reningar chans att blomstra. H\u00e4r \u00e4r en n\u00e4rmare titt p\u00e5 de nya bidragen och hur de kommer att p\u00e5verka f\u00f6reningslivet i Svedala.<!--more--><\/p>\n<h4 class=\"\" data-start=\"736\" data-end=\"817\">1. <strong data-start=\"744\" data-end=\"765\">Utvecklingsbidrag<\/strong> \u2013 F\u00f6r att skapa en h\u00e5llbar och inkluderande framtid<\/h4>\n<p class=\"\" data-start=\"819\" data-end=\"1415\">F\u00f6reningar spelar en central roll i att bygga starka och inkluderande samh\u00e4llen. Med <strong data-start=\"904\" data-end=\"927\">utvecklingsbidraget<\/strong> f\u00e5r f\u00f6reningar m\u00f6jlighet att arbeta med viktiga insatser inom omr\u00e5den som j\u00e4mst\u00e4lldhet, trygga f\u00f6reningsmilj\u00f6er, folkh\u00e4lsa, och samverkan. Detta bidrag syftar till att st\u00f6dja f\u00f6reningar som vill ta ett steg l\u00e4ngre i sitt arbete och g\u00f6ra en verklig skillnad i samh\u00e4llet. Oavsett om det handlar om att skapa en tryggare milj\u00f6 f\u00f6r ungdomar eller att genomf\u00f6ra insatser f\u00f6r att \u00f6ka tillg\u00e4ngligheten f\u00f6r alla, s\u00e5 \u00e4r detta bidrag en m\u00f6jlighet att arbeta l\u00e5ngsiktigt med viktiga samh\u00e4llsfr\u00e5gor.<\/p>\n<h4 class=\"\" data-start=\"1417\" data-end=\"1476\">2. <strong data-start=\"1425\" data-end=\"1450\">Marknadsf\u00f6ringsbidrag<\/strong> \u2013 F\u00f6r att synas och n\u00e5 ut<\/h4>\n<p class=\"\" data-start=\"1478\" data-end=\"2004\">I en v\u00e4rld d\u00e4r det \u00e4r l\u00e4tt att g\u00e5 f\u00f6rlorad i m\u00e4ngden \u00e4r det avg\u00f6rande att f\u00f6reningar f\u00e5r hj\u00e4lp att synas. <strong data-start=\"1584\" data-end=\"1611\">Marknadsf\u00f6ringsbidraget<\/strong> ska hj\u00e4lpa f\u00f6reningarna att n\u00e5 ut till fler, oavsett om det handlar om sociala medier, tryckta material eller andra marknadsf\u00f6ringsinsatser. Detta bidrag g\u00f6r det m\u00f6jligt f\u00f6r f\u00f6reningar att st\u00e4rka sin synlighet och engagera fler m\u00e4nniskor i sina aktiviteter. I en tid d\u00e4r digital kommunikation spelar en allt st\u00f6rre roll \u00e4r detta ett viktigt steg f\u00f6r att skapa h\u00e5llbara och v\u00e4xande f\u00f6reningar.<\/p>\n<h4 class=\"\" data-start=\"2006\" data-end=\"2076\">3. <strong data-start=\"2014\" data-end=\"2036\">Arrangemangsbidrag<\/strong> \u2013 F\u00f6r att skapa minnesv\u00e4rda upplevelser<\/h4>\n<p class=\"\" data-start=\"2078\" data-end=\"2510\">F\u00f6reningar arrangerar viktiga evenemang som samlar m\u00e4nniskor och bygger gemenskap. Med <strong data-start=\"2165\" data-end=\"2189\">arrangemangsbidraget<\/strong> f\u00e5r f\u00f6reningarna st\u00f6d f\u00f6r att genomf\u00f6ra dessa aktiviteter. Genom att st\u00f6tta arrangemang kan vi skapa st\u00f6rre engagemang och samh\u00f6righet i kommunen.<\/p>\n<h4 class=\"\" data-start=\"2512\" data-end=\"2581\">4. <strong data-start=\"2520\" data-end=\"2549\">Starta ny f\u00f6rening-bidrag<\/strong> \u2013 F\u00f6r att bygga nya gemenskaper<\/h4>\n<p class=\"\" data-start=\"2583\" data-end=\"3133\">En av de mest sp\u00e4nnande delarna av detta beslut \u00e4r <strong data-start=\"2634\" data-end=\"2665\">starta ny f\u00f6rening-bidraget<\/strong>. Att starta en f\u00f6rening kan vara en utmaning, men ocks\u00e5 en m\u00f6jlighet att skapa n\u00e5got nytt och sp\u00e4nnande. Detta bidrag ska hj\u00e4lpa individer och grupper som vill starta nya f\u00f6reningar i Svedala. Oavsett om det handlar om en idrottsf\u00f6rening, en kulturell grupp eller en annan typ av samh\u00e4llsengagerad f\u00f6rening, s\u00e5 \u00e4r detta en m\u00f6jlighet att f\u00e5 ett ekonomiskt st\u00f6d p\u00e5 v\u00e4gen. Att skapa en ny gemenskap \u00e4r inte bara berikande f\u00f6r de som \u00e4r med, utan ocks\u00e5 f\u00f6r hela kommunen.<\/p>\n<h4 class=\"\" data-start=\"3135\" data-end=\"3202\">5. <strong data-start=\"3143\" data-end=\"3161\">Uppdragsbidrag<\/strong> \u2013 F\u00f6r specifika uppdrag som g\u00f6r skillnad<\/h4>\n<p class=\"\" data-start=\"3204\" data-end=\"3699\"><strong data-start=\"3204\" data-end=\"3224\">Uppdragsbidraget<\/strong> \u00e4r en annan sp\u00e4nnande nyhet. Detta bidrag \u00e4r avsett f\u00f6r specifika uppdrag som kommer direkt fr\u00e5n n\u00e4mnden, vilket g\u00f6r att det \u00e4r anpassat f\u00f6r att m\u00f6ta s\u00e4rskilda behov i kommunen och som kan g\u00f6ra stor skillnad f\u00f6r de m\u00e4nniskor som bor i Svedala.<\/p>\n<h3 class=\"\" data-start=\"3706\" data-end=\"3744\">En gemensam satsning f\u00f6r framtiden<\/h3>\n<p class=\"\" data-start=\"3746\" data-end=\"4097\">De nya bidragen \u00e4r ett resultat av ett l\u00e5ngsiktigt och genomt\u00e4nkt arbete fr\u00e5n Svedala kommun, som har lyssnat p\u00e5 f\u00f6reningarna och deras behov. Genom att inf\u00f6ra dessa fem nya bidrag skapas ett \u00e4nnu starkare st\u00f6d f\u00f6r f\u00f6reningslivet i v\u00e5r kommun. Syftet med dessa bidrag \u00e4r att fr\u00e4mja och utveckla ett aktivt och inkluderande samh\u00e4lle d\u00e4r alla kan delta.<\/p>\n<p class=\"\" data-start=\"4099\" data-end=\"4355\">Vi ser fram emot att f\u00e5 f\u00f6lja alla de fantastiska projekt och aktiviteter som kommer att genomf\u00f6ras med hj\u00e4lp av dessa bidrag. Och vi hoppas att \u00e4nnu fler kommer att hitta inspiration och motivation att starta nya f\u00f6reningar och engagera sig i gemenskapen.<\/p>\n<p class=\"\" data-start=\"4357\" data-end=\"4589\">F\u00f6r f\u00f6reningar som vill ta del av dessa bidrag, h\u00e5ll utkik efter mer information p\u00e5 kommunens hemsida eller kontakta kultur- och fritidsn\u00e4mnden f\u00f6r att f\u00e5 reda p\u00e5 hur ni kan ans\u00f6ka. Det \u00e4r dags att skapa nya m\u00f6jligheter tillsammans!<\/p>\n<p class=\"\" data-start=\"4610\" data-end=\"4849\">Vi \u00e4r glada och stolta \u00f6ver att kunna erbjuda dessa nya bidrag, och vi ser fram emot att f\u00f6lja de m\u00e5nga initiativ som kommer att blomstra i Svedala. Tillsammans bygger vi en starkare gemenskap d\u00e4r alla har m\u00f6jlighet att v\u00e4xa och utvecklas!<\/p>\n","protected":false},"excerpt":{"rendered":"<p>Den 23 april fattade Kommunfullm\u00e4ktige ett viktigt beslut som kommer att f\u00f6r\u00e4ndra f\u00f6ruts\u00e4ttningarna f\u00f6r m\u00e5nga f\u00f6reningar i Svedala. De fem nya bidragen som nu inf\u00f6rs kommer att ge f\u00f6reningarna \u00f6kad m\u00f6jlighet att v\u00e4xa, utvecklas och skapa mer aktiviteter som gagnar hela v\u00e5r gemenskap. Det \u00e4r en satsning som inte bara syftar till att st\u00e4rka redan <a class=\"read-more-link\" href=\"https:\/\/wp.kristdemokraterna.se\/svedala\/5-nya-bidrag-som-starker-foreningarna-i-svedala-en-framtid-med-fler-mojligheter\/\">L\u00e4s mer<\/a><\/p>\n","protected":false},"author":945,"featured_media":0,"comment_status":"closed","ping_status":"closed","sticky":false,"template":"","format":"standard","meta":{"_acf_changed":false,"footnotes":""},"categories":[18],"tags":[20,19,21],"class_list":["post-699","post","type-post","status-publish","format-standard","hentry","category-foreningsliv","tag-foreningar","tag-svedala","tag-utveckling"],"acf":[],"yoast_head":"<!-- This site is optimized with the Yoast SEO plugin v27.4 - https:\/\/yoast.com\/product\/yoast-seo-wordpress\/ -->\n<title>5 nya bidrag som st\u00e4rker f\u00f6reningarna i Svedala \u2013 En framtid med fler m\u00f6jligheter! - Kristdemokraterna | Svedala<\/title>\n<meta name=\"robots\" content=\"index, follow, max-snippet:-1, max-image-preview:large, max-video-preview:-1\" \/>\n<link rel=\"canonical\" href=\"https:\/\/wp.kristdemokraterna.se\/svedala\/5-nya-bidrag-som-starker-foreningarna-i-svedala-en-framtid-med-fler-mojligheter\/\" \/>\n<meta property=\"og:locale\" content=\"sv_SE\" \/>\n<meta property=\"og:type\" content=\"article\" \/>\n<meta property=\"og:title\" content=\"5 nya bidrag som st\u00e4rker f\u00f6reningarna i Svedala \u2013 En framtid med fler m\u00f6jligheter! - Kristdemokraterna | Svedala\" \/>\n<meta property=\"og:description\" content=\"Den 23 april fattade Kommunfullm\u00e4ktige ett viktigt beslut som kommer att f\u00f6r\u00e4ndra f\u00f6ruts\u00e4ttningarna f\u00f6r m\u00e5nga f\u00f6reningar i Svedala. De fem nya bidragen som nu inf\u00f6rs kommer att ge f\u00f6reningarna \u00f6kad m\u00f6jlighet att v\u00e4xa, utvecklas och skapa mer aktiviteter som gagnar hela v\u00e5r gemenskap. Det \u00e4r en satsning som inte bara syftar till att st\u00e4rka redan L\u00e4s mer\" \/>\n<meta property=\"og:url\" content=\"https:\/\/wp.kristdemokraterna.se\/svedala\/5-nya-bidrag-som-starker-foreningarna-i-svedala-en-framtid-med-fler-mojligheter\/\" \/>\n<meta property=\"og:site_name\" content=\"Kristdemokraterna | Svedala\" \/>\n<meta property=\"article:author\" content=\"https:\/\/www.facebook.com\/KDSvedala\" \/>\n<meta property=\"article:published_time\" content=\"2025-04-24T11:10:27+00:00\" \/>\n<meta property=\"article:modified_time\" content=\"2026-01-28T17:21:53+00:00\" \/>\n<meta name=\"author\" content=\"svedala\" \/>\n<meta name=\"twitter:card\" content=\"summary_large_image\" \/>\n<meta name=\"twitter:label1\" content=\"Skriven av\" \/>\n\t<meta name=\"twitter:data1\" content=\"svedala\" \/>\n\t<meta name=\"twitter:label2\" content=\"Ber\u00e4knad l\u00e4stid\" \/>\n\t<meta name=\"twitter:data2\" content=\"4 minuter\" \/>\n<script type=\"application\/ld+json\" class=\"yoast-schema-graph\">{\"@context\":\"https:\\\/\\\/schema.org\",\"@graph\":[{\"@type\":\"Article\",\"@id\":\"https:\\\/\\\/wp.kristdemokraterna.se\\\/svedala\\\/5-nya-bidrag-som-starker-foreningarna-i-svedala-en-framtid-med-fler-mojligheter\\\/#article\",\"isPartOf\":{\"@id\":\"https:\\\/\\\/wp.kristdemokraterna.se\\\/svedala\\\/5-nya-bidrag-som-starker-foreningarna-i-svedala-en-framtid-med-fler-mojligheter\\\/\"},\"author\":{\"name\":\"svedala\",\"@id\":\"https:\\\/\\\/wp.kristdemokraterna.se\\\/svedala\\\/#\\\/schema\\\/person\\\/3d1398a59e3cee8910b9e54a7de0c3ee\"},\"headline\":\"5 nya bidrag som st\u00e4rker f\u00f6reningarna i Svedala \u2013 En framtid med fler m\u00f6jligheter!\",\"datePublished\":\"2025-04-24T11:10:27+00:00\",\"dateModified\":\"2026-01-28T17:21:53+00:00\",\"mainEntityOfPage\":{\"@id\":\"https:\\\/\\\/wp.kristdemokraterna.se\\\/svedala\\\/5-nya-bidrag-som-starker-foreningarna-i-svedala-en-framtid-med-fler-mojligheter\\\/\"},\"wordCount\":808,\"keywords\":[\"f\u00f6reningar\",\"svedala\",\"utveckling\"],\"articleSection\":[\"F\u00f6reningsliv\"],\"inLanguage\":\"sv-SE\"},{\"@type\":\"WebPage\",\"@id\":\"https:\\\/\\\/wp.kristdemokraterna.se\\\/svedala\\\/5-nya-bidrag-som-starker-foreningarna-i-svedala-en-framtid-med-fler-mojligheter\\\/\",\"url\":\"https:\\\/\\\/wp.kristdemokraterna.se\\\/svedala\\\/5-nya-bidrag-som-starker-foreningarna-i-svedala-en-framtid-med-fler-mojligheter\\\/\",\"name\":\"5 nya bidrag som st\u00e4rker f\u00f6reningarna i Svedala \u2013 En framtid med fler m\u00f6jligheter! - Kristdemokraterna | Svedala\",\"isPartOf\":{\"@id\":\"https:\\\/\\\/wp.kristdemokraterna.se\\\/svedala\\\/#website\"},\"datePublished\":\"2025-04-24T11:10:27+00:00\",\"dateModified\":\"2026-01-28T17:21:53+00:00\",\"author\":{\"@id\":\"https:\\\/\\\/wp.kristdemokraterna.se\\\/svedala\\\/#\\\/schema\\\/person\\\/3d1398a59e3cee8910b9e54a7de0c3ee\"},\"breadcrumb\":{\"@id\":\"https:\\\/\\\/wp.kristdemokraterna.se\\\/svedala\\\/5-nya-bidrag-som-starker-foreningarna-i-svedala-en-framtid-med-fler-mojligheter\\\/#breadcrumb\"},\"inLanguage\":\"sv-SE\",\"potentialAction\":[{\"@type\":\"ReadAction\",\"target\":[\"https:\\\/\\\/wp.kristdemokraterna.se\\\/svedala\\\/5-nya-bidrag-som-starker-foreningarna-i-svedala-en-framtid-med-fler-mojligheter\\\/\"]}]},{\"@type\":\"BreadcrumbList\",\"@id\":\"https:\\\/\\\/wp.kristdemokraterna.se\\\/svedala\\\/5-nya-bidrag-som-starker-foreningarna-i-svedala-en-framtid-med-fler-mojligheter\\\/#breadcrumb\",\"itemListElement\":[{\"@type\":\"ListItem\",\"position\":1,\"name\":\"Hem\",\"item\":\"https:\\\/\\\/wp.kristdemokraterna.se\\\/svedala\\\/\"},{\"@type\":\"ListItem\",\"position\":2,\"name\":\"5 nya bidrag som st\u00e4rker f\u00f6reningarna i Svedala \u2013 En framtid med fler m\u00f6jligheter!\"}]},{\"@type\":\"WebSite\",\"@id\":\"https:\\\/\\\/wp.kristdemokraterna.se\\\/svedala\\\/#website\",\"url\":\"https:\\\/\\\/wp.kristdemokraterna.se\\\/svedala\\\/\",\"name\":\"Kristdemokraterna | Svedala\",\"description\":\"Ett Svedala d\u00e4r n\u00e4rhet, ansvar och omtanke f\u00e5r styra \u2013 inte storskalighet och centralisering\",\"inLanguage\":\"sv-SE\"},{\"@type\":\"Person\",\"@id\":\"https:\\\/\\\/wp.kristdemokraterna.se\\\/svedala\\\/#\\\/schema\\\/person\\\/3d1398a59e3cee8910b9e54a7de0c3ee\",\"name\":\"svedala\",\"image\":{\"@type\":\"ImageObject\",\"inLanguage\":\"sv-SE\",\"@id\":\"https:\\\/\\\/secure.gravatar.com\\\/avatar\\\/1b94617fcb6329bca9e3557b768050901f95da08c3f160db21ccd75d493c45b0?s=96&d=mm&r=g\",\"url\":\"https:\\\/\\\/secure.gravatar.com\\\/avatar\\\/1b94617fcb6329bca9e3557b768050901f95da08c3f160db21ccd75d493c45b0?s=96&d=mm&r=g\",\"contentUrl\":\"https:\\\/\\\/secure.gravatar.com\\\/avatar\\\/1b94617fcb6329bca9e3557b768050901f95da08c3f160db21ccd75d493c45b0?s=96&d=mm&r=g\",\"caption\":\"svedala\"},\"sameAs\":[\"http:\\\/\\\/www.kristdemokraterna.se\\\/svedala\",\"https:\\\/\\\/www.facebook.com\\\/KDSvedala\",\"https:\\\/\\\/www.instagram.com\\\/kd.svedala\\\/\"],\"url\":\"https:\\\/\\\/wp.kristdemokraterna.se\\\/svedala\\\/author\\\/svedala\\\/\"}]}<\/script>\n<!-- \/ Yoast SEO plugin. -->","yoast_head_json":{"title":"5 nya bidrag som st\u00e4rker f\u00f6reningarna i Svedala \u2013 En framtid med fler m\u00f6jligheter! - Kristdemokraterna | Svedala","robots":{"index":"index","follow":"follow","max-snippet":"max-snippet:-1","max-image-preview":"max-image-preview:large","max-video-preview":"max-video-preview:-1"},"canonical":"https:\/\/wp.kristdemokraterna.se\/svedala\/5-nya-bidrag-som-starker-foreningarna-i-svedala-en-framtid-med-fler-mojligheter\/","og_locale":"sv_SE","og_type":"article","og_title":"5 nya bidrag som st\u00e4rker f\u00f6reningarna i Svedala \u2013 En framtid med fler m\u00f6jligheter! - Kristdemokraterna | Svedala","og_description":"Den 23 april fattade Kommunfullm\u00e4ktige ett viktigt beslut som kommer att f\u00f6r\u00e4ndra f\u00f6ruts\u00e4ttningarna f\u00f6r m\u00e5nga f\u00f6reningar i Svedala. De fem nya bidragen som nu inf\u00f6rs kommer att ge f\u00f6reningarna \u00f6kad m\u00f6jlighet att v\u00e4xa, utvecklas och skapa mer aktiviteter som gagnar hela v\u00e5r gemenskap. Det \u00e4r en satsning som inte bara syftar till att st\u00e4rka redan L\u00e4s mer","og_url":"https:\/\/wp.kristdemokraterna.se\/svedala\/5-nya-bidrag-som-starker-foreningarna-i-svedala-en-framtid-med-fler-mojligheter\/","og_site_name":"Kristdemokraterna | Svedala","article_author":"https:\/\/www.facebook.com\/KDSvedala","article_published_time":"2025-04-24T11:10:27+00:00","article_modified_time":"2026-01-28T17:21:53+00:00","author":"svedala","twitter_card":"summary_large_image","twitter_misc":{"Skriven av":"svedala","Ber\u00e4knad l\u00e4stid":"4 minuter"},"schema":{"@context":"https:\/\/schema.org","@graph":[{"@type":"Article","@id":"https:\/\/wp.kristdemokraterna.se\/svedala\/5-nya-bidrag-som-starker-foreningarna-i-svedala-en-framtid-med-fler-mojligheter\/#article","isPartOf":{"@id":"https:\/\/wp.kristdemokraterna.se\/svedala\/5-nya-bidrag-som-starker-foreningarna-i-svedala-en-framtid-med-fler-mojligheter\/"},"author":{"name":"svedala","@id":"https:\/\/wp.kristdemokraterna.se\/svedala\/#\/schema\/person\/3d1398a59e3cee8910b9e54a7de0c3ee"},"headline":"5 nya bidrag som st\u00e4rker f\u00f6reningarna i Svedala \u2013 En framtid med fler m\u00f6jligheter!","datePublished":"2025-04-24T11:10:27+00:00","dateModified":"2026-01-28T17:21:53+00:00","mainEntityOfPage":{"@id":"https:\/\/wp.kristdemokraterna.se\/svedala\/5-nya-bidrag-som-starker-foreningarna-i-svedala-en-framtid-med-fler-mojligheter\/"},"wordCount":808,"keywords":["f\u00f6reningar","svedala","utveckling"],"articleSection":["F\u00f6reningsliv"],"inLanguage":"sv-SE"},{"@type":"WebPage","@id":"https:\/\/wp.kristdemokraterna.se\/svedala\/5-nya-bidrag-som-starker-foreningarna-i-svedala-en-framtid-med-fler-mojligheter\/","url":"https:\/\/wp.kristdemokraterna.se\/svedala\/5-nya-bidrag-som-starker-foreningarna-i-svedala-en-framtid-med-fler-mojligheter\/","name":"5 nya bidrag som st\u00e4rker f\u00f6reningarna i Svedala \u2013 En framtid med fler m\u00f6jligheter! - Kristdemokraterna | Svedala","isPartOf":{"@id":"https:\/\/wp.kristdemokraterna.se\/svedala\/#website"},"datePublished":"2025-04-24T11:10:27+00:00","dateModified":"2026-01-28T17:21:53+00:00","author":{"@id":"https:\/\/wp.kristdemokraterna.se\/svedala\/#\/schema\/person\/3d1398a59e3cee8910b9e54a7de0c3ee"},"breadcrumb":{"@id":"https:\/\/wp.kristdemokraterna.se\/svedala\/5-nya-bidrag-som-starker-foreningarna-i-svedala-en-framtid-med-fler-mojligheter\/#breadcrumb"},"inLanguage":"sv-SE","potentialAction":[{"@type":"ReadAction","target":["https:\/\/wp.kristdemokraterna.se\/svedala\/5-nya-bidrag-som-starker-foreningarna-i-svedala-en-framtid-med-fler-mojligheter\/"]}]},{"@type":"BreadcrumbList","@id":"https:\/\/wp.kristdemokraterna.se\/svedala\/5-nya-bidrag-som-starker-foreningarna-i-svedala-en-framtid-med-fler-mojligheter\/#breadcrumb","itemListElement":[{"@type":"ListItem","position":1,"name":"Hem","item":"https:\/\/wp.kristdemokraterna.se\/svedala\/"},{"@type":"ListItem","position":2,"name":"5 nya bidrag som st\u00e4rker f\u00f6reningarna i Svedala \u2013 En framtid med fler m\u00f6jligheter!"}]},{"@type":"WebSite","@id":"https:\/\/wp.kristdemokraterna.se\/svedala\/#website","url":"https:\/\/wp.kristdemokraterna.se\/svedala\/","name":"Kristdemokraterna | Svedala","description":"Ett Svedala d\u00e4r n\u00e4rhet, ansvar och omtanke f\u00e5r styra \u2013 inte storskalighet och centralisering","inLanguage":"sv-SE"},{"@type":"Person","@id":"https:\/\/wp.kristdemokraterna.se\/svedala\/#\/schema\/person\/3d1398a59e3cee8910b9e54a7de0c3ee","name":"svedala","image":{"@type":"ImageObject","inLanguage":"sv-SE","@id":"https:\/\/secure.gravatar.com\/avatar\/1b94617fcb6329bca9e3557b768050901f95da08c3f160db21ccd75d493c45b0?s=96&d=mm&r=g","url":"https:\/\/secure.gravatar.com\/avatar\/1b94617fcb6329bca9e3557b768050901f95da08c3f160db21ccd75d493c45b0?s=96&d=mm&r=g","contentUrl":"https:\/\/secure.gravatar.com\/avatar\/1b94617fcb6329bca9e3557b768050901f95da08c3f160db21ccd75d493c45b0?s=96&d=mm&r=g","caption":"svedala"},"sameAs":["http:\/\/www.kristdemokraterna.se\/svedala","https:\/\/www.facebook.com\/KDSvedala","https:\/\/www.instagram.com\/kd.svedala\/"],"url":"https:\/\/wp.kristdemokraterna.se\/svedala\/author\/svedala\/"}]}},"_links":{"self":[{"href":"https:\/\/wp.kristdemokraterna.se\/svedala\/wp-json\/wp\/v2\/posts\/699","targetHints":{"allow":["GET"]}}],"collection":[{"href":"https:\/\/wp.kristdemokraterna.se\/svedala\/wp-json\/wp\/v2\/posts"}],"about":[{"href":"https:\/\/wp.kristdemokraterna.se\/svedala\/wp-json\/wp\/v2\/types\/post"}],"author":[{"embeddable":true,"href":"https:\/\/wp.kristdemokraterna.se\/svedala\/wp-json\/wp\/v2\/users\/945"}],"replies":[{"embeddable":true,"href":"https:\/\/wp.kristdemokraterna.se\/svedala\/wp-json\/wp\/v2\/comments?post=699"}],"version-history":[{"count":3,"href":"https:\/\/wp.kristdemokraterna.se\/svedala\/wp-json\/wp\/v2\/posts\/699\/revisions"}],"predecessor-version":[{"id":703,"href":"https:\/\/wp.kristdemokraterna.se\/svedala\/wp-json\/wp\/v2\/posts\/699\/revisions\/703"}],"wp:attachment":[{"href":"https:\/\/wp.kristdemokraterna.se\/svedala\/wp-json\/wp\/v2\/media?parent=699"}],"wp:term":[{"taxonomy":"category","embeddable":true,"href":"https:\/\/wp.kristdemokraterna.se\/svedala\/wp-json\/wp\/v2\/categories?post=699"},{"taxonomy":"post_tag","embeddable":true,"href":"https:\/\/wp.kristdemokraterna.se\/svedala\/wp-json\/wp\/v2\/tags?post=699"}],"curies":[{"name":"wp","href":"https:\/\/api.w.org\/{rel}","templated":true}]}}