{"id":708,"date":"2025-04-24T13:34:56","date_gmt":"2025-04-24T11:34:56","guid":{"rendered":"https:\/\/wp.kristdemokraterna.se\/svedala\/?p=708"},"modified":"2025-04-24T15:59:02","modified_gmt":"2025-04-24T13:59:02","slug":"staten-rustar-da-ska-inte-svedala-montera-ned","status":"publish","type":"post","link":"https:\/\/wp.kristdemokraterna.se\/svedala\/staten-rustar-da-ska-inte-svedala-montera-ned\/","title":{"rendered":"Staten rustar \u2013 d\u00e5 ska inte Svedala montera ned"},"content":{"rendered":"<p>Samtidigt som regeringen g\u00f6r rekordstora satsningar p\u00e5 civilf\u00f6rsvaret f\u00f6resl\u00e5r kommunledningen i Svedala att vi ska avveckla v\u00e5r egen r\u00e4ddningstj\u00e4nst. Argumentet \u00e4r att h\u00f6jd beredskap kr\u00e4ver en st\u00f6rre organisation. Men det \u00e4r ett fel t\u00e4nk \u2013 b\u00e5de strategiskt och praktiskt.<\/p>\n<p>Regeringen har aviserat kraftigt \u00f6kade anslag till det civila f\u00f6rsvaret, d\u00e4r <strong>kompetensh\u00f6jning f\u00f6r deltidsbrandm\u00e4n \u00e4r en s\u00e4rskilt prioriterad satsning<\/strong>. Staten kliver nu fram f\u00f6r att rusta upp \u2013 d\u00e5 b\u00f6r Svedala inte backa.<!--more--><\/p>\n<p>K\u00e4rnan i v\u00e5r r\u00e4ddningstj\u00e4nst \u00e4r v\u00e5ra <strong>deltidsbrandm\u00e4n \u2013 lokalt engagerade, n\u00e4rvarande och samh\u00e4llsb\u00e4rande.<\/strong><\/p>\n<p>Att driva r\u00e4ddningstj\u00e4nsten i egen regi inneb\u00e4r just detta: en <strong>organisation med korta led till ledning och god lokalk\u00e4nnedom<\/strong>. Det \u00e4r n\u00e5got som inte kan ers\u00e4ttas av en st\u00f6rre, mer anonym organisation.<\/p>\n<p>Vi riskerar att tappa b\u00e5de rekryteringskraft och engagemang \u2013 n\u00e5got som kan f\u00e5 direkta konsekvenser f\u00f6r v\u00e5r kommun.<\/p>\n<p><strong>Svedala har idag en fungerande r\u00e4ddningstj\u00e4nst, med kompetenta deltidsbrandm\u00e4n och lokal f\u00f6rankring. N\u00e4r staten nu bidrar med resurser och f\u00f6rst\u00e4rkning \u00e4r det v\u00e5r tur att st\u00e5 kvar och bygga vidare. Inte l\u00e4mna ifr\u00e5n oss det vi har.<\/strong><\/p>\n<p>Vi vill beh\u00e5lla v\u00e5r r\u00e4ddningstj\u00e4nst \u2013 i <strong>egen regi, med st\u00f6d av staten och v\u00e5ra lokala engagerade brandm\u00e4n.<\/strong><\/p>\n","protected":false},"excerpt":{"rendered":"<p>Samtidigt som regeringen g\u00f6r rekordstora satsningar p\u00e5 civilf\u00f6rsvaret f\u00f6resl\u00e5r kommunledningen i Svedala att vi ska avveckla v\u00e5r egen r\u00e4ddningstj\u00e4nst. Argumentet \u00e4r att h\u00f6jd beredskap kr\u00e4ver en st\u00f6rre organisation. Men det \u00e4r ett fel t\u00e4nk \u2013 b\u00e5de strategiskt och praktiskt. Regeringen har aviserat kraftigt \u00f6kade anslag till det civila f\u00f6rsvaret, d\u00e4r kompetensh\u00f6jning f\u00f6r deltidsbrandm\u00e4n \u00e4r en <a class=\"read-more-link\" href=\"https:\/\/wp.kristdemokraterna.se\/svedala\/staten-rustar-da-ska-inte-svedala-montera-ned\/\">L\u00e4s mer<\/a><\/p>\n","protected":false},"author":945,"featured_media":0,"comment_status":"closed","ping_status":"closed","sticky":false,"template":"","format":"standard","meta":{"_acf_changed":false,"footnotes":""},"categories":[14],"tags":[22,23,19],"class_list":["post-708","post","type-post","status-publish","format-standard","hentry","category-raddningstjanst","tag-egen-regi","tag-folkomrostning","tag-svedala"],"acf":[],"yoast_head":"<!-- This site is optimized with the Yoast SEO plugin v27.4 - https:\/\/yoast.com\/product\/yoast-seo-wordpress\/ -->\n<title>Staten rustar \u2013 d\u00e5 ska inte Svedala montera ned - Kristdemokraterna | Svedala<\/title>\n<meta name=\"robots\" content=\"index, follow, max-snippet:-1, max-image-preview:large, max-video-preview:-1\" \/>\n<link rel=\"canonical\" href=\"https:\/\/wp.kristdemokraterna.se\/svedala\/staten-rustar-da-ska-inte-svedala-montera-ned\/\" \/>\n<meta property=\"og:locale\" content=\"sv_SE\" \/>\n<meta property=\"og:type\" content=\"article\" \/>\n<meta property=\"og:title\" content=\"Staten rustar \u2013 d\u00e5 ska inte Svedala montera ned - Kristdemokraterna | Svedala\" \/>\n<meta property=\"og:description\" content=\"Samtidigt som regeringen g\u00f6r rekordstora satsningar p\u00e5 civilf\u00f6rsvaret f\u00f6resl\u00e5r kommunledningen i Svedala att vi ska avveckla v\u00e5r egen r\u00e4ddningstj\u00e4nst. Argumentet \u00e4r att h\u00f6jd beredskap kr\u00e4ver en st\u00f6rre organisation. Men det \u00e4r ett fel t\u00e4nk \u2013 b\u00e5de strategiskt och praktiskt. Regeringen har aviserat kraftigt \u00f6kade anslag till det civila f\u00f6rsvaret, d\u00e4r kompetensh\u00f6jning f\u00f6r deltidsbrandm\u00e4n \u00e4r en L\u00e4s mer\" \/>\n<meta property=\"og:url\" content=\"https:\/\/wp.kristdemokraterna.se\/svedala\/staten-rustar-da-ska-inte-svedala-montera-ned\/\" \/>\n<meta property=\"og:site_name\" content=\"Kristdemokraterna | Svedala\" \/>\n<meta property=\"article:author\" content=\"https:\/\/www.facebook.com\/KDSvedala\" \/>\n<meta property=\"article:published_time\" content=\"2025-04-24T11:34:56+00:00\" \/>\n<meta property=\"article:modified_time\" content=\"2025-04-24T13:59:02+00:00\" \/>\n<meta name=\"author\" content=\"svedala\" \/>\n<meta name=\"twitter:card\" content=\"summary_large_image\" \/>\n<meta name=\"twitter:label1\" content=\"Skriven av\" \/>\n\t<meta name=\"twitter:data1\" content=\"svedala\" \/>\n\t<meta name=\"twitter:label2\" content=\"Ber\u00e4knad l\u00e4stid\" \/>\n\t<meta name=\"twitter:data2\" content=\"1 minut\" \/>\n<script type=\"application\/ld+json\" class=\"yoast-schema-graph\">{\"@context\":\"https:\\\/\\\/schema.org\",\"@graph\":[{\"@type\":\"Article\",\"@id\":\"https:\\\/\\\/wp.kristdemokraterna.se\\\/svedala\\\/staten-rustar-da-ska-inte-svedala-montera-ned\\\/#article\",\"isPartOf\":{\"@id\":\"https:\\\/\\\/wp.kristdemokraterna.se\\\/svedala\\\/staten-rustar-da-ska-inte-svedala-montera-ned\\\/\"},\"author\":{\"name\":\"svedala\",\"@id\":\"https:\\\/\\\/wp.kristdemokraterna.se\\\/svedala\\\/#\\\/schema\\\/person\\\/3d1398a59e3cee8910b9e54a7de0c3ee\"},\"headline\":\"Staten rustar \u2013 d\u00e5 ska inte Svedala montera ned\",\"datePublished\":\"2025-04-24T11:34:56+00:00\",\"dateModified\":\"2025-04-24T13:59:02+00:00\",\"mainEntityOfPage\":{\"@id\":\"https:\\\/\\\/wp.kristdemokraterna.se\\\/svedala\\\/staten-rustar-da-ska-inte-svedala-montera-ned\\\/\"},\"wordCount\":250,\"keywords\":[\"egen regi\",\"folkomr\u00f6stning\",\"svedala\"],\"articleSection\":[\"R\u00e4ddningstj\u00e4nst\"],\"inLanguage\":\"sv-SE\"},{\"@type\":\"WebPage\",\"@id\":\"https:\\\/\\\/wp.kristdemokraterna.se\\\/svedala\\\/staten-rustar-da-ska-inte-svedala-montera-ned\\\/\",\"url\":\"https:\\\/\\\/wp.kristdemokraterna.se\\\/svedala\\\/staten-rustar-da-ska-inte-svedala-montera-ned\\\/\",\"name\":\"Staten rustar \u2013 d\u00e5 ska inte Svedala montera ned - Kristdemokraterna | Svedala\",\"isPartOf\":{\"@id\":\"https:\\\/\\\/wp.kristdemokraterna.se\\\/svedala\\\/#website\"},\"datePublished\":\"2025-04-24T11:34:56+00:00\",\"dateModified\":\"2025-04-24T13:59:02+00:00\",\"author\":{\"@id\":\"https:\\\/\\\/wp.kristdemokraterna.se\\\/svedala\\\/#\\\/schema\\\/person\\\/3d1398a59e3cee8910b9e54a7de0c3ee\"},\"breadcrumb\":{\"@id\":\"https:\\\/\\\/wp.kristdemokraterna.se\\\/svedala\\\/staten-rustar-da-ska-inte-svedala-montera-ned\\\/#breadcrumb\"},\"inLanguage\":\"sv-SE\",\"potentialAction\":[{\"@type\":\"ReadAction\",\"target\":[\"https:\\\/\\\/wp.kristdemokraterna.se\\\/svedala\\\/staten-rustar-da-ska-inte-svedala-montera-ned\\\/\"]}]},{\"@type\":\"BreadcrumbList\",\"@id\":\"https:\\\/\\\/wp.kristdemokraterna.se\\\/svedala\\\/staten-rustar-da-ska-inte-svedala-montera-ned\\\/#breadcrumb\",\"itemListElement\":[{\"@type\":\"ListItem\",\"position\":1,\"name\":\"Hem\",\"item\":\"https:\\\/\\\/wp.kristdemokraterna.se\\\/svedala\\\/\"},{\"@type\":\"ListItem\",\"position\":2,\"name\":\"Staten rustar \u2013 d\u00e5 ska inte Svedala montera ned\"}]},{\"@type\":\"WebSite\",\"@id\":\"https:\\\/\\\/wp.kristdemokraterna.se\\\/svedala\\\/#website\",\"url\":\"https:\\\/\\\/wp.kristdemokraterna.se\\\/svedala\\\/\",\"name\":\"Kristdemokraterna | Svedala\",\"description\":\"Ett Svedala d\u00e4r n\u00e4rhet, ansvar och omtanke f\u00e5r styra \u2013 inte storskalighet och centralisering\",\"inLanguage\":\"sv-SE\"},{\"@type\":\"Person\",\"@id\":\"https:\\\/\\\/wp.kristdemokraterna.se\\\/svedala\\\/#\\\/schema\\\/person\\\/3d1398a59e3cee8910b9e54a7de0c3ee\",\"name\":\"svedala\",\"image\":{\"@type\":\"ImageObject\",\"inLanguage\":\"sv-SE\",\"@id\":\"https:\\\/\\\/secure.gravatar.com\\\/avatar\\\/1b94617fcb6329bca9e3557b768050901f95da08c3f160db21ccd75d493c45b0?s=96&d=mm&r=g\",\"url\":\"https:\\\/\\\/secure.gravatar.com\\\/avatar\\\/1b94617fcb6329bca9e3557b768050901f95da08c3f160db21ccd75d493c45b0?s=96&d=mm&r=g\",\"contentUrl\":\"https:\\\/\\\/secure.gravatar.com\\\/avatar\\\/1b94617fcb6329bca9e3557b768050901f95da08c3f160db21ccd75d493c45b0?s=96&d=mm&r=g\",\"caption\":\"svedala\"},\"sameAs\":[\"http:\\\/\\\/www.kristdemokraterna.se\\\/svedala\",\"https:\\\/\\\/www.facebook.com\\\/KDSvedala\",\"https:\\\/\\\/www.instagram.com\\\/kd.svedala\\\/\"],\"url\":\"https:\\\/\\\/wp.kristdemokraterna.se\\\/svedala\\\/author\\\/svedala\\\/\"}]}<\/script>\n<!-- \/ Yoast SEO plugin. -->","yoast_head_json":{"title":"Staten rustar \u2013 d\u00e5 ska inte Svedala montera ned - Kristdemokraterna | Svedala","robots":{"index":"index","follow":"follow","max-snippet":"max-snippet:-1","max-image-preview":"max-image-preview:large","max-video-preview":"max-video-preview:-1"},"canonical":"https:\/\/wp.kristdemokraterna.se\/svedala\/staten-rustar-da-ska-inte-svedala-montera-ned\/","og_locale":"sv_SE","og_type":"article","og_title":"Staten rustar \u2013 d\u00e5 ska inte Svedala montera ned - Kristdemokraterna | Svedala","og_description":"Samtidigt som regeringen g\u00f6r rekordstora satsningar p\u00e5 civilf\u00f6rsvaret f\u00f6resl\u00e5r kommunledningen i Svedala att vi ska avveckla v\u00e5r egen r\u00e4ddningstj\u00e4nst. Argumentet \u00e4r att h\u00f6jd beredskap kr\u00e4ver en st\u00f6rre organisation. Men det \u00e4r ett fel t\u00e4nk \u2013 b\u00e5de strategiskt och praktiskt. Regeringen har aviserat kraftigt \u00f6kade anslag till det civila f\u00f6rsvaret, d\u00e4r kompetensh\u00f6jning f\u00f6r deltidsbrandm\u00e4n \u00e4r en L\u00e4s mer","og_url":"https:\/\/wp.kristdemokraterna.se\/svedala\/staten-rustar-da-ska-inte-svedala-montera-ned\/","og_site_name":"Kristdemokraterna | Svedala","article_author":"https:\/\/www.facebook.com\/KDSvedala","article_published_time":"2025-04-24T11:34:56+00:00","article_modified_time":"2025-04-24T13:59:02+00:00","author":"svedala","twitter_card":"summary_large_image","twitter_misc":{"Skriven av":"svedala","Ber\u00e4knad l\u00e4stid":"1 minut"},"schema":{"@context":"https:\/\/schema.org","@graph":[{"@type":"Article","@id":"https:\/\/wp.kristdemokraterna.se\/svedala\/staten-rustar-da-ska-inte-svedala-montera-ned\/#article","isPartOf":{"@id":"https:\/\/wp.kristdemokraterna.se\/svedala\/staten-rustar-da-ska-inte-svedala-montera-ned\/"},"author":{"name":"svedala","@id":"https:\/\/wp.kristdemokraterna.se\/svedala\/#\/schema\/person\/3d1398a59e3cee8910b9e54a7de0c3ee"},"headline":"Staten rustar \u2013 d\u00e5 ska inte Svedala montera ned","datePublished":"2025-04-24T11:34:56+00:00","dateModified":"2025-04-24T13:59:02+00:00","mainEntityOfPage":{"@id":"https:\/\/wp.kristdemokraterna.se\/svedala\/staten-rustar-da-ska-inte-svedala-montera-ned\/"},"wordCount":250,"keywords":["egen regi","folkomr\u00f6stning","svedala"],"articleSection":["R\u00e4ddningstj\u00e4nst"],"inLanguage":"sv-SE"},{"@type":"WebPage","@id":"https:\/\/wp.kristdemokraterna.se\/svedala\/staten-rustar-da-ska-inte-svedala-montera-ned\/","url":"https:\/\/wp.kristdemokraterna.se\/svedala\/staten-rustar-da-ska-inte-svedala-montera-ned\/","name":"Staten rustar \u2013 d\u00e5 ska inte Svedala montera ned - Kristdemokraterna | Svedala","isPartOf":{"@id":"https:\/\/wp.kristdemokraterna.se\/svedala\/#website"},"datePublished":"2025-04-24T11:34:56+00:00","dateModified":"2025-04-24T13:59:02+00:00","author":{"@id":"https:\/\/wp.kristdemokraterna.se\/svedala\/#\/schema\/person\/3d1398a59e3cee8910b9e54a7de0c3ee"},"breadcrumb":{"@id":"https:\/\/wp.kristdemokraterna.se\/svedala\/staten-rustar-da-ska-inte-svedala-montera-ned\/#breadcrumb"},"inLanguage":"sv-SE","potentialAction":[{"@type":"ReadAction","target":["https:\/\/wp.kristdemokraterna.se\/svedala\/staten-rustar-da-ska-inte-svedala-montera-ned\/"]}]},{"@type":"BreadcrumbList","@id":"https:\/\/wp.kristdemokraterna.se\/svedala\/staten-rustar-da-ska-inte-svedala-montera-ned\/#breadcrumb","itemListElement":[{"@type":"ListItem","position":1,"name":"Hem","item":"https:\/\/wp.kristdemokraterna.se\/svedala\/"},{"@type":"ListItem","position":2,"name":"Staten rustar \u2013 d\u00e5 ska inte Svedala montera ned"}]},{"@type":"WebSite","@id":"https:\/\/wp.kristdemokraterna.se\/svedala\/#website","url":"https:\/\/wp.kristdemokraterna.se\/svedala\/","name":"Kristdemokraterna | Svedala","description":"Ett Svedala d\u00e4r n\u00e4rhet, ansvar och omtanke f\u00e5r styra \u2013 inte storskalighet och centralisering","inLanguage":"sv-SE"},{"@type":"Person","@id":"https:\/\/wp.kristdemokraterna.se\/svedala\/#\/schema\/person\/3d1398a59e3cee8910b9e54a7de0c3ee","name":"svedala","image":{"@type":"ImageObject","inLanguage":"sv-SE","@id":"https:\/\/secure.gravatar.com\/avatar\/1b94617fcb6329bca9e3557b768050901f95da08c3f160db21ccd75d493c45b0?s=96&d=mm&r=g","url":"https:\/\/secure.gravatar.com\/avatar\/1b94617fcb6329bca9e3557b768050901f95da08c3f160db21ccd75d493c45b0?s=96&d=mm&r=g","contentUrl":"https:\/\/secure.gravatar.com\/avatar\/1b94617fcb6329bca9e3557b768050901f95da08c3f160db21ccd75d493c45b0?s=96&d=mm&r=g","caption":"svedala"},"sameAs":["http:\/\/www.kristdemokraterna.se\/svedala","https:\/\/www.facebook.com\/KDSvedala","https:\/\/www.instagram.com\/kd.svedala\/"],"url":"https:\/\/wp.kristdemokraterna.se\/svedala\/author\/svedala\/"}]}},"_links":{"self":[{"href":"https:\/\/wp.kristdemokraterna.se\/svedala\/wp-json\/wp\/v2\/posts\/708","targetHints":{"allow":["GET"]}}],"collection":[{"href":"https:\/\/wp.kristdemokraterna.se\/svedala\/wp-json\/wp\/v2\/posts"}],"about":[{"href":"https:\/\/wp.kristdemokraterna.se\/svedala\/wp-json\/wp\/v2\/types\/post"}],"author":[{"embeddable":true,"href":"https:\/\/wp.kristdemokraterna.se\/svedala\/wp-json\/wp\/v2\/users\/945"}],"replies":[{"embeddable":true,"href":"https:\/\/wp.kristdemokraterna.se\/svedala\/wp-json\/wp\/v2\/comments?post=708"}],"version-history":[{"count":5,"href":"https:\/\/wp.kristdemokraterna.se\/svedala\/wp-json\/wp\/v2\/posts\/708\/revisions"}],"predecessor-version":[{"id":725,"href":"https:\/\/wp.kristdemokraterna.se\/svedala\/wp-json\/wp\/v2\/posts\/708\/revisions\/725"}],"wp:attachment":[{"href":"https:\/\/wp.kristdemokraterna.se\/svedala\/wp-json\/wp\/v2\/media?parent=708"}],"wp:term":[{"taxonomy":"category","embeddable":true,"href":"https:\/\/wp.kristdemokraterna.se\/svedala\/wp-json\/wp\/v2\/categories?post=708"},{"taxonomy":"post_tag","embeddable":true,"href":"https:\/\/wp.kristdemokraterna.se\/svedala\/wp-json\/wp\/v2\/tags?post=708"}],"curies":[{"name":"wp","href":"https:\/\/api.w.org\/{rel}","templated":true}]}}