{"id":712,"date":"2025-04-24T13:47:35","date_gmt":"2025-04-24T11:47:35","guid":{"rendered":"https:\/\/wp.kristdemokraterna.se\/svedala\/?p=712"},"modified":"2025-04-24T15:29:51","modified_gmt":"2025-04-24T13:29:51","slug":"raddningstjanst-ar-mer-an-blaljus-det-ar-gemenskap-och-lokalkannedom","status":"publish","type":"post","link":"https:\/\/wp.kristdemokraterna.se\/svedala\/raddningstjanst-ar-mer-an-blaljus-det-ar-gemenskap-och-lokalkannedom\/","title":{"rendered":"R\u00e4ddningstj\u00e4nst \u00e4r mer \u00e4n bl\u00e5ljus \u2013 det \u00e4r gemenskap och lokalk\u00e4nnedom"},"content":{"rendered":"<p>Svedalas r\u00e4ddningstj\u00e4nst \u00e4r inte bara en samh\u00e4llsfunktion. Den \u00e4r en del av det lokala livet. H\u00e4r k\u00e4nner brandm\u00e4nnen orten, m\u00e4nniskorna och vardagen. Det \u00e4r deltidsbrandm\u00e4n som bor h\u00e4r, jobbar h\u00e4r, engagerar sig h\u00e4r \u2013 och som varje dag \u00e4r redo att kliva in n\u00e4r det verkligen g\u00e4ller.<\/p>\n<p>Nu vill kommunledningen att vi slutar driva r\u00e4ddningstj\u00e4nsten i egen regi\u2013 vilket riskerar att bryta upp just det som fungerar allra b\u00e4st: <strong>den lokala f\u00f6rankringen.<\/strong><\/p>\n<p>R\u00e4ddningstj\u00e4nst \u00e4r en verksamhet som bygger p\u00e5 f\u00f6rtroende och n\u00e4rvaro. <strong>Att k\u00e4nna till v\u00e4garna, byggnaderna, industrierna, m\u00e4nniskorna och riskerna<\/strong> i ett samh\u00e4lle \u00e4r ingen liten sak. Det g\u00f6r skillnad \u2013 b\u00e5de f\u00f6r s\u00e4kerheten och tryggheten.<\/p>\n<p>Samtidigt vet vi att <strong>rekryteringen av deltidsbrandm\u00e4n \u00e4r helt beroende av lokal k\u00e4nnedom och n\u00e4rhet till ledning.<\/strong> N\u00e4r beslut fattas l\u00e4ngre bort, minskar engagemanget. Risken \u00e4r att vi inte lyckas beh\u00e5lla eller locka nya deltidsbrandm\u00e4n.<\/p>\n<p>Och d\u00e5 \u00e5terst\u00e5r bara ett alternativ: att anst\u00e4lla fler heltidsbrandm\u00e4n \u2013 med kraftigt \u00f6kade kostnader som f\u00f6ljd.<\/p>\n<p>S\u00e5 vad st\u00e5r vi inf\u00f6r? Vi riskerar att tappa:<\/p>\n<ul>\n<li><strong>Lokalk\u00e4nnedom<\/strong><\/li>\n<li><strong>N\u00e4rhet mellan organisation och inv\u00e5nare<\/strong><\/li>\n<li><strong>Gemenskap med v\u00e5ra deltidsbrandm\u00e4n<\/strong><\/li>\n<li><strong>F\u00f6rtroende och engagemang<\/strong><\/li>\n<li>Och i f\u00f6rl\u00e4ngningen \u2013 <strong>ekonomisk h\u00e5llbarhet<\/strong><\/li>\n<\/ul>\n<p>Vi har i dag en r\u00e4ddningstj\u00e4nst som fungerar, \u00e4r f\u00f6rankrad och en del av v\u00e5rt samh\u00e4lle. Vi har ett lokalt ansvar \u2013 och vi vill ta det. Men det f\u00f6ruts\u00e4tter att vi f\u00e5r beh\u00e5lla <strong>den viktigaste pusselbiten av alla: v\u00e5r egen organisation.<\/strong><\/p>\n<p><strong>L\u00e5t oss inte f\u00f6rlora det som fungerar. L\u00e5t oss st\u00e5 kvar. I egen regi.<\/strong><\/p>\n<p>&nbsp;<\/p>\n","protected":false},"excerpt":{"rendered":"<p>Svedalas r\u00e4ddningstj\u00e4nst \u00e4r inte bara en samh\u00e4llsfunktion. Den \u00e4r en del av det lokala livet. H\u00e4r k\u00e4nner brandm\u00e4nnen orten, m\u00e4nniskorna och vardagen. Det \u00e4r deltidsbrandm\u00e4n som bor h\u00e4r, jobbar h\u00e4r, engagerar sig h\u00e4r \u2013 och som varje dag \u00e4r redo att kliva in n\u00e4r det verkligen g\u00e4ller. Nu vill kommunledningen att vi slutar driva r\u00e4ddningstj\u00e4nsten <a class=\"read-more-link\" href=\"https:\/\/wp.kristdemokraterna.se\/svedala\/raddningstjanst-ar-mer-an-blaljus-det-ar-gemenskap-och-lokalkannedom\/\">L\u00e4s mer<\/a><\/p>\n","protected":false},"author":945,"featured_media":0,"comment_status":"closed","ping_status":"closed","sticky":false,"template":"","format":"standard","meta":{"_acf_changed":false,"footnotes":""},"categories":[14],"tags":[22,24],"class_list":["post-712","post","type-post","status-publish","format-standard","hentry","category-raddningstjanst","tag-egen-regi","tag-folkomrastning"],"acf":[],"yoast_head":"<!-- This site is optimized with the Yoast SEO plugin v27.4 - https:\/\/yoast.com\/product\/yoast-seo-wordpress\/ -->\n<title>R\u00e4ddningstj\u00e4nst \u00e4r mer \u00e4n bl\u00e5ljus \u2013 det \u00e4r gemenskap och lokalk\u00e4nnedom - Kristdemokraterna | Svedala<\/title>\n<meta name=\"robots\" content=\"index, follow, max-snippet:-1, max-image-preview:large, max-video-preview:-1\" \/>\n<link rel=\"canonical\" href=\"https:\/\/wp.kristdemokraterna.se\/svedala\/raddningstjanst-ar-mer-an-blaljus-det-ar-gemenskap-och-lokalkannedom\/\" \/>\n<meta property=\"og:locale\" content=\"sv_SE\" \/>\n<meta property=\"og:type\" content=\"article\" \/>\n<meta property=\"og:title\" content=\"R\u00e4ddningstj\u00e4nst \u00e4r mer \u00e4n bl\u00e5ljus \u2013 det \u00e4r gemenskap och lokalk\u00e4nnedom - Kristdemokraterna | Svedala\" \/>\n<meta property=\"og:description\" content=\"Svedalas r\u00e4ddningstj\u00e4nst \u00e4r inte bara en samh\u00e4llsfunktion. Den \u00e4r en del av det lokala livet. H\u00e4r k\u00e4nner brandm\u00e4nnen orten, m\u00e4nniskorna och vardagen. Det \u00e4r deltidsbrandm\u00e4n som bor h\u00e4r, jobbar h\u00e4r, engagerar sig h\u00e4r \u2013 och som varje dag \u00e4r redo att kliva in n\u00e4r det verkligen g\u00e4ller. Nu vill kommunledningen att vi slutar driva r\u00e4ddningstj\u00e4nsten L\u00e4s mer\" \/>\n<meta property=\"og:url\" content=\"https:\/\/wp.kristdemokraterna.se\/svedala\/raddningstjanst-ar-mer-an-blaljus-det-ar-gemenskap-och-lokalkannedom\/\" \/>\n<meta property=\"og:site_name\" content=\"Kristdemokraterna | Svedala\" \/>\n<meta property=\"article:author\" content=\"https:\/\/www.facebook.com\/KDSvedala\" \/>\n<meta property=\"article:published_time\" content=\"2025-04-24T11:47:35+00:00\" \/>\n<meta property=\"article:modified_time\" content=\"2025-04-24T13:29:51+00:00\" \/>\n<meta name=\"author\" content=\"svedala\" \/>\n<meta name=\"twitter:card\" content=\"summary_large_image\" \/>\n<meta name=\"twitter:label1\" content=\"Skriven av\" \/>\n\t<meta name=\"twitter:data1\" content=\"svedala\" \/>\n\t<meta name=\"twitter:label2\" content=\"Ber\u00e4knad l\u00e4stid\" \/>\n\t<meta name=\"twitter:data2\" content=\"2 minuter\" \/>\n<script type=\"application\/ld+json\" class=\"yoast-schema-graph\">{\"@context\":\"https:\\\/\\\/schema.org\",\"@graph\":[{\"@type\":\"Article\",\"@id\":\"https:\\\/\\\/wp.kristdemokraterna.se\\\/svedala\\\/raddningstjanst-ar-mer-an-blaljus-det-ar-gemenskap-och-lokalkannedom\\\/#article\",\"isPartOf\":{\"@id\":\"https:\\\/\\\/wp.kristdemokraterna.se\\\/svedala\\\/raddningstjanst-ar-mer-an-blaljus-det-ar-gemenskap-och-lokalkannedom\\\/\"},\"author\":{\"name\":\"svedala\",\"@id\":\"https:\\\/\\\/wp.kristdemokraterna.se\\\/svedala\\\/#\\\/schema\\\/person\\\/3d1398a59e3cee8910b9e54a7de0c3ee\"},\"headline\":\"R\u00e4ddningstj\u00e4nst \u00e4r mer \u00e4n bl\u00e5ljus \u2013 det \u00e4r gemenskap och lokalk\u00e4nnedom\",\"datePublished\":\"2025-04-24T11:47:35+00:00\",\"dateModified\":\"2025-04-24T13:29:51+00:00\",\"mainEntityOfPage\":{\"@id\":\"https:\\\/\\\/wp.kristdemokraterna.se\\\/svedala\\\/raddningstjanst-ar-mer-an-blaljus-det-ar-gemenskap-och-lokalkannedom\\\/\"},\"wordCount\":317,\"keywords\":[\"egen regi\",\"folkomr\u00e4stning\"],\"articleSection\":[\"R\u00e4ddningstj\u00e4nst\"],\"inLanguage\":\"sv-SE\"},{\"@type\":\"WebPage\",\"@id\":\"https:\\\/\\\/wp.kristdemokraterna.se\\\/svedala\\\/raddningstjanst-ar-mer-an-blaljus-det-ar-gemenskap-och-lokalkannedom\\\/\",\"url\":\"https:\\\/\\\/wp.kristdemokraterna.se\\\/svedala\\\/raddningstjanst-ar-mer-an-blaljus-det-ar-gemenskap-och-lokalkannedom\\\/\",\"name\":\"R\u00e4ddningstj\u00e4nst \u00e4r mer \u00e4n bl\u00e5ljus \u2013 det \u00e4r gemenskap och lokalk\u00e4nnedom - Kristdemokraterna | Svedala\",\"isPartOf\":{\"@id\":\"https:\\\/\\\/wp.kristdemokraterna.se\\\/svedala\\\/#website\"},\"datePublished\":\"2025-04-24T11:47:35+00:00\",\"dateModified\":\"2025-04-24T13:29:51+00:00\",\"author\":{\"@id\":\"https:\\\/\\\/wp.kristdemokraterna.se\\\/svedala\\\/#\\\/schema\\\/person\\\/3d1398a59e3cee8910b9e54a7de0c3ee\"},\"breadcrumb\":{\"@id\":\"https:\\\/\\\/wp.kristdemokraterna.se\\\/svedala\\\/raddningstjanst-ar-mer-an-blaljus-det-ar-gemenskap-och-lokalkannedom\\\/#breadcrumb\"},\"inLanguage\":\"sv-SE\",\"potentialAction\":[{\"@type\":\"ReadAction\",\"target\":[\"https:\\\/\\\/wp.kristdemokraterna.se\\\/svedala\\\/raddningstjanst-ar-mer-an-blaljus-det-ar-gemenskap-och-lokalkannedom\\\/\"]}]},{\"@type\":\"BreadcrumbList\",\"@id\":\"https:\\\/\\\/wp.kristdemokraterna.se\\\/svedala\\\/raddningstjanst-ar-mer-an-blaljus-det-ar-gemenskap-och-lokalkannedom\\\/#breadcrumb\",\"itemListElement\":[{\"@type\":\"ListItem\",\"position\":1,\"name\":\"Hem\",\"item\":\"https:\\\/\\\/wp.kristdemokraterna.se\\\/svedala\\\/\"},{\"@type\":\"ListItem\",\"position\":2,\"name\":\"R\u00e4ddningstj\u00e4nst \u00e4r mer \u00e4n bl\u00e5ljus \u2013 det \u00e4r gemenskap och lokalk\u00e4nnedom\"}]},{\"@type\":\"WebSite\",\"@id\":\"https:\\\/\\\/wp.kristdemokraterna.se\\\/svedala\\\/#website\",\"url\":\"https:\\\/\\\/wp.kristdemokraterna.se\\\/svedala\\\/\",\"name\":\"Kristdemokraterna | Svedala\",\"description\":\"Ett Svedala d\u00e4r n\u00e4rhet, ansvar och omtanke f\u00e5r styra \u2013 inte storskalighet och centralisering\",\"inLanguage\":\"sv-SE\"},{\"@type\":\"Person\",\"@id\":\"https:\\\/\\\/wp.kristdemokraterna.se\\\/svedala\\\/#\\\/schema\\\/person\\\/3d1398a59e3cee8910b9e54a7de0c3ee\",\"name\":\"svedala\",\"image\":{\"@type\":\"ImageObject\",\"inLanguage\":\"sv-SE\",\"@id\":\"https:\\\/\\\/secure.gravatar.com\\\/avatar\\\/1b94617fcb6329bca9e3557b768050901f95da08c3f160db21ccd75d493c45b0?s=96&d=mm&r=g\",\"url\":\"https:\\\/\\\/secure.gravatar.com\\\/avatar\\\/1b94617fcb6329bca9e3557b768050901f95da08c3f160db21ccd75d493c45b0?s=96&d=mm&r=g\",\"contentUrl\":\"https:\\\/\\\/secure.gravatar.com\\\/avatar\\\/1b94617fcb6329bca9e3557b768050901f95da08c3f160db21ccd75d493c45b0?s=96&d=mm&r=g\",\"caption\":\"svedala\"},\"sameAs\":[\"http:\\\/\\\/www.kristdemokraterna.se\\\/svedala\",\"https:\\\/\\\/www.facebook.com\\\/KDSvedala\",\"https:\\\/\\\/www.instagram.com\\\/kd.svedala\\\/\"],\"url\":\"https:\\\/\\\/wp.kristdemokraterna.se\\\/svedala\\\/author\\\/svedala\\\/\"}]}<\/script>\n<!-- \/ Yoast SEO plugin. -->","yoast_head_json":{"title":"R\u00e4ddningstj\u00e4nst \u00e4r mer \u00e4n bl\u00e5ljus \u2013 det \u00e4r gemenskap och lokalk\u00e4nnedom - Kristdemokraterna | Svedala","robots":{"index":"index","follow":"follow","max-snippet":"max-snippet:-1","max-image-preview":"max-image-preview:large","max-video-preview":"max-video-preview:-1"},"canonical":"https:\/\/wp.kristdemokraterna.se\/svedala\/raddningstjanst-ar-mer-an-blaljus-det-ar-gemenskap-och-lokalkannedom\/","og_locale":"sv_SE","og_type":"article","og_title":"R\u00e4ddningstj\u00e4nst \u00e4r mer \u00e4n bl\u00e5ljus \u2013 det \u00e4r gemenskap och lokalk\u00e4nnedom - Kristdemokraterna | Svedala","og_description":"Svedalas r\u00e4ddningstj\u00e4nst \u00e4r inte bara en samh\u00e4llsfunktion. Den \u00e4r en del av det lokala livet. H\u00e4r k\u00e4nner brandm\u00e4nnen orten, m\u00e4nniskorna och vardagen. Det \u00e4r deltidsbrandm\u00e4n som bor h\u00e4r, jobbar h\u00e4r, engagerar sig h\u00e4r \u2013 och som varje dag \u00e4r redo att kliva in n\u00e4r det verkligen g\u00e4ller. Nu vill kommunledningen att vi slutar driva r\u00e4ddningstj\u00e4nsten L\u00e4s mer","og_url":"https:\/\/wp.kristdemokraterna.se\/svedala\/raddningstjanst-ar-mer-an-blaljus-det-ar-gemenskap-och-lokalkannedom\/","og_site_name":"Kristdemokraterna | Svedala","article_author":"https:\/\/www.facebook.com\/KDSvedala","article_published_time":"2025-04-24T11:47:35+00:00","article_modified_time":"2025-04-24T13:29:51+00:00","author":"svedala","twitter_card":"summary_large_image","twitter_misc":{"Skriven av":"svedala","Ber\u00e4knad l\u00e4stid":"2 minuter"},"schema":{"@context":"https:\/\/schema.org","@graph":[{"@type":"Article","@id":"https:\/\/wp.kristdemokraterna.se\/svedala\/raddningstjanst-ar-mer-an-blaljus-det-ar-gemenskap-och-lokalkannedom\/#article","isPartOf":{"@id":"https:\/\/wp.kristdemokraterna.se\/svedala\/raddningstjanst-ar-mer-an-blaljus-det-ar-gemenskap-och-lokalkannedom\/"},"author":{"name":"svedala","@id":"https:\/\/wp.kristdemokraterna.se\/svedala\/#\/schema\/person\/3d1398a59e3cee8910b9e54a7de0c3ee"},"headline":"R\u00e4ddningstj\u00e4nst \u00e4r mer \u00e4n bl\u00e5ljus \u2013 det \u00e4r gemenskap och lokalk\u00e4nnedom","datePublished":"2025-04-24T11:47:35+00:00","dateModified":"2025-04-24T13:29:51+00:00","mainEntityOfPage":{"@id":"https:\/\/wp.kristdemokraterna.se\/svedala\/raddningstjanst-ar-mer-an-blaljus-det-ar-gemenskap-och-lokalkannedom\/"},"wordCount":317,"keywords":["egen regi","folkomr\u00e4stning"],"articleSection":["R\u00e4ddningstj\u00e4nst"],"inLanguage":"sv-SE"},{"@type":"WebPage","@id":"https:\/\/wp.kristdemokraterna.se\/svedala\/raddningstjanst-ar-mer-an-blaljus-det-ar-gemenskap-och-lokalkannedom\/","url":"https:\/\/wp.kristdemokraterna.se\/svedala\/raddningstjanst-ar-mer-an-blaljus-det-ar-gemenskap-och-lokalkannedom\/","name":"R\u00e4ddningstj\u00e4nst \u00e4r mer \u00e4n bl\u00e5ljus \u2013 det \u00e4r gemenskap och lokalk\u00e4nnedom - Kristdemokraterna | Svedala","isPartOf":{"@id":"https:\/\/wp.kristdemokraterna.se\/svedala\/#website"},"datePublished":"2025-04-24T11:47:35+00:00","dateModified":"2025-04-24T13:29:51+00:00","author":{"@id":"https:\/\/wp.kristdemokraterna.se\/svedala\/#\/schema\/person\/3d1398a59e3cee8910b9e54a7de0c3ee"},"breadcrumb":{"@id":"https:\/\/wp.kristdemokraterna.se\/svedala\/raddningstjanst-ar-mer-an-blaljus-det-ar-gemenskap-och-lokalkannedom\/#breadcrumb"},"inLanguage":"sv-SE","potentialAction":[{"@type":"ReadAction","target":["https:\/\/wp.kristdemokraterna.se\/svedala\/raddningstjanst-ar-mer-an-blaljus-det-ar-gemenskap-och-lokalkannedom\/"]}]},{"@type":"BreadcrumbList","@id":"https:\/\/wp.kristdemokraterna.se\/svedala\/raddningstjanst-ar-mer-an-blaljus-det-ar-gemenskap-och-lokalkannedom\/#breadcrumb","itemListElement":[{"@type":"ListItem","position":1,"name":"Hem","item":"https:\/\/wp.kristdemokraterna.se\/svedala\/"},{"@type":"ListItem","position":2,"name":"R\u00e4ddningstj\u00e4nst \u00e4r mer \u00e4n bl\u00e5ljus \u2013 det \u00e4r gemenskap och lokalk\u00e4nnedom"}]},{"@type":"WebSite","@id":"https:\/\/wp.kristdemokraterna.se\/svedala\/#website","url":"https:\/\/wp.kristdemokraterna.se\/svedala\/","name":"Kristdemokraterna | Svedala","description":"Ett Svedala d\u00e4r n\u00e4rhet, ansvar och omtanke f\u00e5r styra \u2013 inte storskalighet och centralisering","inLanguage":"sv-SE"},{"@type":"Person","@id":"https:\/\/wp.kristdemokraterna.se\/svedala\/#\/schema\/person\/3d1398a59e3cee8910b9e54a7de0c3ee","name":"svedala","image":{"@type":"ImageObject","inLanguage":"sv-SE","@id":"https:\/\/secure.gravatar.com\/avatar\/1b94617fcb6329bca9e3557b768050901f95da08c3f160db21ccd75d493c45b0?s=96&d=mm&r=g","url":"https:\/\/secure.gravatar.com\/avatar\/1b94617fcb6329bca9e3557b768050901f95da08c3f160db21ccd75d493c45b0?s=96&d=mm&r=g","contentUrl":"https:\/\/secure.gravatar.com\/avatar\/1b94617fcb6329bca9e3557b768050901f95da08c3f160db21ccd75d493c45b0?s=96&d=mm&r=g","caption":"svedala"},"sameAs":["http:\/\/www.kristdemokraterna.se\/svedala","https:\/\/www.facebook.com\/KDSvedala","https:\/\/www.instagram.com\/kd.svedala\/"],"url":"https:\/\/wp.kristdemokraterna.se\/svedala\/author\/svedala\/"}]}},"_links":{"self":[{"href":"https:\/\/wp.kristdemokraterna.se\/svedala\/wp-json\/wp\/v2\/posts\/712","targetHints":{"allow":["GET"]}}],"collection":[{"href":"https:\/\/wp.kristdemokraterna.se\/svedala\/wp-json\/wp\/v2\/posts"}],"about":[{"href":"https:\/\/wp.kristdemokraterna.se\/svedala\/wp-json\/wp\/v2\/types\/post"}],"author":[{"embeddable":true,"href":"https:\/\/wp.kristdemokraterna.se\/svedala\/wp-json\/wp\/v2\/users\/945"}],"replies":[{"embeddable":true,"href":"https:\/\/wp.kristdemokraterna.se\/svedala\/wp-json\/wp\/v2\/comments?post=712"}],"version-history":[{"count":4,"href":"https:\/\/wp.kristdemokraterna.se\/svedala\/wp-json\/wp\/v2\/posts\/712\/revisions"}],"predecessor-version":[{"id":721,"href":"https:\/\/wp.kristdemokraterna.se\/svedala\/wp-json\/wp\/v2\/posts\/712\/revisions\/721"}],"wp:attachment":[{"href":"https:\/\/wp.kristdemokraterna.se\/svedala\/wp-json\/wp\/v2\/media?parent=712"}],"wp:term":[{"taxonomy":"category","embeddable":true,"href":"https:\/\/wp.kristdemokraterna.se\/svedala\/wp-json\/wp\/v2\/categories?post=712"},{"taxonomy":"post_tag","embeddable":true,"href":"https:\/\/wp.kristdemokraterna.se\/svedala\/wp-json\/wp\/v2\/tags?post=712"}],"curies":[{"name":"wp","href":"https:\/\/api.w.org\/{rel}","templated":true}]}}