{"id":726,"date":"2025-04-29T10:34:13","date_gmt":"2025-04-29T08:34:13","guid":{"rendered":"https:\/\/wp.kristdemokraterna.se\/svedala\/?p=726"},"modified":"2025-04-29T10:35:09","modified_gmt":"2025-04-29T08:35:09","slug":"lat-inte-osakerhet-bli-vagledning","status":"publish","type":"post","link":"https:\/\/wp.kristdemokraterna.se\/svedala\/lat-inte-osakerhet-bli-vagledning\/","title":{"rendered":"L\u00e5t inte os\u00e4kerhet bli v\u00e4gledning"},"content":{"rendered":"<p>Kommunstyrelsens r\u00e4ddningstj\u00e4nstutskott i Svedala, under ledning av Sara Rida (C), har best\u00e4llt en rapport om r\u00e4ddningstj\u00e4nstens framtid. Den pekar ut h\u00f6jd beredskap som sk\u00e4l till att kommunen kanske inte kan forts\u00e4tta driva r\u00e4ddningstj\u00e4nsten i egen regi.<!--more--><\/p>\n<p>Men h\u00e4r blandas ansvar ihop. <strong>Fredstid \u00e4r kommunens uppdrag \u2013 h\u00f6jd beredskap \u00e4r statens ansvar<\/strong>, d\u00e4r staten tillf\u00f6r personal, resurser och st\u00f6d, enligt MSB.<\/p>\n<p><strong>Rapporten blandar ihop detta. Den anv\u00e4nder vaga formuleringar som \u201dkan antas\u201d och \u201dm\u00f6jligen\u201d, och bygger d\u00e4rmed upp en bild av os\u00e4kerhet som riskerar att vilseleda b\u00e5de politiker och inv\u00e5nare.<\/strong><\/p>\n<p>Vi beh\u00f6ver fakta, inte antaganden. Tydlighet, inte tvekan. Och framf\u00f6r allt: vi beh\u00f6ver lokal trygghet \u2013 i egen regi.<\/p>\n<p>Vad <strong>MSB faktiskt<\/strong> s\u00e4ger:<\/p>\n<p><strong>\u201dKommunen ska leda, men staten ska tillf\u00f6ra personal och resurser vid h\u00f6jd beredskap.\u201d<\/strong><\/p>\n<p><strong>\u201dKommunerna f\u00f6rv\u00e4ntas planera \u2013 men det \u00e4r staten som st\u00e5r f\u00f6r utbildning, civilplikt, utrustning och ekonomiskt st\u00f6d.\u201d<\/strong><\/p>\n<p><strong>\u201dR\u00e4ddningstj\u00e4nsten ska kunna f\u00f6rdubblas till 2032 \u2013 detta sker med hj\u00e4lp av statliga initiativ.\u201d<\/strong><\/p>\n<p><strong>\u201dKommunerna har r\u00e4tt till statlig ers\u00e4ttning f\u00f6r merkostnader i h\u00f6jd beredskap.\u201d<\/strong><\/p>\n<p>&nbsp;<\/p>\n","protected":false},"excerpt":{"rendered":"<p>Kommunstyrelsens r\u00e4ddningstj\u00e4nstutskott i Svedala, under ledning av Sara Rida (C), har best\u00e4llt en rapport om r\u00e4ddningstj\u00e4nstens framtid. Den pekar ut h\u00f6jd beredskap som sk\u00e4l till att kommunen kanske inte kan forts\u00e4tta driva r\u00e4ddningstj\u00e4nsten i egen regi.<\/p>\n","protected":false},"author":945,"featured_media":0,"comment_status":"closed","ping_status":"closed","sticky":false,"template":"","format":"standard","meta":{"_acf_changed":false,"footnotes":""},"categories":[14],"tags":[22,26,25,19],"class_list":["post-726","post","type-post","status-publish","format-standard","hentry","category-raddningstjanst","tag-egen-regi","tag-msb","tag-raddningstjanst","tag-svedala"],"acf":[],"yoast_head":"<!-- This site is optimized with the Yoast SEO plugin v27.4 - https:\/\/yoast.com\/product\/yoast-seo-wordpress\/ -->\n<title>L\u00e5t inte os\u00e4kerhet bli v\u00e4gledning - Kristdemokraterna | Svedala<\/title>\n<meta name=\"robots\" content=\"index, follow, max-snippet:-1, max-image-preview:large, max-video-preview:-1\" \/>\n<link rel=\"canonical\" href=\"https:\/\/wp.kristdemokraterna.se\/svedala\/lat-inte-osakerhet-bli-vagledning\/\" \/>\n<meta property=\"og:locale\" content=\"sv_SE\" \/>\n<meta property=\"og:type\" content=\"article\" \/>\n<meta property=\"og:title\" content=\"L\u00e5t inte os\u00e4kerhet bli v\u00e4gledning - Kristdemokraterna | Svedala\" \/>\n<meta property=\"og:description\" content=\"Kommunstyrelsens r\u00e4ddningstj\u00e4nstutskott i Svedala, under ledning av Sara Rida (C), har best\u00e4llt en rapport om r\u00e4ddningstj\u00e4nstens framtid. Den pekar ut h\u00f6jd beredskap som sk\u00e4l till att kommunen kanske inte kan forts\u00e4tta driva r\u00e4ddningstj\u00e4nsten i egen regi.\" \/>\n<meta property=\"og:url\" content=\"https:\/\/wp.kristdemokraterna.se\/svedala\/lat-inte-osakerhet-bli-vagledning\/\" \/>\n<meta property=\"og:site_name\" content=\"Kristdemokraterna | Svedala\" \/>\n<meta property=\"article:author\" content=\"https:\/\/www.facebook.com\/KDSvedala\" \/>\n<meta property=\"article:published_time\" content=\"2025-04-29T08:34:13+00:00\" \/>\n<meta property=\"article:modified_time\" content=\"2025-04-29T08:35:09+00:00\" \/>\n<meta name=\"author\" content=\"svedala\" \/>\n<meta name=\"twitter:card\" content=\"summary_large_image\" \/>\n<meta name=\"twitter:label1\" content=\"Skriven av\" \/>\n\t<meta name=\"twitter:data1\" content=\"svedala\" \/>\n\t<meta name=\"twitter:label2\" content=\"Ber\u00e4knad l\u00e4stid\" \/>\n\t<meta name=\"twitter:data2\" content=\"1 minut\" \/>\n<script type=\"application\/ld+json\" class=\"yoast-schema-graph\">{\"@context\":\"https:\\\/\\\/schema.org\",\"@graph\":[{\"@type\":\"Article\",\"@id\":\"https:\\\/\\\/wp.kristdemokraterna.se\\\/svedala\\\/lat-inte-osakerhet-bli-vagledning\\\/#article\",\"isPartOf\":{\"@id\":\"https:\\\/\\\/wp.kristdemokraterna.se\\\/svedala\\\/lat-inte-osakerhet-bli-vagledning\\\/\"},\"author\":{\"name\":\"svedala\",\"@id\":\"https:\\\/\\\/wp.kristdemokraterna.se\\\/svedala\\\/#\\\/schema\\\/person\\\/3d1398a59e3cee8910b9e54a7de0c3ee\"},\"headline\":\"L\u00e5t inte os\u00e4kerhet bli v\u00e4gledning\",\"datePublished\":\"2025-04-29T08:34:13+00:00\",\"dateModified\":\"2025-04-29T08:35:09+00:00\",\"mainEntityOfPage\":{\"@id\":\"https:\\\/\\\/wp.kristdemokraterna.se\\\/svedala\\\/lat-inte-osakerhet-bli-vagledning\\\/\"},\"wordCount\":211,\"keywords\":[\"egen regi\",\"MSB\",\"r\u00e4ddningstj\u00e4nst\",\"svedala\"],\"articleSection\":[\"R\u00e4ddningstj\u00e4nst\"],\"inLanguage\":\"sv-SE\"},{\"@type\":\"WebPage\",\"@id\":\"https:\\\/\\\/wp.kristdemokraterna.se\\\/svedala\\\/lat-inte-osakerhet-bli-vagledning\\\/\",\"url\":\"https:\\\/\\\/wp.kristdemokraterna.se\\\/svedala\\\/lat-inte-osakerhet-bli-vagledning\\\/\",\"name\":\"L\u00e5t inte os\u00e4kerhet bli v\u00e4gledning - Kristdemokraterna | Svedala\",\"isPartOf\":{\"@id\":\"https:\\\/\\\/wp.kristdemokraterna.se\\\/svedala\\\/#website\"},\"datePublished\":\"2025-04-29T08:34:13+00:00\",\"dateModified\":\"2025-04-29T08:35:09+00:00\",\"author\":{\"@id\":\"https:\\\/\\\/wp.kristdemokraterna.se\\\/svedala\\\/#\\\/schema\\\/person\\\/3d1398a59e3cee8910b9e54a7de0c3ee\"},\"breadcrumb\":{\"@id\":\"https:\\\/\\\/wp.kristdemokraterna.se\\\/svedala\\\/lat-inte-osakerhet-bli-vagledning\\\/#breadcrumb\"},\"inLanguage\":\"sv-SE\",\"potentialAction\":[{\"@type\":\"ReadAction\",\"target\":[\"https:\\\/\\\/wp.kristdemokraterna.se\\\/svedala\\\/lat-inte-osakerhet-bli-vagledning\\\/\"]}]},{\"@type\":\"BreadcrumbList\",\"@id\":\"https:\\\/\\\/wp.kristdemokraterna.se\\\/svedala\\\/lat-inte-osakerhet-bli-vagledning\\\/#breadcrumb\",\"itemListElement\":[{\"@type\":\"ListItem\",\"position\":1,\"name\":\"Hem\",\"item\":\"https:\\\/\\\/wp.kristdemokraterna.se\\\/svedala\\\/\"},{\"@type\":\"ListItem\",\"position\":2,\"name\":\"L\u00e5t inte os\u00e4kerhet bli v\u00e4gledning\"}]},{\"@type\":\"WebSite\",\"@id\":\"https:\\\/\\\/wp.kristdemokraterna.se\\\/svedala\\\/#website\",\"url\":\"https:\\\/\\\/wp.kristdemokraterna.se\\\/svedala\\\/\",\"name\":\"Kristdemokraterna | Svedala\",\"description\":\"Ett Svedala d\u00e4r n\u00e4rhet, ansvar och omtanke f\u00e5r styra \u2013 inte storskalighet och centralisering\",\"inLanguage\":\"sv-SE\"},{\"@type\":\"Person\",\"@id\":\"https:\\\/\\\/wp.kristdemokraterna.se\\\/svedala\\\/#\\\/schema\\\/person\\\/3d1398a59e3cee8910b9e54a7de0c3ee\",\"name\":\"svedala\",\"image\":{\"@type\":\"ImageObject\",\"inLanguage\":\"sv-SE\",\"@id\":\"https:\\\/\\\/secure.gravatar.com\\\/avatar\\\/1b94617fcb6329bca9e3557b768050901f95da08c3f160db21ccd75d493c45b0?s=96&d=mm&r=g\",\"url\":\"https:\\\/\\\/secure.gravatar.com\\\/avatar\\\/1b94617fcb6329bca9e3557b768050901f95da08c3f160db21ccd75d493c45b0?s=96&d=mm&r=g\",\"contentUrl\":\"https:\\\/\\\/secure.gravatar.com\\\/avatar\\\/1b94617fcb6329bca9e3557b768050901f95da08c3f160db21ccd75d493c45b0?s=96&d=mm&r=g\",\"caption\":\"svedala\"},\"sameAs\":[\"http:\\\/\\\/www.kristdemokraterna.se\\\/svedala\",\"https:\\\/\\\/www.facebook.com\\\/KDSvedala\",\"https:\\\/\\\/www.instagram.com\\\/kd.svedala\\\/\"],\"url\":\"https:\\\/\\\/wp.kristdemokraterna.se\\\/svedala\\\/author\\\/svedala\\\/\"}]}<\/script>\n<!-- \/ Yoast SEO plugin. -->","yoast_head_json":{"title":"L\u00e5t inte os\u00e4kerhet bli v\u00e4gledning - Kristdemokraterna | Svedala","robots":{"index":"index","follow":"follow","max-snippet":"max-snippet:-1","max-image-preview":"max-image-preview:large","max-video-preview":"max-video-preview:-1"},"canonical":"https:\/\/wp.kristdemokraterna.se\/svedala\/lat-inte-osakerhet-bli-vagledning\/","og_locale":"sv_SE","og_type":"article","og_title":"L\u00e5t inte os\u00e4kerhet bli v\u00e4gledning - Kristdemokraterna | Svedala","og_description":"Kommunstyrelsens r\u00e4ddningstj\u00e4nstutskott i Svedala, under ledning av Sara Rida (C), har best\u00e4llt en rapport om r\u00e4ddningstj\u00e4nstens framtid. Den pekar ut h\u00f6jd beredskap som sk\u00e4l till att kommunen kanske inte kan forts\u00e4tta driva r\u00e4ddningstj\u00e4nsten i egen regi.","og_url":"https:\/\/wp.kristdemokraterna.se\/svedala\/lat-inte-osakerhet-bli-vagledning\/","og_site_name":"Kristdemokraterna | Svedala","article_author":"https:\/\/www.facebook.com\/KDSvedala","article_published_time":"2025-04-29T08:34:13+00:00","article_modified_time":"2025-04-29T08:35:09+00:00","author":"svedala","twitter_card":"summary_large_image","twitter_misc":{"Skriven av":"svedala","Ber\u00e4knad l\u00e4stid":"1 minut"},"schema":{"@context":"https:\/\/schema.org","@graph":[{"@type":"Article","@id":"https:\/\/wp.kristdemokraterna.se\/svedala\/lat-inte-osakerhet-bli-vagledning\/#article","isPartOf":{"@id":"https:\/\/wp.kristdemokraterna.se\/svedala\/lat-inte-osakerhet-bli-vagledning\/"},"author":{"name":"svedala","@id":"https:\/\/wp.kristdemokraterna.se\/svedala\/#\/schema\/person\/3d1398a59e3cee8910b9e54a7de0c3ee"},"headline":"L\u00e5t inte os\u00e4kerhet bli v\u00e4gledning","datePublished":"2025-04-29T08:34:13+00:00","dateModified":"2025-04-29T08:35:09+00:00","mainEntityOfPage":{"@id":"https:\/\/wp.kristdemokraterna.se\/svedala\/lat-inte-osakerhet-bli-vagledning\/"},"wordCount":211,"keywords":["egen regi","MSB","r\u00e4ddningstj\u00e4nst","svedala"],"articleSection":["R\u00e4ddningstj\u00e4nst"],"inLanguage":"sv-SE"},{"@type":"WebPage","@id":"https:\/\/wp.kristdemokraterna.se\/svedala\/lat-inte-osakerhet-bli-vagledning\/","url":"https:\/\/wp.kristdemokraterna.se\/svedala\/lat-inte-osakerhet-bli-vagledning\/","name":"L\u00e5t inte os\u00e4kerhet bli v\u00e4gledning - Kristdemokraterna | Svedala","isPartOf":{"@id":"https:\/\/wp.kristdemokraterna.se\/svedala\/#website"},"datePublished":"2025-04-29T08:34:13+00:00","dateModified":"2025-04-29T08:35:09+00:00","author":{"@id":"https:\/\/wp.kristdemokraterna.se\/svedala\/#\/schema\/person\/3d1398a59e3cee8910b9e54a7de0c3ee"},"breadcrumb":{"@id":"https:\/\/wp.kristdemokraterna.se\/svedala\/lat-inte-osakerhet-bli-vagledning\/#breadcrumb"},"inLanguage":"sv-SE","potentialAction":[{"@type":"ReadAction","target":["https:\/\/wp.kristdemokraterna.se\/svedala\/lat-inte-osakerhet-bli-vagledning\/"]}]},{"@type":"BreadcrumbList","@id":"https:\/\/wp.kristdemokraterna.se\/svedala\/lat-inte-osakerhet-bli-vagledning\/#breadcrumb","itemListElement":[{"@type":"ListItem","position":1,"name":"Hem","item":"https:\/\/wp.kristdemokraterna.se\/svedala\/"},{"@type":"ListItem","position":2,"name":"L\u00e5t inte os\u00e4kerhet bli v\u00e4gledning"}]},{"@type":"WebSite","@id":"https:\/\/wp.kristdemokraterna.se\/svedala\/#website","url":"https:\/\/wp.kristdemokraterna.se\/svedala\/","name":"Kristdemokraterna | Svedala","description":"Ett Svedala d\u00e4r n\u00e4rhet, ansvar och omtanke f\u00e5r styra \u2013 inte storskalighet och centralisering","inLanguage":"sv-SE"},{"@type":"Person","@id":"https:\/\/wp.kristdemokraterna.se\/svedala\/#\/schema\/person\/3d1398a59e3cee8910b9e54a7de0c3ee","name":"svedala","image":{"@type":"ImageObject","inLanguage":"sv-SE","@id":"https:\/\/secure.gravatar.com\/avatar\/1b94617fcb6329bca9e3557b768050901f95da08c3f160db21ccd75d493c45b0?s=96&d=mm&r=g","url":"https:\/\/secure.gravatar.com\/avatar\/1b94617fcb6329bca9e3557b768050901f95da08c3f160db21ccd75d493c45b0?s=96&d=mm&r=g","contentUrl":"https:\/\/secure.gravatar.com\/avatar\/1b94617fcb6329bca9e3557b768050901f95da08c3f160db21ccd75d493c45b0?s=96&d=mm&r=g","caption":"svedala"},"sameAs":["http:\/\/www.kristdemokraterna.se\/svedala","https:\/\/www.facebook.com\/KDSvedala","https:\/\/www.instagram.com\/kd.svedala\/"],"url":"https:\/\/wp.kristdemokraterna.se\/svedala\/author\/svedala\/"}]}},"_links":{"self":[{"href":"https:\/\/wp.kristdemokraterna.se\/svedala\/wp-json\/wp\/v2\/posts\/726","targetHints":{"allow":["GET"]}}],"collection":[{"href":"https:\/\/wp.kristdemokraterna.se\/svedala\/wp-json\/wp\/v2\/posts"}],"about":[{"href":"https:\/\/wp.kristdemokraterna.se\/svedala\/wp-json\/wp\/v2\/types\/post"}],"author":[{"embeddable":true,"href":"https:\/\/wp.kristdemokraterna.se\/svedala\/wp-json\/wp\/v2\/users\/945"}],"replies":[{"embeddable":true,"href":"https:\/\/wp.kristdemokraterna.se\/svedala\/wp-json\/wp\/v2\/comments?post=726"}],"version-history":[{"count":1,"href":"https:\/\/wp.kristdemokraterna.se\/svedala\/wp-json\/wp\/v2\/posts\/726\/revisions"}],"predecessor-version":[{"id":729,"href":"https:\/\/wp.kristdemokraterna.se\/svedala\/wp-json\/wp\/v2\/posts\/726\/revisions\/729"}],"wp:attachment":[{"href":"https:\/\/wp.kristdemokraterna.se\/svedala\/wp-json\/wp\/v2\/media?parent=726"}],"wp:term":[{"taxonomy":"category","embeddable":true,"href":"https:\/\/wp.kristdemokraterna.se\/svedala\/wp-json\/wp\/v2\/categories?post=726"},{"taxonomy":"post_tag","embeddable":true,"href":"https:\/\/wp.kristdemokraterna.se\/svedala\/wp-json\/wp\/v2\/tags?post=726"}],"curies":[{"name":"wp","href":"https:\/\/api.w.org\/{rel}","templated":true}]}}