{"id":731,"date":"2025-05-05T12:20:18","date_gmt":"2025-05-05T10:20:18","guid":{"rendered":"https:\/\/wp.kristdemokraterna.se\/svedala\/?p=731"},"modified":"2025-05-05T12:20:18","modified_gmt":"2025-05-05T10:20:18","slug":"svar-fran-kristdemokraterna-pa-socialdemokraternas-inlagg-om-raddningstjansten","status":"publish","type":"post","link":"https:\/\/wp.kristdemokraterna.se\/svedala\/svar-fran-kristdemokraterna-pa-socialdemokraternas-inlagg-om-raddningstjansten\/","title":{"rendered":"Svar fr\u00e5n Kristdemokraterna p\u00e5 Socialdemokraternas inl\u00e4gg om r\u00e4ddningstj\u00e4nsten"},"content":{"rendered":"<div class=\"x11i5rnm xat24cr x1mh8g0r x1vvkbs xtlvy1s x126k92a\">\n<div dir=\"auto\">Vi tackar Socialdemokraterna f\u00f6r att de tydligt redog\u00f6r f\u00f6r sin st\u00e5ndpunkt \u2013 <strong>det \u00e4r viktigt att inv\u00e5narna f\u00e5r ta del av argument<\/strong> inf\u00f6r folkomr\u00f6stningen den <strong>11 maj<\/strong>.<\/div>\n<\/div>\n<div class=\"x11i5rnm xat24cr x1mh8g0r x1vvkbs xtlvy1s x126k92a\">\n<div dir=\"auto\">Vi Kristdemokrater tror d\u00e4remot inte att en st\u00f6rre organisation kan ers\u00e4tta det v\u00e4rde vi redan har. <strong>Vi anser att flera av de argument som framf\u00f6rs f\u00f6r att s\u00e4kerst\u00e4lla trygghet, h\u00f6jd beredskap och ekonomi haltar.<\/strong><\/div>\n<div dir=\"auto\"><\/div>\n<\/div>\n<div class=\"x11i5rnm xat24cr x1mh8g0r x1vvkbs xtlvy1s x126k92a\">\n<div dir=\"auto\">H\u00e4r \u00e4r varf\u00f6r vi s\u00e4ger JA till att beh\u00e5lla r\u00e4ddningstj\u00e4nsten i egen regi:<\/div>\n<div dir=\"auto\"><\/div>\n<\/div>\n<div class=\"x11i5rnm xat24cr x1mh8g0r x1vvkbs xtlvy1s x126k92a\">\n<div dir=\"auto\"><span class=\"html-span xexx8yu x4uap5 x18d9i69 xkhd6sd x1hl2dhg x16tdsg8 x1vvkbs x3nfvp2 x1j61x8r x1fcty0u xdj266r xat24cr xgzva0m xhhsvwb xxymvpz xlup9mm x1kky2od\"><img loading=\"lazy\" decoding=\"async\" class=\"xz74otr x168nmei x13lgxp2 x5pf9jr xo71vjh\" src=\"https:\/\/static.xx.fbcdn.net\/images\/emoji.php\/v9\/tb4\/2\/16\/2705.png\" alt=\"\u2705\" width=\"16\" height=\"16\" \/><\/span> <strong>Vi samarbetar redan \u2013 och det fungerar<\/strong><\/div>\n<div dir=\"auto\">Svedala har idag v\u00e4lfungerande samarbete med andra kommuner. V<strong>i kan st\u00e4rka dessa samarbeten ytterligare utan att ge upp v\u00e5rt eget sj\u00e4lvbest\u00e4mmande och ansvar.<\/strong><\/div>\n<div dir=\"auto\"><\/div>\n<\/div>\n<div class=\"x11i5rnm xat24cr x1mh8g0r x1vvkbs xtlvy1s x126k92a\">\n<div dir=\"auto\"><span class=\"html-span xexx8yu x4uap5 x18d9i69 xkhd6sd x1hl2dhg x16tdsg8 x1vvkbs x3nfvp2 x1j61x8r x1fcty0u xdj266r xat24cr xgzva0m xhhsvwb xxymvpz xlup9mm x1kky2od\"><img loading=\"lazy\" decoding=\"async\" class=\"xz74otr x168nmei x13lgxp2 x5pf9jr xo71vjh\" src=\"https:\/\/static.xx.fbcdn.net\/images\/emoji.php\/v9\/tb4\/2\/16\/2705.png\" alt=\"\u2705\" width=\"16\" height=\"16\" \/><\/span> <strong>F\u00f6rbund \u00e4r inte en garanti f\u00f6r god ekonomi<\/strong><\/div>\n<div dir=\"auto\">R\u00e4ddningstj\u00e4nsten Syd, som pekas ut som det starkaste alternativet, har tydliga ekonomiska utmaningar. <strong>\u00c5rsredovisningen f\u00f6r 2024 visar ett negativt resultat p\u00e5 -5 miljoner kronor och ett negativt balanskravsresultat p\u00e5 -17 miljoner kronor.<\/strong> Att g\u00e5 in i ett st\u00f6rre f\u00f6rbund \u00e4r inte automatiskt en garant f\u00f6r stabil ekonomi \u2013 snarare riskerar vi att dras in i andras ekonomiska problem.<\/div>\n<div dir=\"auto\"><\/div>\n<\/div>\n<div class=\"x11i5rnm xat24cr x1mh8g0r x1vvkbs xtlvy1s x126k92a\">\n<div dir=\"auto\"><strong><span class=\"html-span xexx8yu x4uap5 x18d9i69 xkhd6sd x1hl2dhg x16tdsg8 x1vvkbs x3nfvp2 x1j61x8r x1fcty0u xdj266r xat24cr xgzva0m xhhsvwb xxymvpz xlup9mm x1kky2od\"><img loading=\"lazy\" decoding=\"async\" class=\"xz74otr x168nmei x13lgxp2 x5pf9jr xo71vjh\" src=\"https:\/\/static.xx.fbcdn.net\/images\/emoji.php\/v9\/tb4\/2\/16\/2705.png\" alt=\"\u2705\" width=\"16\" height=\"16\" \/><\/span> Staten st\u00e4rker kommunernas f\u00f6rm\u00e5ga<\/strong><\/div>\n<div dir=\"auto\">Regeringen har beslutat om \u00f6kade anslag till kommunal r\u00e4ddningstj\u00e4nst, <strong>med s\u00e4rskilt fokus p\u00e5 kompetensh\u00f6jning f\u00f6r deltidsbrandm\u00e4n<\/strong>, och f\u00f6rsta utbetalning sker redan i maj 2025. Det ger mindre kommuner b\u00e4ttre f\u00f6ruts\u00e4ttningar att forts\u00e4tta bedriva r\u00e4ddningstj\u00e4nst i egen regi.<\/div>\n<div dir=\"auto\"><\/div>\n<\/div>\n<div class=\"x11i5rnm xat24cr x1mh8g0r x1vvkbs xtlvy1s x126k92a\">\n<div dir=\"auto\"><strong><span class=\"html-span xexx8yu x4uap5 x18d9i69 xkhd6sd x1hl2dhg x16tdsg8 x1vvkbs x3nfvp2 x1j61x8r x1fcty0u xdj266r xat24cr xgzva0m xhhsvwb xxymvpz xlup9mm x1kky2od\"><img loading=\"lazy\" decoding=\"async\" class=\"xz74otr x168nmei x13lgxp2 x5pf9jr xo71vjh\" src=\"https:\/\/static.xx.fbcdn.net\/images\/emoji.php\/v9\/tb4\/2\/16\/2705.png\" alt=\"\u2705\" width=\"16\" height=\"16\" \/><\/span> Kommunalt ansvar i fred, statligt st\u00f6d vid h\u00f6jd beredskap<\/strong><\/div>\n<div dir=\"auto\">I Sverige ansvarar kommunen f\u00f6r r\u00e4ddningstj\u00e4nsten i fredstid. Vid h\u00f6jd beredskap ligger fortsatt planering och organisering p\u00e5 kommunen, <strong>men staten tillf\u00f6r d\u00e5 personal, materiel och andra resurser f\u00f6r att f\u00f6rst\u00e4rka insatsf\u00f6rm\u00e5gan. Det betyder att vi b\u00e5de kan beh\u00e5lla lokalt ansvar och f\u00e5 nationellt st\u00f6d i kris.<\/strong><\/div>\n<\/div>\n<div class=\"x11i5rnm xat24cr x1mh8g0r x1vvkbs xtlvy1s x126k92a\">\n<div dir=\"auto\"><\/div>\n<div dir=\"auto\">Vi vill ocks\u00e5 p\u00e5minna om att det var medborgarna, genom <span class=\"html-span xdj266r x11i5rnm xat24cr x1mh8g0r xexx8yu x4uap5 x18d9i69 xkhd6sd x1hl2dhg x16tdsg8 x1vvkbs\"><a class=\"x1i10hfl xjbqb8w x1ejq31n xd10rxx x1sy0etr x17r0tee x972fbf xcfux6l x1qhh985 xm0m39n x9f619 x1ypdohk xt0psk2 xe8uvvx xdj266r x11i5rnm xat24cr x1mh8g0r xexx8yu x4uap5 x18d9i69 xkhd6sd x16tdsg8 x1hl2dhg xggy1nq x1a2a7pz xkrqix3 x1sur9pj x1fey0fg x1s688f\" role=\"link\" href=\"https:\/\/www.facebook.com\/profile.php?id=61564601524885&amp;__cft__[0]=AZXpNSSzboFDDvDtHHKcUR9FAMcAsUWGOSmmLDSXtA_KyNibAcr9yeONCNaexrY6vKTtG-z-EMYiwEj8YkY-ZbalK6dBHCZ3c37SET1KYsj1rQtN5kxYCcikxEqTCYH1Hy5mueIJxnmAREvgpAtOSLDdCJfp_FFZr8PCcsGxzTpdzsE8L3zikgD2gl47sh00ecMtXvAoY8fkjyUj18zS7o5a&amp;__tn__=-]K-R\"><span class=\"xt0psk2\"><span class=\"xjp7ctv\">Svedala Brandmans F\u00f6rening <\/span><\/span><\/a><\/span>f\u00f6rening, som drev fram folkomr\u00f6stningen. Deras perspektiv \u00e4r central i debatten, och har \u00e5sidosatts.<\/div>\n<\/div>\n<div class=\"x11i5rnm xat24cr x1mh8g0r x1vvkbs xtlvy1s x126k92a\">\n<div dir=\"auto\"><\/div>\n<div dir=\"auto\"><strong>Sammanfattningsvis<\/strong><\/div>\n<div dir=\"auto\">Vi vet vad vi har i Svedala \u2013 <strong>en engagerad, n\u00e4rvarande och kompetent r\u00e4ddningstj\u00e4nst.<\/strong> Vi vill bygga vidare p\u00e5 v\u00e5ra styrkor, utveckla samarbeten p\u00e5 egna villkor och s\u00e4kra framtiden utan att ge upp kontrollen. <strong>Den 11 maj r\u00f6star vi JA till fortsatt egen regi \u2013 f\u00f6r trygghet n\u00e4ra dig.<\/strong><\/div>\n<\/div>\n","protected":false},"excerpt":{"rendered":"<p>Vi tackar Socialdemokraterna f\u00f6r att de tydligt redog\u00f6r f\u00f6r sin st\u00e5ndpunkt \u2013 det \u00e4r viktigt att inv\u00e5narna f\u00e5r ta del av argument inf\u00f6r folkomr\u00f6stningen den 11 maj. Vi Kristdemokrater tror d\u00e4remot inte att en st\u00f6rre organisation kan ers\u00e4tta det v\u00e4rde vi redan har. Vi anser att flera av de argument som framf\u00f6rs f\u00f6r att s\u00e4kerst\u00e4lla <a class=\"read-more-link\" href=\"https:\/\/wp.kristdemokraterna.se\/svedala\/svar-fran-kristdemokraterna-pa-socialdemokraternas-inlagg-om-raddningstjansten\/\">L\u00e4s mer<\/a><\/p>\n","protected":false},"author":945,"featured_media":0,"comment_status":"closed","ping_status":"closed","sticky":false,"template":"","format":"standard","meta":{"_acf_changed":false,"footnotes":""},"categories":[14],"tags":[28,22,23,25,27],"class_list":["post-731","post","type-post","status-publish","format-standard","hentry","category-raddningstjanst","tag-11-maj","tag-egen-regi","tag-folkomrostning","tag-raddningstjanst","tag-sedala"],"acf":[],"yoast_head":"<!-- This site is optimized with the Yoast SEO plugin v27.4 - https:\/\/yoast.com\/product\/yoast-seo-wordpress\/ -->\n<title>Svar fr\u00e5n Kristdemokraterna p\u00e5 Socialdemokraternas inl\u00e4gg om r\u00e4ddningstj\u00e4nsten - Kristdemokraterna | Svedala<\/title>\n<meta name=\"robots\" content=\"index, follow, max-snippet:-1, max-image-preview:large, max-video-preview:-1\" \/>\n<link rel=\"canonical\" href=\"https:\/\/wp.kristdemokraterna.se\/svedala\/svar-fran-kristdemokraterna-pa-socialdemokraternas-inlagg-om-raddningstjansten\/\" \/>\n<meta property=\"og:locale\" content=\"sv_SE\" \/>\n<meta property=\"og:type\" content=\"article\" \/>\n<meta property=\"og:title\" content=\"Svar fr\u00e5n Kristdemokraterna p\u00e5 Socialdemokraternas inl\u00e4gg om r\u00e4ddningstj\u00e4nsten - Kristdemokraterna | Svedala\" \/>\n<meta property=\"og:description\" content=\"Vi tackar Socialdemokraterna f\u00f6r att de tydligt redog\u00f6r f\u00f6r sin st\u00e5ndpunkt \u2013 det \u00e4r viktigt att inv\u00e5narna f\u00e5r ta del av argument inf\u00f6r folkomr\u00f6stningen den 11 maj. Vi Kristdemokrater tror d\u00e4remot inte att en st\u00f6rre organisation kan ers\u00e4tta det v\u00e4rde vi redan har. Vi anser att flera av de argument som framf\u00f6rs f\u00f6r att s\u00e4kerst\u00e4lla L\u00e4s mer\" \/>\n<meta property=\"og:url\" content=\"https:\/\/wp.kristdemokraterna.se\/svedala\/svar-fran-kristdemokraterna-pa-socialdemokraternas-inlagg-om-raddningstjansten\/\" \/>\n<meta property=\"og:site_name\" content=\"Kristdemokraterna | Svedala\" \/>\n<meta property=\"article:author\" content=\"https:\/\/www.facebook.com\/KDSvedala\" \/>\n<meta property=\"article:published_time\" content=\"2025-05-05T10:20:18+00:00\" \/>\n<meta property=\"og:image\" content=\"https:\/\/static.xx.fbcdn.net\/images\/emoji.php\/v9\/tb4\/2\/16\/2705.png\" \/>\n<meta name=\"author\" content=\"svedala\" \/>\n<meta name=\"twitter:card\" content=\"summary_large_image\" \/>\n<meta name=\"twitter:label1\" content=\"Skriven av\" \/>\n\t<meta name=\"twitter:data1\" content=\"svedala\" \/>\n\t<meta name=\"twitter:label2\" content=\"Ber\u00e4knad l\u00e4stid\" \/>\n\t<meta name=\"twitter:data2\" content=\"3 minuter\" \/>\n<script type=\"application\/ld+json\" class=\"yoast-schema-graph\">{\"@context\":\"https:\\\/\\\/schema.org\",\"@graph\":[{\"@type\":\"Article\",\"@id\":\"https:\\\/\\\/wp.kristdemokraterna.se\\\/svedala\\\/svar-fran-kristdemokraterna-pa-socialdemokraternas-inlagg-om-raddningstjansten\\\/#article\",\"isPartOf\":{\"@id\":\"https:\\\/\\\/wp.kristdemokraterna.se\\\/svedala\\\/svar-fran-kristdemokraterna-pa-socialdemokraternas-inlagg-om-raddningstjansten\\\/\"},\"author\":{\"name\":\"svedala\",\"@id\":\"https:\\\/\\\/wp.kristdemokraterna.se\\\/svedala\\\/#\\\/schema\\\/person\\\/3d1398a59e3cee8910b9e54a7de0c3ee\"},\"headline\":\"Svar fr\u00e5n Kristdemokraterna p\u00e5 Socialdemokraternas inl\u00e4gg om r\u00e4ddningstj\u00e4nsten\",\"datePublished\":\"2025-05-05T10:20:18+00:00\",\"mainEntityOfPage\":{\"@id\":\"https:\\\/\\\/wp.kristdemokraterna.se\\\/svedala\\\/svar-fran-kristdemokraterna-pa-socialdemokraternas-inlagg-om-raddningstjansten\\\/\"},\"wordCount\":425,\"image\":{\"@id\":\"https:\\\/\\\/wp.kristdemokraterna.se\\\/svedala\\\/svar-fran-kristdemokraterna-pa-socialdemokraternas-inlagg-om-raddningstjansten\\\/#primaryimage\"},\"thumbnailUrl\":\"https:\\\/\\\/static.xx.fbcdn.net\\\/images\\\/emoji.php\\\/v9\\\/tb4\\\/2\\\/16\\\/2705.png\",\"keywords\":[\"11 maj\",\"egen regi\",\"folkomr\u00f6stning\",\"r\u00e4ddningstj\u00e4nst\",\"sedala\"],\"articleSection\":[\"R\u00e4ddningstj\u00e4nst\"],\"inLanguage\":\"sv-SE\"},{\"@type\":\"WebPage\",\"@id\":\"https:\\\/\\\/wp.kristdemokraterna.se\\\/svedala\\\/svar-fran-kristdemokraterna-pa-socialdemokraternas-inlagg-om-raddningstjansten\\\/\",\"url\":\"https:\\\/\\\/wp.kristdemokraterna.se\\\/svedala\\\/svar-fran-kristdemokraterna-pa-socialdemokraternas-inlagg-om-raddningstjansten\\\/\",\"name\":\"Svar fr\u00e5n Kristdemokraterna p\u00e5 Socialdemokraternas inl\u00e4gg om r\u00e4ddningstj\u00e4nsten - Kristdemokraterna | Svedala\",\"isPartOf\":{\"@id\":\"https:\\\/\\\/wp.kristdemokraterna.se\\\/svedala\\\/#website\"},\"primaryImageOfPage\":{\"@id\":\"https:\\\/\\\/wp.kristdemokraterna.se\\\/svedala\\\/svar-fran-kristdemokraterna-pa-socialdemokraternas-inlagg-om-raddningstjansten\\\/#primaryimage\"},\"image\":{\"@id\":\"https:\\\/\\\/wp.kristdemokraterna.se\\\/svedala\\\/svar-fran-kristdemokraterna-pa-socialdemokraternas-inlagg-om-raddningstjansten\\\/#primaryimage\"},\"thumbnailUrl\":\"https:\\\/\\\/static.xx.fbcdn.net\\\/images\\\/emoji.php\\\/v9\\\/tb4\\\/2\\\/16\\\/2705.png\",\"datePublished\":\"2025-05-05T10:20:18+00:00\",\"author\":{\"@id\":\"https:\\\/\\\/wp.kristdemokraterna.se\\\/svedala\\\/#\\\/schema\\\/person\\\/3d1398a59e3cee8910b9e54a7de0c3ee\"},\"breadcrumb\":{\"@id\":\"https:\\\/\\\/wp.kristdemokraterna.se\\\/svedala\\\/svar-fran-kristdemokraterna-pa-socialdemokraternas-inlagg-om-raddningstjansten\\\/#breadcrumb\"},\"inLanguage\":\"sv-SE\",\"potentialAction\":[{\"@type\":\"ReadAction\",\"target\":[\"https:\\\/\\\/wp.kristdemokraterna.se\\\/svedala\\\/svar-fran-kristdemokraterna-pa-socialdemokraternas-inlagg-om-raddningstjansten\\\/\"]}]},{\"@type\":\"ImageObject\",\"inLanguage\":\"sv-SE\",\"@id\":\"https:\\\/\\\/wp.kristdemokraterna.se\\\/svedala\\\/svar-fran-kristdemokraterna-pa-socialdemokraternas-inlagg-om-raddningstjansten\\\/#primaryimage\",\"url\":\"https:\\\/\\\/static.xx.fbcdn.net\\\/images\\\/emoji.php\\\/v9\\\/tb4\\\/2\\\/16\\\/2705.png\",\"contentUrl\":\"https:\\\/\\\/static.xx.fbcdn.net\\\/images\\\/emoji.php\\\/v9\\\/tb4\\\/2\\\/16\\\/2705.png\"},{\"@type\":\"BreadcrumbList\",\"@id\":\"https:\\\/\\\/wp.kristdemokraterna.se\\\/svedala\\\/svar-fran-kristdemokraterna-pa-socialdemokraternas-inlagg-om-raddningstjansten\\\/#breadcrumb\",\"itemListElement\":[{\"@type\":\"ListItem\",\"position\":1,\"name\":\"Hem\",\"item\":\"https:\\\/\\\/wp.kristdemokraterna.se\\\/svedala\\\/\"},{\"@type\":\"ListItem\",\"position\":2,\"name\":\"Svar fr\u00e5n Kristdemokraterna p\u00e5 Socialdemokraternas inl\u00e4gg om r\u00e4ddningstj\u00e4nsten\"}]},{\"@type\":\"WebSite\",\"@id\":\"https:\\\/\\\/wp.kristdemokraterna.se\\\/svedala\\\/#website\",\"url\":\"https:\\\/\\\/wp.kristdemokraterna.se\\\/svedala\\\/\",\"name\":\"Kristdemokraterna | Svedala\",\"description\":\"Ett Svedala d\u00e4r n\u00e4rhet, ansvar och omtanke f\u00e5r styra \u2013 inte storskalighet och centralisering\",\"inLanguage\":\"sv-SE\"},{\"@type\":\"Person\",\"@id\":\"https:\\\/\\\/wp.kristdemokraterna.se\\\/svedala\\\/#\\\/schema\\\/person\\\/3d1398a59e3cee8910b9e54a7de0c3ee\",\"name\":\"svedala\",\"image\":{\"@type\":\"ImageObject\",\"inLanguage\":\"sv-SE\",\"@id\":\"https:\\\/\\\/secure.gravatar.com\\\/avatar\\\/1b94617fcb6329bca9e3557b768050901f95da08c3f160db21ccd75d493c45b0?s=96&d=mm&r=g\",\"url\":\"https:\\\/\\\/secure.gravatar.com\\\/avatar\\\/1b94617fcb6329bca9e3557b768050901f95da08c3f160db21ccd75d493c45b0?s=96&d=mm&r=g\",\"contentUrl\":\"https:\\\/\\\/secure.gravatar.com\\\/avatar\\\/1b94617fcb6329bca9e3557b768050901f95da08c3f160db21ccd75d493c45b0?s=96&d=mm&r=g\",\"caption\":\"svedala\"},\"sameAs\":[\"http:\\\/\\\/www.kristdemokraterna.se\\\/svedala\",\"https:\\\/\\\/www.facebook.com\\\/KDSvedala\",\"https:\\\/\\\/www.instagram.com\\\/kd.svedala\\\/\"],\"url\":\"https:\\\/\\\/wp.kristdemokraterna.se\\\/svedala\\\/author\\\/svedala\\\/\"}]}<\/script>\n<!-- \/ Yoast SEO plugin. -->","yoast_head_json":{"title":"Svar fr\u00e5n Kristdemokraterna p\u00e5 Socialdemokraternas inl\u00e4gg om r\u00e4ddningstj\u00e4nsten - Kristdemokraterna | Svedala","robots":{"index":"index","follow":"follow","max-snippet":"max-snippet:-1","max-image-preview":"max-image-preview:large","max-video-preview":"max-video-preview:-1"},"canonical":"https:\/\/wp.kristdemokraterna.se\/svedala\/svar-fran-kristdemokraterna-pa-socialdemokraternas-inlagg-om-raddningstjansten\/","og_locale":"sv_SE","og_type":"article","og_title":"Svar fr\u00e5n Kristdemokraterna p\u00e5 Socialdemokraternas inl\u00e4gg om r\u00e4ddningstj\u00e4nsten - Kristdemokraterna | Svedala","og_description":"Vi tackar Socialdemokraterna f\u00f6r att de tydligt redog\u00f6r f\u00f6r sin st\u00e5ndpunkt \u2013 det \u00e4r viktigt att inv\u00e5narna f\u00e5r ta del av argument inf\u00f6r folkomr\u00f6stningen den 11 maj. Vi Kristdemokrater tror d\u00e4remot inte att en st\u00f6rre organisation kan ers\u00e4tta det v\u00e4rde vi redan har. Vi anser att flera av de argument som framf\u00f6rs f\u00f6r att s\u00e4kerst\u00e4lla L\u00e4s mer","og_url":"https:\/\/wp.kristdemokraterna.se\/svedala\/svar-fran-kristdemokraterna-pa-socialdemokraternas-inlagg-om-raddningstjansten\/","og_site_name":"Kristdemokraterna | Svedala","article_author":"https:\/\/www.facebook.com\/KDSvedala","article_published_time":"2025-05-05T10:20:18+00:00","og_image":[{"url":"https:\/\/static.xx.fbcdn.net\/images\/emoji.php\/v9\/tb4\/2\/16\/2705.png","type":"","width":"","height":""}],"author":"svedala","twitter_card":"summary_large_image","twitter_misc":{"Skriven av":"svedala","Ber\u00e4knad l\u00e4stid":"3 minuter"},"schema":{"@context":"https:\/\/schema.org","@graph":[{"@type":"Article","@id":"https:\/\/wp.kristdemokraterna.se\/svedala\/svar-fran-kristdemokraterna-pa-socialdemokraternas-inlagg-om-raddningstjansten\/#article","isPartOf":{"@id":"https:\/\/wp.kristdemokraterna.se\/svedala\/svar-fran-kristdemokraterna-pa-socialdemokraternas-inlagg-om-raddningstjansten\/"},"author":{"name":"svedala","@id":"https:\/\/wp.kristdemokraterna.se\/svedala\/#\/schema\/person\/3d1398a59e3cee8910b9e54a7de0c3ee"},"headline":"Svar fr\u00e5n Kristdemokraterna p\u00e5 Socialdemokraternas inl\u00e4gg om r\u00e4ddningstj\u00e4nsten","datePublished":"2025-05-05T10:20:18+00:00","mainEntityOfPage":{"@id":"https:\/\/wp.kristdemokraterna.se\/svedala\/svar-fran-kristdemokraterna-pa-socialdemokraternas-inlagg-om-raddningstjansten\/"},"wordCount":425,"image":{"@id":"https:\/\/wp.kristdemokraterna.se\/svedala\/svar-fran-kristdemokraterna-pa-socialdemokraternas-inlagg-om-raddningstjansten\/#primaryimage"},"thumbnailUrl":"https:\/\/static.xx.fbcdn.net\/images\/emoji.php\/v9\/tb4\/2\/16\/2705.png","keywords":["11 maj","egen regi","folkomr\u00f6stning","r\u00e4ddningstj\u00e4nst","sedala"],"articleSection":["R\u00e4ddningstj\u00e4nst"],"inLanguage":"sv-SE"},{"@type":"WebPage","@id":"https:\/\/wp.kristdemokraterna.se\/svedala\/svar-fran-kristdemokraterna-pa-socialdemokraternas-inlagg-om-raddningstjansten\/","url":"https:\/\/wp.kristdemokraterna.se\/svedala\/svar-fran-kristdemokraterna-pa-socialdemokraternas-inlagg-om-raddningstjansten\/","name":"Svar fr\u00e5n Kristdemokraterna p\u00e5 Socialdemokraternas inl\u00e4gg om r\u00e4ddningstj\u00e4nsten - Kristdemokraterna | Svedala","isPartOf":{"@id":"https:\/\/wp.kristdemokraterna.se\/svedala\/#website"},"primaryImageOfPage":{"@id":"https:\/\/wp.kristdemokraterna.se\/svedala\/svar-fran-kristdemokraterna-pa-socialdemokraternas-inlagg-om-raddningstjansten\/#primaryimage"},"image":{"@id":"https:\/\/wp.kristdemokraterna.se\/svedala\/svar-fran-kristdemokraterna-pa-socialdemokraternas-inlagg-om-raddningstjansten\/#primaryimage"},"thumbnailUrl":"https:\/\/static.xx.fbcdn.net\/images\/emoji.php\/v9\/tb4\/2\/16\/2705.png","datePublished":"2025-05-05T10:20:18+00:00","author":{"@id":"https:\/\/wp.kristdemokraterna.se\/svedala\/#\/schema\/person\/3d1398a59e3cee8910b9e54a7de0c3ee"},"breadcrumb":{"@id":"https:\/\/wp.kristdemokraterna.se\/svedala\/svar-fran-kristdemokraterna-pa-socialdemokraternas-inlagg-om-raddningstjansten\/#breadcrumb"},"inLanguage":"sv-SE","potentialAction":[{"@type":"ReadAction","target":["https:\/\/wp.kristdemokraterna.se\/svedala\/svar-fran-kristdemokraterna-pa-socialdemokraternas-inlagg-om-raddningstjansten\/"]}]},{"@type":"ImageObject","inLanguage":"sv-SE","@id":"https:\/\/wp.kristdemokraterna.se\/svedala\/svar-fran-kristdemokraterna-pa-socialdemokraternas-inlagg-om-raddningstjansten\/#primaryimage","url":"https:\/\/static.xx.fbcdn.net\/images\/emoji.php\/v9\/tb4\/2\/16\/2705.png","contentUrl":"https:\/\/static.xx.fbcdn.net\/images\/emoji.php\/v9\/tb4\/2\/16\/2705.png"},{"@type":"BreadcrumbList","@id":"https:\/\/wp.kristdemokraterna.se\/svedala\/svar-fran-kristdemokraterna-pa-socialdemokraternas-inlagg-om-raddningstjansten\/#breadcrumb","itemListElement":[{"@type":"ListItem","position":1,"name":"Hem","item":"https:\/\/wp.kristdemokraterna.se\/svedala\/"},{"@type":"ListItem","position":2,"name":"Svar fr\u00e5n Kristdemokraterna p\u00e5 Socialdemokraternas inl\u00e4gg om r\u00e4ddningstj\u00e4nsten"}]},{"@type":"WebSite","@id":"https:\/\/wp.kristdemokraterna.se\/svedala\/#website","url":"https:\/\/wp.kristdemokraterna.se\/svedala\/","name":"Kristdemokraterna | Svedala","description":"Ett Svedala d\u00e4r n\u00e4rhet, ansvar och omtanke f\u00e5r styra \u2013 inte storskalighet och centralisering","inLanguage":"sv-SE"},{"@type":"Person","@id":"https:\/\/wp.kristdemokraterna.se\/svedala\/#\/schema\/person\/3d1398a59e3cee8910b9e54a7de0c3ee","name":"svedala","image":{"@type":"ImageObject","inLanguage":"sv-SE","@id":"https:\/\/secure.gravatar.com\/avatar\/1b94617fcb6329bca9e3557b768050901f95da08c3f160db21ccd75d493c45b0?s=96&d=mm&r=g","url":"https:\/\/secure.gravatar.com\/avatar\/1b94617fcb6329bca9e3557b768050901f95da08c3f160db21ccd75d493c45b0?s=96&d=mm&r=g","contentUrl":"https:\/\/secure.gravatar.com\/avatar\/1b94617fcb6329bca9e3557b768050901f95da08c3f160db21ccd75d493c45b0?s=96&d=mm&r=g","caption":"svedala"},"sameAs":["http:\/\/www.kristdemokraterna.se\/svedala","https:\/\/www.facebook.com\/KDSvedala","https:\/\/www.instagram.com\/kd.svedala\/"],"url":"https:\/\/wp.kristdemokraterna.se\/svedala\/author\/svedala\/"}]}},"_links":{"self":[{"href":"https:\/\/wp.kristdemokraterna.se\/svedala\/wp-json\/wp\/v2\/posts\/731","targetHints":{"allow":["GET"]}}],"collection":[{"href":"https:\/\/wp.kristdemokraterna.se\/svedala\/wp-json\/wp\/v2\/posts"}],"about":[{"href":"https:\/\/wp.kristdemokraterna.se\/svedala\/wp-json\/wp\/v2\/types\/post"}],"author":[{"embeddable":true,"href":"https:\/\/wp.kristdemokraterna.se\/svedala\/wp-json\/wp\/v2\/users\/945"}],"replies":[{"embeddable":true,"href":"https:\/\/wp.kristdemokraterna.se\/svedala\/wp-json\/wp\/v2\/comments?post=731"}],"version-history":[{"count":1,"href":"https:\/\/wp.kristdemokraterna.se\/svedala\/wp-json\/wp\/v2\/posts\/731\/revisions"}],"predecessor-version":[{"id":733,"href":"https:\/\/wp.kristdemokraterna.se\/svedala\/wp-json\/wp\/v2\/posts\/731\/revisions\/733"}],"wp:attachment":[{"href":"https:\/\/wp.kristdemokraterna.se\/svedala\/wp-json\/wp\/v2\/media?parent=731"}],"wp:term":[{"taxonomy":"category","embeddable":true,"href":"https:\/\/wp.kristdemokraterna.se\/svedala\/wp-json\/wp\/v2\/categories?post=731"},{"taxonomy":"post_tag","embeddable":true,"href":"https:\/\/wp.kristdemokraterna.se\/svedala\/wp-json\/wp\/v2\/tags?post=731"}],"curies":[{"name":"wp","href":"https:\/\/api.w.org\/{rel}","templated":true}]}}