{"id":735,"date":"2025-05-06T12:47:48","date_gmt":"2025-05-06T10:47:48","guid":{"rendered":"https:\/\/wp.kristdemokraterna.se\/svedala\/?p=735"},"modified":"2025-05-06T12:47:48","modified_gmt":"2025-05-06T10:47:48","slug":"ekonomin-i-raddningstjansten-syd-ar-fakta-inte-asikt","status":"publish","type":"post","link":"https:\/\/wp.kristdemokraterna.se\/svedala\/ekonomin-i-raddningstjansten-syd-ar-fakta-inte-asikt\/","title":{"rendered":"Ekonomin i R\u00e4ddningstj\u00e4nsten Syd \u00e4r fakta, inte \u00e5sikt"},"content":{"rendered":"<p>\u00d6ppet brev till Ambj\u00f6rn Hardenstedt (S)<\/p>\n<p class=\"\" data-start=\"206\" data-end=\"222\"><strong>B\u00e4ste Ambj\u00f6rn,<\/strong><\/p>\n<p class=\"\" data-start=\"224\" data-end=\"374\">Vi vill bem\u00f6ta ditt p\u00e5st\u00e5ende att det \u00e4r <strong>\u201crena l\u00f6gner\u201d n\u00e4r vi i Kristdemokraterna lyfter fram R\u00e4ddningstj\u00e4nsten Syds siffror<\/strong> inf\u00f6r folkomr\u00f6stningen.<\/p>\n<p class=\"\" data-start=\"376\" data-end=\"418\">\u00c5rsredovisningen f\u00f6r 2024 visar tydligt:<\/p>\n<ul data-start=\"419\" data-end=\"541\">\n<li class=\"\" data-start=\"419\" data-end=\"475\">\n<p class=\"\" data-start=\"421\" data-end=\"475\">Ett redovisat driftsresultat p\u00e5 <strong data-start=\"449\" data-end=\"473\">\u20135,7 miljoner kronor<\/strong><\/p>\n<\/li>\n<li class=\"\" data-start=\"476\" data-end=\"541\">\n<p class=\"\" data-start=\"478\" data-end=\"541\">Ett negativt balanskravsresultat p\u00e5 <strong data-start=\"514\" data-end=\"539\">\u201317,6 miljoner kronor<\/strong><\/p>\n<\/li>\n<\/ul>\n<p class=\"\" data-start=\"543\" data-end=\"888\">Det \u00e4r allts\u00e5 inte \u201crena l\u00f6gner\u201d att n\u00e4mna dessa siffror. Det handlar om vad detta <strong>minus betyder f\u00f6r l\u00e5ngsiktig stabilitet och framtida medlemsavgifter<\/strong>. Vi anser att det \u00e4r b\u00e5de relevant och<strong> ansvarsfullt att medborgarna informeras<\/strong> om dessa fakta och risker som kan f\u00f6lja \u2013 s\u00e5 de kan ta st\u00e4llning med \u00f6ppna \u00f6gon.<\/p>\n<p class=\"\" data-start=\"890\" data-end=\"1189\">Vi noterar ocks\u00e5, Ambj\u00f6rn, att den <strong>nuvarande dialogen i denna fr\u00e5ga, tyv\u00e4rr, varken \u00e4r respektfull eller transparent<\/strong>. N\u00e4r en lokal politiker avf\u00e4rdar saklig information som l\u00f6gner bidrar det inte till en demokratisk och \u00f6ppen debatt \u2013 det riskerar snarare att <strong>skapa polarisering och misst\u00e4nkligg\u00f6rande.<\/strong><\/p>\n<p class=\"\" data-start=\"1191\" data-end=\"1458\">Vi Kristdemokrater st\u00e5r en \u00e4rlig och <strong>respektfull debatt d\u00e4r alla argument kan pr\u00f6vas \u00f6ppet och d\u00e4r medborgarnas r\u00e4tt till information s\u00e4tts i centrum<\/strong>. Demokratin st\u00e4rks inte genom att tysta fr\u00e5gor, utan genom att m\u00f6ta dem med saklighet och respekt.<\/p>\n<p class=\"\" data-start=\"1460\" data-end=\"1607\">Vi hoppas att \u00e4ven du, Ambj\u00f6rn, vill bidra till en mer <strong>konstruktiv debatt som st\u00e4rker demokratin och f\u00f6rtroendet mellan politiker och medborgare.<\/strong><\/p>\n","protected":false},"excerpt":{"rendered":"<p>\u00d6ppet brev till Ambj\u00f6rn Hardenstedt (S) B\u00e4ste Ambj\u00f6rn, Vi vill bem\u00f6ta ditt p\u00e5st\u00e5ende att det \u00e4r \u201crena l\u00f6gner\u201d n\u00e4r vi i Kristdemokraterna lyfter fram R\u00e4ddningstj\u00e4nsten Syds siffror inf\u00f6r folkomr\u00f6stningen. \u00c5rsredovisningen f\u00f6r 2024 visar tydligt: Ett redovisat driftsresultat p\u00e5 \u20135,7 miljoner kronor Ett negativt balanskravsresultat p\u00e5 \u201317,6 miljoner kronor Det \u00e4r allts\u00e5 inte \u201crena l\u00f6gner\u201d att <a class=\"read-more-link\" href=\"https:\/\/wp.kristdemokraterna.se\/svedala\/ekonomin-i-raddningstjansten-syd-ar-fakta-inte-asikt\/\">L\u00e4s mer<\/a><\/p>\n","protected":false},"author":945,"featured_media":0,"comment_status":"closed","ping_status":"closed","sticky":false,"template":"","format":"standard","meta":{"_acf_changed":false,"footnotes":""},"categories":[14],"tags":[29,23,25,19],"class_list":["post-735","post","type-post","status-publish","format-standard","hentry","category-raddningstjanst","tag-debatt","tag-folkomrostning","tag-raddningstjanst","tag-svedala"],"acf":[],"yoast_head":"<!-- This site is optimized with the Yoast SEO plugin v27.4 - https:\/\/yoast.com\/product\/yoast-seo-wordpress\/ -->\n<title>Ekonomin i R\u00e4ddningstj\u00e4nsten Syd \u00e4r fakta, inte \u00e5sikt - Kristdemokraterna | Svedala<\/title>\n<meta name=\"robots\" content=\"index, follow, max-snippet:-1, max-image-preview:large, max-video-preview:-1\" \/>\n<link rel=\"canonical\" href=\"https:\/\/wp.kristdemokraterna.se\/svedala\/ekonomin-i-raddningstjansten-syd-ar-fakta-inte-asikt\/\" \/>\n<meta property=\"og:locale\" content=\"sv_SE\" \/>\n<meta property=\"og:type\" content=\"article\" \/>\n<meta property=\"og:title\" content=\"Ekonomin i R\u00e4ddningstj\u00e4nsten Syd \u00e4r fakta, inte \u00e5sikt - Kristdemokraterna | Svedala\" \/>\n<meta property=\"og:description\" content=\"\u00d6ppet brev till Ambj\u00f6rn Hardenstedt (S) B\u00e4ste Ambj\u00f6rn, Vi vill bem\u00f6ta ditt p\u00e5st\u00e5ende att det \u00e4r \u201crena l\u00f6gner\u201d n\u00e4r vi i Kristdemokraterna lyfter fram R\u00e4ddningstj\u00e4nsten Syds siffror inf\u00f6r folkomr\u00f6stningen. \u00c5rsredovisningen f\u00f6r 2024 visar tydligt: Ett redovisat driftsresultat p\u00e5 \u20135,7 miljoner kronor Ett negativt balanskravsresultat p\u00e5 \u201317,6 miljoner kronor Det \u00e4r allts\u00e5 inte \u201crena l\u00f6gner\u201d att L\u00e4s mer\" \/>\n<meta property=\"og:url\" content=\"https:\/\/wp.kristdemokraterna.se\/svedala\/ekonomin-i-raddningstjansten-syd-ar-fakta-inte-asikt\/\" \/>\n<meta property=\"og:site_name\" content=\"Kristdemokraterna | Svedala\" \/>\n<meta property=\"article:author\" content=\"https:\/\/www.facebook.com\/KDSvedala\" \/>\n<meta property=\"article:published_time\" content=\"2025-05-06T10:47:48+00:00\" \/>\n<meta name=\"author\" content=\"svedala\" \/>\n<meta name=\"twitter:card\" content=\"summary_large_image\" \/>\n<meta name=\"twitter:label1\" content=\"Skriven av\" \/>\n\t<meta name=\"twitter:data1\" content=\"svedala\" \/>\n\t<meta name=\"twitter:label2\" content=\"Ber\u00e4knad l\u00e4stid\" \/>\n\t<meta name=\"twitter:data2\" content=\"2 minuter\" \/>\n<script type=\"application\/ld+json\" class=\"yoast-schema-graph\">{\"@context\":\"https:\\\/\\\/schema.org\",\"@graph\":[{\"@type\":\"Article\",\"@id\":\"https:\\\/\\\/wp.kristdemokraterna.se\\\/svedala\\\/ekonomin-i-raddningstjansten-syd-ar-fakta-inte-asikt\\\/#article\",\"isPartOf\":{\"@id\":\"https:\\\/\\\/wp.kristdemokraterna.se\\\/svedala\\\/ekonomin-i-raddningstjansten-syd-ar-fakta-inte-asikt\\\/\"},\"author\":{\"name\":\"svedala\",\"@id\":\"https:\\\/\\\/wp.kristdemokraterna.se\\\/svedala\\\/#\\\/schema\\\/person\\\/3d1398a59e3cee8910b9e54a7de0c3ee\"},\"headline\":\"Ekonomin i R\u00e4ddningstj\u00e4nsten Syd \u00e4r fakta, inte \u00e5sikt\",\"datePublished\":\"2025-05-06T10:47:48+00:00\",\"mainEntityOfPage\":{\"@id\":\"https:\\\/\\\/wp.kristdemokraterna.se\\\/svedala\\\/ekonomin-i-raddningstjansten-syd-ar-fakta-inte-asikt\\\/\"},\"wordCount\":250,\"keywords\":[\"debatt\",\"folkomr\u00f6stning\",\"r\u00e4ddningstj\u00e4nst\",\"svedala\"],\"articleSection\":[\"R\u00e4ddningstj\u00e4nst\"],\"inLanguage\":\"sv-SE\"},{\"@type\":\"WebPage\",\"@id\":\"https:\\\/\\\/wp.kristdemokraterna.se\\\/svedala\\\/ekonomin-i-raddningstjansten-syd-ar-fakta-inte-asikt\\\/\",\"url\":\"https:\\\/\\\/wp.kristdemokraterna.se\\\/svedala\\\/ekonomin-i-raddningstjansten-syd-ar-fakta-inte-asikt\\\/\",\"name\":\"Ekonomin i R\u00e4ddningstj\u00e4nsten Syd \u00e4r fakta, inte \u00e5sikt - Kristdemokraterna | Svedala\",\"isPartOf\":{\"@id\":\"https:\\\/\\\/wp.kristdemokraterna.se\\\/svedala\\\/#website\"},\"datePublished\":\"2025-05-06T10:47:48+00:00\",\"author\":{\"@id\":\"https:\\\/\\\/wp.kristdemokraterna.se\\\/svedala\\\/#\\\/schema\\\/person\\\/3d1398a59e3cee8910b9e54a7de0c3ee\"},\"breadcrumb\":{\"@id\":\"https:\\\/\\\/wp.kristdemokraterna.se\\\/svedala\\\/ekonomin-i-raddningstjansten-syd-ar-fakta-inte-asikt\\\/#breadcrumb\"},\"inLanguage\":\"sv-SE\",\"potentialAction\":[{\"@type\":\"ReadAction\",\"target\":[\"https:\\\/\\\/wp.kristdemokraterna.se\\\/svedala\\\/ekonomin-i-raddningstjansten-syd-ar-fakta-inte-asikt\\\/\"]}]},{\"@type\":\"BreadcrumbList\",\"@id\":\"https:\\\/\\\/wp.kristdemokraterna.se\\\/svedala\\\/ekonomin-i-raddningstjansten-syd-ar-fakta-inte-asikt\\\/#breadcrumb\",\"itemListElement\":[{\"@type\":\"ListItem\",\"position\":1,\"name\":\"Hem\",\"item\":\"https:\\\/\\\/wp.kristdemokraterna.se\\\/svedala\\\/\"},{\"@type\":\"ListItem\",\"position\":2,\"name\":\"Ekonomin i R\u00e4ddningstj\u00e4nsten Syd \u00e4r fakta, inte \u00e5sikt\"}]},{\"@type\":\"WebSite\",\"@id\":\"https:\\\/\\\/wp.kristdemokraterna.se\\\/svedala\\\/#website\",\"url\":\"https:\\\/\\\/wp.kristdemokraterna.se\\\/svedala\\\/\",\"name\":\"Kristdemokraterna | Svedala\",\"description\":\"Ett Svedala d\u00e4r n\u00e4rhet, ansvar och omtanke f\u00e5r styra \u2013 inte storskalighet och centralisering\",\"inLanguage\":\"sv-SE\"},{\"@type\":\"Person\",\"@id\":\"https:\\\/\\\/wp.kristdemokraterna.se\\\/svedala\\\/#\\\/schema\\\/person\\\/3d1398a59e3cee8910b9e54a7de0c3ee\",\"name\":\"svedala\",\"image\":{\"@type\":\"ImageObject\",\"inLanguage\":\"sv-SE\",\"@id\":\"https:\\\/\\\/secure.gravatar.com\\\/avatar\\\/1b94617fcb6329bca9e3557b768050901f95da08c3f160db21ccd75d493c45b0?s=96&d=mm&r=g\",\"url\":\"https:\\\/\\\/secure.gravatar.com\\\/avatar\\\/1b94617fcb6329bca9e3557b768050901f95da08c3f160db21ccd75d493c45b0?s=96&d=mm&r=g\",\"contentUrl\":\"https:\\\/\\\/secure.gravatar.com\\\/avatar\\\/1b94617fcb6329bca9e3557b768050901f95da08c3f160db21ccd75d493c45b0?s=96&d=mm&r=g\",\"caption\":\"svedala\"},\"sameAs\":[\"http:\\\/\\\/www.kristdemokraterna.se\\\/svedala\",\"https:\\\/\\\/www.facebook.com\\\/KDSvedala\",\"https:\\\/\\\/www.instagram.com\\\/kd.svedala\\\/\"],\"url\":\"https:\\\/\\\/wp.kristdemokraterna.se\\\/svedala\\\/author\\\/svedala\\\/\"}]}<\/script>\n<!-- \/ Yoast SEO plugin. -->","yoast_head_json":{"title":"Ekonomin i R\u00e4ddningstj\u00e4nsten Syd \u00e4r fakta, inte \u00e5sikt - Kristdemokraterna | Svedala","robots":{"index":"index","follow":"follow","max-snippet":"max-snippet:-1","max-image-preview":"max-image-preview:large","max-video-preview":"max-video-preview:-1"},"canonical":"https:\/\/wp.kristdemokraterna.se\/svedala\/ekonomin-i-raddningstjansten-syd-ar-fakta-inte-asikt\/","og_locale":"sv_SE","og_type":"article","og_title":"Ekonomin i R\u00e4ddningstj\u00e4nsten Syd \u00e4r fakta, inte \u00e5sikt - Kristdemokraterna | Svedala","og_description":"\u00d6ppet brev till Ambj\u00f6rn Hardenstedt (S) B\u00e4ste Ambj\u00f6rn, Vi vill bem\u00f6ta ditt p\u00e5st\u00e5ende att det \u00e4r \u201crena l\u00f6gner\u201d n\u00e4r vi i Kristdemokraterna lyfter fram R\u00e4ddningstj\u00e4nsten Syds siffror inf\u00f6r folkomr\u00f6stningen. \u00c5rsredovisningen f\u00f6r 2024 visar tydligt: Ett redovisat driftsresultat p\u00e5 \u20135,7 miljoner kronor Ett negativt balanskravsresultat p\u00e5 \u201317,6 miljoner kronor Det \u00e4r allts\u00e5 inte \u201crena l\u00f6gner\u201d att L\u00e4s mer","og_url":"https:\/\/wp.kristdemokraterna.se\/svedala\/ekonomin-i-raddningstjansten-syd-ar-fakta-inte-asikt\/","og_site_name":"Kristdemokraterna | Svedala","article_author":"https:\/\/www.facebook.com\/KDSvedala","article_published_time":"2025-05-06T10:47:48+00:00","author":"svedala","twitter_card":"summary_large_image","twitter_misc":{"Skriven av":"svedala","Ber\u00e4knad l\u00e4stid":"2 minuter"},"schema":{"@context":"https:\/\/schema.org","@graph":[{"@type":"Article","@id":"https:\/\/wp.kristdemokraterna.se\/svedala\/ekonomin-i-raddningstjansten-syd-ar-fakta-inte-asikt\/#article","isPartOf":{"@id":"https:\/\/wp.kristdemokraterna.se\/svedala\/ekonomin-i-raddningstjansten-syd-ar-fakta-inte-asikt\/"},"author":{"name":"svedala","@id":"https:\/\/wp.kristdemokraterna.se\/svedala\/#\/schema\/person\/3d1398a59e3cee8910b9e54a7de0c3ee"},"headline":"Ekonomin i R\u00e4ddningstj\u00e4nsten Syd \u00e4r fakta, inte \u00e5sikt","datePublished":"2025-05-06T10:47:48+00:00","mainEntityOfPage":{"@id":"https:\/\/wp.kristdemokraterna.se\/svedala\/ekonomin-i-raddningstjansten-syd-ar-fakta-inte-asikt\/"},"wordCount":250,"keywords":["debatt","folkomr\u00f6stning","r\u00e4ddningstj\u00e4nst","svedala"],"articleSection":["R\u00e4ddningstj\u00e4nst"],"inLanguage":"sv-SE"},{"@type":"WebPage","@id":"https:\/\/wp.kristdemokraterna.se\/svedala\/ekonomin-i-raddningstjansten-syd-ar-fakta-inte-asikt\/","url":"https:\/\/wp.kristdemokraterna.se\/svedala\/ekonomin-i-raddningstjansten-syd-ar-fakta-inte-asikt\/","name":"Ekonomin i R\u00e4ddningstj\u00e4nsten Syd \u00e4r fakta, inte \u00e5sikt - Kristdemokraterna | Svedala","isPartOf":{"@id":"https:\/\/wp.kristdemokraterna.se\/svedala\/#website"},"datePublished":"2025-05-06T10:47:48+00:00","author":{"@id":"https:\/\/wp.kristdemokraterna.se\/svedala\/#\/schema\/person\/3d1398a59e3cee8910b9e54a7de0c3ee"},"breadcrumb":{"@id":"https:\/\/wp.kristdemokraterna.se\/svedala\/ekonomin-i-raddningstjansten-syd-ar-fakta-inte-asikt\/#breadcrumb"},"inLanguage":"sv-SE","potentialAction":[{"@type":"ReadAction","target":["https:\/\/wp.kristdemokraterna.se\/svedala\/ekonomin-i-raddningstjansten-syd-ar-fakta-inte-asikt\/"]}]},{"@type":"BreadcrumbList","@id":"https:\/\/wp.kristdemokraterna.se\/svedala\/ekonomin-i-raddningstjansten-syd-ar-fakta-inte-asikt\/#breadcrumb","itemListElement":[{"@type":"ListItem","position":1,"name":"Hem","item":"https:\/\/wp.kristdemokraterna.se\/svedala\/"},{"@type":"ListItem","position":2,"name":"Ekonomin i R\u00e4ddningstj\u00e4nsten Syd \u00e4r fakta, inte \u00e5sikt"}]},{"@type":"WebSite","@id":"https:\/\/wp.kristdemokraterna.se\/svedala\/#website","url":"https:\/\/wp.kristdemokraterna.se\/svedala\/","name":"Kristdemokraterna | Svedala","description":"Ett Svedala d\u00e4r n\u00e4rhet, ansvar och omtanke f\u00e5r styra \u2013 inte storskalighet och centralisering","inLanguage":"sv-SE"},{"@type":"Person","@id":"https:\/\/wp.kristdemokraterna.se\/svedala\/#\/schema\/person\/3d1398a59e3cee8910b9e54a7de0c3ee","name":"svedala","image":{"@type":"ImageObject","inLanguage":"sv-SE","@id":"https:\/\/secure.gravatar.com\/avatar\/1b94617fcb6329bca9e3557b768050901f95da08c3f160db21ccd75d493c45b0?s=96&d=mm&r=g","url":"https:\/\/secure.gravatar.com\/avatar\/1b94617fcb6329bca9e3557b768050901f95da08c3f160db21ccd75d493c45b0?s=96&d=mm&r=g","contentUrl":"https:\/\/secure.gravatar.com\/avatar\/1b94617fcb6329bca9e3557b768050901f95da08c3f160db21ccd75d493c45b0?s=96&d=mm&r=g","caption":"svedala"},"sameAs":["http:\/\/www.kristdemokraterna.se\/svedala","https:\/\/www.facebook.com\/KDSvedala","https:\/\/www.instagram.com\/kd.svedala\/"],"url":"https:\/\/wp.kristdemokraterna.se\/svedala\/author\/svedala\/"}]}},"_links":{"self":[{"href":"https:\/\/wp.kristdemokraterna.se\/svedala\/wp-json\/wp\/v2\/posts\/735","targetHints":{"allow":["GET"]}}],"collection":[{"href":"https:\/\/wp.kristdemokraterna.se\/svedala\/wp-json\/wp\/v2\/posts"}],"about":[{"href":"https:\/\/wp.kristdemokraterna.se\/svedala\/wp-json\/wp\/v2\/types\/post"}],"author":[{"embeddable":true,"href":"https:\/\/wp.kristdemokraterna.se\/svedala\/wp-json\/wp\/v2\/users\/945"}],"replies":[{"embeddable":true,"href":"https:\/\/wp.kristdemokraterna.se\/svedala\/wp-json\/wp\/v2\/comments?post=735"}],"version-history":[{"count":1,"href":"https:\/\/wp.kristdemokraterna.se\/svedala\/wp-json\/wp\/v2\/posts\/735\/revisions"}],"predecessor-version":[{"id":737,"href":"https:\/\/wp.kristdemokraterna.se\/svedala\/wp-json\/wp\/v2\/posts\/735\/revisions\/737"}],"wp:attachment":[{"href":"https:\/\/wp.kristdemokraterna.se\/svedala\/wp-json\/wp\/v2\/media?parent=735"}],"wp:term":[{"taxonomy":"category","embeddable":true,"href":"https:\/\/wp.kristdemokraterna.se\/svedala\/wp-json\/wp\/v2\/categories?post=735"},{"taxonomy":"post_tag","embeddable":true,"href":"https:\/\/wp.kristdemokraterna.se\/svedala\/wp-json\/wp\/v2\/tags?post=735"}],"curies":[{"name":"wp","href":"https:\/\/api.w.org\/{rel}","templated":true}]}}