{"id":746,"date":"2025-05-09T09:54:11","date_gmt":"2025-05-09T07:54:11","guid":{"rendered":"https:\/\/wp.kristdemokraterna.se\/svedala\/?p=746"},"modified":"2025-05-23T11:09:14","modified_gmt":"2025-05-23T09:09:14","slug":"om-haparanda-kan-varfor-skulle-inte-svedala-kunna","status":"publish","type":"post","link":"https:\/\/wp.kristdemokraterna.se\/svedala\/om-haparanda-kan-varfor-skulle-inte-svedala-kunna\/","title":{"rendered":"Om Haparanda kan \u2013 varf\u00f6r skulle inte Svedala kunna?"},"content":{"rendered":"<p class=\"\" data-start=\"195\" data-end=\"472\">Debatten om Svedalas r\u00e4ddningstj\u00e4nst pr\u00e4glas av p\u00e5st\u00e5enden om att vi inte klarar framtidens krav utan att g\u00e5 med i ett st\u00f6rre r\u00e4ddningstj\u00e4nstf\u00f6rbund. Men vi vill st\u00e4lla en enkel fr\u00e5ga: <strong data-start=\"380\" data-end=\"470\">om Haparanda kan driva r\u00e4ddningstj\u00e4nst i egen regi \u2013 varf\u00f6r skulle inte Svedala kunna?<\/strong><\/p>\n<p class=\"\" data-start=\"474\" data-end=\"770\">Haparanda har drygt 9 000 inv\u00e5nare och valde att l\u00e4mna ett r\u00e4ddningstj\u00e4nstf\u00f6rbund som b\u00e5de var dyrare och s\u00e4mre. <strong>Sedan \u00e5tergick man till att driva r\u00e4ddningstj\u00e4nsten i egen regi<\/strong> &#8211; <strong data-start=\"649\" data-end=\"673\">b\u00e4ttre och billigare<\/strong>. \u00c4nd\u00e5 st\u00e4lls Haparanda inf\u00f6r samma nationella krav som alla andra kommuner, inklusive Svedala.<\/p>\n<p class=\"\" data-start=\"772\" data-end=\"903\"><strong>Varf\u00f6r klarar Haparanda att driva r\u00e4ddningstj\u00e4nsten i egen regi, medan Svedalas kommunledning h\u00e4vdar att vi inte kan?<\/strong><!--more--><\/p>\n<p class=\"\" data-start=\"905\" data-end=\"1138\">Vi vill lyfta n\u00e5gra fakta:<\/p>\n<p class=\"\" data-start=\"905\" data-end=\"1138\"><br data-start=\"931\" data-end=\"934\" \/>\u2705 Det finns <strong data-start=\"946\" data-end=\"971\">ingen ny lagstiftning<\/strong> som tvingar kommuner att g\u00e5 med i ett r\u00e4ddningstj\u00e4nstf\u00f6rbund. De krav som nu lyfts fram bygger p\u00e5 <strong data-start=\"1070\" data-end=\"1109\">Lag (2003:778) om skydd mot olyckor<\/strong>, som funnits i \u00f6ver 20 \u00e5r.<\/p>\n<p class=\"\" data-start=\"1140\" data-end=\"1393\">\u2705 Vid <strong data-start=\"1146\" data-end=\"1211\">h\u00f6jd beredskap \u00e4r det staten som f\u00f6rst\u00e4rker r\u00e4ddningstj\u00e4nsten<\/strong>, b\u00e5de i Haparanda och Svedala. Det g\u00e4ller personal, materiel och andra resurser. Ansvaret f\u00f6r planering och organisering ligger p\u00e5 kommunen, men f\u00f6rst\u00e4rkningen kommer fr\u00e5n staten.<\/p>\n<p class=\"\" data-start=\"1395\" data-end=\"1644\">\u2705 Ett r\u00e4ddningstj\u00e4nstf\u00f6rbund betyder <strong data-start=\"1432\" data-end=\"1503\">inte att Svedala slipper utbilda och kompetensutveckla sin personal<\/strong>. Vi kommer \u00e4nd\u00e5 att b\u00e4ra v\u00e5r del av kostnaden genom medlemsavgiften. Skillnaden \u00e4r att vi betalar f\u00f6r en organisation vi inte sj\u00e4lva styr.<\/p>\n<p class=\"\" data-start=\"1646\" data-end=\"1826\">\u2705 Vi riskerar att <strong data-start=\"1664\" data-end=\"1702\">f\u00f6rlora lokal kunskap och koppling<\/strong>. En egen r\u00e4ddningstj\u00e4nst har fokus p\u00e5 kommunen som helhet \u2013 ett f\u00f6rbund m\u00e5ste v\u00e4ga fler kommuners intressen mot varandra.<\/p>\n<p class=\"\" data-start=\"1828\" data-end=\"2010\">\u2705 Att \u201cvi alltid kan l\u00e4mna\u201d \u00e4r inte ett enkelt eller snabbt alternativ. Ett uttr\u00e4de ur ett f\u00f6rbund kr\u00e4ver b\u00e5de ekonomiska avv\u00e4gningar och en \u00e5teruppbyggnad av en egen organisation.<\/p>\n<p class=\"\" data-start=\"2012\" data-end=\"2119\"><strong data-start=\"2025\" data-end=\"2117\">Om Haparanda, med sina f\u00f6ruts\u00e4ttningar, klarar detta \u2013 varf\u00f6r skulle inte Svedala kunna?<\/strong><\/p>\n<p class=\"\" data-start=\"2121\" data-end=\"2396\">Vi vill ocks\u00e5 framf\u00f6ra ett konstruktivt f\u00f6rslag till kommunledningen: <strong data-start=\"2191\" data-end=\"2394\">inf\u00f6r ett s\u00e5 avg\u00f6rande beslut hade det varit klokt att bjuda in Haparandas r\u00e4ddningschef, f\u00f6r att dela med sig av sina erfarenheter av att driva r\u00e4ddningstj\u00e4nst i egen regi.<\/strong><\/p>\n<p class=\"\" data-start=\"2398\" data-end=\"2658\">Att ta del av andras l\u00e4rdomar \u00e4r inte ett st\u00e4llningstagande f\u00f6r eller emot \u2013 det \u00e4r ett s\u00e4tt att <strong data-start=\"2495\" data-end=\"2557\">fatta ett v\u00e4lgrundat beslut med fler perspektiv p\u00e5 bordet.<\/strong> Vi tror att Svedala kan ha nytta av att lyssna till kommuner som har valt den v\u00e4g vi nu \u00f6verv\u00e4ger.<\/p>\n<p class=\"\" data-start=\"2660\" data-end=\"2828\">Vi i Kristdemokraterna tror p\u00e5 den lokala kunskapen, den egna styrkan och viljan att ta ansvar. Vi tror att tryggheten b\u00e4st s\u00e4kras n\u00e4ra medborgarna, inte l\u00e4ngre bort.<\/p>\n<p data-start=\"2660\" data-end=\"2828\"><strong>G\u00f6r din r\u00f6st h\u00f6rd, r\u00f6sta den 11 maj!<\/strong><\/p>\n","protected":false},"excerpt":{"rendered":"<p>Debatten om Svedalas r\u00e4ddningstj\u00e4nst pr\u00e4glas av p\u00e5st\u00e5enden om att vi inte klarar framtidens krav utan att g\u00e5 med i ett st\u00f6rre r\u00e4ddningstj\u00e4nstf\u00f6rbund. Men vi vill st\u00e4lla en enkel fr\u00e5ga: om Haparanda kan driva r\u00e4ddningstj\u00e4nst i egen regi \u2013 varf\u00f6r skulle inte Svedala kunna? Haparanda har drygt 9 000 inv\u00e5nare och valde att l\u00e4mna ett r\u00e4ddningstj\u00e4nstf\u00f6rbund <a class=\"read-more-link\" href=\"https:\/\/wp.kristdemokraterna.se\/svedala\/om-haparanda-kan-varfor-skulle-inte-svedala-kunna\/\">L\u00e4s mer<\/a><\/p>\n","protected":false},"author":945,"featured_media":0,"comment_status":"closed","ping_status":"closed","sticky":false,"template":"","format":"standard","meta":{"_acf_changed":false,"footnotes":""},"categories":[14],"tags":[],"class_list":["post-746","post","type-post","status-publish","format-standard","hentry","category-raddningstjanst"],"acf":[],"yoast_head":"<!-- This site is optimized with the Yoast SEO plugin v27.4 - https:\/\/yoast.com\/product\/yoast-seo-wordpress\/ -->\n<title>Om Haparanda kan \u2013 varf\u00f6r skulle inte Svedala kunna? - Kristdemokraterna | Svedala<\/title>\n<meta name=\"robots\" content=\"index, follow, max-snippet:-1, max-image-preview:large, max-video-preview:-1\" \/>\n<link rel=\"canonical\" href=\"https:\/\/wp.kristdemokraterna.se\/svedala\/om-haparanda-kan-varfor-skulle-inte-svedala-kunna\/\" \/>\n<meta property=\"og:locale\" content=\"sv_SE\" \/>\n<meta property=\"og:type\" content=\"article\" \/>\n<meta property=\"og:title\" content=\"Om Haparanda kan \u2013 varf\u00f6r skulle inte Svedala kunna? - Kristdemokraterna | Svedala\" \/>\n<meta property=\"og:description\" content=\"Debatten om Svedalas r\u00e4ddningstj\u00e4nst pr\u00e4glas av p\u00e5st\u00e5enden om att vi inte klarar framtidens krav utan att g\u00e5 med i ett st\u00f6rre r\u00e4ddningstj\u00e4nstf\u00f6rbund. Men vi vill st\u00e4lla en enkel fr\u00e5ga: om Haparanda kan driva r\u00e4ddningstj\u00e4nst i egen regi \u2013 varf\u00f6r skulle inte Svedala kunna? Haparanda har drygt 9 000 inv\u00e5nare och valde att l\u00e4mna ett r\u00e4ddningstj\u00e4nstf\u00f6rbund L\u00e4s mer\" \/>\n<meta property=\"og:url\" content=\"https:\/\/wp.kristdemokraterna.se\/svedala\/om-haparanda-kan-varfor-skulle-inte-svedala-kunna\/\" \/>\n<meta property=\"og:site_name\" content=\"Kristdemokraterna | Svedala\" \/>\n<meta property=\"article:author\" content=\"https:\/\/www.facebook.com\/KDSvedala\" \/>\n<meta property=\"article:published_time\" content=\"2025-05-09T07:54:11+00:00\" \/>\n<meta property=\"article:modified_time\" content=\"2025-05-23T09:09:14+00:00\" \/>\n<meta name=\"author\" content=\"svedala\" \/>\n<meta name=\"twitter:card\" content=\"summary_large_image\" \/>\n<meta name=\"twitter:label1\" content=\"Skriven av\" \/>\n\t<meta name=\"twitter:data1\" content=\"svedala\" \/>\n\t<meta name=\"twitter:label2\" content=\"Ber\u00e4knad l\u00e4stid\" \/>\n\t<meta name=\"twitter:data2\" content=\"3 minuter\" \/>\n<script type=\"application\/ld+json\" class=\"yoast-schema-graph\">{\"@context\":\"https:\\\/\\\/schema.org\",\"@graph\":[{\"@type\":\"Article\",\"@id\":\"https:\\\/\\\/wp.kristdemokraterna.se\\\/svedala\\\/om-haparanda-kan-varfor-skulle-inte-svedala-kunna\\\/#article\",\"isPartOf\":{\"@id\":\"https:\\\/\\\/wp.kristdemokraterna.se\\\/svedala\\\/om-haparanda-kan-varfor-skulle-inte-svedala-kunna\\\/\"},\"author\":{\"name\":\"svedala\",\"@id\":\"https:\\\/\\\/wp.kristdemokraterna.se\\\/svedala\\\/#\\\/schema\\\/person\\\/3d1398a59e3cee8910b9e54a7de0c3ee\"},\"headline\":\"Om Haparanda kan \u2013 varf\u00f6r skulle inte Svedala kunna?\",\"datePublished\":\"2025-05-09T07:54:11+00:00\",\"dateModified\":\"2025-05-23T09:09:14+00:00\",\"mainEntityOfPage\":{\"@id\":\"https:\\\/\\\/wp.kristdemokraterna.se\\\/svedala\\\/om-haparanda-kan-varfor-skulle-inte-svedala-kunna\\\/\"},\"wordCount\":492,\"articleSection\":[\"R\u00e4ddningstj\u00e4nst\"],\"inLanguage\":\"sv-SE\"},{\"@type\":\"WebPage\",\"@id\":\"https:\\\/\\\/wp.kristdemokraterna.se\\\/svedala\\\/om-haparanda-kan-varfor-skulle-inte-svedala-kunna\\\/\",\"url\":\"https:\\\/\\\/wp.kristdemokraterna.se\\\/svedala\\\/om-haparanda-kan-varfor-skulle-inte-svedala-kunna\\\/\",\"name\":\"Om Haparanda kan \u2013 varf\u00f6r skulle inte Svedala kunna? - Kristdemokraterna | Svedala\",\"isPartOf\":{\"@id\":\"https:\\\/\\\/wp.kristdemokraterna.se\\\/svedala\\\/#website\"},\"datePublished\":\"2025-05-09T07:54:11+00:00\",\"dateModified\":\"2025-05-23T09:09:14+00:00\",\"author\":{\"@id\":\"https:\\\/\\\/wp.kristdemokraterna.se\\\/svedala\\\/#\\\/schema\\\/person\\\/3d1398a59e3cee8910b9e54a7de0c3ee\"},\"breadcrumb\":{\"@id\":\"https:\\\/\\\/wp.kristdemokraterna.se\\\/svedala\\\/om-haparanda-kan-varfor-skulle-inte-svedala-kunna\\\/#breadcrumb\"},\"inLanguage\":\"sv-SE\",\"potentialAction\":[{\"@type\":\"ReadAction\",\"target\":[\"https:\\\/\\\/wp.kristdemokraterna.se\\\/svedala\\\/om-haparanda-kan-varfor-skulle-inte-svedala-kunna\\\/\"]}]},{\"@type\":\"BreadcrumbList\",\"@id\":\"https:\\\/\\\/wp.kristdemokraterna.se\\\/svedala\\\/om-haparanda-kan-varfor-skulle-inte-svedala-kunna\\\/#breadcrumb\",\"itemListElement\":[{\"@type\":\"ListItem\",\"position\":1,\"name\":\"Hem\",\"item\":\"https:\\\/\\\/wp.kristdemokraterna.se\\\/svedala\\\/\"},{\"@type\":\"ListItem\",\"position\":2,\"name\":\"Om Haparanda kan \u2013 varf\u00f6r skulle inte Svedala kunna?\"}]},{\"@type\":\"WebSite\",\"@id\":\"https:\\\/\\\/wp.kristdemokraterna.se\\\/svedala\\\/#website\",\"url\":\"https:\\\/\\\/wp.kristdemokraterna.se\\\/svedala\\\/\",\"name\":\"Kristdemokraterna | Svedala\",\"description\":\"Ett Svedala d\u00e4r n\u00e4rhet, ansvar och omtanke f\u00e5r styra \u2013 inte storskalighet och centralisering\",\"inLanguage\":\"sv-SE\"},{\"@type\":\"Person\",\"@id\":\"https:\\\/\\\/wp.kristdemokraterna.se\\\/svedala\\\/#\\\/schema\\\/person\\\/3d1398a59e3cee8910b9e54a7de0c3ee\",\"name\":\"svedala\",\"image\":{\"@type\":\"ImageObject\",\"inLanguage\":\"sv-SE\",\"@id\":\"https:\\\/\\\/secure.gravatar.com\\\/avatar\\\/1b94617fcb6329bca9e3557b768050901f95da08c3f160db21ccd75d493c45b0?s=96&d=mm&r=g\",\"url\":\"https:\\\/\\\/secure.gravatar.com\\\/avatar\\\/1b94617fcb6329bca9e3557b768050901f95da08c3f160db21ccd75d493c45b0?s=96&d=mm&r=g\",\"contentUrl\":\"https:\\\/\\\/secure.gravatar.com\\\/avatar\\\/1b94617fcb6329bca9e3557b768050901f95da08c3f160db21ccd75d493c45b0?s=96&d=mm&r=g\",\"caption\":\"svedala\"},\"sameAs\":[\"http:\\\/\\\/www.kristdemokraterna.se\\\/svedala\",\"https:\\\/\\\/www.facebook.com\\\/KDSvedala\",\"https:\\\/\\\/www.instagram.com\\\/kd.svedala\\\/\"],\"url\":\"https:\\\/\\\/wp.kristdemokraterna.se\\\/svedala\\\/author\\\/svedala\\\/\"}]}<\/script>\n<!-- \/ Yoast SEO plugin. -->","yoast_head_json":{"title":"Om Haparanda kan \u2013 varf\u00f6r skulle inte Svedala kunna? - Kristdemokraterna | Svedala","robots":{"index":"index","follow":"follow","max-snippet":"max-snippet:-1","max-image-preview":"max-image-preview:large","max-video-preview":"max-video-preview:-1"},"canonical":"https:\/\/wp.kristdemokraterna.se\/svedala\/om-haparanda-kan-varfor-skulle-inte-svedala-kunna\/","og_locale":"sv_SE","og_type":"article","og_title":"Om Haparanda kan \u2013 varf\u00f6r skulle inte Svedala kunna? - Kristdemokraterna | Svedala","og_description":"Debatten om Svedalas r\u00e4ddningstj\u00e4nst pr\u00e4glas av p\u00e5st\u00e5enden om att vi inte klarar framtidens krav utan att g\u00e5 med i ett st\u00f6rre r\u00e4ddningstj\u00e4nstf\u00f6rbund. Men vi vill st\u00e4lla en enkel fr\u00e5ga: om Haparanda kan driva r\u00e4ddningstj\u00e4nst i egen regi \u2013 varf\u00f6r skulle inte Svedala kunna? Haparanda har drygt 9 000 inv\u00e5nare och valde att l\u00e4mna ett r\u00e4ddningstj\u00e4nstf\u00f6rbund L\u00e4s mer","og_url":"https:\/\/wp.kristdemokraterna.se\/svedala\/om-haparanda-kan-varfor-skulle-inte-svedala-kunna\/","og_site_name":"Kristdemokraterna | Svedala","article_author":"https:\/\/www.facebook.com\/KDSvedala","article_published_time":"2025-05-09T07:54:11+00:00","article_modified_time":"2025-05-23T09:09:14+00:00","author":"svedala","twitter_card":"summary_large_image","twitter_misc":{"Skriven av":"svedala","Ber\u00e4knad l\u00e4stid":"3 minuter"},"schema":{"@context":"https:\/\/schema.org","@graph":[{"@type":"Article","@id":"https:\/\/wp.kristdemokraterna.se\/svedala\/om-haparanda-kan-varfor-skulle-inte-svedala-kunna\/#article","isPartOf":{"@id":"https:\/\/wp.kristdemokraterna.se\/svedala\/om-haparanda-kan-varfor-skulle-inte-svedala-kunna\/"},"author":{"name":"svedala","@id":"https:\/\/wp.kristdemokraterna.se\/svedala\/#\/schema\/person\/3d1398a59e3cee8910b9e54a7de0c3ee"},"headline":"Om Haparanda kan \u2013 varf\u00f6r skulle inte Svedala kunna?","datePublished":"2025-05-09T07:54:11+00:00","dateModified":"2025-05-23T09:09:14+00:00","mainEntityOfPage":{"@id":"https:\/\/wp.kristdemokraterna.se\/svedala\/om-haparanda-kan-varfor-skulle-inte-svedala-kunna\/"},"wordCount":492,"articleSection":["R\u00e4ddningstj\u00e4nst"],"inLanguage":"sv-SE"},{"@type":"WebPage","@id":"https:\/\/wp.kristdemokraterna.se\/svedala\/om-haparanda-kan-varfor-skulle-inte-svedala-kunna\/","url":"https:\/\/wp.kristdemokraterna.se\/svedala\/om-haparanda-kan-varfor-skulle-inte-svedala-kunna\/","name":"Om Haparanda kan \u2013 varf\u00f6r skulle inte Svedala kunna? - Kristdemokraterna | Svedala","isPartOf":{"@id":"https:\/\/wp.kristdemokraterna.se\/svedala\/#website"},"datePublished":"2025-05-09T07:54:11+00:00","dateModified":"2025-05-23T09:09:14+00:00","author":{"@id":"https:\/\/wp.kristdemokraterna.se\/svedala\/#\/schema\/person\/3d1398a59e3cee8910b9e54a7de0c3ee"},"breadcrumb":{"@id":"https:\/\/wp.kristdemokraterna.se\/svedala\/om-haparanda-kan-varfor-skulle-inte-svedala-kunna\/#breadcrumb"},"inLanguage":"sv-SE","potentialAction":[{"@type":"ReadAction","target":["https:\/\/wp.kristdemokraterna.se\/svedala\/om-haparanda-kan-varfor-skulle-inte-svedala-kunna\/"]}]},{"@type":"BreadcrumbList","@id":"https:\/\/wp.kristdemokraterna.se\/svedala\/om-haparanda-kan-varfor-skulle-inte-svedala-kunna\/#breadcrumb","itemListElement":[{"@type":"ListItem","position":1,"name":"Hem","item":"https:\/\/wp.kristdemokraterna.se\/svedala\/"},{"@type":"ListItem","position":2,"name":"Om Haparanda kan \u2013 varf\u00f6r skulle inte Svedala kunna?"}]},{"@type":"WebSite","@id":"https:\/\/wp.kristdemokraterna.se\/svedala\/#website","url":"https:\/\/wp.kristdemokraterna.se\/svedala\/","name":"Kristdemokraterna | Svedala","description":"Ett Svedala d\u00e4r n\u00e4rhet, ansvar och omtanke f\u00e5r styra \u2013 inte storskalighet och centralisering","inLanguage":"sv-SE"},{"@type":"Person","@id":"https:\/\/wp.kristdemokraterna.se\/svedala\/#\/schema\/person\/3d1398a59e3cee8910b9e54a7de0c3ee","name":"svedala","image":{"@type":"ImageObject","inLanguage":"sv-SE","@id":"https:\/\/secure.gravatar.com\/avatar\/1b94617fcb6329bca9e3557b768050901f95da08c3f160db21ccd75d493c45b0?s=96&d=mm&r=g","url":"https:\/\/secure.gravatar.com\/avatar\/1b94617fcb6329bca9e3557b768050901f95da08c3f160db21ccd75d493c45b0?s=96&d=mm&r=g","contentUrl":"https:\/\/secure.gravatar.com\/avatar\/1b94617fcb6329bca9e3557b768050901f95da08c3f160db21ccd75d493c45b0?s=96&d=mm&r=g","caption":"svedala"},"sameAs":["http:\/\/www.kristdemokraterna.se\/svedala","https:\/\/www.facebook.com\/KDSvedala","https:\/\/www.instagram.com\/kd.svedala\/"],"url":"https:\/\/wp.kristdemokraterna.se\/svedala\/author\/svedala\/"}]}},"_links":{"self":[{"href":"https:\/\/wp.kristdemokraterna.se\/svedala\/wp-json\/wp\/v2\/posts\/746","targetHints":{"allow":["GET"]}}],"collection":[{"href":"https:\/\/wp.kristdemokraterna.se\/svedala\/wp-json\/wp\/v2\/posts"}],"about":[{"href":"https:\/\/wp.kristdemokraterna.se\/svedala\/wp-json\/wp\/v2\/types\/post"}],"author":[{"embeddable":true,"href":"https:\/\/wp.kristdemokraterna.se\/svedala\/wp-json\/wp\/v2\/users\/945"}],"replies":[{"embeddable":true,"href":"https:\/\/wp.kristdemokraterna.se\/svedala\/wp-json\/wp\/v2\/comments?post=746"}],"version-history":[{"count":6,"href":"https:\/\/wp.kristdemokraterna.se\/svedala\/wp-json\/wp\/v2\/posts\/746\/revisions"}],"predecessor-version":[{"id":754,"href":"https:\/\/wp.kristdemokraterna.se\/svedala\/wp-json\/wp\/v2\/posts\/746\/revisions\/754"}],"wp:attachment":[{"href":"https:\/\/wp.kristdemokraterna.se\/svedala\/wp-json\/wp\/v2\/media?parent=746"}],"wp:term":[{"taxonomy":"category","embeddable":true,"href":"https:\/\/wp.kristdemokraterna.se\/svedala\/wp-json\/wp\/v2\/categories?post=746"},{"taxonomy":"post_tag","embeddable":true,"href":"https:\/\/wp.kristdemokraterna.se\/svedala\/wp-json\/wp\/v2\/tags?post=746"}],"curies":[{"name":"wp","href":"https:\/\/api.w.org\/{rel}","templated":true}]}}