{"id":766,"date":"2025-05-23T10:58:57","date_gmt":"2025-05-23T08:58:57","guid":{"rendered":"https:\/\/wp.kristdemokraterna.se\/svedala\/?p=766"},"modified":"2026-01-28T18:19:50","modified_gmt":"2026-01-28T17:19:50","slug":"kristdemokraterna-glads-at-att-svedala-nu-tar-ett-viktigt-steg-mot-att-etablera-en-familjecentral-en-fraga-vi-drivit-under-lang-tid","status":"publish","type":"post","link":"https:\/\/wp.kristdemokraterna.se\/svedala\/kristdemokraterna-glads-at-att-svedala-nu-tar-ett-viktigt-steg-mot-att-etablera-en-familjecentral-en-fraga-vi-drivit-under-lang-tid\/","title":{"rendered":"Kristdemokraterna gl\u00e4ds \u00e5t att Svedala nu tar ett viktigt steg mot att etablera en familjecentral \u2013 en fr\u00e5ga vi drivit under l\u00e5ng tid"},"content":{"rendered":"<p data-start=\"166\" data-end=\"405\">Beslutet i kommunfullm\u00e4ktige st\u00e4rker det f\u00f6rebyggande arbetet f\u00f6r barn och f\u00f6r\u00e4ldrar i v\u00e5r kommun.<\/p>\n<p data-start=\"407\" data-end=\"733\">En familjecentral \u00e4r en trygg m\u00f6tesplats d\u00e4r blivande f\u00f6r\u00e4ldrar och sm\u00e5barnsfamiljer f\u00e5r st\u00f6d och v\u00e4gledning i vardagen. H\u00e4r samverkar flera verksamheter \u2013 barnh\u00e4lsov\u00e5rd, \u00f6ppen f\u00f6rskola, socialt st\u00f6d och r\u00e5dgivning \u2013 under ett och samma tak. Det g\u00f6r hj\u00e4lpen l\u00e4ttillg\u00e4nglig och m\u00f6jligg\u00f6r tidiga insatser n\u00e4r de beh\u00f6vs som mest.<\/p>\n<p data-start=\"735\" data-end=\"1042\"><!--more-->F\u00f6r Kristdemokraterna \u00e4r detta ett avg\u00f6rande steg. Vi har l\u00e4nge drivit fr\u00e5gan och ser det som helt centralt att Svedala nu st\u00e4rker sitt f\u00f6rebyggande arbete \u2013 med familjens trygghet och barnens v\u00e4lm\u00e5ende i fokus. Tidiga insatser, tillg\u00e4ngligt st\u00f6d och n\u00e4ra samverkan mellan professioner g\u00f6r verklig skillnad.<\/p>\n<p data-start=\"1044\" data-end=\"1230\">Med en familjecentral i Svedala f\u00e5r vi en naturlig m\u00f6tesplats d\u00e4r familjer bem\u00f6ts med respekt, kunskap och omtanke. Det \u00e4r s\u00e5 vi bygger ett samh\u00e4lle som h\u00e5ller ihop \u2013 fr\u00e5n f\u00f6rsta b\u00f6rjan.<\/p>\n","protected":false},"excerpt":{"rendered":"<p>Beslutet i kommunfullm\u00e4ktige st\u00e4rker det f\u00f6rebyggande arbetet f\u00f6r barn och f\u00f6r\u00e4ldrar i v\u00e5r kommun. En familjecentral \u00e4r en trygg m\u00f6tesplats d\u00e4r blivande f\u00f6r\u00e4ldrar och sm\u00e5barnsfamiljer f\u00e5r st\u00f6d och v\u00e4gledning i vardagen. H\u00e4r samverkar flera verksamheter \u2013 barnh\u00e4lsov\u00e5rd, \u00f6ppen f\u00f6rskola, socialt st\u00f6d och r\u00e5dgivning \u2013 under ett och samma tak. Det g\u00f6r hj\u00e4lpen l\u00e4ttillg\u00e4nglig och m\u00f6jligg\u00f6r <a class=\"read-more-link\" href=\"https:\/\/wp.kristdemokraterna.se\/svedala\/kristdemokraterna-glads-at-att-svedala-nu-tar-ett-viktigt-steg-mot-att-etablera-en-familjecentral-en-fraga-vi-drivit-under-lang-tid\/\">L\u00e4s mer<\/a><\/p>\n","protected":false},"author":945,"featured_media":0,"comment_status":"closed","ping_status":"closed","sticky":false,"template":"","format":"standard","meta":{"_acf_changed":false,"footnotes":""},"categories":[1],"tags":[30,34,33,32,31],"class_list":["post-766","post","type-post","status-publish","format-standard","hentry","category-okategoriserade","tag-familj","tag-gemenskap","tag-genom-livet","tag-stod","tag-trygghet"],"acf":[],"yoast_head":"<!-- This site is optimized with the Yoast SEO plugin v27.4 - https:\/\/yoast.com\/product\/yoast-seo-wordpress\/ -->\n<title>Kristdemokraterna gl\u00e4ds \u00e5t att Svedala nu tar ett viktigt steg mot att etablera en familjecentral \u2013 en fr\u00e5ga vi drivit under l\u00e5ng tid - Kristdemokraterna | Svedala<\/title>\n<meta name=\"robots\" content=\"index, follow, max-snippet:-1, max-image-preview:large, max-video-preview:-1\" \/>\n<link rel=\"canonical\" href=\"https:\/\/wp.kristdemokraterna.se\/svedala\/kristdemokraterna-glads-at-att-svedala-nu-tar-ett-viktigt-steg-mot-att-etablera-en-familjecentral-en-fraga-vi-drivit-under-lang-tid\/\" \/>\n<meta property=\"og:locale\" content=\"sv_SE\" \/>\n<meta property=\"og:type\" content=\"article\" \/>\n<meta property=\"og:title\" content=\"Kristdemokraterna gl\u00e4ds \u00e5t att Svedala nu tar ett viktigt steg mot att etablera en familjecentral \u2013 en fr\u00e5ga vi drivit under l\u00e5ng tid - Kristdemokraterna | Svedala\" \/>\n<meta property=\"og:description\" content=\"Beslutet i kommunfullm\u00e4ktige st\u00e4rker det f\u00f6rebyggande arbetet f\u00f6r barn och f\u00f6r\u00e4ldrar i v\u00e5r kommun. En familjecentral \u00e4r en trygg m\u00f6tesplats d\u00e4r blivande f\u00f6r\u00e4ldrar och sm\u00e5barnsfamiljer f\u00e5r st\u00f6d och v\u00e4gledning i vardagen. H\u00e4r samverkar flera verksamheter \u2013 barnh\u00e4lsov\u00e5rd, \u00f6ppen f\u00f6rskola, socialt st\u00f6d och r\u00e5dgivning \u2013 under ett och samma tak. Det g\u00f6r hj\u00e4lpen l\u00e4ttillg\u00e4nglig och m\u00f6jligg\u00f6r L\u00e4s mer\" \/>\n<meta property=\"og:url\" content=\"https:\/\/wp.kristdemokraterna.se\/svedala\/kristdemokraterna-glads-at-att-svedala-nu-tar-ett-viktigt-steg-mot-att-etablera-en-familjecentral-en-fraga-vi-drivit-under-lang-tid\/\" \/>\n<meta property=\"og:site_name\" content=\"Kristdemokraterna | Svedala\" \/>\n<meta property=\"article:author\" content=\"https:\/\/www.facebook.com\/KDSvedala\" \/>\n<meta property=\"article:published_time\" content=\"2025-05-23T08:58:57+00:00\" \/>\n<meta property=\"article:modified_time\" content=\"2026-01-28T17:19:50+00:00\" \/>\n<meta name=\"author\" content=\"svedala\" \/>\n<meta name=\"twitter:card\" content=\"summary_large_image\" \/>\n<meta name=\"twitter:label1\" content=\"Skriven av\" \/>\n\t<meta name=\"twitter:data1\" content=\"svedala\" \/>\n\t<meta name=\"twitter:label2\" content=\"Ber\u00e4knad l\u00e4stid\" \/>\n\t<meta name=\"twitter:data2\" content=\"1 minut\" \/>\n<script type=\"application\/ld+json\" class=\"yoast-schema-graph\">{\"@context\":\"https:\\\/\\\/schema.org\",\"@graph\":[{\"@type\":\"Article\",\"@id\":\"https:\\\/\\\/wp.kristdemokraterna.se\\\/svedala\\\/kristdemokraterna-glads-at-att-svedala-nu-tar-ett-viktigt-steg-mot-att-etablera-en-familjecentral-en-fraga-vi-drivit-under-lang-tid\\\/#article\",\"isPartOf\":{\"@id\":\"https:\\\/\\\/wp.kristdemokraterna.se\\\/svedala\\\/kristdemokraterna-glads-at-att-svedala-nu-tar-ett-viktigt-steg-mot-att-etablera-en-familjecentral-en-fraga-vi-drivit-under-lang-tid\\\/\"},\"author\":{\"name\":\"svedala\",\"@id\":\"https:\\\/\\\/wp.kristdemokraterna.se\\\/svedala\\\/#\\\/schema\\\/person\\\/3d1398a59e3cee8910b9e54a7de0c3ee\"},\"headline\":\"Kristdemokraterna gl\u00e4ds \u00e5t att Svedala nu tar ett viktigt steg mot att etablera en familjecentral \u2013 en fr\u00e5ga vi drivit under l\u00e5ng tid\",\"datePublished\":\"2025-05-23T08:58:57+00:00\",\"dateModified\":\"2026-01-28T17:19:50+00:00\",\"mainEntityOfPage\":{\"@id\":\"https:\\\/\\\/wp.kristdemokraterna.se\\\/svedala\\\/kristdemokraterna-glads-at-att-svedala-nu-tar-ett-viktigt-steg-mot-att-etablera-en-familjecentral-en-fraga-vi-drivit-under-lang-tid\\\/\"},\"wordCount\":211,\"keywords\":[\"familj\",\"gemenskap\",\"genom livet\",\"st\u00f6d\",\"trygghet\"],\"inLanguage\":\"sv-SE\"},{\"@type\":\"WebPage\",\"@id\":\"https:\\\/\\\/wp.kristdemokraterna.se\\\/svedala\\\/kristdemokraterna-glads-at-att-svedala-nu-tar-ett-viktigt-steg-mot-att-etablera-en-familjecentral-en-fraga-vi-drivit-under-lang-tid\\\/\",\"url\":\"https:\\\/\\\/wp.kristdemokraterna.se\\\/svedala\\\/kristdemokraterna-glads-at-att-svedala-nu-tar-ett-viktigt-steg-mot-att-etablera-en-familjecentral-en-fraga-vi-drivit-under-lang-tid\\\/\",\"name\":\"Kristdemokraterna gl\u00e4ds \u00e5t att Svedala nu tar ett viktigt steg mot att etablera en familjecentral \u2013 en fr\u00e5ga vi drivit under l\u00e5ng tid - Kristdemokraterna | Svedala\",\"isPartOf\":{\"@id\":\"https:\\\/\\\/wp.kristdemokraterna.se\\\/svedala\\\/#website\"},\"datePublished\":\"2025-05-23T08:58:57+00:00\",\"dateModified\":\"2026-01-28T17:19:50+00:00\",\"author\":{\"@id\":\"https:\\\/\\\/wp.kristdemokraterna.se\\\/svedala\\\/#\\\/schema\\\/person\\\/3d1398a59e3cee8910b9e54a7de0c3ee\"},\"breadcrumb\":{\"@id\":\"https:\\\/\\\/wp.kristdemokraterna.se\\\/svedala\\\/kristdemokraterna-glads-at-att-svedala-nu-tar-ett-viktigt-steg-mot-att-etablera-en-familjecentral-en-fraga-vi-drivit-under-lang-tid\\\/#breadcrumb\"},\"inLanguage\":\"sv-SE\",\"potentialAction\":[{\"@type\":\"ReadAction\",\"target\":[\"https:\\\/\\\/wp.kristdemokraterna.se\\\/svedala\\\/kristdemokraterna-glads-at-att-svedala-nu-tar-ett-viktigt-steg-mot-att-etablera-en-familjecentral-en-fraga-vi-drivit-under-lang-tid\\\/\"]}]},{\"@type\":\"BreadcrumbList\",\"@id\":\"https:\\\/\\\/wp.kristdemokraterna.se\\\/svedala\\\/kristdemokraterna-glads-at-att-svedala-nu-tar-ett-viktigt-steg-mot-att-etablera-en-familjecentral-en-fraga-vi-drivit-under-lang-tid\\\/#breadcrumb\",\"itemListElement\":[{\"@type\":\"ListItem\",\"position\":1,\"name\":\"Hem\",\"item\":\"https:\\\/\\\/wp.kristdemokraterna.se\\\/svedala\\\/\"},{\"@type\":\"ListItem\",\"position\":2,\"name\":\"Kristdemokraterna gl\u00e4ds \u00e5t att Svedala nu tar ett viktigt steg mot att etablera en familjecentral \u2013 en fr\u00e5ga vi drivit under l\u00e5ng tid\"}]},{\"@type\":\"WebSite\",\"@id\":\"https:\\\/\\\/wp.kristdemokraterna.se\\\/svedala\\\/#website\",\"url\":\"https:\\\/\\\/wp.kristdemokraterna.se\\\/svedala\\\/\",\"name\":\"Kristdemokraterna | Svedala\",\"description\":\"Ett Svedala d\u00e4r n\u00e4rhet, ansvar och omtanke f\u00e5r styra \u2013 inte storskalighet och centralisering\",\"inLanguage\":\"sv-SE\"},{\"@type\":\"Person\",\"@id\":\"https:\\\/\\\/wp.kristdemokraterna.se\\\/svedala\\\/#\\\/schema\\\/person\\\/3d1398a59e3cee8910b9e54a7de0c3ee\",\"name\":\"svedala\",\"image\":{\"@type\":\"ImageObject\",\"inLanguage\":\"sv-SE\",\"@id\":\"https:\\\/\\\/secure.gravatar.com\\\/avatar\\\/1b94617fcb6329bca9e3557b768050901f95da08c3f160db21ccd75d493c45b0?s=96&d=mm&r=g\",\"url\":\"https:\\\/\\\/secure.gravatar.com\\\/avatar\\\/1b94617fcb6329bca9e3557b768050901f95da08c3f160db21ccd75d493c45b0?s=96&d=mm&r=g\",\"contentUrl\":\"https:\\\/\\\/secure.gravatar.com\\\/avatar\\\/1b94617fcb6329bca9e3557b768050901f95da08c3f160db21ccd75d493c45b0?s=96&d=mm&r=g\",\"caption\":\"svedala\"},\"sameAs\":[\"http:\\\/\\\/www.kristdemokraterna.se\\\/svedala\",\"https:\\\/\\\/www.facebook.com\\\/KDSvedala\",\"https:\\\/\\\/www.instagram.com\\\/kd.svedala\\\/\"],\"url\":\"https:\\\/\\\/wp.kristdemokraterna.se\\\/svedala\\\/author\\\/svedala\\\/\"}]}<\/script>\n<!-- \/ Yoast SEO plugin. -->","yoast_head_json":{"title":"Kristdemokraterna gl\u00e4ds \u00e5t att Svedala nu tar ett viktigt steg mot att etablera en familjecentral \u2013 en fr\u00e5ga vi drivit under l\u00e5ng tid - Kristdemokraterna | Svedala","robots":{"index":"index","follow":"follow","max-snippet":"max-snippet:-1","max-image-preview":"max-image-preview:large","max-video-preview":"max-video-preview:-1"},"canonical":"https:\/\/wp.kristdemokraterna.se\/svedala\/kristdemokraterna-glads-at-att-svedala-nu-tar-ett-viktigt-steg-mot-att-etablera-en-familjecentral-en-fraga-vi-drivit-under-lang-tid\/","og_locale":"sv_SE","og_type":"article","og_title":"Kristdemokraterna gl\u00e4ds \u00e5t att Svedala nu tar ett viktigt steg mot att etablera en familjecentral \u2013 en fr\u00e5ga vi drivit under l\u00e5ng tid - Kristdemokraterna | Svedala","og_description":"Beslutet i kommunfullm\u00e4ktige st\u00e4rker det f\u00f6rebyggande arbetet f\u00f6r barn och f\u00f6r\u00e4ldrar i v\u00e5r kommun. En familjecentral \u00e4r en trygg m\u00f6tesplats d\u00e4r blivande f\u00f6r\u00e4ldrar och sm\u00e5barnsfamiljer f\u00e5r st\u00f6d och v\u00e4gledning i vardagen. H\u00e4r samverkar flera verksamheter \u2013 barnh\u00e4lsov\u00e5rd, \u00f6ppen f\u00f6rskola, socialt st\u00f6d och r\u00e5dgivning \u2013 under ett och samma tak. Det g\u00f6r hj\u00e4lpen l\u00e4ttillg\u00e4nglig och m\u00f6jligg\u00f6r L\u00e4s mer","og_url":"https:\/\/wp.kristdemokraterna.se\/svedala\/kristdemokraterna-glads-at-att-svedala-nu-tar-ett-viktigt-steg-mot-att-etablera-en-familjecentral-en-fraga-vi-drivit-under-lang-tid\/","og_site_name":"Kristdemokraterna | Svedala","article_author":"https:\/\/www.facebook.com\/KDSvedala","article_published_time":"2025-05-23T08:58:57+00:00","article_modified_time":"2026-01-28T17:19:50+00:00","author":"svedala","twitter_card":"summary_large_image","twitter_misc":{"Skriven av":"svedala","Ber\u00e4knad l\u00e4stid":"1 minut"},"schema":{"@context":"https:\/\/schema.org","@graph":[{"@type":"Article","@id":"https:\/\/wp.kristdemokraterna.se\/svedala\/kristdemokraterna-glads-at-att-svedala-nu-tar-ett-viktigt-steg-mot-att-etablera-en-familjecentral-en-fraga-vi-drivit-under-lang-tid\/#article","isPartOf":{"@id":"https:\/\/wp.kristdemokraterna.se\/svedala\/kristdemokraterna-glads-at-att-svedala-nu-tar-ett-viktigt-steg-mot-att-etablera-en-familjecentral-en-fraga-vi-drivit-under-lang-tid\/"},"author":{"name":"svedala","@id":"https:\/\/wp.kristdemokraterna.se\/svedala\/#\/schema\/person\/3d1398a59e3cee8910b9e54a7de0c3ee"},"headline":"Kristdemokraterna gl\u00e4ds \u00e5t att Svedala nu tar ett viktigt steg mot att etablera en familjecentral \u2013 en fr\u00e5ga vi drivit under l\u00e5ng tid","datePublished":"2025-05-23T08:58:57+00:00","dateModified":"2026-01-28T17:19:50+00:00","mainEntityOfPage":{"@id":"https:\/\/wp.kristdemokraterna.se\/svedala\/kristdemokraterna-glads-at-att-svedala-nu-tar-ett-viktigt-steg-mot-att-etablera-en-familjecentral-en-fraga-vi-drivit-under-lang-tid\/"},"wordCount":211,"keywords":["familj","gemenskap","genom livet","st\u00f6d","trygghet"],"inLanguage":"sv-SE"},{"@type":"WebPage","@id":"https:\/\/wp.kristdemokraterna.se\/svedala\/kristdemokraterna-glads-at-att-svedala-nu-tar-ett-viktigt-steg-mot-att-etablera-en-familjecentral-en-fraga-vi-drivit-under-lang-tid\/","url":"https:\/\/wp.kristdemokraterna.se\/svedala\/kristdemokraterna-glads-at-att-svedala-nu-tar-ett-viktigt-steg-mot-att-etablera-en-familjecentral-en-fraga-vi-drivit-under-lang-tid\/","name":"Kristdemokraterna gl\u00e4ds \u00e5t att Svedala nu tar ett viktigt steg mot att etablera en familjecentral \u2013 en fr\u00e5ga vi drivit under l\u00e5ng tid - Kristdemokraterna | Svedala","isPartOf":{"@id":"https:\/\/wp.kristdemokraterna.se\/svedala\/#website"},"datePublished":"2025-05-23T08:58:57+00:00","dateModified":"2026-01-28T17:19:50+00:00","author":{"@id":"https:\/\/wp.kristdemokraterna.se\/svedala\/#\/schema\/person\/3d1398a59e3cee8910b9e54a7de0c3ee"},"breadcrumb":{"@id":"https:\/\/wp.kristdemokraterna.se\/svedala\/kristdemokraterna-glads-at-att-svedala-nu-tar-ett-viktigt-steg-mot-att-etablera-en-familjecentral-en-fraga-vi-drivit-under-lang-tid\/#breadcrumb"},"inLanguage":"sv-SE","potentialAction":[{"@type":"ReadAction","target":["https:\/\/wp.kristdemokraterna.se\/svedala\/kristdemokraterna-glads-at-att-svedala-nu-tar-ett-viktigt-steg-mot-att-etablera-en-familjecentral-en-fraga-vi-drivit-under-lang-tid\/"]}]},{"@type":"BreadcrumbList","@id":"https:\/\/wp.kristdemokraterna.se\/svedala\/kristdemokraterna-glads-at-att-svedala-nu-tar-ett-viktigt-steg-mot-att-etablera-en-familjecentral-en-fraga-vi-drivit-under-lang-tid\/#breadcrumb","itemListElement":[{"@type":"ListItem","position":1,"name":"Hem","item":"https:\/\/wp.kristdemokraterna.se\/svedala\/"},{"@type":"ListItem","position":2,"name":"Kristdemokraterna gl\u00e4ds \u00e5t att Svedala nu tar ett viktigt steg mot att etablera en familjecentral \u2013 en fr\u00e5ga vi drivit under l\u00e5ng tid"}]},{"@type":"WebSite","@id":"https:\/\/wp.kristdemokraterna.se\/svedala\/#website","url":"https:\/\/wp.kristdemokraterna.se\/svedala\/","name":"Kristdemokraterna | Svedala","description":"Ett Svedala d\u00e4r n\u00e4rhet, ansvar och omtanke f\u00e5r styra \u2013 inte storskalighet och centralisering","inLanguage":"sv-SE"},{"@type":"Person","@id":"https:\/\/wp.kristdemokraterna.se\/svedala\/#\/schema\/person\/3d1398a59e3cee8910b9e54a7de0c3ee","name":"svedala","image":{"@type":"ImageObject","inLanguage":"sv-SE","@id":"https:\/\/secure.gravatar.com\/avatar\/1b94617fcb6329bca9e3557b768050901f95da08c3f160db21ccd75d493c45b0?s=96&d=mm&r=g","url":"https:\/\/secure.gravatar.com\/avatar\/1b94617fcb6329bca9e3557b768050901f95da08c3f160db21ccd75d493c45b0?s=96&d=mm&r=g","contentUrl":"https:\/\/secure.gravatar.com\/avatar\/1b94617fcb6329bca9e3557b768050901f95da08c3f160db21ccd75d493c45b0?s=96&d=mm&r=g","caption":"svedala"},"sameAs":["http:\/\/www.kristdemokraterna.se\/svedala","https:\/\/www.facebook.com\/KDSvedala","https:\/\/www.instagram.com\/kd.svedala\/"],"url":"https:\/\/wp.kristdemokraterna.se\/svedala\/author\/svedala\/"}]}},"_links":{"self":[{"href":"https:\/\/wp.kristdemokraterna.se\/svedala\/wp-json\/wp\/v2\/posts\/766","targetHints":{"allow":["GET"]}}],"collection":[{"href":"https:\/\/wp.kristdemokraterna.se\/svedala\/wp-json\/wp\/v2\/posts"}],"about":[{"href":"https:\/\/wp.kristdemokraterna.se\/svedala\/wp-json\/wp\/v2\/types\/post"}],"author":[{"embeddable":true,"href":"https:\/\/wp.kristdemokraterna.se\/svedala\/wp-json\/wp\/v2\/users\/945"}],"replies":[{"embeddable":true,"href":"https:\/\/wp.kristdemokraterna.se\/svedala\/wp-json\/wp\/v2\/comments?post=766"}],"version-history":[{"count":1,"href":"https:\/\/wp.kristdemokraterna.se\/svedala\/wp-json\/wp\/v2\/posts\/766\/revisions"}],"predecessor-version":[{"id":768,"href":"https:\/\/wp.kristdemokraterna.se\/svedala\/wp-json\/wp\/v2\/posts\/766\/revisions\/768"}],"wp:attachment":[{"href":"https:\/\/wp.kristdemokraterna.se\/svedala\/wp-json\/wp\/v2\/media?parent=766"}],"wp:term":[{"taxonomy":"category","embeddable":true,"href":"https:\/\/wp.kristdemokraterna.se\/svedala\/wp-json\/wp\/v2\/categories?post=766"},{"taxonomy":"post_tag","embeddable":true,"href":"https:\/\/wp.kristdemokraterna.se\/svedala\/wp-json\/wp\/v2\/tags?post=766"}],"curies":[{"name":"wp","href":"https:\/\/api.w.org\/{rel}","templated":true}]}}