{"id":771,"date":"2025-06-18T16:30:50","date_gmt":"2025-06-18T14:30:50","guid":{"rendered":"https:\/\/wp.kristdemokraterna.se\/svedala\/?p=771"},"modified":"2025-06-18T16:30:50","modified_gmt":"2025-06-18T14:30:50","slug":"blockoverskridande-samverkan-en-budget-for-hela-svedala","status":"publish","type":"post","link":"https:\/\/wp.kristdemokraterna.se\/svedala\/blockoverskridande-samverkan-en-budget-for-hela-svedala\/","title":{"rendered":"Block\u00f6verskridande samverkan \u2013 en budget f\u00f6r hela Svedala"},"content":{"rendered":"<p data-start=\"176\" data-end=\"588\">Kristdemokraterna \u00e4r glada \u00f6ver att kunna vara delaktiga i den samverkansbudget som framlagts tillsammans med Moderaterna, Centerpartiet, Barapartiet, Liberalerna, Socialdemokraterna och Milj\u00f6partiet. Det \u00e4r en bred politisk \u00f6verenskommelse som omfattar m\u00e5nga viktiga omr\u00e5den och tar h\u00f6jd f\u00f6r samh\u00e4llsutmaningar vi st\u00e5r inf\u00f6r \u2013 fr\u00e5n trygghet och h\u00e4lsa till klimat och f\u00f6reningsliv.<\/p>\n<p data-start=\"590\" data-end=\"897\">Att vi \u00f6ver blockgr\u00e4nserna valt att samarbeta i budgetarbetet ser vi som en styrka. I en tid som kr\u00e4ver ansvarstagande och l\u00e5ngsiktighet har vi i samverkat f\u00f6r hela Svedalas b\u00e4sta. Resultatet \u00e4r en budget d\u00e4r goda id\u00e9er fr\u00e5n flera partier f\u00e5tt ta plats.<\/p>\n<h3 data-start=\"899\" data-end=\"937\">Ungas v\u00e4lm\u00e5ende, r\u00f6relse och kultur<\/h3>\n<p data-start=\"939\" data-end=\"1313\">Kristdemokraterna har l\u00e4nge drivit p\u00e5 f\u00f6r en st\u00e4rkt elevh\u00e4lsa. Vi \u00e4r d\u00e4rf\u00f6r glada \u00f6ver att budgeten inneh\u00e5ller en tydlig satsning p\u00e5 just detta \u2013 n\u00e5got vi ser som ett f\u00f6rsta, viktigt steg f\u00f6r att b\u00e4ttre kunna m\u00f6ta barns och ungas behov. Elevh\u00e4lsan m\u00e5ste vara tillg\u00e4nglig och stark, inte minst i en tid d\u00e4r m\u00e5nga unga m\u00e5r d\u00e5ligt och andra delar av v\u00e4lf\u00e4rden \u00e4r \u00f6verbelastade.<\/p>\n<p data-start=\"1315\" data-end=\"1628\">Vi v\u00e4lkomnar ocks\u00e5 den satsning som g\u00f6rs p\u00e5 skolidrottsf\u00f6reningen. Det \u00e4r en investering i r\u00f6relse, breddidrott och aktiv fritid f\u00f6r alla elever \u2013 och en naturlig f\u00f6rl\u00e4ngning av v\u00e5rt fokus p\u00e5 unga och deras h\u00e4lsa. \u00c4ven biblioteken f\u00e5r \u00f6kade resurser.<\/p>\n<h3 data-start=\"1630\" data-end=\"1676\">Familjecentral och ansvar f\u00f6r barnfamiljer<\/h3>\n<p data-start=\"1678\" data-end=\"1992\">Att familjecentralen nu \u00e4ntligen \u00e4r verklighet i Svedala ser vi som ett stort framsteg. F\u00f6r Kristdemokraterna \u00e4r det h\u00e4r ytterligare ett viktigt led i v\u00e5r familjepolitik. Familjecentralen skapar trygghet, tillg\u00e4nglighet och samverkan mellan olika st\u00f6dinsatser \u2013 n\u00e5got som gynnar b\u00e5de barn och f\u00f6r\u00e4ldrar i vardagen.<\/p>\n<h3 data-start=\"1994\" data-end=\"2024\">Badhuset \u2013 fortsatt fram\u00e5t<\/h3>\n<p data-start=\"2026\" data-end=\"2334\">Vi vill ocks\u00e5 lyfta att arbetet med ett nytt badhus i Svedala fortskrider. F\u00f6r oss Kristdemokrater \u00e4r detta en viktig satsning p\u00e5 b\u00e5de folkh\u00e4lsa, simkunnighet och trygg fritid. Ett badhus \u00e4r inte bara en plats f\u00f6r motion \u2013 det \u00e4r en m\u00f6tesplats och en l\u00e5ngsiktig investering i v\u00e4lm\u00e5ende, f\u00f6r alla.<\/p>\n<h3 data-start=\"2336\" data-end=\"2381\">F\u00f6reningsliv, trygghet och sammanh\u00e5llning<\/h3>\n<p data-start=\"2383\" data-end=\"2697\">Budgeten inneh\u00e5ller ocks\u00e5 \u00f6kade aktivitetsbidrag till f\u00f6reningslivet. Det \u00e4r ett viktigt st\u00f6d till det ideella engagemang som g\u00f6r Svedala levande. Vi vill s\u00e4rskilt lyfta satsningen p\u00e5 skateboardramp i Kl\u00e5gerup \u2013 ett konkret exempel p\u00e5 hur investeringar kan skapa meningsfull fritid f\u00f6r unga, p\u00e5 deras egna villkor.<\/p>\n<p data-start=\"2699\" data-end=\"2960\">Vi \u00e4r ocks\u00e5 glada \u00f6ver att kommunen inte kommer att s\u00e4lja stationsbyggnaden innan en ers\u00e4ttningslokal f\u00f6r scouterna finns p\u00e5 plats. Det \u00e4r ett uttryck f\u00f6r att ta ansvar, inte bara f\u00f6r byggnader utan f\u00f6r de verksamheter och det engagemang som fyller dem med liv.<\/p>\n<h3 data-start=\"3312\" data-end=\"3345\">Jordbruksmark och f\u00f6rs\u00f6rjning<\/h3>\n<p data-start=\"3347\" data-end=\"3617\">Vi vill ocks\u00e5 understryka att vi fortsatt mots\u00e4tter oss exploatering av v\u00e4rdefull jordbruksmark. Sj\u00e4lvf\u00f6rs\u00f6rjning, biologisk m\u00e5ngfald och l\u00e5ngsiktig hush\u00e5llning med resurser m\u00e5ste v\u00e4ga tungt i kommunens framtida planering. Vi kan inte bygga bort v\u00e5r livsmedelsberedskap.<\/p>\n<p data-start=\"3624\" data-end=\"3917\"><br data-start=\"3647\" data-end=\"3650\" \/>Kristdemokraterna \u00e4r stolta \u00f6ver att bidra med ansvar och konstruktiv samverkan i Svedala. Budgeten speglar v\u00e5ra gemensamma v\u00e4rden \u2013 trygghet, h\u00e4lsa, familj och framtidstro \u2013 f\u00f6r ett h\u00e5llbart samh\u00e4llsbygge i hela kommunen.<\/p>\n","protected":false},"excerpt":{"rendered":"<p>Kristdemokraterna \u00e4r glada \u00f6ver att kunna vara delaktiga i den samverkansbudget som framlagts tillsammans med Moderaterna, Centerpartiet, Barapartiet, Liberalerna, Socialdemokraterna och Milj\u00f6partiet. Det \u00e4r en bred politisk \u00f6verenskommelse som omfattar m\u00e5nga viktiga omr\u00e5den och tar h\u00f6jd f\u00f6r samh\u00e4llsutmaningar vi st\u00e5r inf\u00f6r \u2013 fr\u00e5n trygghet och h\u00e4lsa till klimat och f\u00f6reningsliv. Att vi \u00f6ver blockgr\u00e4nserna valt <a class=\"read-more-link\" href=\"https:\/\/wp.kristdemokraterna.se\/svedala\/blockoverskridande-samverkan-en-budget-for-hela-svedala\/\">L\u00e4s mer<\/a><\/p>\n","protected":false},"author":945,"featured_media":0,"comment_status":"closed","ping_status":"closed","sticky":false,"template":"","format":"standard","meta":{"_acf_changed":false,"footnotes":""},"categories":[36],"tags":[38,37,39,31],"class_list":["post-771","post","type-post","status-publish","format-standard","hentry","category-budget","tag-halsa","tag-miljo","tag-samverkan","tag-trygghet"],"acf":[],"yoast_head":"<!-- This site is optimized with the Yoast SEO plugin v27.4 - https:\/\/yoast.com\/product\/yoast-seo-wordpress\/ -->\n<title>Block\u00f6verskridande samverkan \u2013 en budget f\u00f6r hela Svedala - Kristdemokraterna | Svedala<\/title>\n<meta name=\"robots\" content=\"index, follow, max-snippet:-1, max-image-preview:large, max-video-preview:-1\" \/>\n<link rel=\"canonical\" href=\"https:\/\/wp.kristdemokraterna.se\/svedala\/blockoverskridande-samverkan-en-budget-for-hela-svedala\/\" \/>\n<meta property=\"og:locale\" content=\"sv_SE\" \/>\n<meta property=\"og:type\" content=\"article\" \/>\n<meta property=\"og:title\" content=\"Block\u00f6verskridande samverkan \u2013 en budget f\u00f6r hela Svedala - Kristdemokraterna | Svedala\" \/>\n<meta property=\"og:description\" content=\"Kristdemokraterna \u00e4r glada \u00f6ver att kunna vara delaktiga i den samverkansbudget som framlagts tillsammans med Moderaterna, Centerpartiet, Barapartiet, Liberalerna, Socialdemokraterna och Milj\u00f6partiet. Det \u00e4r en bred politisk \u00f6verenskommelse som omfattar m\u00e5nga viktiga omr\u00e5den och tar h\u00f6jd f\u00f6r samh\u00e4llsutmaningar vi st\u00e5r inf\u00f6r \u2013 fr\u00e5n trygghet och h\u00e4lsa till klimat och f\u00f6reningsliv. Att vi \u00f6ver blockgr\u00e4nserna valt L\u00e4s mer\" \/>\n<meta property=\"og:url\" content=\"https:\/\/wp.kristdemokraterna.se\/svedala\/blockoverskridande-samverkan-en-budget-for-hela-svedala\/\" \/>\n<meta property=\"og:site_name\" content=\"Kristdemokraterna | Svedala\" \/>\n<meta property=\"article:author\" content=\"https:\/\/www.facebook.com\/KDSvedala\" \/>\n<meta property=\"article:published_time\" content=\"2025-06-18T14:30:50+00:00\" \/>\n<meta name=\"author\" content=\"svedala\" \/>\n<meta name=\"twitter:card\" content=\"summary_large_image\" \/>\n<meta name=\"twitter:label1\" content=\"Skriven av\" \/>\n\t<meta name=\"twitter:data1\" content=\"svedala\" \/>\n\t<meta name=\"twitter:label2\" content=\"Ber\u00e4knad l\u00e4stid\" \/>\n\t<meta name=\"twitter:data2\" content=\"3 minuter\" \/>\n<script type=\"application\/ld+json\" class=\"yoast-schema-graph\">{\"@context\":\"https:\\\/\\\/schema.org\",\"@graph\":[{\"@type\":\"Article\",\"@id\":\"https:\\\/\\\/wp.kristdemokraterna.se\\\/svedala\\\/blockoverskridande-samverkan-en-budget-for-hela-svedala\\\/#article\",\"isPartOf\":{\"@id\":\"https:\\\/\\\/wp.kristdemokraterna.se\\\/svedala\\\/blockoverskridande-samverkan-en-budget-for-hela-svedala\\\/\"},\"author\":{\"name\":\"svedala\",\"@id\":\"https:\\\/\\\/wp.kristdemokraterna.se\\\/svedala\\\/#\\\/schema\\\/person\\\/3d1398a59e3cee8910b9e54a7de0c3ee\"},\"headline\":\"Block\u00f6verskridande samverkan \u2013 en budget f\u00f6r hela Svedala\",\"datePublished\":\"2025-06-18T14:30:50+00:00\",\"mainEntityOfPage\":{\"@id\":\"https:\\\/\\\/wp.kristdemokraterna.se\\\/svedala\\\/blockoverskridande-samverkan-en-budget-for-hela-svedala\\\/\"},\"wordCount\":578,\"keywords\":[\"h\u00e4lsa\",\"milj\u00f6\",\"samverkan\",\"trygghet\"],\"articleSection\":[\"Budget\"],\"inLanguage\":\"sv-SE\"},{\"@type\":\"WebPage\",\"@id\":\"https:\\\/\\\/wp.kristdemokraterna.se\\\/svedala\\\/blockoverskridande-samverkan-en-budget-for-hela-svedala\\\/\",\"url\":\"https:\\\/\\\/wp.kristdemokraterna.se\\\/svedala\\\/blockoverskridande-samverkan-en-budget-for-hela-svedala\\\/\",\"name\":\"Block\u00f6verskridande samverkan \u2013 en budget f\u00f6r hela Svedala - Kristdemokraterna | Svedala\",\"isPartOf\":{\"@id\":\"https:\\\/\\\/wp.kristdemokraterna.se\\\/svedala\\\/#website\"},\"datePublished\":\"2025-06-18T14:30:50+00:00\",\"author\":{\"@id\":\"https:\\\/\\\/wp.kristdemokraterna.se\\\/svedala\\\/#\\\/schema\\\/person\\\/3d1398a59e3cee8910b9e54a7de0c3ee\"},\"breadcrumb\":{\"@id\":\"https:\\\/\\\/wp.kristdemokraterna.se\\\/svedala\\\/blockoverskridande-samverkan-en-budget-for-hela-svedala\\\/#breadcrumb\"},\"inLanguage\":\"sv-SE\",\"potentialAction\":[{\"@type\":\"ReadAction\",\"target\":[\"https:\\\/\\\/wp.kristdemokraterna.se\\\/svedala\\\/blockoverskridande-samverkan-en-budget-for-hela-svedala\\\/\"]}]},{\"@type\":\"BreadcrumbList\",\"@id\":\"https:\\\/\\\/wp.kristdemokraterna.se\\\/svedala\\\/blockoverskridande-samverkan-en-budget-for-hela-svedala\\\/#breadcrumb\",\"itemListElement\":[{\"@type\":\"ListItem\",\"position\":1,\"name\":\"Hem\",\"item\":\"https:\\\/\\\/wp.kristdemokraterna.se\\\/svedala\\\/\"},{\"@type\":\"ListItem\",\"position\":2,\"name\":\"Block\u00f6verskridande samverkan \u2013 en budget f\u00f6r hela Svedala\"}]},{\"@type\":\"WebSite\",\"@id\":\"https:\\\/\\\/wp.kristdemokraterna.se\\\/svedala\\\/#website\",\"url\":\"https:\\\/\\\/wp.kristdemokraterna.se\\\/svedala\\\/\",\"name\":\"Kristdemokraterna | Svedala\",\"description\":\"Ett Svedala d\u00e4r n\u00e4rhet, ansvar och omtanke f\u00e5r styra \u2013 inte storskalighet och centralisering\",\"inLanguage\":\"sv-SE\"},{\"@type\":\"Person\",\"@id\":\"https:\\\/\\\/wp.kristdemokraterna.se\\\/svedala\\\/#\\\/schema\\\/person\\\/3d1398a59e3cee8910b9e54a7de0c3ee\",\"name\":\"svedala\",\"image\":{\"@type\":\"ImageObject\",\"inLanguage\":\"sv-SE\",\"@id\":\"https:\\\/\\\/secure.gravatar.com\\\/avatar\\\/1b94617fcb6329bca9e3557b768050901f95da08c3f160db21ccd75d493c45b0?s=96&d=mm&r=g\",\"url\":\"https:\\\/\\\/secure.gravatar.com\\\/avatar\\\/1b94617fcb6329bca9e3557b768050901f95da08c3f160db21ccd75d493c45b0?s=96&d=mm&r=g\",\"contentUrl\":\"https:\\\/\\\/secure.gravatar.com\\\/avatar\\\/1b94617fcb6329bca9e3557b768050901f95da08c3f160db21ccd75d493c45b0?s=96&d=mm&r=g\",\"caption\":\"svedala\"},\"sameAs\":[\"http:\\\/\\\/www.kristdemokraterna.se\\\/svedala\",\"https:\\\/\\\/www.facebook.com\\\/KDSvedala\",\"https:\\\/\\\/www.instagram.com\\\/kd.svedala\\\/\"],\"url\":\"https:\\\/\\\/wp.kristdemokraterna.se\\\/svedala\\\/author\\\/svedala\\\/\"}]}<\/script>\n<!-- \/ Yoast SEO plugin. -->","yoast_head_json":{"title":"Block\u00f6verskridande samverkan \u2013 en budget f\u00f6r hela Svedala - Kristdemokraterna | Svedala","robots":{"index":"index","follow":"follow","max-snippet":"max-snippet:-1","max-image-preview":"max-image-preview:large","max-video-preview":"max-video-preview:-1"},"canonical":"https:\/\/wp.kristdemokraterna.se\/svedala\/blockoverskridande-samverkan-en-budget-for-hela-svedala\/","og_locale":"sv_SE","og_type":"article","og_title":"Block\u00f6verskridande samverkan \u2013 en budget f\u00f6r hela Svedala - Kristdemokraterna | Svedala","og_description":"Kristdemokraterna \u00e4r glada \u00f6ver att kunna vara delaktiga i den samverkansbudget som framlagts tillsammans med Moderaterna, Centerpartiet, Barapartiet, Liberalerna, Socialdemokraterna och Milj\u00f6partiet. Det \u00e4r en bred politisk \u00f6verenskommelse som omfattar m\u00e5nga viktiga omr\u00e5den och tar h\u00f6jd f\u00f6r samh\u00e4llsutmaningar vi st\u00e5r inf\u00f6r \u2013 fr\u00e5n trygghet och h\u00e4lsa till klimat och f\u00f6reningsliv. Att vi \u00f6ver blockgr\u00e4nserna valt L\u00e4s mer","og_url":"https:\/\/wp.kristdemokraterna.se\/svedala\/blockoverskridande-samverkan-en-budget-for-hela-svedala\/","og_site_name":"Kristdemokraterna | Svedala","article_author":"https:\/\/www.facebook.com\/KDSvedala","article_published_time":"2025-06-18T14:30:50+00:00","author":"svedala","twitter_card":"summary_large_image","twitter_misc":{"Skriven av":"svedala","Ber\u00e4knad l\u00e4stid":"3 minuter"},"schema":{"@context":"https:\/\/schema.org","@graph":[{"@type":"Article","@id":"https:\/\/wp.kristdemokraterna.se\/svedala\/blockoverskridande-samverkan-en-budget-for-hela-svedala\/#article","isPartOf":{"@id":"https:\/\/wp.kristdemokraterna.se\/svedala\/blockoverskridande-samverkan-en-budget-for-hela-svedala\/"},"author":{"name":"svedala","@id":"https:\/\/wp.kristdemokraterna.se\/svedala\/#\/schema\/person\/3d1398a59e3cee8910b9e54a7de0c3ee"},"headline":"Block\u00f6verskridande samverkan \u2013 en budget f\u00f6r hela Svedala","datePublished":"2025-06-18T14:30:50+00:00","mainEntityOfPage":{"@id":"https:\/\/wp.kristdemokraterna.se\/svedala\/blockoverskridande-samverkan-en-budget-for-hela-svedala\/"},"wordCount":578,"keywords":["h\u00e4lsa","milj\u00f6","samverkan","trygghet"],"articleSection":["Budget"],"inLanguage":"sv-SE"},{"@type":"WebPage","@id":"https:\/\/wp.kristdemokraterna.se\/svedala\/blockoverskridande-samverkan-en-budget-for-hela-svedala\/","url":"https:\/\/wp.kristdemokraterna.se\/svedala\/blockoverskridande-samverkan-en-budget-for-hela-svedala\/","name":"Block\u00f6verskridande samverkan \u2013 en budget f\u00f6r hela Svedala - Kristdemokraterna | Svedala","isPartOf":{"@id":"https:\/\/wp.kristdemokraterna.se\/svedala\/#website"},"datePublished":"2025-06-18T14:30:50+00:00","author":{"@id":"https:\/\/wp.kristdemokraterna.se\/svedala\/#\/schema\/person\/3d1398a59e3cee8910b9e54a7de0c3ee"},"breadcrumb":{"@id":"https:\/\/wp.kristdemokraterna.se\/svedala\/blockoverskridande-samverkan-en-budget-for-hela-svedala\/#breadcrumb"},"inLanguage":"sv-SE","potentialAction":[{"@type":"ReadAction","target":["https:\/\/wp.kristdemokraterna.se\/svedala\/blockoverskridande-samverkan-en-budget-for-hela-svedala\/"]}]},{"@type":"BreadcrumbList","@id":"https:\/\/wp.kristdemokraterna.se\/svedala\/blockoverskridande-samverkan-en-budget-for-hela-svedala\/#breadcrumb","itemListElement":[{"@type":"ListItem","position":1,"name":"Hem","item":"https:\/\/wp.kristdemokraterna.se\/svedala\/"},{"@type":"ListItem","position":2,"name":"Block\u00f6verskridande samverkan \u2013 en budget f\u00f6r hela Svedala"}]},{"@type":"WebSite","@id":"https:\/\/wp.kristdemokraterna.se\/svedala\/#website","url":"https:\/\/wp.kristdemokraterna.se\/svedala\/","name":"Kristdemokraterna | Svedala","description":"Ett Svedala d\u00e4r n\u00e4rhet, ansvar och omtanke f\u00e5r styra \u2013 inte storskalighet och centralisering","inLanguage":"sv-SE"},{"@type":"Person","@id":"https:\/\/wp.kristdemokraterna.se\/svedala\/#\/schema\/person\/3d1398a59e3cee8910b9e54a7de0c3ee","name":"svedala","image":{"@type":"ImageObject","inLanguage":"sv-SE","@id":"https:\/\/secure.gravatar.com\/avatar\/1b94617fcb6329bca9e3557b768050901f95da08c3f160db21ccd75d493c45b0?s=96&d=mm&r=g","url":"https:\/\/secure.gravatar.com\/avatar\/1b94617fcb6329bca9e3557b768050901f95da08c3f160db21ccd75d493c45b0?s=96&d=mm&r=g","contentUrl":"https:\/\/secure.gravatar.com\/avatar\/1b94617fcb6329bca9e3557b768050901f95da08c3f160db21ccd75d493c45b0?s=96&d=mm&r=g","caption":"svedala"},"sameAs":["http:\/\/www.kristdemokraterna.se\/svedala","https:\/\/www.facebook.com\/KDSvedala","https:\/\/www.instagram.com\/kd.svedala\/"],"url":"https:\/\/wp.kristdemokraterna.se\/svedala\/author\/svedala\/"}]}},"_links":{"self":[{"href":"https:\/\/wp.kristdemokraterna.se\/svedala\/wp-json\/wp\/v2\/posts\/771","targetHints":{"allow":["GET"]}}],"collection":[{"href":"https:\/\/wp.kristdemokraterna.se\/svedala\/wp-json\/wp\/v2\/posts"}],"about":[{"href":"https:\/\/wp.kristdemokraterna.se\/svedala\/wp-json\/wp\/v2\/types\/post"}],"author":[{"embeddable":true,"href":"https:\/\/wp.kristdemokraterna.se\/svedala\/wp-json\/wp\/v2\/users\/945"}],"replies":[{"embeddable":true,"href":"https:\/\/wp.kristdemokraterna.se\/svedala\/wp-json\/wp\/v2\/comments?post=771"}],"version-history":[{"count":1,"href":"https:\/\/wp.kristdemokraterna.se\/svedala\/wp-json\/wp\/v2\/posts\/771\/revisions"}],"predecessor-version":[{"id":778,"href":"https:\/\/wp.kristdemokraterna.se\/svedala\/wp-json\/wp\/v2\/posts\/771\/revisions\/778"}],"wp:attachment":[{"href":"https:\/\/wp.kristdemokraterna.se\/svedala\/wp-json\/wp\/v2\/media?parent=771"}],"wp:term":[{"taxonomy":"category","embeddable":true,"href":"https:\/\/wp.kristdemokraterna.se\/svedala\/wp-json\/wp\/v2\/categories?post=771"},{"taxonomy":"post_tag","embeddable":true,"href":"https:\/\/wp.kristdemokraterna.se\/svedala\/wp-json\/wp\/v2\/tags?post=771"}],"curies":[{"name":"wp","href":"https:\/\/api.w.org\/{rel}","templated":true}]}}