{"id":782,"date":"2025-11-14T13:02:35","date_gmt":"2025-11-14T12:02:35","guid":{"rendered":"https:\/\/wp.kristdemokraterna.se\/svedala\/?p=782"},"modified":"2025-11-21T10:20:00","modified_gmt":"2025-11-21T09:20:00","slug":"var-utgangspunkt-subsidiaritet-och-lokal-demokrati","status":"publish","type":"post","link":"https:\/\/wp.kristdemokraterna.se\/svedala\/var-utgangspunkt-subsidiaritet-och-lokal-demokrati\/","title":{"rendered":"V\u00e5r utg\u00e5ngspunkt: subsidiaritet och lokal demokrati"},"content":{"rendered":"<p data-start=\"170\" data-end=\"456\">Subsidiaritetsprincipen handlar om att respektera lokal demokrati och l\u00e5ta besluten tas n\u00e4rmast dem som ber\u00f6rs. I Svedala inneb\u00e4r det att vi ska lyssna p\u00e5 dem som faktiskt g\u00f6r jobbet. N\u00e4r en <strong>kommunledning inte tror sig klara uppgiften<\/strong> \u00e4r det ledningen vi m\u00e5ste ifr\u00e5gas\u00e4tta \u2013 <strong>inte flytta ansvaret bort fr\u00e5n Svedala.<\/strong><\/p>\n<p data-start=\"458\" data-end=\"514\">Vi l\u00e5ter inte r\u00e4dsla styra oss.<br data-start=\"489\" data-end=\"492\" \/><strong data-start=\"492\" data-end=\"514\">Vi styrs av fakta.<\/strong><\/p>\n<p data-start=\"516\" data-end=\"529\">Och fakta \u00e4r:<\/p>\n<p style=\"padding-left: 40px\">\u2714 <strong data-start=\"533\" data-end=\"612\">Ingen myndighet s\u00e4ger \u00e5t Svedala hur vi ska organisera v\u00e5r r\u00e4ddningstj\u00e4nst.<\/strong><br data-start=\"612\" data-end=\"615\" \/>Kommunerna har sj\u00e4lvbest\u00e4mmande \u2014 vi best\u00e4mmer sj\u00e4lva.<\/p>\n<p style=\"padding-left: 40px\" data-start=\"674\" data-end=\"821\">\u2714 <strong data-start=\"676\" data-end=\"759\">Ingen ny lagstiftning kr\u00e4ver att vi slutar driva r\u00e4ddningstj\u00e4nsten i egen regi.<\/strong><br data-start=\"759\" data-end=\"762\" \/>Inga nya krav har inf\u00f6rts som Svedala inte skulle klara.<\/p>\n<p style=\"padding-left: 40px\" data-start=\"823\" data-end=\"944\">\u2714 <strong data-start=\"825\" data-end=\"881\">Staten tillf\u00f6r resurser vid h\u00f6jd beredskap (krig).<\/strong><br data-start=\"881\" data-end=\"884\" \/>Kommunen st\u00e5r inte ensam n\u00e4r Sverige h\u00f6jer sin beredskap.<\/p>\n<p style=\"padding-left: 40px\" data-start=\"946\" data-end=\"1070\">\u2714 <strong data-start=\"948\" data-end=\"1019\">Svedalas brandm\u00e4n genomg\u00e5r utbildning f\u00f6r att klara sina uppgifter.<\/strong><br data-start=\"1019\" data-end=\"1022\" \/>Kompetensen byggs h\u00e4r \u2013 varje dag, \u00e5ret runt.<\/p>\n<p data-start=\"1072\" data-end=\"1303\">Trots detta v\u00e4ljer <strong data-start=\"1091\" data-end=\"1171\">Moderaterna, Centerpartiet <\/strong>och<strong data-start=\"1091\" data-end=\"1171\"> Socialdemokraterna <\/strong>att flytta bort ansvaret f\u00f6r v\u00e5r r\u00e4ddningstj\u00e4nst.<br data-start=\"1225\" data-end=\"1228\" \/>Man bortser fr\u00e5n fakta, lokal demokrati och fr\u00e5n brandm\u00e4nnens expertis.<\/p>\n<p data-start=\"1305\" data-end=\"1394\">Vi lyssnar p\u00e5 dem<strong data-start=\"1305\" data-end=\"1394\"> som vet, kan och som dygnet runt, \u00e5ret om <\/strong>arbetar f\u00f6r v\u00e5r trygghet.<\/p>\n<p data-start=\"1396\" data-end=\"1417\">KD Svedala anser att:<\/p>\n<p style=\"padding-left: 40px\" data-start=\"1419\" data-end=\"1747\">\u2714 <strong data-start=\"1421\" data-end=\"1548\">Fungerande verksamheter ska v\u00e4rnas och drivas i egen regi \u2013 <\/strong>d\u00e4r vi har full kontroll \u00f6ver kvalitet, beredskap och trygghet.<br data-start=\"1548\" data-end=\"1551\" \/>\u2714 <strong data-start=\"1553\" data-end=\"1635\">Brandm\u00e4nnen ska lyssnas p\u00e5 \u2013<\/strong>de har kompetensen som vi politiker inte har.<br data-start=\"1635\" data-end=\"1638\" \/>\u2714 <strong data-start=\"1640\" data-end=\"1747\">Ansvar ska ligga n\u00e4ra verksamheten &#8211; <\/strong>inte flyttas bort av en kommunledning<strong data-start=\"1640\" data-end=\"1747\"> som saknar tilltro till sin egen f\u00f6rm\u00e5ga.<\/strong><\/p>\n<p data-start=\"1749\" data-end=\"1779\">D\u00e4rf\u00f6r \u00e4r v\u00e5rt besked tydligt:<\/p>\n<h3 data-start=\"1781\" data-end=\"1868\"><strong data-start=\"1785\" data-end=\"1868\">KD Svedala g\u00e5r till val p\u00e5 att Svedalas r\u00e4ddningstj\u00e4nst ska drivas i egen regi.<\/strong><\/h3>\n<p data-start=\"1870\" data-end=\"1947\">F\u00f6r tryggheten.<br data-start=\"1885\" data-end=\"1888\" \/>F\u00f6r beredskapen.<br data-start=\"1904\" data-end=\"1907\" \/>F\u00f6r att ansvar ska b\u00e4ras \u2013 inte flyttas.<\/p>\n","protected":false},"excerpt":{"rendered":"<p>Subsidiaritetsprincipen handlar om att respektera lokal demokrati och l\u00e5ta besluten tas n\u00e4rmast dem som ber\u00f6rs. I Svedala inneb\u00e4r det att vi ska lyssna p\u00e5 dem som faktiskt g\u00f6r jobbet. N\u00e4r en kommunledning inte tror sig klara uppgiften \u00e4r det ledningen vi m\u00e5ste ifr\u00e5gas\u00e4tta \u2013 inte flytta ansvaret bort fr\u00e5n Svedala. Vi l\u00e5ter inte r\u00e4dsla styra <a class=\"read-more-link\" href=\"https:\/\/wp.kristdemokraterna.se\/svedala\/var-utgangspunkt-subsidiaritet-och-lokal-demokrati\/\">L\u00e4s mer<\/a><\/p>\n","protected":false},"author":945,"featured_media":0,"comment_status":"closed","ping_status":"closed","sticky":false,"template":"","format":"standard","meta":{"_acf_changed":false,"footnotes":""},"categories":[40,14],"tags":[41,22,42,25,19],"class_list":["post-782","post","type-post","status-publish","format-standard","hentry","category-demokrati","category-raddningstjanst","tag-demokrati","tag-egen-regi","tag-kristdemokraterna","tag-raddningstjanst","tag-svedala"],"acf":[],"yoast_head":"<!-- This site is optimized with the Yoast SEO plugin v27.4 - https:\/\/yoast.com\/product\/yoast-seo-wordpress\/ -->\n<title>V\u00e5r utg\u00e5ngspunkt: subsidiaritet och lokal demokrati - Kristdemokraterna | Svedala<\/title>\n<meta name=\"description\" content=\"L\u00e4s varf\u00f6r Svedalas r\u00e4ddningstj\u00e4nst b\u00f6r drivas i egen regi. Lokal kunskap, snabbare beslut och h\u00f6gre trygghet g\u00f6r att ansvaret ska stanna n\u00e4ra inv\u00e5narna.\" \/>\n<meta name=\"robots\" content=\"index, follow, max-snippet:-1, max-image-preview:large, max-video-preview:-1\" \/>\n<link rel=\"canonical\" href=\"https:\/\/wp.kristdemokraterna.se\/svedala\/var-utgangspunkt-subsidiaritet-och-lokal-demokrati\/\" \/>\n<meta property=\"og:locale\" content=\"sv_SE\" \/>\n<meta property=\"og:type\" content=\"article\" \/>\n<meta property=\"og:title\" content=\"V\u00e5r utg\u00e5ngspunkt: subsidiaritet och lokal demokrati - Kristdemokraterna | Svedala\" \/>\n<meta property=\"og:description\" content=\"L\u00e4s varf\u00f6r Svedalas r\u00e4ddningstj\u00e4nst b\u00f6r drivas i egen regi. Lokal kunskap, snabbare beslut och h\u00f6gre trygghet g\u00f6r att ansvaret ska stanna n\u00e4ra inv\u00e5narna.\" \/>\n<meta property=\"og:url\" content=\"https:\/\/wp.kristdemokraterna.se\/svedala\/var-utgangspunkt-subsidiaritet-och-lokal-demokrati\/\" \/>\n<meta property=\"og:site_name\" content=\"Kristdemokraterna | Svedala\" \/>\n<meta property=\"article:author\" content=\"https:\/\/www.facebook.com\/KDSvedala\" \/>\n<meta property=\"article:published_time\" content=\"2025-11-14T12:02:35+00:00\" \/>\n<meta property=\"article:modified_time\" content=\"2025-11-21T09:20:00+00:00\" \/>\n<meta name=\"author\" content=\"svedala\" \/>\n<meta name=\"twitter:card\" content=\"summary_large_image\" \/>\n<meta name=\"twitter:label1\" content=\"Skriven av\" \/>\n\t<meta name=\"twitter:data1\" content=\"svedala\" \/>\n\t<meta name=\"twitter:label2\" content=\"Ber\u00e4knad l\u00e4stid\" \/>\n\t<meta name=\"twitter:data2\" content=\"2 minuter\" \/>\n<script type=\"application\/ld+json\" class=\"yoast-schema-graph\">{\"@context\":\"https:\\\/\\\/schema.org\",\"@graph\":[{\"@type\":\"Article\",\"@id\":\"https:\\\/\\\/wp.kristdemokraterna.se\\\/svedala\\\/var-utgangspunkt-subsidiaritet-och-lokal-demokrati\\\/#article\",\"isPartOf\":{\"@id\":\"https:\\\/\\\/wp.kristdemokraterna.se\\\/svedala\\\/var-utgangspunkt-subsidiaritet-och-lokal-demokrati\\\/\"},\"author\":{\"name\":\"svedala\",\"@id\":\"https:\\\/\\\/wp.kristdemokraterna.se\\\/svedala\\\/#\\\/schema\\\/person\\\/3d1398a59e3cee8910b9e54a7de0c3ee\"},\"headline\":\"V\u00e5r utg\u00e5ngspunkt: subsidiaritet och lokal demokrati\",\"datePublished\":\"2025-11-14T12:02:35+00:00\",\"dateModified\":\"2025-11-21T09:20:00+00:00\",\"mainEntityOfPage\":{\"@id\":\"https:\\\/\\\/wp.kristdemokraterna.se\\\/svedala\\\/var-utgangspunkt-subsidiaritet-och-lokal-demokrati\\\/\"},\"wordCount\":325,\"keywords\":[\"demokrati\",\"egen regi\",\"kristdemokraterna\",\"r\u00e4ddningstj\u00e4nst\",\"svedala\"],\"articleSection\":[\"Demokrati\",\"R\u00e4ddningstj\u00e4nst\"],\"inLanguage\":\"sv-SE\"},{\"@type\":\"WebPage\",\"@id\":\"https:\\\/\\\/wp.kristdemokraterna.se\\\/svedala\\\/var-utgangspunkt-subsidiaritet-och-lokal-demokrati\\\/\",\"url\":\"https:\\\/\\\/wp.kristdemokraterna.se\\\/svedala\\\/var-utgangspunkt-subsidiaritet-och-lokal-demokrati\\\/\",\"name\":\"V\u00e5r utg\u00e5ngspunkt: subsidiaritet och lokal demokrati - Kristdemokraterna | Svedala\",\"isPartOf\":{\"@id\":\"https:\\\/\\\/wp.kristdemokraterna.se\\\/svedala\\\/#website\"},\"datePublished\":\"2025-11-14T12:02:35+00:00\",\"dateModified\":\"2025-11-21T09:20:00+00:00\",\"author\":{\"@id\":\"https:\\\/\\\/wp.kristdemokraterna.se\\\/svedala\\\/#\\\/schema\\\/person\\\/3d1398a59e3cee8910b9e54a7de0c3ee\"},\"description\":\"L\u00e4s varf\u00f6r Svedalas r\u00e4ddningstj\u00e4nst b\u00f6r drivas i egen regi. Lokal kunskap, snabbare beslut och h\u00f6gre trygghet g\u00f6r att ansvaret ska stanna n\u00e4ra inv\u00e5narna.\",\"breadcrumb\":{\"@id\":\"https:\\\/\\\/wp.kristdemokraterna.se\\\/svedala\\\/var-utgangspunkt-subsidiaritet-och-lokal-demokrati\\\/#breadcrumb\"},\"inLanguage\":\"sv-SE\",\"potentialAction\":[{\"@type\":\"ReadAction\",\"target\":[\"https:\\\/\\\/wp.kristdemokraterna.se\\\/svedala\\\/var-utgangspunkt-subsidiaritet-och-lokal-demokrati\\\/\"]}]},{\"@type\":\"BreadcrumbList\",\"@id\":\"https:\\\/\\\/wp.kristdemokraterna.se\\\/svedala\\\/var-utgangspunkt-subsidiaritet-och-lokal-demokrati\\\/#breadcrumb\",\"itemListElement\":[{\"@type\":\"ListItem\",\"position\":1,\"name\":\"Hem\",\"item\":\"https:\\\/\\\/wp.kristdemokraterna.se\\\/svedala\\\/\"},{\"@type\":\"ListItem\",\"position\":2,\"name\":\"V\u00e5r utg\u00e5ngspunkt: subsidiaritet och lokal demokrati\"}]},{\"@type\":\"WebSite\",\"@id\":\"https:\\\/\\\/wp.kristdemokraterna.se\\\/svedala\\\/#website\",\"url\":\"https:\\\/\\\/wp.kristdemokraterna.se\\\/svedala\\\/\",\"name\":\"Kristdemokraterna | Svedala\",\"description\":\"Ett Svedala d\u00e4r n\u00e4rhet, ansvar och omtanke f\u00e5r styra \u2013 inte storskalighet och centralisering\",\"inLanguage\":\"sv-SE\"},{\"@type\":\"Person\",\"@id\":\"https:\\\/\\\/wp.kristdemokraterna.se\\\/svedala\\\/#\\\/schema\\\/person\\\/3d1398a59e3cee8910b9e54a7de0c3ee\",\"name\":\"svedala\",\"image\":{\"@type\":\"ImageObject\",\"inLanguage\":\"sv-SE\",\"@id\":\"https:\\\/\\\/secure.gravatar.com\\\/avatar\\\/1b94617fcb6329bca9e3557b768050901f95da08c3f160db21ccd75d493c45b0?s=96&d=mm&r=g\",\"url\":\"https:\\\/\\\/secure.gravatar.com\\\/avatar\\\/1b94617fcb6329bca9e3557b768050901f95da08c3f160db21ccd75d493c45b0?s=96&d=mm&r=g\",\"contentUrl\":\"https:\\\/\\\/secure.gravatar.com\\\/avatar\\\/1b94617fcb6329bca9e3557b768050901f95da08c3f160db21ccd75d493c45b0?s=96&d=mm&r=g\",\"caption\":\"svedala\"},\"sameAs\":[\"http:\\\/\\\/www.kristdemokraterna.se\\\/svedala\",\"https:\\\/\\\/www.facebook.com\\\/KDSvedala\",\"https:\\\/\\\/www.instagram.com\\\/kd.svedala\\\/\"],\"url\":\"https:\\\/\\\/wp.kristdemokraterna.se\\\/svedala\\\/author\\\/svedala\\\/\"}]}<\/script>\n<!-- \/ Yoast SEO plugin. -->","yoast_head_json":{"title":"V\u00e5r utg\u00e5ngspunkt: subsidiaritet och lokal demokrati - Kristdemokraterna | Svedala","description":"L\u00e4s varf\u00f6r Svedalas r\u00e4ddningstj\u00e4nst b\u00f6r drivas i egen regi. Lokal kunskap, snabbare beslut och h\u00f6gre trygghet g\u00f6r att ansvaret ska stanna n\u00e4ra inv\u00e5narna.","robots":{"index":"index","follow":"follow","max-snippet":"max-snippet:-1","max-image-preview":"max-image-preview:large","max-video-preview":"max-video-preview:-1"},"canonical":"https:\/\/wp.kristdemokraterna.se\/svedala\/var-utgangspunkt-subsidiaritet-och-lokal-demokrati\/","og_locale":"sv_SE","og_type":"article","og_title":"V\u00e5r utg\u00e5ngspunkt: subsidiaritet och lokal demokrati - Kristdemokraterna | Svedala","og_description":"L\u00e4s varf\u00f6r Svedalas r\u00e4ddningstj\u00e4nst b\u00f6r drivas i egen regi. Lokal kunskap, snabbare beslut och h\u00f6gre trygghet g\u00f6r att ansvaret ska stanna n\u00e4ra inv\u00e5narna.","og_url":"https:\/\/wp.kristdemokraterna.se\/svedala\/var-utgangspunkt-subsidiaritet-och-lokal-demokrati\/","og_site_name":"Kristdemokraterna | Svedala","article_author":"https:\/\/www.facebook.com\/KDSvedala","article_published_time":"2025-11-14T12:02:35+00:00","article_modified_time":"2025-11-21T09:20:00+00:00","author":"svedala","twitter_card":"summary_large_image","twitter_misc":{"Skriven av":"svedala","Ber\u00e4knad l\u00e4stid":"2 minuter"},"schema":{"@context":"https:\/\/schema.org","@graph":[{"@type":"Article","@id":"https:\/\/wp.kristdemokraterna.se\/svedala\/var-utgangspunkt-subsidiaritet-och-lokal-demokrati\/#article","isPartOf":{"@id":"https:\/\/wp.kristdemokraterna.se\/svedala\/var-utgangspunkt-subsidiaritet-och-lokal-demokrati\/"},"author":{"name":"svedala","@id":"https:\/\/wp.kristdemokraterna.se\/svedala\/#\/schema\/person\/3d1398a59e3cee8910b9e54a7de0c3ee"},"headline":"V\u00e5r utg\u00e5ngspunkt: subsidiaritet och lokal demokrati","datePublished":"2025-11-14T12:02:35+00:00","dateModified":"2025-11-21T09:20:00+00:00","mainEntityOfPage":{"@id":"https:\/\/wp.kristdemokraterna.se\/svedala\/var-utgangspunkt-subsidiaritet-och-lokal-demokrati\/"},"wordCount":325,"keywords":["demokrati","egen regi","kristdemokraterna","r\u00e4ddningstj\u00e4nst","svedala"],"articleSection":["Demokrati","R\u00e4ddningstj\u00e4nst"],"inLanguage":"sv-SE"},{"@type":"WebPage","@id":"https:\/\/wp.kristdemokraterna.se\/svedala\/var-utgangspunkt-subsidiaritet-och-lokal-demokrati\/","url":"https:\/\/wp.kristdemokraterna.se\/svedala\/var-utgangspunkt-subsidiaritet-och-lokal-demokrati\/","name":"V\u00e5r utg\u00e5ngspunkt: subsidiaritet och lokal demokrati - Kristdemokraterna | Svedala","isPartOf":{"@id":"https:\/\/wp.kristdemokraterna.se\/svedala\/#website"},"datePublished":"2025-11-14T12:02:35+00:00","dateModified":"2025-11-21T09:20:00+00:00","author":{"@id":"https:\/\/wp.kristdemokraterna.se\/svedala\/#\/schema\/person\/3d1398a59e3cee8910b9e54a7de0c3ee"},"description":"L\u00e4s varf\u00f6r Svedalas r\u00e4ddningstj\u00e4nst b\u00f6r drivas i egen regi. Lokal kunskap, snabbare beslut och h\u00f6gre trygghet g\u00f6r att ansvaret ska stanna n\u00e4ra inv\u00e5narna.","breadcrumb":{"@id":"https:\/\/wp.kristdemokraterna.se\/svedala\/var-utgangspunkt-subsidiaritet-och-lokal-demokrati\/#breadcrumb"},"inLanguage":"sv-SE","potentialAction":[{"@type":"ReadAction","target":["https:\/\/wp.kristdemokraterna.se\/svedala\/var-utgangspunkt-subsidiaritet-och-lokal-demokrati\/"]}]},{"@type":"BreadcrumbList","@id":"https:\/\/wp.kristdemokraterna.se\/svedala\/var-utgangspunkt-subsidiaritet-och-lokal-demokrati\/#breadcrumb","itemListElement":[{"@type":"ListItem","position":1,"name":"Hem","item":"https:\/\/wp.kristdemokraterna.se\/svedala\/"},{"@type":"ListItem","position":2,"name":"V\u00e5r utg\u00e5ngspunkt: subsidiaritet och lokal demokrati"}]},{"@type":"WebSite","@id":"https:\/\/wp.kristdemokraterna.se\/svedala\/#website","url":"https:\/\/wp.kristdemokraterna.se\/svedala\/","name":"Kristdemokraterna | Svedala","description":"Ett Svedala d\u00e4r n\u00e4rhet, ansvar och omtanke f\u00e5r styra \u2013 inte storskalighet och centralisering","inLanguage":"sv-SE"},{"@type":"Person","@id":"https:\/\/wp.kristdemokraterna.se\/svedala\/#\/schema\/person\/3d1398a59e3cee8910b9e54a7de0c3ee","name":"svedala","image":{"@type":"ImageObject","inLanguage":"sv-SE","@id":"https:\/\/secure.gravatar.com\/avatar\/1b94617fcb6329bca9e3557b768050901f95da08c3f160db21ccd75d493c45b0?s=96&d=mm&r=g","url":"https:\/\/secure.gravatar.com\/avatar\/1b94617fcb6329bca9e3557b768050901f95da08c3f160db21ccd75d493c45b0?s=96&d=mm&r=g","contentUrl":"https:\/\/secure.gravatar.com\/avatar\/1b94617fcb6329bca9e3557b768050901f95da08c3f160db21ccd75d493c45b0?s=96&d=mm&r=g","caption":"svedala"},"sameAs":["http:\/\/www.kristdemokraterna.se\/svedala","https:\/\/www.facebook.com\/KDSvedala","https:\/\/www.instagram.com\/kd.svedala\/"],"url":"https:\/\/wp.kristdemokraterna.se\/svedala\/author\/svedala\/"}]}},"_links":{"self":[{"href":"https:\/\/wp.kristdemokraterna.se\/svedala\/wp-json\/wp\/v2\/posts\/782","targetHints":{"allow":["GET"]}}],"collection":[{"href":"https:\/\/wp.kristdemokraterna.se\/svedala\/wp-json\/wp\/v2\/posts"}],"about":[{"href":"https:\/\/wp.kristdemokraterna.se\/svedala\/wp-json\/wp\/v2\/types\/post"}],"author":[{"embeddable":true,"href":"https:\/\/wp.kristdemokraterna.se\/svedala\/wp-json\/wp\/v2\/users\/945"}],"replies":[{"embeddable":true,"href":"https:\/\/wp.kristdemokraterna.se\/svedala\/wp-json\/wp\/v2\/comments?post=782"}],"version-history":[{"count":2,"href":"https:\/\/wp.kristdemokraterna.se\/svedala\/wp-json\/wp\/v2\/posts\/782\/revisions"}],"predecessor-version":[{"id":786,"href":"https:\/\/wp.kristdemokraterna.se\/svedala\/wp-json\/wp\/v2\/posts\/782\/revisions\/786"}],"wp:attachment":[{"href":"https:\/\/wp.kristdemokraterna.se\/svedala\/wp-json\/wp\/v2\/media?parent=782"}],"wp:term":[{"taxonomy":"category","embeddable":true,"href":"https:\/\/wp.kristdemokraterna.se\/svedala\/wp-json\/wp\/v2\/categories?post=782"},{"taxonomy":"post_tag","embeddable":true,"href":"https:\/\/wp.kristdemokraterna.se\/svedala\/wp-json\/wp\/v2\/tags?post=782"}],"curies":[{"name":"wp","href":"https:\/\/api.w.org\/{rel}","templated":true}]}}