{"id":823,"date":"2025-11-20T16:01:50","date_gmt":"2025-11-20T15:01:50","guid":{"rendered":"https:\/\/wp.kristdemokraterna.se\/svedala\/?p=823"},"modified":"2025-11-20T16:30:08","modified_gmt":"2025-11-20T15:30:08","slug":"bredden-ar-viktig-for-oss","status":"publish","type":"post","link":"https:\/\/wp.kristdemokraterna.se\/svedala\/bredden-ar-viktig-for-oss\/","title":{"rendered":"Bredden \u00e4r viktig f\u00f6r oss"},"content":{"rendered":"<p data-start=\"415\" data-end=\"781\">F\u00f6reningslivet \u00e4r en av de viktigaste krafterna i ett samh\u00e4lle. H\u00e4r bildas gemenskap, sammanh\u00e5llning och den trygga samvaro som g\u00f6r att m\u00e4nniskor k\u00e4nner sig hemma d\u00e4r de bor. Oavsett om det handlar om idrott, musik, kultur, friluftsliv, v\u00e4lg\u00f6renhet eller ideellt engagemang, s\u00e5 skapas meningsfulla sammanhang d\u00e4r m\u00e4nniskor v\u00e4xer, b\u00e5de som individer och tillsammans.<\/p>\n<p data-start=\"817\" data-end=\"1117\">I Svedala \u00e4r bredden i f\u00f6reningslivet s\u00e4rskilt v\u00e4rdefull. Ett levande samh\u00e4lle beh\u00f6ver m\u00e5nga olika slags f\u00f6reningar, b\u00e5de stora och sm\u00e5, etablerade och f\u00f6ruts\u00e4ttningar f\u00f6r att starta nya. Bredden g\u00f6r att fler kan hitta en aktivitet eller gemenskap som passar just dem, oavsett \u00e5lder, intresse, erfarenhet eller niv\u00e5.<\/p>\n<p data-start=\"1119\" data-end=\"1235\">Det \u00e4r i variationen som styrkan finns.<\/p>\n<h2 data-start=\"1237\" data-end=\"1276\"><strong data-start=\"1240\" data-end=\"1276\">V\u00e5rt arbete under mandatperioden<\/strong><\/h2>\n<p data-start=\"1278\" data-end=\"1406\">Under denna mandatperiod har vi aktivt arbetat f\u00f6r att skapa goda f\u00f6ruts\u00e4ttningar f\u00f6r f\u00f6reningslivet i Svedala. Det g\u00e4ller b\u00e5de:<\/p>\n<ul data-start=\"1408\" data-end=\"1605\">\n<li data-start=\"1408\" data-end=\"1510\">\n<p data-start=\"1410\" data-end=\"1510\"><strong data-start=\"1410\" data-end=\"1503\">starka och etablerade f\u00f6reningar som redan b\u00e4r mycket av kommunens idrotts- och kulturliv<\/strong>, och<\/p>\n<\/li>\n<li data-start=\"1511\" data-end=\"1605\">\n<p data-start=\"1513\" data-end=\"1605\"><strong data-start=\"1513\" data-end=\"1605\">mindre eller nystartade f\u00f6reningar som beh\u00f6ver r\u00e4tt st\u00f6d f\u00f6r att komma ig\u00e5ng eller v\u00e4xa.<\/strong><\/p>\n<\/li>\n<\/ul>\n<p data-start=\"1607\" data-end=\"1888\">Vi vet att f\u00f6reningslivet inte bara beh\u00f6ver vilja, det beh\u00f6ver \u00e4ven ytor, lokaler, arenor, st\u00f6ttning, struktur och l\u00e5ngsiktighet. D\u00e4rf\u00f6r \u00e4r det viktigt att kommunen tar ansvar f\u00f6r att skapa milj\u00f6er d\u00e4r f\u00f6reningar kan utvecklas och d\u00e4r nya initiativ f\u00e5r chansen att bli verklighet.<\/p>\n<h2 data-start=\"2659\" data-end=\"2697\"><strong data-start=\"2662\" data-end=\"2697\">F\u00f6reningslivet bygger framtiden<\/strong><\/h2>\n<p data-start=\"2966\" data-end=\"3176\">D\u00e4rf\u00f6r kommer vi forts\u00e4tta arbeta f\u00f6r att st\u00e4rka f\u00f6reningslivet i Svedala, ge goda villkor f\u00f6r b\u00e5de nya och etablerade f\u00f6reningar och skapa fler platser d\u00e4r m\u00e4nniskor kan m\u00f6tas, utvecklas och k\u00e4nna samh\u00f6righet.<\/p>\n<p data-start=\"3178\" data-end=\"3302\">Ett starkt f\u00f6reningsliv bygger ett starkt Svedala.<br data-start=\"3228\" data-end=\"3231\" \/>Och det \u00e4r n\u00e5got vi vill forts\u00e4tta vara med och utveckla.<\/p>\n","protected":false},"excerpt":{"rendered":"<p>F\u00f6reningslivet \u00e4r en av de viktigaste krafterna i ett samh\u00e4lle. H\u00e4r bildas gemenskap, sammanh\u00e5llning och den trygga samvaro som g\u00f6r att m\u00e4nniskor k\u00e4nner sig hemma d\u00e4r de bor. Oavsett om det handlar om idrott, musik, kultur, friluftsliv, v\u00e4lg\u00f6renhet eller ideellt engagemang, s\u00e5 skapas meningsfulla sammanhang d\u00e4r m\u00e4nniskor v\u00e4xer, b\u00e5de som individer och tillsammans. I Svedala <a class=\"read-more-link\" href=\"https:\/\/wp.kristdemokraterna.se\/svedala\/bredden-ar-viktig-for-oss\/\">L\u00e4s mer<\/a><\/p>\n","protected":false},"author":945,"featured_media":0,"comment_status":"closed","ping_status":"closed","sticky":false,"template":"","format":"standard","meta":{"_acf_changed":false,"footnotes":""},"categories":[18],"tags":[43,34,45,44],"class_list":["post-823","post","type-post","status-publish","format-standard","hentry","category-foreningsliv","tag-forening","tag-gemenskap","tag-kultur","tag-samhalle"],"acf":[],"yoast_head":"<!-- This site is optimized with the Yoast SEO plugin v27.4 - https:\/\/yoast.com\/product\/yoast-seo-wordpress\/ -->\n<title>Bredden \u00e4r viktig f\u00f6r oss - Kristdemokraterna | Svedala<\/title>\n<meta name=\"description\" content=\"Ett starkt och brett f\u00f6reningsliv ger alla m\u00f6jlighet till en meningsfull fritid och gemenskap. Vi har under mandatperioden arbetat f\u00f6r att st\u00e4rka b\u00e5de stora och sm\u00e5 f\u00f6reningar. Vi ser fram emot att ett badhus kan bidra till \u00e4nnu fler m\u00f6jligheter och nya f\u00f6reningar i Svedala.\" \/>\n<meta name=\"robots\" content=\"index, follow, max-snippet:-1, max-image-preview:large, max-video-preview:-1\" \/>\n<link rel=\"canonical\" href=\"https:\/\/wp.kristdemokraterna.se\/svedala\/bredden-ar-viktig-for-oss\/\" \/>\n<meta property=\"og:locale\" content=\"sv_SE\" \/>\n<meta property=\"og:type\" content=\"article\" \/>\n<meta property=\"og:title\" content=\"Bredden \u00e4r viktig f\u00f6r oss - Kristdemokraterna | Svedala\" \/>\n<meta property=\"og:description\" content=\"Ett starkt och brett f\u00f6reningsliv ger alla m\u00f6jlighet till en meningsfull fritid och gemenskap. Vi har under mandatperioden arbetat f\u00f6r att st\u00e4rka b\u00e5de stora och sm\u00e5 f\u00f6reningar. Vi ser fram emot att ett badhus kan bidra till \u00e4nnu fler m\u00f6jligheter och nya f\u00f6reningar i Svedala.\" \/>\n<meta property=\"og:url\" content=\"https:\/\/wp.kristdemokraterna.se\/svedala\/bredden-ar-viktig-for-oss\/\" \/>\n<meta property=\"og:site_name\" content=\"Kristdemokraterna | Svedala\" \/>\n<meta property=\"article:author\" content=\"https:\/\/www.facebook.com\/KDSvedala\" \/>\n<meta property=\"article:published_time\" content=\"2025-11-20T15:01:50+00:00\" \/>\n<meta property=\"article:modified_time\" content=\"2025-11-20T15:30:08+00:00\" \/>\n<meta name=\"author\" content=\"svedala\" \/>\n<meta name=\"twitter:card\" content=\"summary_large_image\" \/>\n<meta name=\"twitter:label1\" content=\"Skriven av\" \/>\n\t<meta name=\"twitter:data1\" content=\"svedala\" \/>\n\t<meta name=\"twitter:label2\" content=\"Ber\u00e4knad l\u00e4stid\" \/>\n\t<meta name=\"twitter:data2\" content=\"2 minuter\" \/>\n<script type=\"application\/ld+json\" class=\"yoast-schema-graph\">{\"@context\":\"https:\\\/\\\/schema.org\",\"@graph\":[{\"@type\":\"Article\",\"@id\":\"https:\\\/\\\/wp.kristdemokraterna.se\\\/svedala\\\/bredden-ar-viktig-for-oss\\\/#article\",\"isPartOf\":{\"@id\":\"https:\\\/\\\/wp.kristdemokraterna.se\\\/svedala\\\/bredden-ar-viktig-for-oss\\\/\"},\"author\":{\"name\":\"svedala\",\"@id\":\"https:\\\/\\\/wp.kristdemokraterna.se\\\/svedala\\\/#\\\/schema\\\/person\\\/3d1398a59e3cee8910b9e54a7de0c3ee\"},\"headline\":\"Bredden \u00e4r viktig f\u00f6r oss\",\"datePublished\":\"2025-11-20T15:01:50+00:00\",\"dateModified\":\"2025-11-20T15:30:08+00:00\",\"mainEntityOfPage\":{\"@id\":\"https:\\\/\\\/wp.kristdemokraterna.se\\\/svedala\\\/bredden-ar-viktig-for-oss\\\/\"},\"wordCount\":334,\"keywords\":[\"f\u00f6rening\",\"gemenskap\",\"kultur\",\"samh\u00e4lle\"],\"articleSection\":[\"F\u00f6reningsliv\"],\"inLanguage\":\"sv-SE\"},{\"@type\":\"WebPage\",\"@id\":\"https:\\\/\\\/wp.kristdemokraterna.se\\\/svedala\\\/bredden-ar-viktig-for-oss\\\/\",\"url\":\"https:\\\/\\\/wp.kristdemokraterna.se\\\/svedala\\\/bredden-ar-viktig-for-oss\\\/\",\"name\":\"Bredden \u00e4r viktig f\u00f6r oss - Kristdemokraterna | Svedala\",\"isPartOf\":{\"@id\":\"https:\\\/\\\/wp.kristdemokraterna.se\\\/svedala\\\/#website\"},\"datePublished\":\"2025-11-20T15:01:50+00:00\",\"dateModified\":\"2025-11-20T15:30:08+00:00\",\"author\":{\"@id\":\"https:\\\/\\\/wp.kristdemokraterna.se\\\/svedala\\\/#\\\/schema\\\/person\\\/3d1398a59e3cee8910b9e54a7de0c3ee\"},\"description\":\"Ett starkt och brett f\u00f6reningsliv ger alla m\u00f6jlighet till en meningsfull fritid och gemenskap. Vi har under mandatperioden arbetat f\u00f6r att st\u00e4rka b\u00e5de stora och sm\u00e5 f\u00f6reningar. Vi ser fram emot att ett badhus kan bidra till \u00e4nnu fler m\u00f6jligheter och nya f\u00f6reningar i Svedala.\",\"breadcrumb\":{\"@id\":\"https:\\\/\\\/wp.kristdemokraterna.se\\\/svedala\\\/bredden-ar-viktig-for-oss\\\/#breadcrumb\"},\"inLanguage\":\"sv-SE\",\"potentialAction\":[{\"@type\":\"ReadAction\",\"target\":[\"https:\\\/\\\/wp.kristdemokraterna.se\\\/svedala\\\/bredden-ar-viktig-for-oss\\\/\"]}]},{\"@type\":\"BreadcrumbList\",\"@id\":\"https:\\\/\\\/wp.kristdemokraterna.se\\\/svedala\\\/bredden-ar-viktig-for-oss\\\/#breadcrumb\",\"itemListElement\":[{\"@type\":\"ListItem\",\"position\":1,\"name\":\"Hem\",\"item\":\"https:\\\/\\\/wp.kristdemokraterna.se\\\/svedala\\\/\"},{\"@type\":\"ListItem\",\"position\":2,\"name\":\"Bredden \u00e4r viktig f\u00f6r oss\"}]},{\"@type\":\"WebSite\",\"@id\":\"https:\\\/\\\/wp.kristdemokraterna.se\\\/svedala\\\/#website\",\"url\":\"https:\\\/\\\/wp.kristdemokraterna.se\\\/svedala\\\/\",\"name\":\"Kristdemokraterna | Svedala\",\"description\":\"Ett Svedala d\u00e4r n\u00e4rhet, ansvar och omtanke f\u00e5r styra \u2013 inte storskalighet och centralisering\",\"inLanguage\":\"sv-SE\"},{\"@type\":\"Person\",\"@id\":\"https:\\\/\\\/wp.kristdemokraterna.se\\\/svedala\\\/#\\\/schema\\\/person\\\/3d1398a59e3cee8910b9e54a7de0c3ee\",\"name\":\"svedala\",\"image\":{\"@type\":\"ImageObject\",\"inLanguage\":\"sv-SE\",\"@id\":\"https:\\\/\\\/secure.gravatar.com\\\/avatar\\\/1b94617fcb6329bca9e3557b768050901f95da08c3f160db21ccd75d493c45b0?s=96&d=mm&r=g\",\"url\":\"https:\\\/\\\/secure.gravatar.com\\\/avatar\\\/1b94617fcb6329bca9e3557b768050901f95da08c3f160db21ccd75d493c45b0?s=96&d=mm&r=g\",\"contentUrl\":\"https:\\\/\\\/secure.gravatar.com\\\/avatar\\\/1b94617fcb6329bca9e3557b768050901f95da08c3f160db21ccd75d493c45b0?s=96&d=mm&r=g\",\"caption\":\"svedala\"},\"sameAs\":[\"http:\\\/\\\/www.kristdemokraterna.se\\\/svedala\",\"https:\\\/\\\/www.facebook.com\\\/KDSvedala\",\"https:\\\/\\\/www.instagram.com\\\/kd.svedala\\\/\"],\"url\":\"https:\\\/\\\/wp.kristdemokraterna.se\\\/svedala\\\/author\\\/svedala\\\/\"}]}<\/script>\n<!-- \/ Yoast SEO plugin. -->","yoast_head_json":{"title":"Bredden \u00e4r viktig f\u00f6r oss - Kristdemokraterna | Svedala","description":"Ett starkt och brett f\u00f6reningsliv ger alla m\u00f6jlighet till en meningsfull fritid och gemenskap. Vi har under mandatperioden arbetat f\u00f6r att st\u00e4rka b\u00e5de stora och sm\u00e5 f\u00f6reningar. Vi ser fram emot att ett badhus kan bidra till \u00e4nnu fler m\u00f6jligheter och nya f\u00f6reningar i Svedala.","robots":{"index":"index","follow":"follow","max-snippet":"max-snippet:-1","max-image-preview":"max-image-preview:large","max-video-preview":"max-video-preview:-1"},"canonical":"https:\/\/wp.kristdemokraterna.se\/svedala\/bredden-ar-viktig-for-oss\/","og_locale":"sv_SE","og_type":"article","og_title":"Bredden \u00e4r viktig f\u00f6r oss - Kristdemokraterna | Svedala","og_description":"Ett starkt och brett f\u00f6reningsliv ger alla m\u00f6jlighet till en meningsfull fritid och gemenskap. Vi har under mandatperioden arbetat f\u00f6r att st\u00e4rka b\u00e5de stora och sm\u00e5 f\u00f6reningar. Vi ser fram emot att ett badhus kan bidra till \u00e4nnu fler m\u00f6jligheter och nya f\u00f6reningar i Svedala.","og_url":"https:\/\/wp.kristdemokraterna.se\/svedala\/bredden-ar-viktig-for-oss\/","og_site_name":"Kristdemokraterna | Svedala","article_author":"https:\/\/www.facebook.com\/KDSvedala","article_published_time":"2025-11-20T15:01:50+00:00","article_modified_time":"2025-11-20T15:30:08+00:00","author":"svedala","twitter_card":"summary_large_image","twitter_misc":{"Skriven av":"svedala","Ber\u00e4knad l\u00e4stid":"2 minuter"},"schema":{"@context":"https:\/\/schema.org","@graph":[{"@type":"Article","@id":"https:\/\/wp.kristdemokraterna.se\/svedala\/bredden-ar-viktig-for-oss\/#article","isPartOf":{"@id":"https:\/\/wp.kristdemokraterna.se\/svedala\/bredden-ar-viktig-for-oss\/"},"author":{"name":"svedala","@id":"https:\/\/wp.kristdemokraterna.se\/svedala\/#\/schema\/person\/3d1398a59e3cee8910b9e54a7de0c3ee"},"headline":"Bredden \u00e4r viktig f\u00f6r oss","datePublished":"2025-11-20T15:01:50+00:00","dateModified":"2025-11-20T15:30:08+00:00","mainEntityOfPage":{"@id":"https:\/\/wp.kristdemokraterna.se\/svedala\/bredden-ar-viktig-for-oss\/"},"wordCount":334,"keywords":["f\u00f6rening","gemenskap","kultur","samh\u00e4lle"],"articleSection":["F\u00f6reningsliv"],"inLanguage":"sv-SE"},{"@type":"WebPage","@id":"https:\/\/wp.kristdemokraterna.se\/svedala\/bredden-ar-viktig-for-oss\/","url":"https:\/\/wp.kristdemokraterna.se\/svedala\/bredden-ar-viktig-for-oss\/","name":"Bredden \u00e4r viktig f\u00f6r oss - Kristdemokraterna | Svedala","isPartOf":{"@id":"https:\/\/wp.kristdemokraterna.se\/svedala\/#website"},"datePublished":"2025-11-20T15:01:50+00:00","dateModified":"2025-11-20T15:30:08+00:00","author":{"@id":"https:\/\/wp.kristdemokraterna.se\/svedala\/#\/schema\/person\/3d1398a59e3cee8910b9e54a7de0c3ee"},"description":"Ett starkt och brett f\u00f6reningsliv ger alla m\u00f6jlighet till en meningsfull fritid och gemenskap. Vi har under mandatperioden arbetat f\u00f6r att st\u00e4rka b\u00e5de stora och sm\u00e5 f\u00f6reningar. Vi ser fram emot att ett badhus kan bidra till \u00e4nnu fler m\u00f6jligheter och nya f\u00f6reningar i Svedala.","breadcrumb":{"@id":"https:\/\/wp.kristdemokraterna.se\/svedala\/bredden-ar-viktig-for-oss\/#breadcrumb"},"inLanguage":"sv-SE","potentialAction":[{"@type":"ReadAction","target":["https:\/\/wp.kristdemokraterna.se\/svedala\/bredden-ar-viktig-for-oss\/"]}]},{"@type":"BreadcrumbList","@id":"https:\/\/wp.kristdemokraterna.se\/svedala\/bredden-ar-viktig-for-oss\/#breadcrumb","itemListElement":[{"@type":"ListItem","position":1,"name":"Hem","item":"https:\/\/wp.kristdemokraterna.se\/svedala\/"},{"@type":"ListItem","position":2,"name":"Bredden \u00e4r viktig f\u00f6r oss"}]},{"@type":"WebSite","@id":"https:\/\/wp.kristdemokraterna.se\/svedala\/#website","url":"https:\/\/wp.kristdemokraterna.se\/svedala\/","name":"Kristdemokraterna | Svedala","description":"Ett Svedala d\u00e4r n\u00e4rhet, ansvar och omtanke f\u00e5r styra \u2013 inte storskalighet och centralisering","inLanguage":"sv-SE"},{"@type":"Person","@id":"https:\/\/wp.kristdemokraterna.se\/svedala\/#\/schema\/person\/3d1398a59e3cee8910b9e54a7de0c3ee","name":"svedala","image":{"@type":"ImageObject","inLanguage":"sv-SE","@id":"https:\/\/secure.gravatar.com\/avatar\/1b94617fcb6329bca9e3557b768050901f95da08c3f160db21ccd75d493c45b0?s=96&d=mm&r=g","url":"https:\/\/secure.gravatar.com\/avatar\/1b94617fcb6329bca9e3557b768050901f95da08c3f160db21ccd75d493c45b0?s=96&d=mm&r=g","contentUrl":"https:\/\/secure.gravatar.com\/avatar\/1b94617fcb6329bca9e3557b768050901f95da08c3f160db21ccd75d493c45b0?s=96&d=mm&r=g","caption":"svedala"},"sameAs":["http:\/\/www.kristdemokraterna.se\/svedala","https:\/\/www.facebook.com\/KDSvedala","https:\/\/www.instagram.com\/kd.svedala\/"],"url":"https:\/\/wp.kristdemokraterna.se\/svedala\/author\/svedala\/"}]}},"_links":{"self":[{"href":"https:\/\/wp.kristdemokraterna.se\/svedala\/wp-json\/wp\/v2\/posts\/823","targetHints":{"allow":["GET"]}}],"collection":[{"href":"https:\/\/wp.kristdemokraterna.se\/svedala\/wp-json\/wp\/v2\/posts"}],"about":[{"href":"https:\/\/wp.kristdemokraterna.se\/svedala\/wp-json\/wp\/v2\/types\/post"}],"author":[{"embeddable":true,"href":"https:\/\/wp.kristdemokraterna.se\/svedala\/wp-json\/wp\/v2\/users\/945"}],"replies":[{"embeddable":true,"href":"https:\/\/wp.kristdemokraterna.se\/svedala\/wp-json\/wp\/v2\/comments?post=823"}],"version-history":[{"count":1,"href":"https:\/\/wp.kristdemokraterna.se\/svedala\/wp-json\/wp\/v2\/posts\/823\/revisions"}],"predecessor-version":[{"id":825,"href":"https:\/\/wp.kristdemokraterna.se\/svedala\/wp-json\/wp\/v2\/posts\/823\/revisions\/825"}],"wp:attachment":[{"href":"https:\/\/wp.kristdemokraterna.se\/svedala\/wp-json\/wp\/v2\/media?parent=823"}],"wp:term":[{"taxonomy":"category","embeddable":true,"href":"https:\/\/wp.kristdemokraterna.se\/svedala\/wp-json\/wp\/v2\/categories?post=823"},{"taxonomy":"post_tag","embeddable":true,"href":"https:\/\/wp.kristdemokraterna.se\/svedala\/wp-json\/wp\/v2\/tags?post=823"}],"curies":[{"name":"wp","href":"https:\/\/api.w.org\/{rel}","templated":true}]}}