{"id":842,"date":"2025-12-05T09:30:37","date_gmt":"2025-12-05T08:30:37","guid":{"rendered":"https:\/\/wp.kristdemokraterna.se\/svedala\/?p=842"},"modified":"2025-12-05T09:31:20","modified_gmt":"2025-12-05T08:31:20","slug":"subsidiaritet-lokal-kraft-lokal-riktning","status":"publish","type":"post","link":"https:\/\/wp.kristdemokraterna.se\/svedala\/subsidiaritet-lokal-kraft-lokal-riktning\/","title":{"rendered":"Subsidiaritet \u2013 lokal kraft, lokal riktning"},"content":{"rendered":"<p data-start=\"343\" data-end=\"635\">Subsidiaritetsprincipen utg\u00e5r fr\u00e5n en enkel id\u00e9: <strong>beslut blir b\u00e4st n\u00e4r de fattas n\u00e4ra m\u00e4nniskorna som ber\u00f6rs<\/strong>. Det \u00e4r en princip som st\u00e4rker lokaldemokratin, men ocks\u00e5 en p\u00e5minnelse om att Svedalas utveckling aldrig kan drivas enbart uppifr\u00e5n.<\/p>\n<p data-start=\"637\" data-end=\"1018\">I en spridd och v\u00e4xande kommun som Svedala inneb\u00e4r det att engagemang i <strong>alla delar av kommunen g\u00f6r skillnad<\/strong>. Varje ort har sina behov, sina styrkor och sina m\u00f6jligheter. Fr\u00e5gorna som \u00e4r viktiga i Bara kan skilja sig fr\u00e5n dem i Holmeja eller i Svedala t\u00e4tort, och just d\u00e4rf\u00f6r \u00e4r <strong>lokala r\u00f6ster avg\u00f6rande<\/strong>.<\/p>\n<p data-start=\"1020\" data-end=\"1367\">Subsidiaritet handlar ocks\u00e5 om n\u00e5got mer \u00e4n formella beslut. Det handlar om lyh\u00f6rdhet: att id\u00e9er, synpunkter och erfarenheter tas p\u00e5 allvar oavsett var i kommunen de kommer ifr\u00e5n. Ett engagerat Svedala v\u00e4xer inte fram genom en enda stor f\u00f6r\u00e4ndring, utan genom m\u00e5nga sm\u00e5 initiativ, n\u00e4r m\u00e4nniskor deltar, delar sina tankar och bidrar till helheten.<\/p>\n<p data-start=\"1369\" data-end=\"1652\">N\u00e4r fler \u00e4r delaktiga st\u00e4rks inte bara demokratin, utan ocks\u00e5 kvaliteten p\u00e5 de beslut som fattas. Genom att samla in perspektiv fr\u00e5n hela kommunen \u00f6kar f\u00f6rst\u00e5elsen f\u00f6r vilka l\u00f6sningar som fungerar i praktiken och vad som kr\u00e4vs f\u00f6r att skapa ett h\u00e5llbart och sammanh\u00e5llet Svedala.<\/p>\n<p data-start=\"1654\" data-end=\"1837\">Subsidiaritet \u00e4r inte en teknisk princip. Det \u00e4r ett <strong>s\u00e4tt att se p\u00e5 kommunen, <\/strong>d\u00e4r utvecklingen drivs av m\u00e4nniskor som bryr sig, engagerar sig och tar ansvar f\u00f6r framtiden d\u00e4r de bor.<\/p>\n<p data-start=\"1654\" data-end=\"1837\">V\u00e4lkommen att engagera dig!<\/p>\n<p data-start=\"1654\" data-end=\"1837\"><a href=\"https:\/\/wp.kristdemokraterna.se\/svedala\/om-oss\/kontakta-oss-2\/\">Kontakta oss<\/a><br \/>\n<a href=\"https:\/\/kristdemokraterna.se\/engagera-dig\/ansok-om-medlemskap-i-kristdemokraterna\">Bli medlem<\/a><\/p>\n","protected":false},"excerpt":{"rendered":"<p>Subsidiaritetsprincipen utg\u00e5r fr\u00e5n en enkel id\u00e9: beslut blir b\u00e4st n\u00e4r de fattas n\u00e4ra m\u00e4nniskorna som ber\u00f6rs. Det \u00e4r en princip som st\u00e4rker lokaldemokratin, men ocks\u00e5 en p\u00e5minnelse om att Svedalas utveckling aldrig kan drivas enbart uppifr\u00e5n. I en spridd och v\u00e4xande kommun som Svedala inneb\u00e4r det att engagemang i alla delar av kommunen g\u00f6r skillnad. <a class=\"read-more-link\" href=\"https:\/\/wp.kristdemokraterna.se\/svedala\/subsidiaritet-lokal-kraft-lokal-riktning\/\">L\u00e4s mer<\/a><\/p>\n","protected":false},"author":945,"featured_media":0,"comment_status":"closed","ping_status":"closed","sticky":false,"template":"","format":"standard","meta":{"_acf_changed":false,"footnotes":""},"categories":[47,40],"tags":[],"class_list":["post-842","post","type-post","status-publish","format-standard","hentry","category-delta-amp-paverka","category-demokrati"],"acf":[],"yoast_head":"<!-- This site is optimized with the Yoast SEO plugin v27.4 - https:\/\/yoast.com\/product\/yoast-seo-wordpress\/ -->\n<title>Subsidiaritet \u2013 lokal kraft, lokal riktning - Kristdemokraterna | Svedala<\/title>\n<meta name=\"description\" content=\"Var med och forma Svedalas framtid. L\u00e4s hur lokala beslut, engagemang och subsidiaritet st\u00e4rker demokratin, och varf\u00f6r din r\u00f6st beh\u00f6vs i utvecklingen av kommunen.\" \/>\n<meta name=\"robots\" content=\"index, follow, max-snippet:-1, max-image-preview:large, max-video-preview:-1\" \/>\n<link rel=\"canonical\" href=\"https:\/\/wp.kristdemokraterna.se\/svedala\/subsidiaritet-lokal-kraft-lokal-riktning\/\" \/>\n<meta property=\"og:locale\" content=\"sv_SE\" \/>\n<meta property=\"og:type\" content=\"article\" \/>\n<meta property=\"og:title\" content=\"Subsidiaritet \u2013 lokal kraft, lokal riktning - Kristdemokraterna | Svedala\" \/>\n<meta property=\"og:description\" content=\"Var med och forma Svedalas framtid. L\u00e4s hur lokala beslut, engagemang och subsidiaritet st\u00e4rker demokratin, och varf\u00f6r din r\u00f6st beh\u00f6vs i utvecklingen av kommunen.\" \/>\n<meta property=\"og:url\" content=\"https:\/\/wp.kristdemokraterna.se\/svedala\/subsidiaritet-lokal-kraft-lokal-riktning\/\" \/>\n<meta property=\"og:site_name\" content=\"Kristdemokraterna | Svedala\" \/>\n<meta property=\"article:author\" content=\"https:\/\/www.facebook.com\/KDSvedala\" \/>\n<meta property=\"article:published_time\" content=\"2025-12-05T08:30:37+00:00\" \/>\n<meta property=\"article:modified_time\" content=\"2025-12-05T08:31:20+00:00\" \/>\n<meta name=\"author\" content=\"svedala\" \/>\n<meta name=\"twitter:card\" content=\"summary_large_image\" \/>\n<meta name=\"twitter:label1\" content=\"Skriven av\" \/>\n\t<meta name=\"twitter:data1\" content=\"svedala\" \/>\n\t<meta name=\"twitter:label2\" content=\"Ber\u00e4knad l\u00e4stid\" \/>\n\t<meta name=\"twitter:data2\" content=\"2 minuter\" \/>\n<script type=\"application\/ld+json\" class=\"yoast-schema-graph\">{\"@context\":\"https:\\\/\\\/schema.org\",\"@graph\":[{\"@type\":\"Article\",\"@id\":\"https:\\\/\\\/wp.kristdemokraterna.se\\\/svedala\\\/subsidiaritet-lokal-kraft-lokal-riktning\\\/#article\",\"isPartOf\":{\"@id\":\"https:\\\/\\\/wp.kristdemokraterna.se\\\/svedala\\\/subsidiaritet-lokal-kraft-lokal-riktning\\\/\"},\"author\":{\"name\":\"svedala\",\"@id\":\"https:\\\/\\\/wp.kristdemokraterna.se\\\/svedala\\\/#\\\/schema\\\/person\\\/3d1398a59e3cee8910b9e54a7de0c3ee\"},\"headline\":\"Subsidiaritet \u2013 lokal kraft, lokal riktning\",\"datePublished\":\"2025-12-05T08:30:37+00:00\",\"dateModified\":\"2025-12-05T08:31:20+00:00\",\"mainEntityOfPage\":{\"@id\":\"https:\\\/\\\/wp.kristdemokraterna.se\\\/svedala\\\/subsidiaritet-lokal-kraft-lokal-riktning\\\/\"},\"wordCount\":281,\"articleSection\":[\"Delta &amp; p\u00e5verka\",\"Demokrati\"],\"inLanguage\":\"sv-SE\"},{\"@type\":\"WebPage\",\"@id\":\"https:\\\/\\\/wp.kristdemokraterna.se\\\/svedala\\\/subsidiaritet-lokal-kraft-lokal-riktning\\\/\",\"url\":\"https:\\\/\\\/wp.kristdemokraterna.se\\\/svedala\\\/subsidiaritet-lokal-kraft-lokal-riktning\\\/\",\"name\":\"Subsidiaritet \u2013 lokal kraft, lokal riktning - Kristdemokraterna | Svedala\",\"isPartOf\":{\"@id\":\"https:\\\/\\\/wp.kristdemokraterna.se\\\/svedala\\\/#website\"},\"datePublished\":\"2025-12-05T08:30:37+00:00\",\"dateModified\":\"2025-12-05T08:31:20+00:00\",\"author\":{\"@id\":\"https:\\\/\\\/wp.kristdemokraterna.se\\\/svedala\\\/#\\\/schema\\\/person\\\/3d1398a59e3cee8910b9e54a7de0c3ee\"},\"description\":\"Var med och forma Svedalas framtid. L\u00e4s hur lokala beslut, engagemang och subsidiaritet st\u00e4rker demokratin, och varf\u00f6r din r\u00f6st beh\u00f6vs i utvecklingen av kommunen.\",\"breadcrumb\":{\"@id\":\"https:\\\/\\\/wp.kristdemokraterna.se\\\/svedala\\\/subsidiaritet-lokal-kraft-lokal-riktning\\\/#breadcrumb\"},\"inLanguage\":\"sv-SE\",\"potentialAction\":[{\"@type\":\"ReadAction\",\"target\":[\"https:\\\/\\\/wp.kristdemokraterna.se\\\/svedala\\\/subsidiaritet-lokal-kraft-lokal-riktning\\\/\"]}]},{\"@type\":\"BreadcrumbList\",\"@id\":\"https:\\\/\\\/wp.kristdemokraterna.se\\\/svedala\\\/subsidiaritet-lokal-kraft-lokal-riktning\\\/#breadcrumb\",\"itemListElement\":[{\"@type\":\"ListItem\",\"position\":1,\"name\":\"Hem\",\"item\":\"https:\\\/\\\/wp.kristdemokraterna.se\\\/svedala\\\/\"},{\"@type\":\"ListItem\",\"position\":2,\"name\":\"Subsidiaritet \u2013 lokal kraft, lokal riktning\"}]},{\"@type\":\"WebSite\",\"@id\":\"https:\\\/\\\/wp.kristdemokraterna.se\\\/svedala\\\/#website\",\"url\":\"https:\\\/\\\/wp.kristdemokraterna.se\\\/svedala\\\/\",\"name\":\"Kristdemokraterna | Svedala\",\"description\":\"Ett Svedala d\u00e4r n\u00e4rhet, ansvar och omtanke f\u00e5r styra \u2013 inte storskalighet och centralisering\",\"inLanguage\":\"sv-SE\"},{\"@type\":\"Person\",\"@id\":\"https:\\\/\\\/wp.kristdemokraterna.se\\\/svedala\\\/#\\\/schema\\\/person\\\/3d1398a59e3cee8910b9e54a7de0c3ee\",\"name\":\"svedala\",\"image\":{\"@type\":\"ImageObject\",\"inLanguage\":\"sv-SE\",\"@id\":\"https:\\\/\\\/secure.gravatar.com\\\/avatar\\\/1b94617fcb6329bca9e3557b768050901f95da08c3f160db21ccd75d493c45b0?s=96&d=mm&r=g\",\"url\":\"https:\\\/\\\/secure.gravatar.com\\\/avatar\\\/1b94617fcb6329bca9e3557b768050901f95da08c3f160db21ccd75d493c45b0?s=96&d=mm&r=g\",\"contentUrl\":\"https:\\\/\\\/secure.gravatar.com\\\/avatar\\\/1b94617fcb6329bca9e3557b768050901f95da08c3f160db21ccd75d493c45b0?s=96&d=mm&r=g\",\"caption\":\"svedala\"},\"sameAs\":[\"http:\\\/\\\/www.kristdemokraterna.se\\\/svedala\",\"https:\\\/\\\/www.facebook.com\\\/KDSvedala\",\"https:\\\/\\\/www.instagram.com\\\/kd.svedala\\\/\"],\"url\":\"https:\\\/\\\/wp.kristdemokraterna.se\\\/svedala\\\/author\\\/svedala\\\/\"}]}<\/script>\n<!-- \/ Yoast SEO plugin. -->","yoast_head_json":{"title":"Subsidiaritet \u2013 lokal kraft, lokal riktning - Kristdemokraterna | Svedala","description":"Var med och forma Svedalas framtid. L\u00e4s hur lokala beslut, engagemang och subsidiaritet st\u00e4rker demokratin, och varf\u00f6r din r\u00f6st beh\u00f6vs i utvecklingen av kommunen.","robots":{"index":"index","follow":"follow","max-snippet":"max-snippet:-1","max-image-preview":"max-image-preview:large","max-video-preview":"max-video-preview:-1"},"canonical":"https:\/\/wp.kristdemokraterna.se\/svedala\/subsidiaritet-lokal-kraft-lokal-riktning\/","og_locale":"sv_SE","og_type":"article","og_title":"Subsidiaritet \u2013 lokal kraft, lokal riktning - Kristdemokraterna | Svedala","og_description":"Var med och forma Svedalas framtid. L\u00e4s hur lokala beslut, engagemang och subsidiaritet st\u00e4rker demokratin, och varf\u00f6r din r\u00f6st beh\u00f6vs i utvecklingen av kommunen.","og_url":"https:\/\/wp.kristdemokraterna.se\/svedala\/subsidiaritet-lokal-kraft-lokal-riktning\/","og_site_name":"Kristdemokraterna | Svedala","article_author":"https:\/\/www.facebook.com\/KDSvedala","article_published_time":"2025-12-05T08:30:37+00:00","article_modified_time":"2025-12-05T08:31:20+00:00","author":"svedala","twitter_card":"summary_large_image","twitter_misc":{"Skriven av":"svedala","Ber\u00e4knad l\u00e4stid":"2 minuter"},"schema":{"@context":"https:\/\/schema.org","@graph":[{"@type":"Article","@id":"https:\/\/wp.kristdemokraterna.se\/svedala\/subsidiaritet-lokal-kraft-lokal-riktning\/#article","isPartOf":{"@id":"https:\/\/wp.kristdemokraterna.se\/svedala\/subsidiaritet-lokal-kraft-lokal-riktning\/"},"author":{"name":"svedala","@id":"https:\/\/wp.kristdemokraterna.se\/svedala\/#\/schema\/person\/3d1398a59e3cee8910b9e54a7de0c3ee"},"headline":"Subsidiaritet \u2013 lokal kraft, lokal riktning","datePublished":"2025-12-05T08:30:37+00:00","dateModified":"2025-12-05T08:31:20+00:00","mainEntityOfPage":{"@id":"https:\/\/wp.kristdemokraterna.se\/svedala\/subsidiaritet-lokal-kraft-lokal-riktning\/"},"wordCount":281,"articleSection":["Delta &amp; p\u00e5verka","Demokrati"],"inLanguage":"sv-SE"},{"@type":"WebPage","@id":"https:\/\/wp.kristdemokraterna.se\/svedala\/subsidiaritet-lokal-kraft-lokal-riktning\/","url":"https:\/\/wp.kristdemokraterna.se\/svedala\/subsidiaritet-lokal-kraft-lokal-riktning\/","name":"Subsidiaritet \u2013 lokal kraft, lokal riktning - Kristdemokraterna | Svedala","isPartOf":{"@id":"https:\/\/wp.kristdemokraterna.se\/svedala\/#website"},"datePublished":"2025-12-05T08:30:37+00:00","dateModified":"2025-12-05T08:31:20+00:00","author":{"@id":"https:\/\/wp.kristdemokraterna.se\/svedala\/#\/schema\/person\/3d1398a59e3cee8910b9e54a7de0c3ee"},"description":"Var med och forma Svedalas framtid. L\u00e4s hur lokala beslut, engagemang och subsidiaritet st\u00e4rker demokratin, och varf\u00f6r din r\u00f6st beh\u00f6vs i utvecklingen av kommunen.","breadcrumb":{"@id":"https:\/\/wp.kristdemokraterna.se\/svedala\/subsidiaritet-lokal-kraft-lokal-riktning\/#breadcrumb"},"inLanguage":"sv-SE","potentialAction":[{"@type":"ReadAction","target":["https:\/\/wp.kristdemokraterna.se\/svedala\/subsidiaritet-lokal-kraft-lokal-riktning\/"]}]},{"@type":"BreadcrumbList","@id":"https:\/\/wp.kristdemokraterna.se\/svedala\/subsidiaritet-lokal-kraft-lokal-riktning\/#breadcrumb","itemListElement":[{"@type":"ListItem","position":1,"name":"Hem","item":"https:\/\/wp.kristdemokraterna.se\/svedala\/"},{"@type":"ListItem","position":2,"name":"Subsidiaritet \u2013 lokal kraft, lokal riktning"}]},{"@type":"WebSite","@id":"https:\/\/wp.kristdemokraterna.se\/svedala\/#website","url":"https:\/\/wp.kristdemokraterna.se\/svedala\/","name":"Kristdemokraterna | Svedala","description":"Ett Svedala d\u00e4r n\u00e4rhet, ansvar och omtanke f\u00e5r styra \u2013 inte storskalighet och centralisering","inLanguage":"sv-SE"},{"@type":"Person","@id":"https:\/\/wp.kristdemokraterna.se\/svedala\/#\/schema\/person\/3d1398a59e3cee8910b9e54a7de0c3ee","name":"svedala","image":{"@type":"ImageObject","inLanguage":"sv-SE","@id":"https:\/\/secure.gravatar.com\/avatar\/1b94617fcb6329bca9e3557b768050901f95da08c3f160db21ccd75d493c45b0?s=96&d=mm&r=g","url":"https:\/\/secure.gravatar.com\/avatar\/1b94617fcb6329bca9e3557b768050901f95da08c3f160db21ccd75d493c45b0?s=96&d=mm&r=g","contentUrl":"https:\/\/secure.gravatar.com\/avatar\/1b94617fcb6329bca9e3557b768050901f95da08c3f160db21ccd75d493c45b0?s=96&d=mm&r=g","caption":"svedala"},"sameAs":["http:\/\/www.kristdemokraterna.se\/svedala","https:\/\/www.facebook.com\/KDSvedala","https:\/\/www.instagram.com\/kd.svedala\/"],"url":"https:\/\/wp.kristdemokraterna.se\/svedala\/author\/svedala\/"}]}},"_links":{"self":[{"href":"https:\/\/wp.kristdemokraterna.se\/svedala\/wp-json\/wp\/v2\/posts\/842","targetHints":{"allow":["GET"]}}],"collection":[{"href":"https:\/\/wp.kristdemokraterna.se\/svedala\/wp-json\/wp\/v2\/posts"}],"about":[{"href":"https:\/\/wp.kristdemokraterna.se\/svedala\/wp-json\/wp\/v2\/types\/post"}],"author":[{"embeddable":true,"href":"https:\/\/wp.kristdemokraterna.se\/svedala\/wp-json\/wp\/v2\/users\/945"}],"replies":[{"embeddable":true,"href":"https:\/\/wp.kristdemokraterna.se\/svedala\/wp-json\/wp\/v2\/comments?post=842"}],"version-history":[{"count":1,"href":"https:\/\/wp.kristdemokraterna.se\/svedala\/wp-json\/wp\/v2\/posts\/842\/revisions"}],"predecessor-version":[{"id":844,"href":"https:\/\/wp.kristdemokraterna.se\/svedala\/wp-json\/wp\/v2\/posts\/842\/revisions\/844"}],"wp:attachment":[{"href":"https:\/\/wp.kristdemokraterna.se\/svedala\/wp-json\/wp\/v2\/media?parent=842"}],"wp:term":[{"taxonomy":"category","embeddable":true,"href":"https:\/\/wp.kristdemokraterna.se\/svedala\/wp-json\/wp\/v2\/categories?post=842"},{"taxonomy":"post_tag","embeddable":true,"href":"https:\/\/wp.kristdemokraterna.se\/svedala\/wp-json\/wp\/v2\/tags?post=842"}],"curies":[{"name":"wp","href":"https:\/\/api.w.org\/{rel}","templated":true}]}}