{"id":896,"date":"2026-01-28T13:42:10","date_gmt":"2026-01-28T12:42:10","guid":{"rendered":"https:\/\/wp.kristdemokraterna.se\/svedala\/?p=896"},"modified":"2026-01-28T18:17:43","modified_gmt":"2026-01-28T17:17:43","slug":"regelforenkling-for-smaforetag","status":"publish","type":"post","link":"https:\/\/wp.kristdemokraterna.se\/svedala\/regelforenkling-for-smaforetag\/","title":{"rendered":"Regelf\u00f6renkling f\u00f6r sm\u00e5f\u00f6retag"},"content":{"rendered":"<p>Sm\u00e5 och medelstora f\u00f6retag \u00e4r en central del av svensk ekonomi. De bidrar till syssels\u00e4ttning, lokal service och regional utveckling. Samtidigt upplever m\u00e5nga sm\u00e5f\u00f6retagare att regelverk, rapporteringskrav och administration tar en allt st\u00f6rre del av deras tid och resurser.<\/p>\n<p>KD arbetar med regelf\u00f6renkling som en prioriterad fr\u00e5ga, b\u00e5de p\u00e5 EU-niv\u00e5 och nationellt, med m\u00e5let att skapa mer proportionerliga och f\u00f6ruts\u00e4gbara villkor f\u00f6r sm\u00e5f\u00f6retag.<\/p>\n<h2>Sm\u00e5f\u00f6retagens vardag<\/h2>\n<p>F\u00f6r mindre f\u00f6retag inneb\u00e4r \u00f6kande regelkrav ofta att mer tid tas i anspr\u00e5k av administrativ b\u00f6rda och att kostnaderna f\u00f6r regelefterlevnad \u00f6kar. Detta leder ofta till behov av extern r\u00e5dgivning f\u00f6r att tolka och f\u00f6lja komplexa regelverk, vilket sammantaget inneb\u00e4r att b\u00e5de tid och resurser i mindre utstr\u00e4ckning kan l\u00e4ggas p\u00e5 investeringar, innovation och nyanst\u00e4llningar.<\/p>\n<p>KD utg\u00e5r i sitt arbete fr\u00e5n sm\u00e5f\u00f6retagens praktiska f\u00f6ruts\u00e4ttningar och behov av enkla, tydliga och stabila regelverk.<\/p>\n<h2>Inriktning p\u00e5 regelf\u00f6renkling<\/h2>\n<p>En stor del av de regelverk som p\u00e5verkar sm\u00e5f\u00f6retag beslutas eller formas p\u00e5 EU-niv\u00e5 och f\u00e5r d\u00e4refter genomslag i svensk lagstiftning. KD arbetar d\u00e4rf\u00f6r aktivt f\u00f6r regelf\u00f6renkling redan i EU:s lagstiftningsprocess, f\u00f6r att minska den administrativa b\u00f6rdan innan regler blir nationella krav.<\/p>\n<p>KD driver en linje som syftar till att:<\/p>\n<ul data-spread=\"false\">\n<li>Minska on\u00f6dig detaljreglering<\/li>\n<li>F\u00f6renkla tillst\u00e5nds- och rapporteringskrav<\/li>\n<li>S\u00e4kerst\u00e4lla att nya regler \u00e4r proportionerliga<\/li>\n<li>Begr\u00e4nsa administrativa b\u00f6rdor f\u00f6r sm\u00e5 och medelstora f\u00f6retag<\/li>\n<\/ul>\n<p>Ett centralt perspektiv \u00e4r att nya krav ska v\u00e4gas mot deras faktiska konsekvenser f\u00f6r f\u00f6retagens vardag.<\/p>\n<h2>Proportionerliga krav<\/h2>\n<p>Regler som \u00e4r rimliga f\u00f6r stora organisationer kan vara betungande f\u00f6r sm\u00e5 f\u00f6retag. KD verkar d\u00e4rf\u00f6r f\u00f6r att regelverk i st\u00f6rre utstr\u00e4ckning ska anpassas efter f\u00f6retagens storlek, resurser och verksamhetens karakt\u00e4r. Detta inneb\u00e4r ett \u00f6kat fokus p\u00e5 f\u00f6renklade processer f\u00f6r mindre f\u00f6retag, minskad rapporteringsb\u00f6rda samt tydligare och mer tillg\u00e4nglig v\u00e4gledning fr\u00e5n myndigheter.<\/p>\n<h2>Betydelse f\u00f6r lokal utveckling<\/h2>\n<p>N\u00e4r sm\u00e5f\u00f6retag f\u00e5r b\u00e4ttre f\u00f6ruts\u00e4ttningar att l\u00e4gga mindre tid p\u00e5 administration och mer p\u00e5 verksamhet, st\u00e4rks ocks\u00e5 den lokala ekonomin. Det bidrar till fler arbetstillf\u00e4llen, b\u00e4ttre service och ett mer livskraftigt n\u00e4ringsliv i hela landet.<\/p>\n<h2>Sammanfattning<\/h2>\n<p>Eftersom m\u00e5nga krav har sitt ursprung i EU \u00e4r det avg\u00f6rande att regelf\u00f6renkling drivs tidigt i den europeiska beslutsprocessen. KD:s arbete syftar till att p\u00e5verka regelverk p\u00e5 EU-niv\u00e5 och nationellt, s\u00e5 att sm\u00e5f\u00f6retag f\u00e5r mer \u00e4ndam\u00e5lsenliga, proportionerliga och f\u00f6ruts\u00e4gbara villkor.<\/p>\n<p>KD:s arbete med regelf\u00f6renkling syftar till att skapa mer \u00e4ndam\u00e5lsenliga, proportionerliga och f\u00f6ruts\u00e4gbara villkor f\u00f6r sm\u00e5f\u00f6retag. M\u00e5let \u00e4r att minska on\u00f6dig administration och ge f\u00f6retag b\u00e4ttre m\u00f6jligheter att fokusera p\u00e5 sin k\u00e4rnverksamhet, utveckling och tillv\u00e4xt.<\/p>\n","protected":false},"excerpt":{"rendered":"<p>Sm\u00e5 och medelstora f\u00f6retag \u00e4r en central del av svensk ekonomi. De bidrar till syssels\u00e4ttning, lokal service och regional utveckling. Samtidigt upplever m\u00e5nga sm\u00e5f\u00f6retagare att regelverk, rapporteringskrav och administration tar en allt st\u00f6rre del av deras tid och resurser. KD arbetar med regelf\u00f6renkling som en prioriterad fr\u00e5ga, b\u00e5de p\u00e5 EU-niv\u00e5 och nationellt, med m\u00e5let att <a class=\"read-more-link\" href=\"https:\/\/wp.kristdemokraterna.se\/svedala\/regelforenkling-for-smaforetag\/\">L\u00e4s mer<\/a><\/p>\n","protected":false},"author":945,"featured_media":0,"comment_status":"closed","ping_status":"closed","sticky":false,"template":"","format":"standard","meta":{"_acf_changed":false,"footnotes":""},"categories":[55],"tags":[],"class_list":["post-896","post","type-post","status-publish","format-standard","hentry","category-foretagare"],"acf":[],"yoast_head":"<!-- This site is optimized with the Yoast SEO plugin v27.4 - https:\/\/yoast.com\/product\/yoast-seo-wordpress\/ -->\n<title>Regelf\u00f6renkling f\u00f6r sm\u00e5f\u00f6retag - Kristdemokraterna | Svedala<\/title>\n<meta name=\"robots\" content=\"index, follow, max-snippet:-1, max-image-preview:large, max-video-preview:-1\" \/>\n<link rel=\"canonical\" href=\"https:\/\/wp.kristdemokraterna.se\/svedala\/regelforenkling-for-smaforetag\/\" \/>\n<meta property=\"og:locale\" content=\"sv_SE\" \/>\n<meta property=\"og:type\" content=\"article\" \/>\n<meta property=\"og:title\" content=\"Regelf\u00f6renkling f\u00f6r sm\u00e5f\u00f6retag - Kristdemokraterna | Svedala\" \/>\n<meta property=\"og:description\" content=\"Sm\u00e5 och medelstora f\u00f6retag \u00e4r en central del av svensk ekonomi. De bidrar till syssels\u00e4ttning, lokal service och regional utveckling. Samtidigt upplever m\u00e5nga sm\u00e5f\u00f6retagare att regelverk, rapporteringskrav och administration tar en allt st\u00f6rre del av deras tid och resurser. KD arbetar med regelf\u00f6renkling som en prioriterad fr\u00e5ga, b\u00e5de p\u00e5 EU-niv\u00e5 och nationellt, med m\u00e5let att L\u00e4s mer\" \/>\n<meta property=\"og:url\" content=\"https:\/\/wp.kristdemokraterna.se\/svedala\/regelforenkling-for-smaforetag\/\" \/>\n<meta property=\"og:site_name\" content=\"Kristdemokraterna | Svedala\" \/>\n<meta property=\"article:author\" content=\"https:\/\/www.facebook.com\/KDSvedala\" \/>\n<meta property=\"article:published_time\" content=\"2026-01-28T12:42:10+00:00\" \/>\n<meta property=\"article:modified_time\" content=\"2026-01-28T17:17:43+00:00\" \/>\n<meta name=\"author\" content=\"svedala\" \/>\n<meta name=\"twitter:card\" content=\"summary_large_image\" \/>\n<meta name=\"twitter:label1\" content=\"Skriven av\" \/>\n\t<meta name=\"twitter:data1\" content=\"svedala\" \/>\n\t<meta name=\"twitter:label2\" content=\"Ber\u00e4knad l\u00e4stid\" \/>\n\t<meta name=\"twitter:data2\" content=\"2 minuter\" \/>\n<script type=\"application\/ld+json\" class=\"yoast-schema-graph\">{\"@context\":\"https:\\\/\\\/schema.org\",\"@graph\":[{\"@type\":\"Article\",\"@id\":\"https:\\\/\\\/wp.kristdemokraterna.se\\\/svedala\\\/regelforenkling-for-smaforetag\\\/#article\",\"isPartOf\":{\"@id\":\"https:\\\/\\\/wp.kristdemokraterna.se\\\/svedala\\\/regelforenkling-for-smaforetag\\\/\"},\"author\":{\"name\":\"svedala\",\"@id\":\"https:\\\/\\\/wp.kristdemokraterna.se\\\/svedala\\\/#\\\/schema\\\/person\\\/3d1398a59e3cee8910b9e54a7de0c3ee\"},\"headline\":\"Regelf\u00f6renkling f\u00f6r sm\u00e5f\u00f6retag\",\"datePublished\":\"2026-01-28T12:42:10+00:00\",\"dateModified\":\"2026-01-28T17:17:43+00:00\",\"mainEntityOfPage\":{\"@id\":\"https:\\\/\\\/wp.kristdemokraterna.se\\\/svedala\\\/regelforenkling-for-smaforetag\\\/\"},\"wordCount\":522,\"articleSection\":[\"F\u00f6retagare\"],\"inLanguage\":\"sv-SE\"},{\"@type\":\"WebPage\",\"@id\":\"https:\\\/\\\/wp.kristdemokraterna.se\\\/svedala\\\/regelforenkling-for-smaforetag\\\/\",\"url\":\"https:\\\/\\\/wp.kristdemokraterna.se\\\/svedala\\\/regelforenkling-for-smaforetag\\\/\",\"name\":\"Regelf\u00f6renkling f\u00f6r sm\u00e5f\u00f6retag - Kristdemokraterna | Svedala\",\"isPartOf\":{\"@id\":\"https:\\\/\\\/wp.kristdemokraterna.se\\\/svedala\\\/#website\"},\"datePublished\":\"2026-01-28T12:42:10+00:00\",\"dateModified\":\"2026-01-28T17:17:43+00:00\",\"author\":{\"@id\":\"https:\\\/\\\/wp.kristdemokraterna.se\\\/svedala\\\/#\\\/schema\\\/person\\\/3d1398a59e3cee8910b9e54a7de0c3ee\"},\"breadcrumb\":{\"@id\":\"https:\\\/\\\/wp.kristdemokraterna.se\\\/svedala\\\/regelforenkling-for-smaforetag\\\/#breadcrumb\"},\"inLanguage\":\"sv-SE\",\"potentialAction\":[{\"@type\":\"ReadAction\",\"target\":[\"https:\\\/\\\/wp.kristdemokraterna.se\\\/svedala\\\/regelforenkling-for-smaforetag\\\/\"]}]},{\"@type\":\"BreadcrumbList\",\"@id\":\"https:\\\/\\\/wp.kristdemokraterna.se\\\/svedala\\\/regelforenkling-for-smaforetag\\\/#breadcrumb\",\"itemListElement\":[{\"@type\":\"ListItem\",\"position\":1,\"name\":\"Hem\",\"item\":\"https:\\\/\\\/wp.kristdemokraterna.se\\\/svedala\\\/\"},{\"@type\":\"ListItem\",\"position\":2,\"name\":\"Regelf\u00f6renkling f\u00f6r sm\u00e5f\u00f6retag\"}]},{\"@type\":\"WebSite\",\"@id\":\"https:\\\/\\\/wp.kristdemokraterna.se\\\/svedala\\\/#website\",\"url\":\"https:\\\/\\\/wp.kristdemokraterna.se\\\/svedala\\\/\",\"name\":\"Kristdemokraterna | Svedala\",\"description\":\"Ett Svedala d\u00e4r n\u00e4rhet, ansvar och omtanke f\u00e5r styra \u2013 inte storskalighet och centralisering\",\"inLanguage\":\"sv-SE\"},{\"@type\":\"Person\",\"@id\":\"https:\\\/\\\/wp.kristdemokraterna.se\\\/svedala\\\/#\\\/schema\\\/person\\\/3d1398a59e3cee8910b9e54a7de0c3ee\",\"name\":\"svedala\",\"image\":{\"@type\":\"ImageObject\",\"inLanguage\":\"sv-SE\",\"@id\":\"https:\\\/\\\/secure.gravatar.com\\\/avatar\\\/1b94617fcb6329bca9e3557b768050901f95da08c3f160db21ccd75d493c45b0?s=96&d=mm&r=g\",\"url\":\"https:\\\/\\\/secure.gravatar.com\\\/avatar\\\/1b94617fcb6329bca9e3557b768050901f95da08c3f160db21ccd75d493c45b0?s=96&d=mm&r=g\",\"contentUrl\":\"https:\\\/\\\/secure.gravatar.com\\\/avatar\\\/1b94617fcb6329bca9e3557b768050901f95da08c3f160db21ccd75d493c45b0?s=96&d=mm&r=g\",\"caption\":\"svedala\"},\"sameAs\":[\"http:\\\/\\\/www.kristdemokraterna.se\\\/svedala\",\"https:\\\/\\\/www.facebook.com\\\/KDSvedala\",\"https:\\\/\\\/www.instagram.com\\\/kd.svedala\\\/\"],\"url\":\"https:\\\/\\\/wp.kristdemokraterna.se\\\/svedala\\\/author\\\/svedala\\\/\"}]}<\/script>\n<!-- \/ Yoast SEO plugin. -->","yoast_head_json":{"title":"Regelf\u00f6renkling f\u00f6r sm\u00e5f\u00f6retag - Kristdemokraterna | Svedala","robots":{"index":"index","follow":"follow","max-snippet":"max-snippet:-1","max-image-preview":"max-image-preview:large","max-video-preview":"max-video-preview:-1"},"canonical":"https:\/\/wp.kristdemokraterna.se\/svedala\/regelforenkling-for-smaforetag\/","og_locale":"sv_SE","og_type":"article","og_title":"Regelf\u00f6renkling f\u00f6r sm\u00e5f\u00f6retag - Kristdemokraterna | Svedala","og_description":"Sm\u00e5 och medelstora f\u00f6retag \u00e4r en central del av svensk ekonomi. De bidrar till syssels\u00e4ttning, lokal service och regional utveckling. Samtidigt upplever m\u00e5nga sm\u00e5f\u00f6retagare att regelverk, rapporteringskrav och administration tar en allt st\u00f6rre del av deras tid och resurser. KD arbetar med regelf\u00f6renkling som en prioriterad fr\u00e5ga, b\u00e5de p\u00e5 EU-niv\u00e5 och nationellt, med m\u00e5let att L\u00e4s mer","og_url":"https:\/\/wp.kristdemokraterna.se\/svedala\/regelforenkling-for-smaforetag\/","og_site_name":"Kristdemokraterna | Svedala","article_author":"https:\/\/www.facebook.com\/KDSvedala","article_published_time":"2026-01-28T12:42:10+00:00","article_modified_time":"2026-01-28T17:17:43+00:00","author":"svedala","twitter_card":"summary_large_image","twitter_misc":{"Skriven av":"svedala","Ber\u00e4knad l\u00e4stid":"2 minuter"},"schema":{"@context":"https:\/\/schema.org","@graph":[{"@type":"Article","@id":"https:\/\/wp.kristdemokraterna.se\/svedala\/regelforenkling-for-smaforetag\/#article","isPartOf":{"@id":"https:\/\/wp.kristdemokraterna.se\/svedala\/regelforenkling-for-smaforetag\/"},"author":{"name":"svedala","@id":"https:\/\/wp.kristdemokraterna.se\/svedala\/#\/schema\/person\/3d1398a59e3cee8910b9e54a7de0c3ee"},"headline":"Regelf\u00f6renkling f\u00f6r sm\u00e5f\u00f6retag","datePublished":"2026-01-28T12:42:10+00:00","dateModified":"2026-01-28T17:17:43+00:00","mainEntityOfPage":{"@id":"https:\/\/wp.kristdemokraterna.se\/svedala\/regelforenkling-for-smaforetag\/"},"wordCount":522,"articleSection":["F\u00f6retagare"],"inLanguage":"sv-SE"},{"@type":"WebPage","@id":"https:\/\/wp.kristdemokraterna.se\/svedala\/regelforenkling-for-smaforetag\/","url":"https:\/\/wp.kristdemokraterna.se\/svedala\/regelforenkling-for-smaforetag\/","name":"Regelf\u00f6renkling f\u00f6r sm\u00e5f\u00f6retag - Kristdemokraterna | Svedala","isPartOf":{"@id":"https:\/\/wp.kristdemokraterna.se\/svedala\/#website"},"datePublished":"2026-01-28T12:42:10+00:00","dateModified":"2026-01-28T17:17:43+00:00","author":{"@id":"https:\/\/wp.kristdemokraterna.se\/svedala\/#\/schema\/person\/3d1398a59e3cee8910b9e54a7de0c3ee"},"breadcrumb":{"@id":"https:\/\/wp.kristdemokraterna.se\/svedala\/regelforenkling-for-smaforetag\/#breadcrumb"},"inLanguage":"sv-SE","potentialAction":[{"@type":"ReadAction","target":["https:\/\/wp.kristdemokraterna.se\/svedala\/regelforenkling-for-smaforetag\/"]}]},{"@type":"BreadcrumbList","@id":"https:\/\/wp.kristdemokraterna.se\/svedala\/regelforenkling-for-smaforetag\/#breadcrumb","itemListElement":[{"@type":"ListItem","position":1,"name":"Hem","item":"https:\/\/wp.kristdemokraterna.se\/svedala\/"},{"@type":"ListItem","position":2,"name":"Regelf\u00f6renkling f\u00f6r sm\u00e5f\u00f6retag"}]},{"@type":"WebSite","@id":"https:\/\/wp.kristdemokraterna.se\/svedala\/#website","url":"https:\/\/wp.kristdemokraterna.se\/svedala\/","name":"Kristdemokraterna | Svedala","description":"Ett Svedala d\u00e4r n\u00e4rhet, ansvar och omtanke f\u00e5r styra \u2013 inte storskalighet och centralisering","inLanguage":"sv-SE"},{"@type":"Person","@id":"https:\/\/wp.kristdemokraterna.se\/svedala\/#\/schema\/person\/3d1398a59e3cee8910b9e54a7de0c3ee","name":"svedala","image":{"@type":"ImageObject","inLanguage":"sv-SE","@id":"https:\/\/secure.gravatar.com\/avatar\/1b94617fcb6329bca9e3557b768050901f95da08c3f160db21ccd75d493c45b0?s=96&d=mm&r=g","url":"https:\/\/secure.gravatar.com\/avatar\/1b94617fcb6329bca9e3557b768050901f95da08c3f160db21ccd75d493c45b0?s=96&d=mm&r=g","contentUrl":"https:\/\/secure.gravatar.com\/avatar\/1b94617fcb6329bca9e3557b768050901f95da08c3f160db21ccd75d493c45b0?s=96&d=mm&r=g","caption":"svedala"},"sameAs":["http:\/\/www.kristdemokraterna.se\/svedala","https:\/\/www.facebook.com\/KDSvedala","https:\/\/www.instagram.com\/kd.svedala\/"],"url":"https:\/\/wp.kristdemokraterna.se\/svedala\/author\/svedala\/"}]}},"_links":{"self":[{"href":"https:\/\/wp.kristdemokraterna.se\/svedala\/wp-json\/wp\/v2\/posts\/896","targetHints":{"allow":["GET"]}}],"collection":[{"href":"https:\/\/wp.kristdemokraterna.se\/svedala\/wp-json\/wp\/v2\/posts"}],"about":[{"href":"https:\/\/wp.kristdemokraterna.se\/svedala\/wp-json\/wp\/v2\/types\/post"}],"author":[{"embeddable":true,"href":"https:\/\/wp.kristdemokraterna.se\/svedala\/wp-json\/wp\/v2\/users\/945"}],"replies":[{"embeddable":true,"href":"https:\/\/wp.kristdemokraterna.se\/svedala\/wp-json\/wp\/v2\/comments?post=896"}],"version-history":[{"count":1,"href":"https:\/\/wp.kristdemokraterna.se\/svedala\/wp-json\/wp\/v2\/posts\/896\/revisions"}],"predecessor-version":[{"id":898,"href":"https:\/\/wp.kristdemokraterna.se\/svedala\/wp-json\/wp\/v2\/posts\/896\/revisions\/898"}],"wp:attachment":[{"href":"https:\/\/wp.kristdemokraterna.se\/svedala\/wp-json\/wp\/v2\/media?parent=896"}],"wp:term":[{"taxonomy":"category","embeddable":true,"href":"https:\/\/wp.kristdemokraterna.se\/svedala\/wp-json\/wp\/v2\/categories?post=896"},{"taxonomy":"post_tag","embeddable":true,"href":"https:\/\/wp.kristdemokraterna.se\/svedala\/wp-json\/wp\/v2\/tags?post=896"}],"curies":[{"name":"wp","href":"https:\/\/api.w.org\/{rel}","templated":true}]}}