{"id":907,"date":"2026-02-12T14:46:03","date_gmt":"2026-02-12T13:46:03","guid":{"rendered":"https:\/\/wp.kristdemokraterna.se\/svedala\/?p=907"},"modified":"2026-02-12T14:46:03","modified_gmt":"2026-02-12T13:46:03","slug":"kommunfullmaktige-i-svedala-har-fattat-tva-avgorande-beslut-for-framtiden","status":"publish","type":"post","link":"https:\/\/wp.kristdemokraterna.se\/svedala\/kommunfullmaktige-i-svedala-har-fattat-tva-avgorande-beslut-for-framtiden\/","title":{"rendered":"Kommunfullm\u00e4ktige i Svedala har fattat tv\u00e5 avg\u00f6rande beslut f\u00f6r framtiden"},"content":{"rendered":"<p data-start=\"219\" data-end=\"518\">Den 11 februari 2026 fattade kommunfullm\u00e4ktige i Svedala tv\u00e5 avg\u00f6rande beslut. Det ena r\u00f6rde r\u00e4ddningstj\u00e4nstens framtida organisation, d\u00e4r fullm\u00e4ktige beslutade att ing\u00e5 f\u00f6reslaget intr\u00e4desavtal med <span class=\"hover:entity-accent entity-underline inline cursor-pointer align-baseline\"><span class=\"whitespace-normal\">R\u00e4ddningstj\u00e4nsten Syd<\/span><\/span>. Det andra g\u00e4llde nybyggnation av ett badhus i Svedala t\u00e4tort.<\/p>\n<p data-start=\"520\" data-end=\"656\">Tv\u00e5 beslut. Tv\u00e5 olika fr\u00e5gor. Men b\u00e5da handlar ytterst om vilket Svedala vi vill bygga, och hur vi tar ansvar f\u00f6r kommunen l\u00e5ngsiktigt.<\/p>\n<p data-start=\"711\" data-end=\"818\"><strong>Vi var det enda partiet som r\u00f6stade f\u00f6r egen regi av r\u00e4ddningstj\u00e4nsten \u2013 och f\u00f6r byggnation av nytt badhus.<\/strong><\/p>\n<h3 data-start=\"820\" data-end=\"870\">R\u00e4ddningstj\u00e4nsten \u2013 vi st\u00e5r fast vid egen regi<\/h3>\n<p data-start=\"872\" data-end=\"955\">Vi st\u00e5r fast vid att r\u00e4ddningstj\u00e4nsten i Svedala ska bedrivas i kommunal egen regi.<\/p>\n<ul>\n<li data-start=\"957\" data-end=\"1197\">Det har inte presenterats n\u00e5gon ny lagstiftning som kr\u00e4ver f\u00f6r\u00e4ndring.<\/li>\n<li data-start=\"957\" data-end=\"1197\">Det finns ett tydligt folkmandat genom folkomr\u00f6stningen 2025.<\/li>\n<li data-start=\"957\" data-end=\"1197\">Vi anser att n\u00e4rhet, lokalk\u00e4nnedom och kontroll \u00e4r avg\u00f6rande i en s\u00e5 central samh\u00e4llsfunktion.<\/li>\n<\/ul>\n<p data-start=\"1199\" data-end=\"1287\">F\u00f6r oss handlar detta om subsidaritet och om l\u00e5ngsiktigt ansvarstagande.<\/p>\n<h3 data-start=\"1294\" data-end=\"1349\">Badhus &#8211; en investering i gemenskap och folkh\u00e4lsa<\/h3>\n<p data-start=\"1351\" data-end=\"1443\">Samma kv\u00e4ll fattades ocks\u00e5 beslutet som m\u00e5nga v\u00e4ntat p\u00e5 \u2013 Svedala ska bygga ett nytt badhus.<\/p>\n<p data-start=\"1445\" data-end=\"1494\">Projektet g\u00e5r nu in i n\u00e4sta fas med arbete kring:<\/p>\n<ul>\n<li data-start=\"1498\" data-end=\"1510\">Detaljplan<\/li>\n<li data-start=\"1498\" data-end=\"1510\">Infrastruktur<\/li>\n<li data-start=\"1498\" data-end=\"1510\">Upphandling<\/li>\n<\/ul>\n<p data-start=\"1546\" data-end=\"1719\">Ett nytt badhus \u00e4r en investering i simkunnighet, folkh\u00e4lsa, f\u00f6reningsliv och gemenskap. Det st\u00e4rker Svedala som kommun och skapar m\u00f6jligheter alla Svedalas inv\u00e5nare.<\/p>\n<p data-start=\"1726\" data-end=\"1863\">F\u00f6r oss \u00e4r det ingen mots\u00e4ttning mellan att v\u00e4rna lokal kontroll \u00f6ver samh\u00e4llsviktiga funktioner och att samtidigt investera i framtiden.<\/p>\n<p data-start=\"1865\" data-end=\"1924\" data-is-last-node=\"\" data-is-only-node=\"\">Trygghet och utveckling h\u00f6r ihop. Och vi st\u00e5r upp f\u00f6r b\u00e5da.<\/p>\n","protected":false},"excerpt":{"rendered":"<p>Den 11 februari 2026 fattade kommunfullm\u00e4ktige i Svedala tv\u00e5 avg\u00f6rande beslut. Det ena r\u00f6rde r\u00e4ddningstj\u00e4nstens framtida organisation, d\u00e4r fullm\u00e4ktige beslutade att ing\u00e5 f\u00f6reslaget intr\u00e4desavtal med R\u00e4ddningstj\u00e4nsten Syd. Det andra g\u00e4llde nybyggnation av ett badhus i Svedala t\u00e4tort. Tv\u00e5 beslut. Tv\u00e5 olika fr\u00e5gor. Men b\u00e5da handlar ytterst om vilket Svedala vi vill bygga, och hur vi <a class=\"read-more-link\" href=\"https:\/\/wp.kristdemokraterna.se\/svedala\/kommunfullmaktige-i-svedala-har-fattat-tva-avgorande-beslut-for-framtiden\/\">L\u00e4s mer<\/a><\/p>\n","protected":false},"author":945,"featured_media":0,"comment_status":"closed","ping_status":"closed","sticky":false,"template":"","format":"standard","meta":{"_acf_changed":false,"footnotes":""},"categories":[56,40,14],"tags":[],"class_list":["post-907","post","type-post","status-publish","format-standard","hentry","category-badhus","category-demokrati","category-raddningstjanst"],"acf":[],"yoast_head":"<!-- This site is optimized with the Yoast SEO plugin v27.4 - https:\/\/yoast.com\/product\/yoast-seo-wordpress\/ -->\n<title>Kommunfullm\u00e4ktige i Svedala har fattat tv\u00e5 avg\u00f6rande beslut f\u00f6r framtiden - Kristdemokraterna | Svedala<\/title>\n<meta name=\"robots\" content=\"index, follow, max-snippet:-1, max-image-preview:large, max-video-preview:-1\" \/>\n<link rel=\"canonical\" href=\"https:\/\/wp.kristdemokraterna.se\/svedala\/kommunfullmaktige-i-svedala-har-fattat-tva-avgorande-beslut-for-framtiden\/\" \/>\n<meta property=\"og:locale\" content=\"sv_SE\" \/>\n<meta property=\"og:type\" content=\"article\" \/>\n<meta property=\"og:title\" content=\"Kommunfullm\u00e4ktige i Svedala har fattat tv\u00e5 avg\u00f6rande beslut f\u00f6r framtiden - Kristdemokraterna | Svedala\" \/>\n<meta property=\"og:description\" content=\"Den 11 februari 2026 fattade kommunfullm\u00e4ktige i Svedala tv\u00e5 avg\u00f6rande beslut. Det ena r\u00f6rde r\u00e4ddningstj\u00e4nstens framtida organisation, d\u00e4r fullm\u00e4ktige beslutade att ing\u00e5 f\u00f6reslaget intr\u00e4desavtal med R\u00e4ddningstj\u00e4nsten Syd. Det andra g\u00e4llde nybyggnation av ett badhus i Svedala t\u00e4tort. Tv\u00e5 beslut. Tv\u00e5 olika fr\u00e5gor. Men b\u00e5da handlar ytterst om vilket Svedala vi vill bygga, och hur vi L\u00e4s mer\" \/>\n<meta property=\"og:url\" content=\"https:\/\/wp.kristdemokraterna.se\/svedala\/kommunfullmaktige-i-svedala-har-fattat-tva-avgorande-beslut-for-framtiden\/\" \/>\n<meta property=\"og:site_name\" content=\"Kristdemokraterna | Svedala\" \/>\n<meta property=\"article:author\" content=\"https:\/\/www.facebook.com\/KDSvedala\" \/>\n<meta property=\"article:published_time\" content=\"2026-02-12T13:46:03+00:00\" \/>\n<meta name=\"author\" content=\"svedala\" \/>\n<meta name=\"twitter:card\" content=\"summary_large_image\" \/>\n<meta name=\"twitter:label1\" content=\"Skriven av\" \/>\n\t<meta name=\"twitter:data1\" content=\"svedala\" \/>\n\t<meta name=\"twitter:label2\" content=\"Ber\u00e4knad l\u00e4stid\" \/>\n\t<meta name=\"twitter:data2\" content=\"2 minuter\" \/>\n<script type=\"application\/ld+json\" class=\"yoast-schema-graph\">{\"@context\":\"https:\\\/\\\/schema.org\",\"@graph\":[{\"@type\":\"Article\",\"@id\":\"https:\\\/\\\/wp.kristdemokraterna.se\\\/svedala\\\/kommunfullmaktige-i-svedala-har-fattat-tva-avgorande-beslut-for-framtiden\\\/#article\",\"isPartOf\":{\"@id\":\"https:\\\/\\\/wp.kristdemokraterna.se\\\/svedala\\\/kommunfullmaktige-i-svedala-har-fattat-tva-avgorande-beslut-for-framtiden\\\/\"},\"author\":{\"name\":\"svedala\",\"@id\":\"https:\\\/\\\/wp.kristdemokraterna.se\\\/svedala\\\/#\\\/schema\\\/person\\\/3d1398a59e3cee8910b9e54a7de0c3ee\"},\"headline\":\"Kommunfullm\u00e4ktige i Svedala har fattat tv\u00e5 avg\u00f6rande beslut f\u00f6r framtiden\",\"datePublished\":\"2026-02-12T13:46:03+00:00\",\"mainEntityOfPage\":{\"@id\":\"https:\\\/\\\/wp.kristdemokraterna.se\\\/svedala\\\/kommunfullmaktige-i-svedala-har-fattat-tva-avgorande-beslut-for-framtiden\\\/\"},\"wordCount\":299,\"articleSection\":[\"Badhus\",\"Demokrati\",\"R\u00e4ddningstj\u00e4nst\"],\"inLanguage\":\"sv-SE\"},{\"@type\":\"WebPage\",\"@id\":\"https:\\\/\\\/wp.kristdemokraterna.se\\\/svedala\\\/kommunfullmaktige-i-svedala-har-fattat-tva-avgorande-beslut-for-framtiden\\\/\",\"url\":\"https:\\\/\\\/wp.kristdemokraterna.se\\\/svedala\\\/kommunfullmaktige-i-svedala-har-fattat-tva-avgorande-beslut-for-framtiden\\\/\",\"name\":\"Kommunfullm\u00e4ktige i Svedala har fattat tv\u00e5 avg\u00f6rande beslut f\u00f6r framtiden - Kristdemokraterna | Svedala\",\"isPartOf\":{\"@id\":\"https:\\\/\\\/wp.kristdemokraterna.se\\\/svedala\\\/#website\"},\"datePublished\":\"2026-02-12T13:46:03+00:00\",\"author\":{\"@id\":\"https:\\\/\\\/wp.kristdemokraterna.se\\\/svedala\\\/#\\\/schema\\\/person\\\/3d1398a59e3cee8910b9e54a7de0c3ee\"},\"breadcrumb\":{\"@id\":\"https:\\\/\\\/wp.kristdemokraterna.se\\\/svedala\\\/kommunfullmaktige-i-svedala-har-fattat-tva-avgorande-beslut-for-framtiden\\\/#breadcrumb\"},\"inLanguage\":\"sv-SE\",\"potentialAction\":[{\"@type\":\"ReadAction\",\"target\":[\"https:\\\/\\\/wp.kristdemokraterna.se\\\/svedala\\\/kommunfullmaktige-i-svedala-har-fattat-tva-avgorande-beslut-for-framtiden\\\/\"]}]},{\"@type\":\"BreadcrumbList\",\"@id\":\"https:\\\/\\\/wp.kristdemokraterna.se\\\/svedala\\\/kommunfullmaktige-i-svedala-har-fattat-tva-avgorande-beslut-for-framtiden\\\/#breadcrumb\",\"itemListElement\":[{\"@type\":\"ListItem\",\"position\":1,\"name\":\"Hem\",\"item\":\"https:\\\/\\\/wp.kristdemokraterna.se\\\/svedala\\\/\"},{\"@type\":\"ListItem\",\"position\":2,\"name\":\"Kommunfullm\u00e4ktige i Svedala har fattat tv\u00e5 avg\u00f6rande beslut f\u00f6r framtiden\"}]},{\"@type\":\"WebSite\",\"@id\":\"https:\\\/\\\/wp.kristdemokraterna.se\\\/svedala\\\/#website\",\"url\":\"https:\\\/\\\/wp.kristdemokraterna.se\\\/svedala\\\/\",\"name\":\"Kristdemokraterna | Svedala\",\"description\":\"Ett Svedala d\u00e4r n\u00e4rhet, ansvar och omtanke f\u00e5r styra \u2013 inte storskalighet och centralisering\",\"inLanguage\":\"sv-SE\"},{\"@type\":\"Person\",\"@id\":\"https:\\\/\\\/wp.kristdemokraterna.se\\\/svedala\\\/#\\\/schema\\\/person\\\/3d1398a59e3cee8910b9e54a7de0c3ee\",\"name\":\"svedala\",\"image\":{\"@type\":\"ImageObject\",\"inLanguage\":\"sv-SE\",\"@id\":\"https:\\\/\\\/secure.gravatar.com\\\/avatar\\\/1b94617fcb6329bca9e3557b768050901f95da08c3f160db21ccd75d493c45b0?s=96&d=mm&r=g\",\"url\":\"https:\\\/\\\/secure.gravatar.com\\\/avatar\\\/1b94617fcb6329bca9e3557b768050901f95da08c3f160db21ccd75d493c45b0?s=96&d=mm&r=g\",\"contentUrl\":\"https:\\\/\\\/secure.gravatar.com\\\/avatar\\\/1b94617fcb6329bca9e3557b768050901f95da08c3f160db21ccd75d493c45b0?s=96&d=mm&r=g\",\"caption\":\"svedala\"},\"sameAs\":[\"http:\\\/\\\/www.kristdemokraterna.se\\\/svedala\",\"https:\\\/\\\/www.facebook.com\\\/KDSvedala\",\"https:\\\/\\\/www.instagram.com\\\/kd.svedala\\\/\"],\"url\":\"https:\\\/\\\/wp.kristdemokraterna.se\\\/svedala\\\/author\\\/svedala\\\/\"}]}<\/script>\n<!-- \/ Yoast SEO plugin. -->","yoast_head_json":{"title":"Kommunfullm\u00e4ktige i Svedala har fattat tv\u00e5 avg\u00f6rande beslut f\u00f6r framtiden - Kristdemokraterna | Svedala","robots":{"index":"index","follow":"follow","max-snippet":"max-snippet:-1","max-image-preview":"max-image-preview:large","max-video-preview":"max-video-preview:-1"},"canonical":"https:\/\/wp.kristdemokraterna.se\/svedala\/kommunfullmaktige-i-svedala-har-fattat-tva-avgorande-beslut-for-framtiden\/","og_locale":"sv_SE","og_type":"article","og_title":"Kommunfullm\u00e4ktige i Svedala har fattat tv\u00e5 avg\u00f6rande beslut f\u00f6r framtiden - Kristdemokraterna | Svedala","og_description":"Den 11 februari 2026 fattade kommunfullm\u00e4ktige i Svedala tv\u00e5 avg\u00f6rande beslut. Det ena r\u00f6rde r\u00e4ddningstj\u00e4nstens framtida organisation, d\u00e4r fullm\u00e4ktige beslutade att ing\u00e5 f\u00f6reslaget intr\u00e4desavtal med R\u00e4ddningstj\u00e4nsten Syd. Det andra g\u00e4llde nybyggnation av ett badhus i Svedala t\u00e4tort. Tv\u00e5 beslut. Tv\u00e5 olika fr\u00e5gor. Men b\u00e5da handlar ytterst om vilket Svedala vi vill bygga, och hur vi L\u00e4s mer","og_url":"https:\/\/wp.kristdemokraterna.se\/svedala\/kommunfullmaktige-i-svedala-har-fattat-tva-avgorande-beslut-for-framtiden\/","og_site_name":"Kristdemokraterna | Svedala","article_author":"https:\/\/www.facebook.com\/KDSvedala","article_published_time":"2026-02-12T13:46:03+00:00","author":"svedala","twitter_card":"summary_large_image","twitter_misc":{"Skriven av":"svedala","Ber\u00e4knad l\u00e4stid":"2 minuter"},"schema":{"@context":"https:\/\/schema.org","@graph":[{"@type":"Article","@id":"https:\/\/wp.kristdemokraterna.se\/svedala\/kommunfullmaktige-i-svedala-har-fattat-tva-avgorande-beslut-for-framtiden\/#article","isPartOf":{"@id":"https:\/\/wp.kristdemokraterna.se\/svedala\/kommunfullmaktige-i-svedala-har-fattat-tva-avgorande-beslut-for-framtiden\/"},"author":{"name":"svedala","@id":"https:\/\/wp.kristdemokraterna.se\/svedala\/#\/schema\/person\/3d1398a59e3cee8910b9e54a7de0c3ee"},"headline":"Kommunfullm\u00e4ktige i Svedala har fattat tv\u00e5 avg\u00f6rande beslut f\u00f6r framtiden","datePublished":"2026-02-12T13:46:03+00:00","mainEntityOfPage":{"@id":"https:\/\/wp.kristdemokraterna.se\/svedala\/kommunfullmaktige-i-svedala-har-fattat-tva-avgorande-beslut-for-framtiden\/"},"wordCount":299,"articleSection":["Badhus","Demokrati","R\u00e4ddningstj\u00e4nst"],"inLanguage":"sv-SE"},{"@type":"WebPage","@id":"https:\/\/wp.kristdemokraterna.se\/svedala\/kommunfullmaktige-i-svedala-har-fattat-tva-avgorande-beslut-for-framtiden\/","url":"https:\/\/wp.kristdemokraterna.se\/svedala\/kommunfullmaktige-i-svedala-har-fattat-tva-avgorande-beslut-for-framtiden\/","name":"Kommunfullm\u00e4ktige i Svedala har fattat tv\u00e5 avg\u00f6rande beslut f\u00f6r framtiden - Kristdemokraterna | Svedala","isPartOf":{"@id":"https:\/\/wp.kristdemokraterna.se\/svedala\/#website"},"datePublished":"2026-02-12T13:46:03+00:00","author":{"@id":"https:\/\/wp.kristdemokraterna.se\/svedala\/#\/schema\/person\/3d1398a59e3cee8910b9e54a7de0c3ee"},"breadcrumb":{"@id":"https:\/\/wp.kristdemokraterna.se\/svedala\/kommunfullmaktige-i-svedala-har-fattat-tva-avgorande-beslut-for-framtiden\/#breadcrumb"},"inLanguage":"sv-SE","potentialAction":[{"@type":"ReadAction","target":["https:\/\/wp.kristdemokraterna.se\/svedala\/kommunfullmaktige-i-svedala-har-fattat-tva-avgorande-beslut-for-framtiden\/"]}]},{"@type":"BreadcrumbList","@id":"https:\/\/wp.kristdemokraterna.se\/svedala\/kommunfullmaktige-i-svedala-har-fattat-tva-avgorande-beslut-for-framtiden\/#breadcrumb","itemListElement":[{"@type":"ListItem","position":1,"name":"Hem","item":"https:\/\/wp.kristdemokraterna.se\/svedala\/"},{"@type":"ListItem","position":2,"name":"Kommunfullm\u00e4ktige i Svedala har fattat tv\u00e5 avg\u00f6rande beslut f\u00f6r framtiden"}]},{"@type":"WebSite","@id":"https:\/\/wp.kristdemokraterna.se\/svedala\/#website","url":"https:\/\/wp.kristdemokraterna.se\/svedala\/","name":"Kristdemokraterna | Svedala","description":"Ett Svedala d\u00e4r n\u00e4rhet, ansvar och omtanke f\u00e5r styra \u2013 inte storskalighet och centralisering","inLanguage":"sv-SE"},{"@type":"Person","@id":"https:\/\/wp.kristdemokraterna.se\/svedala\/#\/schema\/person\/3d1398a59e3cee8910b9e54a7de0c3ee","name":"svedala","image":{"@type":"ImageObject","inLanguage":"sv-SE","@id":"https:\/\/secure.gravatar.com\/avatar\/1b94617fcb6329bca9e3557b768050901f95da08c3f160db21ccd75d493c45b0?s=96&d=mm&r=g","url":"https:\/\/secure.gravatar.com\/avatar\/1b94617fcb6329bca9e3557b768050901f95da08c3f160db21ccd75d493c45b0?s=96&d=mm&r=g","contentUrl":"https:\/\/secure.gravatar.com\/avatar\/1b94617fcb6329bca9e3557b768050901f95da08c3f160db21ccd75d493c45b0?s=96&d=mm&r=g","caption":"svedala"},"sameAs":["http:\/\/www.kristdemokraterna.se\/svedala","https:\/\/www.facebook.com\/KDSvedala","https:\/\/www.instagram.com\/kd.svedala\/"],"url":"https:\/\/wp.kristdemokraterna.se\/svedala\/author\/svedala\/"}]}},"_links":{"self":[{"href":"https:\/\/wp.kristdemokraterna.se\/svedala\/wp-json\/wp\/v2\/posts\/907","targetHints":{"allow":["GET"]}}],"collection":[{"href":"https:\/\/wp.kristdemokraterna.se\/svedala\/wp-json\/wp\/v2\/posts"}],"about":[{"href":"https:\/\/wp.kristdemokraterna.se\/svedala\/wp-json\/wp\/v2\/types\/post"}],"author":[{"embeddable":true,"href":"https:\/\/wp.kristdemokraterna.se\/svedala\/wp-json\/wp\/v2\/users\/945"}],"replies":[{"embeddable":true,"href":"https:\/\/wp.kristdemokraterna.se\/svedala\/wp-json\/wp\/v2\/comments?post=907"}],"version-history":[{"count":1,"href":"https:\/\/wp.kristdemokraterna.se\/svedala\/wp-json\/wp\/v2\/posts\/907\/revisions"}],"predecessor-version":[{"id":909,"href":"https:\/\/wp.kristdemokraterna.se\/svedala\/wp-json\/wp\/v2\/posts\/907\/revisions\/909"}],"wp:attachment":[{"href":"https:\/\/wp.kristdemokraterna.se\/svedala\/wp-json\/wp\/v2\/media?parent=907"}],"wp:term":[{"taxonomy":"category","embeddable":true,"href":"https:\/\/wp.kristdemokraterna.se\/svedala\/wp-json\/wp\/v2\/categories?post=907"},{"taxonomy":"post_tag","embeddable":true,"href":"https:\/\/wp.kristdemokraterna.se\/svedala\/wp-json\/wp\/v2\/tags?post=907"}],"curies":[{"name":"wp","href":"https:\/\/api.w.org\/{rel}","templated":true}]}}