{"id":1360,"date":"2018-01-27T08:52:18","date_gmt":"2018-01-27T07:52:18","guid":{"rendered":"http:\/\/wp.kristdemokraterna.se\/taby\/?p=1360"},"modified":"2018-04-30T11:08:32","modified_gmt":"2018-04-30T09:08:32","slug":"skola-och-foretagande-i-fokus-i-taby-c","status":"publish","type":"post","link":"https:\/\/wp.kristdemokraterna.se\/taby\/skola-och-foretagande-i-fokus-i-taby-c\/","title":{"rendered":"Skola och f\u00f6retagande i fokus i T\u00e4by C"},"content":{"rendered":"<p>Grymt kul kampanj i T\u00e4by C idag! F\u00f6lj med oss!<\/p>\n<p><!--more--><\/p>\n<p>Fr\u00e5gor kring skolan, f\u00f6retagande och f\u00f6retagens villkor var \u00e4mnen som diskuterades flitigt idag. Vad vill du att v\u00e5ra skattemedel ska \u00a0g\u00e5 till?<\/p>\n<p><a href=\"http:\/\/wp.kristdemokraterna.se\/taby\/files\/2018\/01\/camilla-och-christer-har-kul-i-taby-c.jpg\"><br \/>\n<\/a> <a href=\"http:\/\/wp.kristdemokraterna.se\/taby\/files\/2018\/01\/kampanjmaterial-i-taby-c.jpg\"><img loading=\"lazy\" decoding=\"async\" class=\"size-medium wp-image-1366 alignleft\" src=\"http:\/\/wp.kristdemokraterna.se\/taby\/files\/2018\/01\/kampanjmaterial-i-taby-c-300x225.jpg\" alt=\"\" width=\"300\" height=\"225\" srcset=\"https:\/\/wp.kristdemokraterna.se\/taby\/files\/2018\/01\/kampanjmaterial-i-taby-c-300x225.jpg 300w, https:\/\/wp.kristdemokraterna.se\/taby\/files\/2018\/01\/kampanjmaterial-i-taby-c.jpg 478w\" sizes=\"auto, (max-width: 300px) 100vw, 300px\" \/><\/a> <a href=\"http:\/\/wp.kristdemokraterna.se\/taby\/files\/2018\/01\/imad-kampanjar-i-taby-c.jpg\"><img loading=\"lazy\" decoding=\"async\" class=\"size-medium wp-image-1367 alignleft\" src=\"http:\/\/wp.kristdemokraterna.se\/taby\/files\/2018\/01\/imad-kampanjar-i-taby-c-225x300.jpg\" alt=\"\" width=\"225\" height=\"300\" srcset=\"https:\/\/wp.kristdemokraterna.se\/taby\/files\/2018\/01\/imad-kampanjar-i-taby-c-225x300.jpg 225w, https:\/\/wp.kristdemokraterna.se\/taby\/files\/2018\/01\/imad-kampanjar-i-taby-c.jpg 478w\" sizes=\"auto, (max-width: 225px) 100vw, 225px\" \/><\/a><\/p>\n<p>Kom med i v\u00e5r gemenskap <a href=\"https:\/\/kristdemokraterna.se\/engagera-dig\/bli-medlem\/\" target=\"_blank\" rel=\"noopener\">Bli medlem idag!<\/a><\/p>\n","protected":false},"excerpt":{"rendered":"<p>Grymt kul kampanj i T\u00e4by C idag! F\u00f6lj med oss!<\/p>\n","protected":false},"author":26,"featured_media":1365,"comment_status":"closed","ping_status":"closed","sticky":false,"template":"","format":"standard","meta":{"_acf_changed":false,"footnotes":""},"categories":[30,29,1],"tags":[],"class_list":["post-1360","post","type-post","status-publish","format-standard","hentry","category-inlagg","category-nyheter","category-okategoriserade"],"acf":[],"yoast_head":"<!-- This site is optimized with the Yoast SEO plugin v27.4 - https:\/\/yoast.com\/product\/yoast-seo-wordpress\/ -->\n<title>Skola och f\u00f6retagande i fokus i T\u00e4by C - T\u00e4by<\/title>\n<meta name=\"robots\" content=\"index, follow, max-snippet:-1, max-image-preview:large, max-video-preview:-1\" \/>\n<link rel=\"canonical\" href=\"https:\/\/wp.kristdemokraterna.se\/taby\/skola-och-foretagande-i-fokus-i-taby-c\/\" \/>\n<meta property=\"og:locale\" content=\"sv_SE\" \/>\n<meta property=\"og:type\" content=\"article\" \/>\n<meta property=\"og:title\" content=\"Skola och f\u00f6retagande i fokus i T\u00e4by C - T\u00e4by\" \/>\n<meta property=\"og:description\" content=\"Grymt kul kampanj i T\u00e4by C idag! F\u00f6lj med oss!\" \/>\n<meta property=\"og:url\" content=\"https:\/\/wp.kristdemokraterna.se\/taby\/skola-och-foretagande-i-fokus-i-taby-c\/\" \/>\n<meta property=\"og:site_name\" content=\"T\u00e4by\" \/>\n<meta property=\"article:published_time\" content=\"2018-01-27T07:52:18+00:00\" \/>\n<meta property=\"article:modified_time\" content=\"2018-04-30T09:08:32+00:00\" \/>\n<meta property=\"og:image\" content=\"https:\/\/wp.kristdemokraterna.se\/taby\/files\/2018\/01\/camilla-och-christer-har-kul-i-taby-c.jpg\" \/>\n\t<meta property=\"og:image:width\" content=\"478\" \/>\n\t<meta property=\"og:image:height\" content=\"637\" \/>\n\t<meta property=\"og:image:type\" content=\"image\/jpeg\" \/>\n<meta name=\"author\" content=\"taby\" \/>\n<meta name=\"twitter:card\" content=\"summary_large_image\" \/>\n<meta name=\"twitter:label1\" content=\"Skriven av\" \/>\n\t<meta name=\"twitter:data1\" content=\"taby\" \/>\n<script type=\"application\/ld+json\" class=\"yoast-schema-graph\">{\"@context\":\"https:\\\/\\\/schema.org\",\"@graph\":[{\"@type\":\"Article\",\"@id\":\"https:\\\/\\\/wp.kristdemokraterna.se\\\/taby\\\/skola-och-foretagande-i-fokus-i-taby-c\\\/#article\",\"isPartOf\":{\"@id\":\"https:\\\/\\\/wp.kristdemokraterna.se\\\/taby\\\/skola-och-foretagande-i-fokus-i-taby-c\\\/\"},\"author\":{\"name\":\"taby\",\"@id\":\"https:\\\/\\\/wp.kristdemokraterna.se\\\/taby\\\/#\\\/schema\\\/person\\\/12b9024c714759d0acdc1da1e754d06c\"},\"headline\":\"Skola och f\u00f6retagande i fokus i T\u00e4by C\",\"datePublished\":\"2018-01-27T07:52:18+00:00\",\"dateModified\":\"2018-04-30T09:08:32+00:00\",\"mainEntityOfPage\":{\"@id\":\"https:\\\/\\\/wp.kristdemokraterna.se\\\/taby\\\/skola-och-foretagande-i-fokus-i-taby-c\\\/\"},\"wordCount\":57,\"image\":{\"@id\":\"https:\\\/\\\/wp.kristdemokraterna.se\\\/taby\\\/skola-och-foretagande-i-fokus-i-taby-c\\\/#primaryimage\"},\"thumbnailUrl\":\"https:\\\/\\\/wp.kristdemokraterna.se\\\/taby\\\/files\\\/2018\\\/01\\\/camilla-och-christer-har-kul-i-taby-c.jpg\",\"articleSection\":[\"inl\u00e4gg\",\"Nyheter\",\"Senaste nytt\"],\"inLanguage\":\"sv-SE\"},{\"@type\":\"WebPage\",\"@id\":\"https:\\\/\\\/wp.kristdemokraterna.se\\\/taby\\\/skola-och-foretagande-i-fokus-i-taby-c\\\/\",\"url\":\"https:\\\/\\\/wp.kristdemokraterna.se\\\/taby\\\/skola-och-foretagande-i-fokus-i-taby-c\\\/\",\"name\":\"Skola och f\u00f6retagande i fokus i T\u00e4by C - T\u00e4by\",\"isPartOf\":{\"@id\":\"https:\\\/\\\/wp.kristdemokraterna.se\\\/taby\\\/#website\"},\"primaryImageOfPage\":{\"@id\":\"https:\\\/\\\/wp.kristdemokraterna.se\\\/taby\\\/skola-och-foretagande-i-fokus-i-taby-c\\\/#primaryimage\"},\"image\":{\"@id\":\"https:\\\/\\\/wp.kristdemokraterna.se\\\/taby\\\/skola-och-foretagande-i-fokus-i-taby-c\\\/#primaryimage\"},\"thumbnailUrl\":\"https:\\\/\\\/wp.kristdemokraterna.se\\\/taby\\\/files\\\/2018\\\/01\\\/camilla-och-christer-har-kul-i-taby-c.jpg\",\"datePublished\":\"2018-01-27T07:52:18+00:00\",\"dateModified\":\"2018-04-30T09:08:32+00:00\",\"author\":{\"@id\":\"https:\\\/\\\/wp.kristdemokraterna.se\\\/taby\\\/#\\\/schema\\\/person\\\/12b9024c714759d0acdc1da1e754d06c\"},\"breadcrumb\":{\"@id\":\"https:\\\/\\\/wp.kristdemokraterna.se\\\/taby\\\/skola-och-foretagande-i-fokus-i-taby-c\\\/#breadcrumb\"},\"inLanguage\":\"sv-SE\",\"potentialAction\":[{\"@type\":\"ReadAction\",\"target\":[\"https:\\\/\\\/wp.kristdemokraterna.se\\\/taby\\\/skola-och-foretagande-i-fokus-i-taby-c\\\/\"]}]},{\"@type\":\"ImageObject\",\"inLanguage\":\"sv-SE\",\"@id\":\"https:\\\/\\\/wp.kristdemokraterna.se\\\/taby\\\/skola-och-foretagande-i-fokus-i-taby-c\\\/#primaryimage\",\"url\":\"https:\\\/\\\/wp.kristdemokraterna.se\\\/taby\\\/files\\\/2018\\\/01\\\/camilla-och-christer-har-kul-i-taby-c.jpg\",\"contentUrl\":\"https:\\\/\\\/wp.kristdemokraterna.se\\\/taby\\\/files\\\/2018\\\/01\\\/camilla-och-christer-har-kul-i-taby-c.jpg\",\"width\":478,\"height\":637},{\"@type\":\"BreadcrumbList\",\"@id\":\"https:\\\/\\\/wp.kristdemokraterna.se\\\/taby\\\/skola-och-foretagande-i-fokus-i-taby-c\\\/#breadcrumb\",\"itemListElement\":[{\"@type\":\"ListItem\",\"position\":1,\"name\":\"Hem\",\"item\":\"https:\\\/\\\/wp.kristdemokraterna.se\\\/taby\\\/\"},{\"@type\":\"ListItem\",\"position\":2,\"name\":\"Skola och f\u00f6retagande i fokus i T\u00e4by C\"}]},{\"@type\":\"WebSite\",\"@id\":\"https:\\\/\\\/wp.kristdemokraterna.se\\\/taby\\\/#website\",\"url\":\"https:\\\/\\\/wp.kristdemokraterna.se\\\/taby\\\/\",\"name\":\"T\u00e4by\",\"description\":\"&quot;Det ska vara l\u00e4ttare att f\u00e5 ihop arbetsliv och familjeliv i T\u00e4by&quot;\",\"inLanguage\":\"sv-SE\"},{\"@type\":\"Person\",\"@id\":\"https:\\\/\\\/wp.kristdemokraterna.se\\\/taby\\\/#\\\/schema\\\/person\\\/12b9024c714759d0acdc1da1e754d06c\",\"name\":\"taby\",\"image\":{\"@type\":\"ImageObject\",\"inLanguage\":\"sv-SE\",\"@id\":\"https:\\\/\\\/secure.gravatar.com\\\/avatar\\\/62f6aca44d1f9c34b49438e5fdf4be3554253b04b49a76f013049906786db305?s=96&d=mm&r=g\",\"url\":\"https:\\\/\\\/secure.gravatar.com\\\/avatar\\\/62f6aca44d1f9c34b49438e5fdf4be3554253b04b49a76f013049906786db305?s=96&d=mm&r=g\",\"contentUrl\":\"https:\\\/\\\/secure.gravatar.com\\\/avatar\\\/62f6aca44d1f9c34b49438e5fdf4be3554253b04b49a76f013049906786db305?s=96&d=mm&r=g\",\"caption\":\"taby\"},\"url\":\"https:\\\/\\\/wp.kristdemokraterna.se\\\/taby\\\/author\\\/taby\\\/\"}]}<\/script>\n<!-- \/ Yoast SEO plugin. -->","yoast_head_json":{"title":"Skola och f\u00f6retagande i fokus i T\u00e4by C - T\u00e4by","robots":{"index":"index","follow":"follow","max-snippet":"max-snippet:-1","max-image-preview":"max-image-preview:large","max-video-preview":"max-video-preview:-1"},"canonical":"https:\/\/wp.kristdemokraterna.se\/taby\/skola-och-foretagande-i-fokus-i-taby-c\/","og_locale":"sv_SE","og_type":"article","og_title":"Skola och f\u00f6retagande i fokus i T\u00e4by C - T\u00e4by","og_description":"Grymt kul kampanj i T\u00e4by C idag! F\u00f6lj med oss!","og_url":"https:\/\/wp.kristdemokraterna.se\/taby\/skola-och-foretagande-i-fokus-i-taby-c\/","og_site_name":"T\u00e4by","article_published_time":"2018-01-27T07:52:18+00:00","article_modified_time":"2018-04-30T09:08:32+00:00","og_image":[{"width":478,"height":637,"url":"https:\/\/wp.kristdemokraterna.se\/taby\/files\/2018\/01\/camilla-och-christer-har-kul-i-taby-c.jpg","type":"image\/jpeg"}],"author":"taby","twitter_card":"summary_large_image","twitter_misc":{"Skriven av":"taby"},"schema":{"@context":"https:\/\/schema.org","@graph":[{"@type":"Article","@id":"https:\/\/wp.kristdemokraterna.se\/taby\/skola-och-foretagande-i-fokus-i-taby-c\/#article","isPartOf":{"@id":"https:\/\/wp.kristdemokraterna.se\/taby\/skola-och-foretagande-i-fokus-i-taby-c\/"},"author":{"name":"taby","@id":"https:\/\/wp.kristdemokraterna.se\/taby\/#\/schema\/person\/12b9024c714759d0acdc1da1e754d06c"},"headline":"Skola och f\u00f6retagande i fokus i T\u00e4by C","datePublished":"2018-01-27T07:52:18+00:00","dateModified":"2018-04-30T09:08:32+00:00","mainEntityOfPage":{"@id":"https:\/\/wp.kristdemokraterna.se\/taby\/skola-och-foretagande-i-fokus-i-taby-c\/"},"wordCount":57,"image":{"@id":"https:\/\/wp.kristdemokraterna.se\/taby\/skola-och-foretagande-i-fokus-i-taby-c\/#primaryimage"},"thumbnailUrl":"https:\/\/wp.kristdemokraterna.se\/taby\/files\/2018\/01\/camilla-och-christer-har-kul-i-taby-c.jpg","articleSection":["inl\u00e4gg","Nyheter","Senaste nytt"],"inLanguage":"sv-SE"},{"@type":"WebPage","@id":"https:\/\/wp.kristdemokraterna.se\/taby\/skola-och-foretagande-i-fokus-i-taby-c\/","url":"https:\/\/wp.kristdemokraterna.se\/taby\/skola-och-foretagande-i-fokus-i-taby-c\/","name":"Skola och f\u00f6retagande i fokus i T\u00e4by C - T\u00e4by","isPartOf":{"@id":"https:\/\/wp.kristdemokraterna.se\/taby\/#website"},"primaryImageOfPage":{"@id":"https:\/\/wp.kristdemokraterna.se\/taby\/skola-och-foretagande-i-fokus-i-taby-c\/#primaryimage"},"image":{"@id":"https:\/\/wp.kristdemokraterna.se\/taby\/skola-och-foretagande-i-fokus-i-taby-c\/#primaryimage"},"thumbnailUrl":"https:\/\/wp.kristdemokraterna.se\/taby\/files\/2018\/01\/camilla-och-christer-har-kul-i-taby-c.jpg","datePublished":"2018-01-27T07:52:18+00:00","dateModified":"2018-04-30T09:08:32+00:00","author":{"@id":"https:\/\/wp.kristdemokraterna.se\/taby\/#\/schema\/person\/12b9024c714759d0acdc1da1e754d06c"},"breadcrumb":{"@id":"https:\/\/wp.kristdemokraterna.se\/taby\/skola-och-foretagande-i-fokus-i-taby-c\/#breadcrumb"},"inLanguage":"sv-SE","potentialAction":[{"@type":"ReadAction","target":["https:\/\/wp.kristdemokraterna.se\/taby\/skola-och-foretagande-i-fokus-i-taby-c\/"]}]},{"@type":"ImageObject","inLanguage":"sv-SE","@id":"https:\/\/wp.kristdemokraterna.se\/taby\/skola-och-foretagande-i-fokus-i-taby-c\/#primaryimage","url":"https:\/\/wp.kristdemokraterna.se\/taby\/files\/2018\/01\/camilla-och-christer-har-kul-i-taby-c.jpg","contentUrl":"https:\/\/wp.kristdemokraterna.se\/taby\/files\/2018\/01\/camilla-och-christer-har-kul-i-taby-c.jpg","width":478,"height":637},{"@type":"BreadcrumbList","@id":"https:\/\/wp.kristdemokraterna.se\/taby\/skola-och-foretagande-i-fokus-i-taby-c\/#breadcrumb","itemListElement":[{"@type":"ListItem","position":1,"name":"Hem","item":"https:\/\/wp.kristdemokraterna.se\/taby\/"},{"@type":"ListItem","position":2,"name":"Skola och f\u00f6retagande i fokus i T\u00e4by C"}]},{"@type":"WebSite","@id":"https:\/\/wp.kristdemokraterna.se\/taby\/#website","url":"https:\/\/wp.kristdemokraterna.se\/taby\/","name":"T\u00e4by","description":"&quot;Det ska vara l\u00e4ttare att f\u00e5 ihop arbetsliv och familjeliv i T\u00e4by&quot;","inLanguage":"sv-SE"},{"@type":"Person","@id":"https:\/\/wp.kristdemokraterna.se\/taby\/#\/schema\/person\/12b9024c714759d0acdc1da1e754d06c","name":"taby","image":{"@type":"ImageObject","inLanguage":"sv-SE","@id":"https:\/\/secure.gravatar.com\/avatar\/62f6aca44d1f9c34b49438e5fdf4be3554253b04b49a76f013049906786db305?s=96&d=mm&r=g","url":"https:\/\/secure.gravatar.com\/avatar\/62f6aca44d1f9c34b49438e5fdf4be3554253b04b49a76f013049906786db305?s=96&d=mm&r=g","contentUrl":"https:\/\/secure.gravatar.com\/avatar\/62f6aca44d1f9c34b49438e5fdf4be3554253b04b49a76f013049906786db305?s=96&d=mm&r=g","caption":"taby"},"url":"https:\/\/wp.kristdemokraterna.se\/taby\/author\/taby\/"}]}},"_links":{"self":[{"href":"https:\/\/wp.kristdemokraterna.se\/taby\/wp-json\/wp\/v2\/posts\/1360","targetHints":{"allow":["GET"]}}],"collection":[{"href":"https:\/\/wp.kristdemokraterna.se\/taby\/wp-json\/wp\/v2\/posts"}],"about":[{"href":"https:\/\/wp.kristdemokraterna.se\/taby\/wp-json\/wp\/v2\/types\/post"}],"author":[{"embeddable":true,"href":"https:\/\/wp.kristdemokraterna.se\/taby\/wp-json\/wp\/v2\/users\/26"}],"replies":[{"embeddable":true,"href":"https:\/\/wp.kristdemokraterna.se\/taby\/wp-json\/wp\/v2\/comments?post=1360"}],"version-history":[{"count":2,"href":"https:\/\/wp.kristdemokraterna.se\/taby\/wp-json\/wp\/v2\/posts\/1360\/revisions"}],"predecessor-version":[{"id":1368,"href":"https:\/\/wp.kristdemokraterna.se\/taby\/wp-json\/wp\/v2\/posts\/1360\/revisions\/1368"}],"wp:featuredmedia":[{"embeddable":true,"href":"https:\/\/wp.kristdemokraterna.se\/taby\/wp-json\/wp\/v2\/media\/1365"}],"wp:attachment":[{"href":"https:\/\/wp.kristdemokraterna.se\/taby\/wp-json\/wp\/v2\/media?parent=1360"}],"wp:term":[{"taxonomy":"category","embeddable":true,"href":"https:\/\/wp.kristdemokraterna.se\/taby\/wp-json\/wp\/v2\/categories?post=1360"},{"taxonomy":"post_tag","embeddable":true,"href":"https:\/\/wp.kristdemokraterna.se\/taby\/wp-json\/wp\/v2\/tags?post=1360"}],"curies":[{"name":"wp","href":"https:\/\/api.w.org\/{rel}","templated":true}]}}