{"id":1374,"date":"2018-02-13T14:30:57","date_gmt":"2018-02-13T13:30:57","guid":{"rendered":"http:\/\/wp.kristdemokraterna.se\/taby\/?p=1374"},"modified":"2018-04-30T11:08:32","modified_gmt":"2018-04-30T09:08:32","slug":"taby-far-en-motesplats-for-utbildning-forskning-och-naringsliv","status":"publish","type":"post","link":"https:\/\/wp.kristdemokraterna.se\/taby\/taby-far-en-motesplats-for-utbildning-forskning-och-naringsliv\/","title":{"rendered":"T\u00e4by f\u00e5r en m\u00f6tesplats f\u00f6r utbildning, forskning och n\u00e4ringsliv"},"content":{"rendered":"<p>KD:s f\u00f6rslag har hamnat i fokus.<\/p>\n<p><!--more--><\/p>\n<p>Pl\u00f6tsligt h\u00e4nder det!<\/p>\n<p>Tibble-\u00c5vatriangeln ska utvecklas och Kristdemokraterna \u00e4r stolta \u00f6ver att vi drivit denna fr\u00e5gan och att det nu b\u00f6rjar bli verklighet. Detta \u00e4r ett steg i r\u00e4tt riktning.<\/p>\n<p>KD vill se en framtid d\u00e4r utbildning, forskning och n\u00e4ringsliv m\u00f6ts!\u00a0 Till detta ser vi \u00e4ven tillbeh\u00f6r som forskarbost\u00e4der, campus och en plats f\u00f6r innovation och entrepren\u00f6rskap. Men viktigast av allt, l\u00e5t inte oss politiker styra allt, l\u00e5t detta bli den plats som \u00e4r redo f\u00f6r den utveckling vi ser ligger framf\u00f6r oss!<\/p>\n<p>Tillsammans med olika privata akt\u00f6rer kommer denna plats bli v\u00e4rdefull och framf\u00f6rallt en trygg plats vilket vi inte alltid uppfattar att den \u00e4r, eller vad s\u00e4ger du? Vad vill du se ska finnas i detta omr\u00e5de?<\/p>\n<p><a href=\"https:\/\/www.taby.se\/kampanjsidor\/arkitekttavling\/\" target=\"_blank\" rel=\"noopener\">L\u00e4mna dina synpunkter till T\u00e4by kommun h\u00e4r.<\/a><\/p>\n<p>&nbsp;<\/p>\n<p>&nbsp;<\/p>\n","protected":false},"excerpt":{"rendered":"<p>KD:s f\u00f6rslag har hamnat i fokus.<\/p>\n","protected":false},"author":26,"featured_media":1375,"comment_status":"closed","ping_status":"closed","sticky":false,"template":"","format":"standard","meta":{"_acf_changed":false,"footnotes":""},"categories":[30,29,1],"tags":[],"class_list":["post-1374","post","type-post","status-publish","format-standard","hentry","category-inlagg","category-nyheter","category-okategoriserade"],"acf":[],"yoast_head":"<!-- This site is optimized with the Yoast SEO plugin v27.4 - https:\/\/yoast.com\/product\/yoast-seo-wordpress\/ -->\n<title>T\u00e4by f\u00e5r en m\u00f6tesplats f\u00f6r utbildning, forskning och n\u00e4ringsliv - T\u00e4by<\/title>\n<meta name=\"robots\" content=\"index, follow, max-snippet:-1, max-image-preview:large, max-video-preview:-1\" \/>\n<link rel=\"canonical\" href=\"https:\/\/wp.kristdemokraterna.se\/taby\/taby-far-en-motesplats-for-utbildning-forskning-och-naringsliv\/\" \/>\n<meta property=\"og:locale\" content=\"sv_SE\" \/>\n<meta property=\"og:type\" content=\"article\" \/>\n<meta property=\"og:title\" content=\"T\u00e4by f\u00e5r en m\u00f6tesplats f\u00f6r utbildning, forskning och n\u00e4ringsliv - T\u00e4by\" \/>\n<meta property=\"og:description\" content=\"KD:s f\u00f6rslag har hamnat i fokus.\" \/>\n<meta property=\"og:url\" content=\"https:\/\/wp.kristdemokraterna.se\/taby\/taby-far-en-motesplats-for-utbildning-forskning-och-naringsliv\/\" \/>\n<meta property=\"og:site_name\" content=\"T\u00e4by\" \/>\n<meta property=\"article:published_time\" content=\"2018-02-13T13:30:57+00:00\" \/>\n<meta property=\"article:modified_time\" content=\"2018-04-30T09:08:32+00:00\" \/>\n<meta property=\"og:image\" content=\"https:\/\/wp.kristdemokraterna.se\/taby\/files\/2018\/02\/tibble-ava-omradet-foto-taby-kommun.jpg\" \/>\n\t<meta property=\"og:image:width\" content=\"965\" \/>\n\t<meta property=\"og:image:height\" content=\"599\" \/>\n\t<meta property=\"og:image:type\" content=\"image\/jpeg\" \/>\n<meta name=\"author\" content=\"taby\" \/>\n<meta name=\"twitter:card\" content=\"summary_large_image\" \/>\n<meta name=\"twitter:label1\" content=\"Skriven av\" \/>\n\t<meta name=\"twitter:data1\" content=\"taby\" \/>\n\t<meta name=\"twitter:label2\" content=\"Ber\u00e4knad l\u00e4stid\" \/>\n\t<meta name=\"twitter:data2\" content=\"1 minut\" \/>\n<script type=\"application\/ld+json\" class=\"yoast-schema-graph\">{\"@context\":\"https:\\\/\\\/schema.org\",\"@graph\":[{\"@type\":\"Article\",\"@id\":\"https:\\\/\\\/wp.kristdemokraterna.se\\\/taby\\\/taby-far-en-motesplats-for-utbildning-forskning-och-naringsliv\\\/#article\",\"isPartOf\":{\"@id\":\"https:\\\/\\\/wp.kristdemokraterna.se\\\/taby\\\/taby-far-en-motesplats-for-utbildning-forskning-och-naringsliv\\\/\"},\"author\":{\"name\":\"taby\",\"@id\":\"https:\\\/\\\/wp.kristdemokraterna.se\\\/taby\\\/#\\\/schema\\\/person\\\/12b9024c714759d0acdc1da1e754d06c\"},\"headline\":\"T\u00e4by f\u00e5r en m\u00f6tesplats f\u00f6r utbildning, forskning och n\u00e4ringsliv\",\"datePublished\":\"2018-02-13T13:30:57+00:00\",\"dateModified\":\"2018-04-30T09:08:32+00:00\",\"mainEntityOfPage\":{\"@id\":\"https:\\\/\\\/wp.kristdemokraterna.se\\\/taby\\\/taby-far-en-motesplats-for-utbildning-forskning-och-naringsliv\\\/\"},\"wordCount\":175,\"image\":{\"@id\":\"https:\\\/\\\/wp.kristdemokraterna.se\\\/taby\\\/taby-far-en-motesplats-for-utbildning-forskning-och-naringsliv\\\/#primaryimage\"},\"thumbnailUrl\":\"https:\\\/\\\/wp.kristdemokraterna.se\\\/taby\\\/files\\\/2018\\\/02\\\/tibble-ava-omradet-foto-taby-kommun.jpg\",\"articleSection\":[\"inl\u00e4gg\",\"Nyheter\",\"Senaste nytt\"],\"inLanguage\":\"sv-SE\"},{\"@type\":\"WebPage\",\"@id\":\"https:\\\/\\\/wp.kristdemokraterna.se\\\/taby\\\/taby-far-en-motesplats-for-utbildning-forskning-och-naringsliv\\\/\",\"url\":\"https:\\\/\\\/wp.kristdemokraterna.se\\\/taby\\\/taby-far-en-motesplats-for-utbildning-forskning-och-naringsliv\\\/\",\"name\":\"T\u00e4by f\u00e5r en m\u00f6tesplats f\u00f6r utbildning, forskning och n\u00e4ringsliv - T\u00e4by\",\"isPartOf\":{\"@id\":\"https:\\\/\\\/wp.kristdemokraterna.se\\\/taby\\\/#website\"},\"primaryImageOfPage\":{\"@id\":\"https:\\\/\\\/wp.kristdemokraterna.se\\\/taby\\\/taby-far-en-motesplats-for-utbildning-forskning-och-naringsliv\\\/#primaryimage\"},\"image\":{\"@id\":\"https:\\\/\\\/wp.kristdemokraterna.se\\\/taby\\\/taby-far-en-motesplats-for-utbildning-forskning-och-naringsliv\\\/#primaryimage\"},\"thumbnailUrl\":\"https:\\\/\\\/wp.kristdemokraterna.se\\\/taby\\\/files\\\/2018\\\/02\\\/tibble-ava-omradet-foto-taby-kommun.jpg\",\"datePublished\":\"2018-02-13T13:30:57+00:00\",\"dateModified\":\"2018-04-30T09:08:32+00:00\",\"author\":{\"@id\":\"https:\\\/\\\/wp.kristdemokraterna.se\\\/taby\\\/#\\\/schema\\\/person\\\/12b9024c714759d0acdc1da1e754d06c\"},\"breadcrumb\":{\"@id\":\"https:\\\/\\\/wp.kristdemokraterna.se\\\/taby\\\/taby-far-en-motesplats-for-utbildning-forskning-och-naringsliv\\\/#breadcrumb\"},\"inLanguage\":\"sv-SE\",\"potentialAction\":[{\"@type\":\"ReadAction\",\"target\":[\"https:\\\/\\\/wp.kristdemokraterna.se\\\/taby\\\/taby-far-en-motesplats-for-utbildning-forskning-och-naringsliv\\\/\"]}]},{\"@type\":\"ImageObject\",\"inLanguage\":\"sv-SE\",\"@id\":\"https:\\\/\\\/wp.kristdemokraterna.se\\\/taby\\\/taby-far-en-motesplats-for-utbildning-forskning-och-naringsliv\\\/#primaryimage\",\"url\":\"https:\\\/\\\/wp.kristdemokraterna.se\\\/taby\\\/files\\\/2018\\\/02\\\/tibble-ava-omradet-foto-taby-kommun.jpg\",\"contentUrl\":\"https:\\\/\\\/wp.kristdemokraterna.se\\\/taby\\\/files\\\/2018\\\/02\\\/tibble-ava-omradet-foto-taby-kommun.jpg\",\"width\":965,\"height\":599},{\"@type\":\"BreadcrumbList\",\"@id\":\"https:\\\/\\\/wp.kristdemokraterna.se\\\/taby\\\/taby-far-en-motesplats-for-utbildning-forskning-och-naringsliv\\\/#breadcrumb\",\"itemListElement\":[{\"@type\":\"ListItem\",\"position\":1,\"name\":\"Hem\",\"item\":\"https:\\\/\\\/wp.kristdemokraterna.se\\\/taby\\\/\"},{\"@type\":\"ListItem\",\"position\":2,\"name\":\"T\u00e4by f\u00e5r en m\u00f6tesplats f\u00f6r utbildning, forskning och n\u00e4ringsliv\"}]},{\"@type\":\"WebSite\",\"@id\":\"https:\\\/\\\/wp.kristdemokraterna.se\\\/taby\\\/#website\",\"url\":\"https:\\\/\\\/wp.kristdemokraterna.se\\\/taby\\\/\",\"name\":\"T\u00e4by\",\"description\":\"&quot;Det ska vara l\u00e4ttare att f\u00e5 ihop arbetsliv och familjeliv i T\u00e4by&quot;\",\"inLanguage\":\"sv-SE\"},{\"@type\":\"Person\",\"@id\":\"https:\\\/\\\/wp.kristdemokraterna.se\\\/taby\\\/#\\\/schema\\\/person\\\/12b9024c714759d0acdc1da1e754d06c\",\"name\":\"taby\",\"image\":{\"@type\":\"ImageObject\",\"inLanguage\":\"sv-SE\",\"@id\":\"https:\\\/\\\/secure.gravatar.com\\\/avatar\\\/62f6aca44d1f9c34b49438e5fdf4be3554253b04b49a76f013049906786db305?s=96&d=mm&r=g\",\"url\":\"https:\\\/\\\/secure.gravatar.com\\\/avatar\\\/62f6aca44d1f9c34b49438e5fdf4be3554253b04b49a76f013049906786db305?s=96&d=mm&r=g\",\"contentUrl\":\"https:\\\/\\\/secure.gravatar.com\\\/avatar\\\/62f6aca44d1f9c34b49438e5fdf4be3554253b04b49a76f013049906786db305?s=96&d=mm&r=g\",\"caption\":\"taby\"},\"url\":\"https:\\\/\\\/wp.kristdemokraterna.se\\\/taby\\\/author\\\/taby\\\/\"}]}<\/script>\n<!-- \/ Yoast SEO plugin. -->","yoast_head_json":{"title":"T\u00e4by f\u00e5r en m\u00f6tesplats f\u00f6r utbildning, forskning och n\u00e4ringsliv - T\u00e4by","robots":{"index":"index","follow":"follow","max-snippet":"max-snippet:-1","max-image-preview":"max-image-preview:large","max-video-preview":"max-video-preview:-1"},"canonical":"https:\/\/wp.kristdemokraterna.se\/taby\/taby-far-en-motesplats-for-utbildning-forskning-och-naringsliv\/","og_locale":"sv_SE","og_type":"article","og_title":"T\u00e4by f\u00e5r en m\u00f6tesplats f\u00f6r utbildning, forskning och n\u00e4ringsliv - T\u00e4by","og_description":"KD:s f\u00f6rslag har hamnat i fokus.","og_url":"https:\/\/wp.kristdemokraterna.se\/taby\/taby-far-en-motesplats-for-utbildning-forskning-och-naringsliv\/","og_site_name":"T\u00e4by","article_published_time":"2018-02-13T13:30:57+00:00","article_modified_time":"2018-04-30T09:08:32+00:00","og_image":[{"width":965,"height":599,"url":"https:\/\/wp.kristdemokraterna.se\/taby\/files\/2018\/02\/tibble-ava-omradet-foto-taby-kommun.jpg","type":"image\/jpeg"}],"author":"taby","twitter_card":"summary_large_image","twitter_misc":{"Skriven av":"taby","Ber\u00e4knad l\u00e4stid":"1 minut"},"schema":{"@context":"https:\/\/schema.org","@graph":[{"@type":"Article","@id":"https:\/\/wp.kristdemokraterna.se\/taby\/taby-far-en-motesplats-for-utbildning-forskning-och-naringsliv\/#article","isPartOf":{"@id":"https:\/\/wp.kristdemokraterna.se\/taby\/taby-far-en-motesplats-for-utbildning-forskning-och-naringsliv\/"},"author":{"name":"taby","@id":"https:\/\/wp.kristdemokraterna.se\/taby\/#\/schema\/person\/12b9024c714759d0acdc1da1e754d06c"},"headline":"T\u00e4by f\u00e5r en m\u00f6tesplats f\u00f6r utbildning, forskning och n\u00e4ringsliv","datePublished":"2018-02-13T13:30:57+00:00","dateModified":"2018-04-30T09:08:32+00:00","mainEntityOfPage":{"@id":"https:\/\/wp.kristdemokraterna.se\/taby\/taby-far-en-motesplats-for-utbildning-forskning-och-naringsliv\/"},"wordCount":175,"image":{"@id":"https:\/\/wp.kristdemokraterna.se\/taby\/taby-far-en-motesplats-for-utbildning-forskning-och-naringsliv\/#primaryimage"},"thumbnailUrl":"https:\/\/wp.kristdemokraterna.se\/taby\/files\/2018\/02\/tibble-ava-omradet-foto-taby-kommun.jpg","articleSection":["inl\u00e4gg","Nyheter","Senaste nytt"],"inLanguage":"sv-SE"},{"@type":"WebPage","@id":"https:\/\/wp.kristdemokraterna.se\/taby\/taby-far-en-motesplats-for-utbildning-forskning-och-naringsliv\/","url":"https:\/\/wp.kristdemokraterna.se\/taby\/taby-far-en-motesplats-for-utbildning-forskning-och-naringsliv\/","name":"T\u00e4by f\u00e5r en m\u00f6tesplats f\u00f6r utbildning, forskning och n\u00e4ringsliv - T\u00e4by","isPartOf":{"@id":"https:\/\/wp.kristdemokraterna.se\/taby\/#website"},"primaryImageOfPage":{"@id":"https:\/\/wp.kristdemokraterna.se\/taby\/taby-far-en-motesplats-for-utbildning-forskning-och-naringsliv\/#primaryimage"},"image":{"@id":"https:\/\/wp.kristdemokraterna.se\/taby\/taby-far-en-motesplats-for-utbildning-forskning-och-naringsliv\/#primaryimage"},"thumbnailUrl":"https:\/\/wp.kristdemokraterna.se\/taby\/files\/2018\/02\/tibble-ava-omradet-foto-taby-kommun.jpg","datePublished":"2018-02-13T13:30:57+00:00","dateModified":"2018-04-30T09:08:32+00:00","author":{"@id":"https:\/\/wp.kristdemokraterna.se\/taby\/#\/schema\/person\/12b9024c714759d0acdc1da1e754d06c"},"breadcrumb":{"@id":"https:\/\/wp.kristdemokraterna.se\/taby\/taby-far-en-motesplats-for-utbildning-forskning-och-naringsliv\/#breadcrumb"},"inLanguage":"sv-SE","potentialAction":[{"@type":"ReadAction","target":["https:\/\/wp.kristdemokraterna.se\/taby\/taby-far-en-motesplats-for-utbildning-forskning-och-naringsliv\/"]}]},{"@type":"ImageObject","inLanguage":"sv-SE","@id":"https:\/\/wp.kristdemokraterna.se\/taby\/taby-far-en-motesplats-for-utbildning-forskning-och-naringsliv\/#primaryimage","url":"https:\/\/wp.kristdemokraterna.se\/taby\/files\/2018\/02\/tibble-ava-omradet-foto-taby-kommun.jpg","contentUrl":"https:\/\/wp.kristdemokraterna.se\/taby\/files\/2018\/02\/tibble-ava-omradet-foto-taby-kommun.jpg","width":965,"height":599},{"@type":"BreadcrumbList","@id":"https:\/\/wp.kristdemokraterna.se\/taby\/taby-far-en-motesplats-for-utbildning-forskning-och-naringsliv\/#breadcrumb","itemListElement":[{"@type":"ListItem","position":1,"name":"Hem","item":"https:\/\/wp.kristdemokraterna.se\/taby\/"},{"@type":"ListItem","position":2,"name":"T\u00e4by f\u00e5r en m\u00f6tesplats f\u00f6r utbildning, forskning och n\u00e4ringsliv"}]},{"@type":"WebSite","@id":"https:\/\/wp.kristdemokraterna.se\/taby\/#website","url":"https:\/\/wp.kristdemokraterna.se\/taby\/","name":"T\u00e4by","description":"&quot;Det ska vara l\u00e4ttare att f\u00e5 ihop arbetsliv och familjeliv i T\u00e4by&quot;","inLanguage":"sv-SE"},{"@type":"Person","@id":"https:\/\/wp.kristdemokraterna.se\/taby\/#\/schema\/person\/12b9024c714759d0acdc1da1e754d06c","name":"taby","image":{"@type":"ImageObject","inLanguage":"sv-SE","@id":"https:\/\/secure.gravatar.com\/avatar\/62f6aca44d1f9c34b49438e5fdf4be3554253b04b49a76f013049906786db305?s=96&d=mm&r=g","url":"https:\/\/secure.gravatar.com\/avatar\/62f6aca44d1f9c34b49438e5fdf4be3554253b04b49a76f013049906786db305?s=96&d=mm&r=g","contentUrl":"https:\/\/secure.gravatar.com\/avatar\/62f6aca44d1f9c34b49438e5fdf4be3554253b04b49a76f013049906786db305?s=96&d=mm&r=g","caption":"taby"},"url":"https:\/\/wp.kristdemokraterna.se\/taby\/author\/taby\/"}]}},"_links":{"self":[{"href":"https:\/\/wp.kristdemokraterna.se\/taby\/wp-json\/wp\/v2\/posts\/1374","targetHints":{"allow":["GET"]}}],"collection":[{"href":"https:\/\/wp.kristdemokraterna.se\/taby\/wp-json\/wp\/v2\/posts"}],"about":[{"href":"https:\/\/wp.kristdemokraterna.se\/taby\/wp-json\/wp\/v2\/types\/post"}],"author":[{"embeddable":true,"href":"https:\/\/wp.kristdemokraterna.se\/taby\/wp-json\/wp\/v2\/users\/26"}],"replies":[{"embeddable":true,"href":"https:\/\/wp.kristdemokraterna.se\/taby\/wp-json\/wp\/v2\/comments?post=1374"}],"version-history":[{"count":2,"href":"https:\/\/wp.kristdemokraterna.se\/taby\/wp-json\/wp\/v2\/posts\/1374\/revisions"}],"predecessor-version":[{"id":1414,"href":"https:\/\/wp.kristdemokraterna.se\/taby\/wp-json\/wp\/v2\/posts\/1374\/revisions\/1414"}],"wp:featuredmedia":[{"embeddable":true,"href":"https:\/\/wp.kristdemokraterna.se\/taby\/wp-json\/wp\/v2\/media\/1375"}],"wp:attachment":[{"href":"https:\/\/wp.kristdemokraterna.se\/taby\/wp-json\/wp\/v2\/media?parent=1374"}],"wp:term":[{"taxonomy":"category","embeddable":true,"href":"https:\/\/wp.kristdemokraterna.se\/taby\/wp-json\/wp\/v2\/categories?post=1374"},{"taxonomy":"post_tag","embeddable":true,"href":"https:\/\/wp.kristdemokraterna.se\/taby\/wp-json\/wp\/v2\/tags?post=1374"}],"curies":[{"name":"wp","href":"https:\/\/api.w.org\/{rel}","templated":true}]}}