{"id":1381,"date":"2018-02-24T18:00:07","date_gmt":"2018-02-24T17:00:07","guid":{"rendered":"http:\/\/wp.kristdemokraterna.se\/taby\/?p=1381"},"modified":"2018-04-30T11:08:32","modified_gmt":"2018-04-30T09:08:32","slug":"traffade-du-oss-i-taby-c","status":"publish","type":"post","link":"https:\/\/wp.kristdemokraterna.se\/taby\/traffade-du-oss-i-taby-c\/","title":{"rendered":"Tr\u00e4ffade du oss i T\u00e4by C?"},"content":{"rendered":"<p>Tack till alla som tr\u00e4ffade oss i T\u00e4by C!<\/p>\n<p><!--more--><\/p>\n<p>Det var m\u00e5nga som var nyfikna p\u00e5 hur vi arbetar f\u00f6r att skapa ett b\u00e4ttre samh\u00e4lle. Vi jobbar f\u00f6r ett Tryggt och Snyggt T\u00e4by C!<\/p>\n<p>Vill du ocks\u00e5 vara med och arbeta f\u00f6r ett b\u00e4ttre Sverige! H\u00f6r av dig till oss!<\/p>\n","protected":false},"excerpt":{"rendered":"<p>Tack till alla som tr\u00e4ffade oss i T\u00e4by C!<\/p>\n","protected":false},"author":26,"featured_media":1382,"comment_status":"closed","ping_status":"closed","sticky":false,"template":"","format":"standard","meta":{"_acf_changed":false,"footnotes":""},"categories":[30,29,1],"tags":[],"class_list":["post-1381","post","type-post","status-publish","format-standard","hentry","category-inlagg","category-nyheter","category-okategoriserade"],"acf":[],"yoast_head":"<!-- This site is optimized with the Yoast SEO plugin v27.4 - https:\/\/yoast.com\/product\/yoast-seo-wordpress\/ -->\n<title>Tr\u00e4ffade du oss i T\u00e4by C? - T\u00e4by<\/title>\n<meta name=\"robots\" content=\"index, follow, max-snippet:-1, max-image-preview:large, max-video-preview:-1\" \/>\n<link rel=\"canonical\" href=\"https:\/\/wp.kristdemokraterna.se\/taby\/traffade-du-oss-i-taby-c\/\" \/>\n<meta property=\"og:locale\" content=\"sv_SE\" \/>\n<meta property=\"og:type\" content=\"article\" \/>\n<meta property=\"og:title\" content=\"Tr\u00e4ffade du oss i T\u00e4by C? - T\u00e4by\" \/>\n<meta property=\"og:description\" content=\"Tack till alla som tr\u00e4ffade oss i T\u00e4by C!\" \/>\n<meta property=\"og:url\" content=\"https:\/\/wp.kristdemokraterna.se\/taby\/traffade-du-oss-i-taby-c\/\" \/>\n<meta property=\"og:site_name\" content=\"T\u00e4by\" \/>\n<meta property=\"article:published_time\" content=\"2018-02-24T17:00:07+00:00\" \/>\n<meta property=\"article:modified_time\" content=\"2018-04-30T09:08:32+00:00\" \/>\n<meta property=\"og:image\" content=\"https:\/\/wp.kristdemokraterna.se\/taby\/files\/2018\/02\/kampanjande-i-taby-c-1802.jpg\" \/>\n\t<meta property=\"og:image:width\" content=\"200\" \/>\n\t<meta property=\"og:image:height\" content=\"200\" \/>\n\t<meta property=\"og:image:type\" content=\"image\/jpeg\" \/>\n<meta name=\"author\" content=\"taby\" \/>\n<meta name=\"twitter:card\" content=\"summary_large_image\" \/>\n<meta name=\"twitter:label1\" content=\"Skriven av\" \/>\n\t<meta name=\"twitter:data1\" content=\"taby\" \/>\n<script type=\"application\/ld+json\" class=\"yoast-schema-graph\">{\"@context\":\"https:\\\/\\\/schema.org\",\"@graph\":[{\"@type\":\"Article\",\"@id\":\"https:\\\/\\\/wp.kristdemokraterna.se\\\/taby\\\/traffade-du-oss-i-taby-c\\\/#article\",\"isPartOf\":{\"@id\":\"https:\\\/\\\/wp.kristdemokraterna.se\\\/taby\\\/traffade-du-oss-i-taby-c\\\/\"},\"author\":{\"name\":\"taby\",\"@id\":\"https:\\\/\\\/wp.kristdemokraterna.se\\\/taby\\\/#\\\/schema\\\/person\\\/12b9024c714759d0acdc1da1e754d06c\"},\"headline\":\"Tr\u00e4ffade du oss i T\u00e4by C?\",\"datePublished\":\"2018-02-24T17:00:07+00:00\",\"dateModified\":\"2018-04-30T09:08:32+00:00\",\"mainEntityOfPage\":{\"@id\":\"https:\\\/\\\/wp.kristdemokraterna.se\\\/taby\\\/traffade-du-oss-i-taby-c\\\/\"},\"wordCount\":69,\"image\":{\"@id\":\"https:\\\/\\\/wp.kristdemokraterna.se\\\/taby\\\/traffade-du-oss-i-taby-c\\\/#primaryimage\"},\"thumbnailUrl\":\"https:\\\/\\\/wp.kristdemokraterna.se\\\/taby\\\/files\\\/2018\\\/02\\\/kampanjande-i-taby-c-1802.jpg\",\"articleSection\":[\"inl\u00e4gg\",\"Nyheter\",\"Senaste nytt\"],\"inLanguage\":\"sv-SE\"},{\"@type\":\"WebPage\",\"@id\":\"https:\\\/\\\/wp.kristdemokraterna.se\\\/taby\\\/traffade-du-oss-i-taby-c\\\/\",\"url\":\"https:\\\/\\\/wp.kristdemokraterna.se\\\/taby\\\/traffade-du-oss-i-taby-c\\\/\",\"name\":\"Tr\u00e4ffade du oss i T\u00e4by C? - T\u00e4by\",\"isPartOf\":{\"@id\":\"https:\\\/\\\/wp.kristdemokraterna.se\\\/taby\\\/#website\"},\"primaryImageOfPage\":{\"@id\":\"https:\\\/\\\/wp.kristdemokraterna.se\\\/taby\\\/traffade-du-oss-i-taby-c\\\/#primaryimage\"},\"image\":{\"@id\":\"https:\\\/\\\/wp.kristdemokraterna.se\\\/taby\\\/traffade-du-oss-i-taby-c\\\/#primaryimage\"},\"thumbnailUrl\":\"https:\\\/\\\/wp.kristdemokraterna.se\\\/taby\\\/files\\\/2018\\\/02\\\/kampanjande-i-taby-c-1802.jpg\",\"datePublished\":\"2018-02-24T17:00:07+00:00\",\"dateModified\":\"2018-04-30T09:08:32+00:00\",\"author\":{\"@id\":\"https:\\\/\\\/wp.kristdemokraterna.se\\\/taby\\\/#\\\/schema\\\/person\\\/12b9024c714759d0acdc1da1e754d06c\"},\"breadcrumb\":{\"@id\":\"https:\\\/\\\/wp.kristdemokraterna.se\\\/taby\\\/traffade-du-oss-i-taby-c\\\/#breadcrumb\"},\"inLanguage\":\"sv-SE\",\"potentialAction\":[{\"@type\":\"ReadAction\",\"target\":[\"https:\\\/\\\/wp.kristdemokraterna.se\\\/taby\\\/traffade-du-oss-i-taby-c\\\/\"]}]},{\"@type\":\"ImageObject\",\"inLanguage\":\"sv-SE\",\"@id\":\"https:\\\/\\\/wp.kristdemokraterna.se\\\/taby\\\/traffade-du-oss-i-taby-c\\\/#primaryimage\",\"url\":\"https:\\\/\\\/wp.kristdemokraterna.se\\\/taby\\\/files\\\/2018\\\/02\\\/kampanjande-i-taby-c-1802.jpg\",\"contentUrl\":\"https:\\\/\\\/wp.kristdemokraterna.se\\\/taby\\\/files\\\/2018\\\/02\\\/kampanjande-i-taby-c-1802.jpg\",\"width\":200,\"height\":200},{\"@type\":\"BreadcrumbList\",\"@id\":\"https:\\\/\\\/wp.kristdemokraterna.se\\\/taby\\\/traffade-du-oss-i-taby-c\\\/#breadcrumb\",\"itemListElement\":[{\"@type\":\"ListItem\",\"position\":1,\"name\":\"Hem\",\"item\":\"https:\\\/\\\/wp.kristdemokraterna.se\\\/taby\\\/\"},{\"@type\":\"ListItem\",\"position\":2,\"name\":\"Tr\u00e4ffade du oss i T\u00e4by C?\"}]},{\"@type\":\"WebSite\",\"@id\":\"https:\\\/\\\/wp.kristdemokraterna.se\\\/taby\\\/#website\",\"url\":\"https:\\\/\\\/wp.kristdemokraterna.se\\\/taby\\\/\",\"name\":\"T\u00e4by\",\"description\":\"&quot;Det ska vara l\u00e4ttare att f\u00e5 ihop arbetsliv och familjeliv i T\u00e4by&quot;\",\"inLanguage\":\"sv-SE\"},{\"@type\":\"Person\",\"@id\":\"https:\\\/\\\/wp.kristdemokraterna.se\\\/taby\\\/#\\\/schema\\\/person\\\/12b9024c714759d0acdc1da1e754d06c\",\"name\":\"taby\",\"image\":{\"@type\":\"ImageObject\",\"inLanguage\":\"sv-SE\",\"@id\":\"https:\\\/\\\/secure.gravatar.com\\\/avatar\\\/62f6aca44d1f9c34b49438e5fdf4be3554253b04b49a76f013049906786db305?s=96&d=mm&r=g\",\"url\":\"https:\\\/\\\/secure.gravatar.com\\\/avatar\\\/62f6aca44d1f9c34b49438e5fdf4be3554253b04b49a76f013049906786db305?s=96&d=mm&r=g\",\"contentUrl\":\"https:\\\/\\\/secure.gravatar.com\\\/avatar\\\/62f6aca44d1f9c34b49438e5fdf4be3554253b04b49a76f013049906786db305?s=96&d=mm&r=g\",\"caption\":\"taby\"},\"url\":\"https:\\\/\\\/wp.kristdemokraterna.se\\\/taby\\\/author\\\/taby\\\/\"}]}<\/script>\n<!-- \/ Yoast SEO plugin. -->","yoast_head_json":{"title":"Tr\u00e4ffade du oss i T\u00e4by C? - T\u00e4by","robots":{"index":"index","follow":"follow","max-snippet":"max-snippet:-1","max-image-preview":"max-image-preview:large","max-video-preview":"max-video-preview:-1"},"canonical":"https:\/\/wp.kristdemokraterna.se\/taby\/traffade-du-oss-i-taby-c\/","og_locale":"sv_SE","og_type":"article","og_title":"Tr\u00e4ffade du oss i T\u00e4by C? - T\u00e4by","og_description":"Tack till alla som tr\u00e4ffade oss i T\u00e4by C!","og_url":"https:\/\/wp.kristdemokraterna.se\/taby\/traffade-du-oss-i-taby-c\/","og_site_name":"T\u00e4by","article_published_time":"2018-02-24T17:00:07+00:00","article_modified_time":"2018-04-30T09:08:32+00:00","og_image":[{"width":200,"height":200,"url":"https:\/\/wp.kristdemokraterna.se\/taby\/files\/2018\/02\/kampanjande-i-taby-c-1802.jpg","type":"image\/jpeg"}],"author":"taby","twitter_card":"summary_large_image","twitter_misc":{"Skriven av":"taby"},"schema":{"@context":"https:\/\/schema.org","@graph":[{"@type":"Article","@id":"https:\/\/wp.kristdemokraterna.se\/taby\/traffade-du-oss-i-taby-c\/#article","isPartOf":{"@id":"https:\/\/wp.kristdemokraterna.se\/taby\/traffade-du-oss-i-taby-c\/"},"author":{"name":"taby","@id":"https:\/\/wp.kristdemokraterna.se\/taby\/#\/schema\/person\/12b9024c714759d0acdc1da1e754d06c"},"headline":"Tr\u00e4ffade du oss i T\u00e4by C?","datePublished":"2018-02-24T17:00:07+00:00","dateModified":"2018-04-30T09:08:32+00:00","mainEntityOfPage":{"@id":"https:\/\/wp.kristdemokraterna.se\/taby\/traffade-du-oss-i-taby-c\/"},"wordCount":69,"image":{"@id":"https:\/\/wp.kristdemokraterna.se\/taby\/traffade-du-oss-i-taby-c\/#primaryimage"},"thumbnailUrl":"https:\/\/wp.kristdemokraterna.se\/taby\/files\/2018\/02\/kampanjande-i-taby-c-1802.jpg","articleSection":["inl\u00e4gg","Nyheter","Senaste nytt"],"inLanguage":"sv-SE"},{"@type":"WebPage","@id":"https:\/\/wp.kristdemokraterna.se\/taby\/traffade-du-oss-i-taby-c\/","url":"https:\/\/wp.kristdemokraterna.se\/taby\/traffade-du-oss-i-taby-c\/","name":"Tr\u00e4ffade du oss i T\u00e4by C? - T\u00e4by","isPartOf":{"@id":"https:\/\/wp.kristdemokraterna.se\/taby\/#website"},"primaryImageOfPage":{"@id":"https:\/\/wp.kristdemokraterna.se\/taby\/traffade-du-oss-i-taby-c\/#primaryimage"},"image":{"@id":"https:\/\/wp.kristdemokraterna.se\/taby\/traffade-du-oss-i-taby-c\/#primaryimage"},"thumbnailUrl":"https:\/\/wp.kristdemokraterna.se\/taby\/files\/2018\/02\/kampanjande-i-taby-c-1802.jpg","datePublished":"2018-02-24T17:00:07+00:00","dateModified":"2018-04-30T09:08:32+00:00","author":{"@id":"https:\/\/wp.kristdemokraterna.se\/taby\/#\/schema\/person\/12b9024c714759d0acdc1da1e754d06c"},"breadcrumb":{"@id":"https:\/\/wp.kristdemokraterna.se\/taby\/traffade-du-oss-i-taby-c\/#breadcrumb"},"inLanguage":"sv-SE","potentialAction":[{"@type":"ReadAction","target":["https:\/\/wp.kristdemokraterna.se\/taby\/traffade-du-oss-i-taby-c\/"]}]},{"@type":"ImageObject","inLanguage":"sv-SE","@id":"https:\/\/wp.kristdemokraterna.se\/taby\/traffade-du-oss-i-taby-c\/#primaryimage","url":"https:\/\/wp.kristdemokraterna.se\/taby\/files\/2018\/02\/kampanjande-i-taby-c-1802.jpg","contentUrl":"https:\/\/wp.kristdemokraterna.se\/taby\/files\/2018\/02\/kampanjande-i-taby-c-1802.jpg","width":200,"height":200},{"@type":"BreadcrumbList","@id":"https:\/\/wp.kristdemokraterna.se\/taby\/traffade-du-oss-i-taby-c\/#breadcrumb","itemListElement":[{"@type":"ListItem","position":1,"name":"Hem","item":"https:\/\/wp.kristdemokraterna.se\/taby\/"},{"@type":"ListItem","position":2,"name":"Tr\u00e4ffade du oss i T\u00e4by C?"}]},{"@type":"WebSite","@id":"https:\/\/wp.kristdemokraterna.se\/taby\/#website","url":"https:\/\/wp.kristdemokraterna.se\/taby\/","name":"T\u00e4by","description":"&quot;Det ska vara l\u00e4ttare att f\u00e5 ihop arbetsliv och familjeliv i T\u00e4by&quot;","inLanguage":"sv-SE"},{"@type":"Person","@id":"https:\/\/wp.kristdemokraterna.se\/taby\/#\/schema\/person\/12b9024c714759d0acdc1da1e754d06c","name":"taby","image":{"@type":"ImageObject","inLanguage":"sv-SE","@id":"https:\/\/secure.gravatar.com\/avatar\/62f6aca44d1f9c34b49438e5fdf4be3554253b04b49a76f013049906786db305?s=96&d=mm&r=g","url":"https:\/\/secure.gravatar.com\/avatar\/62f6aca44d1f9c34b49438e5fdf4be3554253b04b49a76f013049906786db305?s=96&d=mm&r=g","contentUrl":"https:\/\/secure.gravatar.com\/avatar\/62f6aca44d1f9c34b49438e5fdf4be3554253b04b49a76f013049906786db305?s=96&d=mm&r=g","caption":"taby"},"url":"https:\/\/wp.kristdemokraterna.se\/taby\/author\/taby\/"}]}},"_links":{"self":[{"href":"https:\/\/wp.kristdemokraterna.se\/taby\/wp-json\/wp\/v2\/posts\/1381","targetHints":{"allow":["GET"]}}],"collection":[{"href":"https:\/\/wp.kristdemokraterna.se\/taby\/wp-json\/wp\/v2\/posts"}],"about":[{"href":"https:\/\/wp.kristdemokraterna.se\/taby\/wp-json\/wp\/v2\/types\/post"}],"author":[{"embeddable":true,"href":"https:\/\/wp.kristdemokraterna.se\/taby\/wp-json\/wp\/v2\/users\/26"}],"replies":[{"embeddable":true,"href":"https:\/\/wp.kristdemokraterna.se\/taby\/wp-json\/wp\/v2\/comments?post=1381"}],"version-history":[{"count":1,"href":"https:\/\/wp.kristdemokraterna.se\/taby\/wp-json\/wp\/v2\/posts\/1381\/revisions"}],"predecessor-version":[{"id":1383,"href":"https:\/\/wp.kristdemokraterna.se\/taby\/wp-json\/wp\/v2\/posts\/1381\/revisions\/1383"}],"wp:featuredmedia":[{"embeddable":true,"href":"https:\/\/wp.kristdemokraterna.se\/taby\/wp-json\/wp\/v2\/media\/1382"}],"wp:attachment":[{"href":"https:\/\/wp.kristdemokraterna.se\/taby\/wp-json\/wp\/v2\/media?parent=1381"}],"wp:term":[{"taxonomy":"category","embeddable":true,"href":"https:\/\/wp.kristdemokraterna.se\/taby\/wp-json\/wp\/v2\/categories?post=1381"},{"taxonomy":"post_tag","embeddable":true,"href":"https:\/\/wp.kristdemokraterna.se\/taby\/wp-json\/wp\/v2\/tags?post=1381"}],"curies":[{"name":"wp","href":"https:\/\/api.w.org\/{rel}","templated":true}]}}