{"id":1496,"date":"2018-04-11T08:26:21","date_gmt":"2018-04-11T06:26:21","guid":{"rendered":"http:\/\/wp.kristdemokraterna.se\/taby\/?p=1496"},"modified":"2018-04-30T11:08:31","modified_gmt":"2018-04-30T09:08:31","slug":"aterinfor-ej-fastighetsskatten","status":"publish","type":"post","link":"https:\/\/wp.kristdemokraterna.se\/taby\/aterinfor-ej-fastighetsskatten\/","title":{"rendered":"\u00c5terinf\u00f6r ej fastighetsskatten"},"content":{"rendered":"<p>Om fastighetsskatten \u00e5terinf\u00f6rs drabbas m\u00e5nga \u00e4ldre.<\/p>\n<p><!--more--><\/p>\n<p>Kommunalr\u00e5d Camilla Brodin uttalar sig kring den skadliga fastighetsskatten som fd finansministern Andres Borg nu vill \u00e5terinf\u00f6ra. N\u00e5got som skulle sl\u00e5 h\u00e5rt mot \u00e4ldre m\u00e4nniskor i Stockholmsregionen. Slopa Anders Borgs f\u00f6rslag, precis som KD gjorde med fastighetsskatten.<\/p>\n<p>\u00c4ldre m\u00e4nniskor i stockholmsregionen drabbades h\u00e5rdast av den gamla fastighetsskatten. Fd finansminister Anders Borg g\u00e5r nu ut och vill \u00e5terinf\u00f6ra denna skadlig<span class=\"text_exposed_show\">a skatt. Jag som riksdagskandidat, kan inte nog, po\u00e4ngtera att KD var de som avskaffade den och vi \u00e4r garanten f\u00f6r att den inte \u00e5terinf\u00f6rs. Detta f\u00f6r att du ska kunna \u00e5ldras i trygghet och inte beh\u00f6va vara r\u00e4dd f\u00f6r ekonomi och boende p\u00e5 \u00e5lderns h\u00f6st. <\/span><\/p>\n<p><span class=\"text_exposed_show\"><br \/>\nVi slopade fastighetsskatten f\u00f6r att ge trygghet, f\u00f6ruts\u00e4gbarhet och f\u00f6rhindra en skattesm\u00e4ll enbart orsakad av att grannarna haft en lyckosam f\u00f6rs\u00e4ljning. L\u00e5t Anders Borgs f\u00f6rslag slopas, precis som vi gjorde med fastighetsskatten! <\/span><\/p>\n<div class=\"text_exposed_show\">\n<p>Alf Svensson, d\u00e5varande partiledare i KD sa p\u00e5 rikstinget i Pite\u00e5 2001.<\/p>\n<p>\u201d- Jag talade med Britta f\u00f6r n\u00e5gra f\u00e5 dagar sedan. Hon skrev ett brev med darrig hand. Jag ringde upp. Hon gr\u00e4t bittert d\u00e5 hon ber\u00e4ttade:<\/p>\n<p>\u201d-\u00a0Jag v\u00e4nde mig inte om n\u00e4r flyttlasset gick, sa hon. Vi har slitit och sl\u00e4pat b\u00e5da. Den som \u00e4r satt i skuld \u00e4r inte fri. Britta citerade statsministern. Vi hade gjort allt f\u00f6r att klara av v\u00e5ra skulder. Men friheten togs ifr\u00e5n oss \u00e4nd\u00e5. Ingen kan ana hur vi slet f\u00f6r att trygga v\u00e5rt boende p\u00e5 \u00e5lderns h\u00f6st. Det hj\u00e4lpte inte\u201d.<\/p>\n<\/div>\n","protected":false},"excerpt":{"rendered":"<p>Om fastighetsskatten \u00e5terinf\u00f6rs drabbas m\u00e5nga \u00e4ldre.<\/p>\n","protected":false},"author":26,"featured_media":0,"comment_status":"closed","ping_status":"closed","sticky":false,"template":"","format":"standard","meta":{"_acf_changed":false,"footnotes":""},"categories":[30,29,1],"tags":[],"class_list":["post-1496","post","type-post","status-publish","format-standard","hentry","category-inlagg","category-nyheter","category-okategoriserade"],"acf":[],"yoast_head":"<!-- This site is optimized with the Yoast SEO plugin v27.4 - https:\/\/yoast.com\/product\/yoast-seo-wordpress\/ -->\n<title>\u00c5terinf\u00f6r ej fastighetsskatten - T\u00e4by<\/title>\n<meta name=\"robots\" content=\"index, follow, max-snippet:-1, max-image-preview:large, max-video-preview:-1\" \/>\n<link rel=\"canonical\" href=\"https:\/\/wp.kristdemokraterna.se\/taby\/aterinfor-ej-fastighetsskatten\/\" \/>\n<meta property=\"og:locale\" content=\"sv_SE\" \/>\n<meta property=\"og:type\" content=\"article\" \/>\n<meta property=\"og:title\" content=\"\u00c5terinf\u00f6r ej fastighetsskatten - T\u00e4by\" \/>\n<meta property=\"og:description\" content=\"Om fastighetsskatten \u00e5terinf\u00f6rs drabbas m\u00e5nga \u00e4ldre.\" \/>\n<meta property=\"og:url\" content=\"https:\/\/wp.kristdemokraterna.se\/taby\/aterinfor-ej-fastighetsskatten\/\" \/>\n<meta property=\"og:site_name\" content=\"T\u00e4by\" \/>\n<meta property=\"article:published_time\" content=\"2018-04-11T06:26:21+00:00\" \/>\n<meta property=\"article:modified_time\" content=\"2018-04-30T09:08:31+00:00\" \/>\n<meta name=\"author\" content=\"taby\" \/>\n<meta name=\"twitter:card\" content=\"summary_large_image\" \/>\n<meta name=\"twitter:label1\" content=\"Skriven av\" \/>\n\t<meta name=\"twitter:data1\" content=\"taby\" \/>\n\t<meta name=\"twitter:label2\" content=\"Ber\u00e4knad l\u00e4stid\" \/>\n\t<meta name=\"twitter:data2\" content=\"1 minut\" \/>\n<script type=\"application\/ld+json\" class=\"yoast-schema-graph\">{\"@context\":\"https:\\\/\\\/schema.org\",\"@graph\":[{\"@type\":\"Article\",\"@id\":\"https:\\\/\\\/wp.kristdemokraterna.se\\\/taby\\\/aterinfor-ej-fastighetsskatten\\\/#article\",\"isPartOf\":{\"@id\":\"https:\\\/\\\/wp.kristdemokraterna.se\\\/taby\\\/aterinfor-ej-fastighetsskatten\\\/\"},\"author\":{\"name\":\"taby\",\"@id\":\"https:\\\/\\\/wp.kristdemokraterna.se\\\/taby\\\/#\\\/schema\\\/person\\\/12b9024c714759d0acdc1da1e754d06c\"},\"headline\":\"\u00c5terinf\u00f6r ej fastighetsskatten\",\"datePublished\":\"2018-04-11T06:26:21+00:00\",\"dateModified\":\"2018-04-30T09:08:31+00:00\",\"mainEntityOfPage\":{\"@id\":\"https:\\\/\\\/wp.kristdemokraterna.se\\\/taby\\\/aterinfor-ej-fastighetsskatten\\\/\"},\"wordCount\":290,\"articleSection\":[\"inl\u00e4gg\",\"Nyheter\",\"Senaste nytt\"],\"inLanguage\":\"sv-SE\"},{\"@type\":\"WebPage\",\"@id\":\"https:\\\/\\\/wp.kristdemokraterna.se\\\/taby\\\/aterinfor-ej-fastighetsskatten\\\/\",\"url\":\"https:\\\/\\\/wp.kristdemokraterna.se\\\/taby\\\/aterinfor-ej-fastighetsskatten\\\/\",\"name\":\"\u00c5terinf\u00f6r ej fastighetsskatten - T\u00e4by\",\"isPartOf\":{\"@id\":\"https:\\\/\\\/wp.kristdemokraterna.se\\\/taby\\\/#website\"},\"datePublished\":\"2018-04-11T06:26:21+00:00\",\"dateModified\":\"2018-04-30T09:08:31+00:00\",\"author\":{\"@id\":\"https:\\\/\\\/wp.kristdemokraterna.se\\\/taby\\\/#\\\/schema\\\/person\\\/12b9024c714759d0acdc1da1e754d06c\"},\"breadcrumb\":{\"@id\":\"https:\\\/\\\/wp.kristdemokraterna.se\\\/taby\\\/aterinfor-ej-fastighetsskatten\\\/#breadcrumb\"},\"inLanguage\":\"sv-SE\",\"potentialAction\":[{\"@type\":\"ReadAction\",\"target\":[\"https:\\\/\\\/wp.kristdemokraterna.se\\\/taby\\\/aterinfor-ej-fastighetsskatten\\\/\"]}]},{\"@type\":\"BreadcrumbList\",\"@id\":\"https:\\\/\\\/wp.kristdemokraterna.se\\\/taby\\\/aterinfor-ej-fastighetsskatten\\\/#breadcrumb\",\"itemListElement\":[{\"@type\":\"ListItem\",\"position\":1,\"name\":\"Hem\",\"item\":\"https:\\\/\\\/wp.kristdemokraterna.se\\\/taby\\\/\"},{\"@type\":\"ListItem\",\"position\":2,\"name\":\"\u00c5terinf\u00f6r ej fastighetsskatten\"}]},{\"@type\":\"WebSite\",\"@id\":\"https:\\\/\\\/wp.kristdemokraterna.se\\\/taby\\\/#website\",\"url\":\"https:\\\/\\\/wp.kristdemokraterna.se\\\/taby\\\/\",\"name\":\"T\u00e4by\",\"description\":\"&quot;Det ska vara l\u00e4ttare att f\u00e5 ihop arbetsliv och familjeliv i T\u00e4by&quot;\",\"inLanguage\":\"sv-SE\"},{\"@type\":\"Person\",\"@id\":\"https:\\\/\\\/wp.kristdemokraterna.se\\\/taby\\\/#\\\/schema\\\/person\\\/12b9024c714759d0acdc1da1e754d06c\",\"name\":\"taby\",\"image\":{\"@type\":\"ImageObject\",\"inLanguage\":\"sv-SE\",\"@id\":\"https:\\\/\\\/secure.gravatar.com\\\/avatar\\\/62f6aca44d1f9c34b49438e5fdf4be3554253b04b49a76f013049906786db305?s=96&d=mm&r=g\",\"url\":\"https:\\\/\\\/secure.gravatar.com\\\/avatar\\\/62f6aca44d1f9c34b49438e5fdf4be3554253b04b49a76f013049906786db305?s=96&d=mm&r=g\",\"contentUrl\":\"https:\\\/\\\/secure.gravatar.com\\\/avatar\\\/62f6aca44d1f9c34b49438e5fdf4be3554253b04b49a76f013049906786db305?s=96&d=mm&r=g\",\"caption\":\"taby\"},\"url\":\"https:\\\/\\\/wp.kristdemokraterna.se\\\/taby\\\/author\\\/taby\\\/\"}]}<\/script>\n<!-- \/ Yoast SEO plugin. -->","yoast_head_json":{"title":"\u00c5terinf\u00f6r ej fastighetsskatten - T\u00e4by","robots":{"index":"index","follow":"follow","max-snippet":"max-snippet:-1","max-image-preview":"max-image-preview:large","max-video-preview":"max-video-preview:-1"},"canonical":"https:\/\/wp.kristdemokraterna.se\/taby\/aterinfor-ej-fastighetsskatten\/","og_locale":"sv_SE","og_type":"article","og_title":"\u00c5terinf\u00f6r ej fastighetsskatten - T\u00e4by","og_description":"Om fastighetsskatten \u00e5terinf\u00f6rs drabbas m\u00e5nga \u00e4ldre.","og_url":"https:\/\/wp.kristdemokraterna.se\/taby\/aterinfor-ej-fastighetsskatten\/","og_site_name":"T\u00e4by","article_published_time":"2018-04-11T06:26:21+00:00","article_modified_time":"2018-04-30T09:08:31+00:00","author":"taby","twitter_card":"summary_large_image","twitter_misc":{"Skriven av":"taby","Ber\u00e4knad l\u00e4stid":"1 minut"},"schema":{"@context":"https:\/\/schema.org","@graph":[{"@type":"Article","@id":"https:\/\/wp.kristdemokraterna.se\/taby\/aterinfor-ej-fastighetsskatten\/#article","isPartOf":{"@id":"https:\/\/wp.kristdemokraterna.se\/taby\/aterinfor-ej-fastighetsskatten\/"},"author":{"name":"taby","@id":"https:\/\/wp.kristdemokraterna.se\/taby\/#\/schema\/person\/12b9024c714759d0acdc1da1e754d06c"},"headline":"\u00c5terinf\u00f6r ej fastighetsskatten","datePublished":"2018-04-11T06:26:21+00:00","dateModified":"2018-04-30T09:08:31+00:00","mainEntityOfPage":{"@id":"https:\/\/wp.kristdemokraterna.se\/taby\/aterinfor-ej-fastighetsskatten\/"},"wordCount":290,"articleSection":["inl\u00e4gg","Nyheter","Senaste nytt"],"inLanguage":"sv-SE"},{"@type":"WebPage","@id":"https:\/\/wp.kristdemokraterna.se\/taby\/aterinfor-ej-fastighetsskatten\/","url":"https:\/\/wp.kristdemokraterna.se\/taby\/aterinfor-ej-fastighetsskatten\/","name":"\u00c5terinf\u00f6r ej fastighetsskatten - T\u00e4by","isPartOf":{"@id":"https:\/\/wp.kristdemokraterna.se\/taby\/#website"},"datePublished":"2018-04-11T06:26:21+00:00","dateModified":"2018-04-30T09:08:31+00:00","author":{"@id":"https:\/\/wp.kristdemokraterna.se\/taby\/#\/schema\/person\/12b9024c714759d0acdc1da1e754d06c"},"breadcrumb":{"@id":"https:\/\/wp.kristdemokraterna.se\/taby\/aterinfor-ej-fastighetsskatten\/#breadcrumb"},"inLanguage":"sv-SE","potentialAction":[{"@type":"ReadAction","target":["https:\/\/wp.kristdemokraterna.se\/taby\/aterinfor-ej-fastighetsskatten\/"]}]},{"@type":"BreadcrumbList","@id":"https:\/\/wp.kristdemokraterna.se\/taby\/aterinfor-ej-fastighetsskatten\/#breadcrumb","itemListElement":[{"@type":"ListItem","position":1,"name":"Hem","item":"https:\/\/wp.kristdemokraterna.se\/taby\/"},{"@type":"ListItem","position":2,"name":"\u00c5terinf\u00f6r ej fastighetsskatten"}]},{"@type":"WebSite","@id":"https:\/\/wp.kristdemokraterna.se\/taby\/#website","url":"https:\/\/wp.kristdemokraterna.se\/taby\/","name":"T\u00e4by","description":"&quot;Det ska vara l\u00e4ttare att f\u00e5 ihop arbetsliv och familjeliv i T\u00e4by&quot;","inLanguage":"sv-SE"},{"@type":"Person","@id":"https:\/\/wp.kristdemokraterna.se\/taby\/#\/schema\/person\/12b9024c714759d0acdc1da1e754d06c","name":"taby","image":{"@type":"ImageObject","inLanguage":"sv-SE","@id":"https:\/\/secure.gravatar.com\/avatar\/62f6aca44d1f9c34b49438e5fdf4be3554253b04b49a76f013049906786db305?s=96&d=mm&r=g","url":"https:\/\/secure.gravatar.com\/avatar\/62f6aca44d1f9c34b49438e5fdf4be3554253b04b49a76f013049906786db305?s=96&d=mm&r=g","contentUrl":"https:\/\/secure.gravatar.com\/avatar\/62f6aca44d1f9c34b49438e5fdf4be3554253b04b49a76f013049906786db305?s=96&d=mm&r=g","caption":"taby"},"url":"https:\/\/wp.kristdemokraterna.se\/taby\/author\/taby\/"}]}},"_links":{"self":[{"href":"https:\/\/wp.kristdemokraterna.se\/taby\/wp-json\/wp\/v2\/posts\/1496","targetHints":{"allow":["GET"]}}],"collection":[{"href":"https:\/\/wp.kristdemokraterna.se\/taby\/wp-json\/wp\/v2\/posts"}],"about":[{"href":"https:\/\/wp.kristdemokraterna.se\/taby\/wp-json\/wp\/v2\/types\/post"}],"author":[{"embeddable":true,"href":"https:\/\/wp.kristdemokraterna.se\/taby\/wp-json\/wp\/v2\/users\/26"}],"replies":[{"embeddable":true,"href":"https:\/\/wp.kristdemokraterna.se\/taby\/wp-json\/wp\/v2\/comments?post=1496"}],"version-history":[{"count":1,"href":"https:\/\/wp.kristdemokraterna.se\/taby\/wp-json\/wp\/v2\/posts\/1496\/revisions"}],"predecessor-version":[{"id":1497,"href":"https:\/\/wp.kristdemokraterna.se\/taby\/wp-json\/wp\/v2\/posts\/1496\/revisions\/1497"}],"wp:attachment":[{"href":"https:\/\/wp.kristdemokraterna.se\/taby\/wp-json\/wp\/v2\/media?parent=1496"}],"wp:term":[{"taxonomy":"category","embeddable":true,"href":"https:\/\/wp.kristdemokraterna.se\/taby\/wp-json\/wp\/v2\/categories?post=1496"},{"taxonomy":"post_tag","embeddable":true,"href":"https:\/\/wp.kristdemokraterna.se\/taby\/wp-json\/wp\/v2\/tags?post=1496"}],"curies":[{"name":"wp","href":"https:\/\/api.w.org\/{rel}","templated":true}]}}