{"id":1518,"date":"2018-04-22T20:06:00","date_gmt":"2018-04-22T18:06:00","guid":{"rendered":"http:\/\/wp.kristdemokraterna.se\/taby\/?p=1518"},"modified":"2018-04-30T11:08:30","modified_gmt":"2018-04-30T09:08:30","slug":"de-vill-arbeta-for-dig-i-taby","status":"publish","type":"post","link":"https:\/\/wp.kristdemokraterna.se\/taby\/de-vill-arbeta-for-dig-i-taby\/","title":{"rendered":"De vill arbeta f\u00f6r dig i T\u00e4by!"},"content":{"rendered":"<p>L\u00e4s v\u00e5r kandidatlista f\u00f6r valet!<\/p>\n<p><!--more--><\/p>\n<p>Nu \u00e4r det klart vilka kristdemokrater som vill f\u00f6retr\u00e4da dig i T\u00e4by.<\/p>\n<p><a href=\"https:\/\/data.val.se\/val\/val2018\/valsedlar\/K\/kommun\/01\/60\/valsedlar.html#id0068\" target=\"_blank\" rel=\"noopener\">L\u00e4s listan p\u00e5 Valmyndighetens hemsida, klicka h\u00e4r!<\/a><\/p>\n<p><!--more--><\/p>\n<p>Vill du veta vilka som kan r\u00f6sta p\u00e5 till Stockholms l\u00e4ns landsting?<br \/>\n<a href=\"https:\/\/data.val.se\/val\/val2018\/valsedlar\/L\/lan\/01\/valsedlar.html#id0068\" target=\"_blank\" rel=\"noopener\">L\u00e4s listan p\u00e5 Valmyndighetens hemsdia, klicka h\u00e4r!<\/a><\/p>\n<p>&nbsp;<\/p>\n<p><em>P\u00e5 bilden: Camilla Brodin, Christer Swaretz och Eva von Wowern.<\/em><\/p>\n","protected":false},"excerpt":{"rendered":"<p>L\u00e4s v\u00e5r kandidatlista f\u00f6r valet!<\/p>\n","protected":false},"author":26,"featured_media":0,"comment_status":"closed","ping_status":"closed","sticky":false,"template":"","format":"standard","meta":{"_acf_changed":false,"footnotes":""},"categories":[30,29,1],"tags":[],"class_list":["post-1518","post","type-post","status-publish","format-standard","hentry","category-inlagg","category-nyheter","category-okategoriserade"],"acf":[],"yoast_head":"<!-- This site is optimized with the Yoast SEO plugin v27.4 - https:\/\/yoast.com\/product\/yoast-seo-wordpress\/ -->\n<title>De vill arbeta f\u00f6r dig i T\u00e4by! - T\u00e4by<\/title>\n<meta name=\"robots\" content=\"index, follow, max-snippet:-1, max-image-preview:large, max-video-preview:-1\" \/>\n<link rel=\"canonical\" href=\"https:\/\/wp.kristdemokraterna.se\/taby\/de-vill-arbeta-for-dig-i-taby\/\" \/>\n<meta property=\"og:locale\" content=\"sv_SE\" \/>\n<meta property=\"og:type\" content=\"article\" \/>\n<meta property=\"og:title\" content=\"De vill arbeta f\u00f6r dig i T\u00e4by! - T\u00e4by\" \/>\n<meta property=\"og:description\" content=\"L\u00e4s v\u00e5r kandidatlista f\u00f6r valet!\" \/>\n<meta property=\"og:url\" content=\"https:\/\/wp.kristdemokraterna.se\/taby\/de-vill-arbeta-for-dig-i-taby\/\" \/>\n<meta property=\"og:site_name\" content=\"T\u00e4by\" \/>\n<meta property=\"article:published_time\" content=\"2018-04-22T18:06:00+00:00\" \/>\n<meta property=\"article:modified_time\" content=\"2018-04-30T09:08:30+00:00\" \/>\n<meta name=\"author\" content=\"taby\" \/>\n<meta name=\"twitter:card\" content=\"summary_large_image\" \/>\n<meta name=\"twitter:label1\" content=\"Skriven av\" \/>\n\t<meta name=\"twitter:data1\" content=\"taby\" \/>\n<script type=\"application\/ld+json\" class=\"yoast-schema-graph\">{\"@context\":\"https:\\\/\\\/schema.org\",\"@graph\":[{\"@type\":\"Article\",\"@id\":\"https:\\\/\\\/wp.kristdemokraterna.se\\\/taby\\\/de-vill-arbeta-for-dig-i-taby\\\/#article\",\"isPartOf\":{\"@id\":\"https:\\\/\\\/wp.kristdemokraterna.se\\\/taby\\\/de-vill-arbeta-for-dig-i-taby\\\/\"},\"author\":{\"name\":\"taby\",\"@id\":\"https:\\\/\\\/wp.kristdemokraterna.se\\\/taby\\\/#\\\/schema\\\/person\\\/12b9024c714759d0acdc1da1e754d06c\"},\"headline\":\"De vill arbeta f\u00f6r dig i T\u00e4by!\",\"datePublished\":\"2018-04-22T18:06:00+00:00\",\"dateModified\":\"2018-04-30T09:08:30+00:00\",\"mainEntityOfPage\":{\"@id\":\"https:\\\/\\\/wp.kristdemokraterna.se\\\/taby\\\/de-vill-arbeta-for-dig-i-taby\\\/\"},\"wordCount\":75,\"articleSection\":[\"inl\u00e4gg\",\"Nyheter\",\"Senaste nytt\"],\"inLanguage\":\"sv-SE\"},{\"@type\":\"WebPage\",\"@id\":\"https:\\\/\\\/wp.kristdemokraterna.se\\\/taby\\\/de-vill-arbeta-for-dig-i-taby\\\/\",\"url\":\"https:\\\/\\\/wp.kristdemokraterna.se\\\/taby\\\/de-vill-arbeta-for-dig-i-taby\\\/\",\"name\":\"De vill arbeta f\u00f6r dig i T\u00e4by! - T\u00e4by\",\"isPartOf\":{\"@id\":\"https:\\\/\\\/wp.kristdemokraterna.se\\\/taby\\\/#website\"},\"datePublished\":\"2018-04-22T18:06:00+00:00\",\"dateModified\":\"2018-04-30T09:08:30+00:00\",\"author\":{\"@id\":\"https:\\\/\\\/wp.kristdemokraterna.se\\\/taby\\\/#\\\/schema\\\/person\\\/12b9024c714759d0acdc1da1e754d06c\"},\"breadcrumb\":{\"@id\":\"https:\\\/\\\/wp.kristdemokraterna.se\\\/taby\\\/de-vill-arbeta-for-dig-i-taby\\\/#breadcrumb\"},\"inLanguage\":\"sv-SE\",\"potentialAction\":[{\"@type\":\"ReadAction\",\"target\":[\"https:\\\/\\\/wp.kristdemokraterna.se\\\/taby\\\/de-vill-arbeta-for-dig-i-taby\\\/\"]}]},{\"@type\":\"BreadcrumbList\",\"@id\":\"https:\\\/\\\/wp.kristdemokraterna.se\\\/taby\\\/de-vill-arbeta-for-dig-i-taby\\\/#breadcrumb\",\"itemListElement\":[{\"@type\":\"ListItem\",\"position\":1,\"name\":\"Hem\",\"item\":\"https:\\\/\\\/wp.kristdemokraterna.se\\\/taby\\\/\"},{\"@type\":\"ListItem\",\"position\":2,\"name\":\"De vill arbeta f\u00f6r dig i T\u00e4by!\"}]},{\"@type\":\"WebSite\",\"@id\":\"https:\\\/\\\/wp.kristdemokraterna.se\\\/taby\\\/#website\",\"url\":\"https:\\\/\\\/wp.kristdemokraterna.se\\\/taby\\\/\",\"name\":\"T\u00e4by\",\"description\":\"&quot;Det ska vara l\u00e4ttare att f\u00e5 ihop arbetsliv och familjeliv i T\u00e4by&quot;\",\"inLanguage\":\"sv-SE\"},{\"@type\":\"Person\",\"@id\":\"https:\\\/\\\/wp.kristdemokraterna.se\\\/taby\\\/#\\\/schema\\\/person\\\/12b9024c714759d0acdc1da1e754d06c\",\"name\":\"taby\",\"image\":{\"@type\":\"ImageObject\",\"inLanguage\":\"sv-SE\",\"@id\":\"https:\\\/\\\/secure.gravatar.com\\\/avatar\\\/62f6aca44d1f9c34b49438e5fdf4be3554253b04b49a76f013049906786db305?s=96&d=mm&r=g\",\"url\":\"https:\\\/\\\/secure.gravatar.com\\\/avatar\\\/62f6aca44d1f9c34b49438e5fdf4be3554253b04b49a76f013049906786db305?s=96&d=mm&r=g\",\"contentUrl\":\"https:\\\/\\\/secure.gravatar.com\\\/avatar\\\/62f6aca44d1f9c34b49438e5fdf4be3554253b04b49a76f013049906786db305?s=96&d=mm&r=g\",\"caption\":\"taby\"},\"url\":\"https:\\\/\\\/wp.kristdemokraterna.se\\\/taby\\\/author\\\/taby\\\/\"}]}<\/script>\n<!-- \/ Yoast SEO plugin. -->","yoast_head_json":{"title":"De vill arbeta f\u00f6r dig i T\u00e4by! - T\u00e4by","robots":{"index":"index","follow":"follow","max-snippet":"max-snippet:-1","max-image-preview":"max-image-preview:large","max-video-preview":"max-video-preview:-1"},"canonical":"https:\/\/wp.kristdemokraterna.se\/taby\/de-vill-arbeta-for-dig-i-taby\/","og_locale":"sv_SE","og_type":"article","og_title":"De vill arbeta f\u00f6r dig i T\u00e4by! - T\u00e4by","og_description":"L\u00e4s v\u00e5r kandidatlista f\u00f6r valet!","og_url":"https:\/\/wp.kristdemokraterna.se\/taby\/de-vill-arbeta-for-dig-i-taby\/","og_site_name":"T\u00e4by","article_published_time":"2018-04-22T18:06:00+00:00","article_modified_time":"2018-04-30T09:08:30+00:00","author":"taby","twitter_card":"summary_large_image","twitter_misc":{"Skriven av":"taby"},"schema":{"@context":"https:\/\/schema.org","@graph":[{"@type":"Article","@id":"https:\/\/wp.kristdemokraterna.se\/taby\/de-vill-arbeta-for-dig-i-taby\/#article","isPartOf":{"@id":"https:\/\/wp.kristdemokraterna.se\/taby\/de-vill-arbeta-for-dig-i-taby\/"},"author":{"name":"taby","@id":"https:\/\/wp.kristdemokraterna.se\/taby\/#\/schema\/person\/12b9024c714759d0acdc1da1e754d06c"},"headline":"De vill arbeta f\u00f6r dig i T\u00e4by!","datePublished":"2018-04-22T18:06:00+00:00","dateModified":"2018-04-30T09:08:30+00:00","mainEntityOfPage":{"@id":"https:\/\/wp.kristdemokraterna.se\/taby\/de-vill-arbeta-for-dig-i-taby\/"},"wordCount":75,"articleSection":["inl\u00e4gg","Nyheter","Senaste nytt"],"inLanguage":"sv-SE"},{"@type":"WebPage","@id":"https:\/\/wp.kristdemokraterna.se\/taby\/de-vill-arbeta-for-dig-i-taby\/","url":"https:\/\/wp.kristdemokraterna.se\/taby\/de-vill-arbeta-for-dig-i-taby\/","name":"De vill arbeta f\u00f6r dig i T\u00e4by! - T\u00e4by","isPartOf":{"@id":"https:\/\/wp.kristdemokraterna.se\/taby\/#website"},"datePublished":"2018-04-22T18:06:00+00:00","dateModified":"2018-04-30T09:08:30+00:00","author":{"@id":"https:\/\/wp.kristdemokraterna.se\/taby\/#\/schema\/person\/12b9024c714759d0acdc1da1e754d06c"},"breadcrumb":{"@id":"https:\/\/wp.kristdemokraterna.se\/taby\/de-vill-arbeta-for-dig-i-taby\/#breadcrumb"},"inLanguage":"sv-SE","potentialAction":[{"@type":"ReadAction","target":["https:\/\/wp.kristdemokraterna.se\/taby\/de-vill-arbeta-for-dig-i-taby\/"]}]},{"@type":"BreadcrumbList","@id":"https:\/\/wp.kristdemokraterna.se\/taby\/de-vill-arbeta-for-dig-i-taby\/#breadcrumb","itemListElement":[{"@type":"ListItem","position":1,"name":"Hem","item":"https:\/\/wp.kristdemokraterna.se\/taby\/"},{"@type":"ListItem","position":2,"name":"De vill arbeta f\u00f6r dig i T\u00e4by!"}]},{"@type":"WebSite","@id":"https:\/\/wp.kristdemokraterna.se\/taby\/#website","url":"https:\/\/wp.kristdemokraterna.se\/taby\/","name":"T\u00e4by","description":"&quot;Det ska vara l\u00e4ttare att f\u00e5 ihop arbetsliv och familjeliv i T\u00e4by&quot;","inLanguage":"sv-SE"},{"@type":"Person","@id":"https:\/\/wp.kristdemokraterna.se\/taby\/#\/schema\/person\/12b9024c714759d0acdc1da1e754d06c","name":"taby","image":{"@type":"ImageObject","inLanguage":"sv-SE","@id":"https:\/\/secure.gravatar.com\/avatar\/62f6aca44d1f9c34b49438e5fdf4be3554253b04b49a76f013049906786db305?s=96&d=mm&r=g","url":"https:\/\/secure.gravatar.com\/avatar\/62f6aca44d1f9c34b49438e5fdf4be3554253b04b49a76f013049906786db305?s=96&d=mm&r=g","contentUrl":"https:\/\/secure.gravatar.com\/avatar\/62f6aca44d1f9c34b49438e5fdf4be3554253b04b49a76f013049906786db305?s=96&d=mm&r=g","caption":"taby"},"url":"https:\/\/wp.kristdemokraterna.se\/taby\/author\/taby\/"}]}},"_links":{"self":[{"href":"https:\/\/wp.kristdemokraterna.se\/taby\/wp-json\/wp\/v2\/posts\/1518","targetHints":{"allow":["GET"]}}],"collection":[{"href":"https:\/\/wp.kristdemokraterna.se\/taby\/wp-json\/wp\/v2\/posts"}],"about":[{"href":"https:\/\/wp.kristdemokraterna.se\/taby\/wp-json\/wp\/v2\/types\/post"}],"author":[{"embeddable":true,"href":"https:\/\/wp.kristdemokraterna.se\/taby\/wp-json\/wp\/v2\/users\/26"}],"replies":[{"embeddable":true,"href":"https:\/\/wp.kristdemokraterna.se\/taby\/wp-json\/wp\/v2\/comments?post=1518"}],"version-history":[{"count":2,"href":"https:\/\/wp.kristdemokraterna.se\/taby\/wp-json\/wp\/v2\/posts\/1518\/revisions"}],"predecessor-version":[{"id":1567,"href":"https:\/\/wp.kristdemokraterna.se\/taby\/wp-json\/wp\/v2\/posts\/1518\/revisions\/1567"}],"wp:attachment":[{"href":"https:\/\/wp.kristdemokraterna.se\/taby\/wp-json\/wp\/v2\/media?parent=1518"}],"wp:term":[{"taxonomy":"category","embeddable":true,"href":"https:\/\/wp.kristdemokraterna.se\/taby\/wp-json\/wp\/v2\/categories?post=1518"},{"taxonomy":"post_tag","embeddable":true,"href":"https:\/\/wp.kristdemokraterna.se\/taby\/wp-json\/wp\/v2\/tags?post=1518"}],"curies":[{"name":"wp","href":"https:\/\/api.w.org\/{rel}","templated":true}]}}