{"id":1569,"date":"2018-04-25T11:13:44","date_gmt":"2018-04-25T09:13:44","guid":{"rendered":"http:\/\/wp.kristdemokraterna.se\/taby\/?p=1569"},"modified":"2018-05-24T21:37:51","modified_gmt":"2018-05-24T19:37:51","slug":"du-ska-kunna-lita-pa-sjukvarden","status":"publish","type":"post","link":"https:\/\/wp.kristdemokraterna.se\/taby\/du-ska-kunna-lita-pa-sjukvarden\/","title":{"rendered":"Du ska kunna lita p\u00e5 sjukv\u00e5rden!"},"content":{"rendered":"<p>Hela n\u00e4sta mandatperiod fokuserar KD p\u00e5 sjukv\u00e5rden. L\u00e4s mer om hur!<\/p>\n<p><!--more--><\/p>\n<p>Idag v\u00e4xer v\u00e5rdk\u00f6erna, men n\u00e4r vi tar \u00f6ver ska de krympa kraftigt. Tomma l\u00f6f<span class=\"text_exposed_show\">ten, t\u00e4nker kanske du? Inte alls. Vi har finansierade satsningar p\u00e5 v\u00e5rden som motsvarar 16 500 fler medarbetare. Du ska kunna lita p\u00e5 Sverige.<\/span><\/p>\n<div class=\"text_exposed_show\">\n<p>Gl\u00f6m dina f\u00f6rdomar om KD. Vi \u00e4r ett frihetligt parti som bygger p\u00e5 en stabil etisk grund. En del tror att man beh\u00f6ver vara religi\u00f6s f\u00f6r att r\u00f6sta p\u00e5 KD. Inte alls. V\u00e5r politik bygger p\u00e5 samma kristna tradition och humanism som ligger till grund f\u00f6r det v\u00e4sterl\u00e4ndska samh\u00e4llet.<\/p>\n<\/div>\n","protected":false},"excerpt":{"rendered":"<p>Hela n\u00e4sta mandatperiod fokuserar KD p\u00e5 sjukv\u00e5rden. L\u00e4s mer om hur!<\/p>\n","protected":false},"author":26,"featured_media":0,"comment_status":"closed","ping_status":"closed","sticky":false,"template":"","format":"standard","meta":{"_acf_changed":false,"footnotes":""},"categories":[30,29,1],"tags":[],"class_list":["post-1569","post","type-post","status-publish","format-standard","hentry","category-inlagg","category-nyheter","category-okategoriserade"],"acf":[],"yoast_head":"<!-- This site is optimized with the Yoast SEO plugin v27.4 - https:\/\/yoast.com\/product\/yoast-seo-wordpress\/ -->\n<title>Du ska kunna lita p\u00e5 sjukv\u00e5rden! - T\u00e4by<\/title>\n<meta name=\"robots\" content=\"index, follow, max-snippet:-1, max-image-preview:large, max-video-preview:-1\" \/>\n<link rel=\"canonical\" href=\"https:\/\/wp.kristdemokraterna.se\/taby\/du-ska-kunna-lita-pa-sjukvarden\/\" \/>\n<meta property=\"og:locale\" content=\"sv_SE\" \/>\n<meta property=\"og:type\" content=\"article\" \/>\n<meta property=\"og:title\" content=\"Du ska kunna lita p\u00e5 sjukv\u00e5rden! - T\u00e4by\" \/>\n<meta property=\"og:description\" content=\"Hela n\u00e4sta mandatperiod fokuserar KD p\u00e5 sjukv\u00e5rden. L\u00e4s mer om hur!\" \/>\n<meta property=\"og:url\" content=\"https:\/\/wp.kristdemokraterna.se\/taby\/du-ska-kunna-lita-pa-sjukvarden\/\" \/>\n<meta property=\"og:site_name\" content=\"T\u00e4by\" \/>\n<meta property=\"article:published_time\" content=\"2018-04-25T09:13:44+00:00\" \/>\n<meta property=\"article:modified_time\" content=\"2018-05-24T19:37:51+00:00\" \/>\n<meta name=\"author\" content=\"taby\" \/>\n<meta name=\"twitter:card\" content=\"summary_large_image\" \/>\n<meta name=\"twitter:label1\" content=\"Skriven av\" \/>\n\t<meta name=\"twitter:data1\" content=\"taby\" \/>\n\t<meta name=\"twitter:label2\" content=\"Ber\u00e4knad l\u00e4stid\" \/>\n\t<meta name=\"twitter:data2\" content=\"1 minut\" \/>\n<script type=\"application\/ld+json\" class=\"yoast-schema-graph\">{\"@context\":\"https:\\\/\\\/schema.org\",\"@graph\":[{\"@type\":\"Article\",\"@id\":\"https:\\\/\\\/wp.kristdemokraterna.se\\\/taby\\\/du-ska-kunna-lita-pa-sjukvarden\\\/#article\",\"isPartOf\":{\"@id\":\"https:\\\/\\\/wp.kristdemokraterna.se\\\/taby\\\/du-ska-kunna-lita-pa-sjukvarden\\\/\"},\"author\":{\"name\":\"taby\",\"@id\":\"https:\\\/\\\/wp.kristdemokraterna.se\\\/taby\\\/#\\\/schema\\\/person\\\/12b9024c714759d0acdc1da1e754d06c\"},\"headline\":\"Du ska kunna lita p\u00e5 sjukv\u00e5rden!\",\"datePublished\":\"2018-04-25T09:13:44+00:00\",\"dateModified\":\"2018-05-24T19:37:51+00:00\",\"mainEntityOfPage\":{\"@id\":\"https:\\\/\\\/wp.kristdemokraterna.se\\\/taby\\\/du-ska-kunna-lita-pa-sjukvarden\\\/\"},\"wordCount\":123,\"articleSection\":[\"inl\u00e4gg\",\"Nyheter\",\"Senaste nytt\"],\"inLanguage\":\"sv-SE\"},{\"@type\":\"WebPage\",\"@id\":\"https:\\\/\\\/wp.kristdemokraterna.se\\\/taby\\\/du-ska-kunna-lita-pa-sjukvarden\\\/\",\"url\":\"https:\\\/\\\/wp.kristdemokraterna.se\\\/taby\\\/du-ska-kunna-lita-pa-sjukvarden\\\/\",\"name\":\"Du ska kunna lita p\u00e5 sjukv\u00e5rden! - T\u00e4by\",\"isPartOf\":{\"@id\":\"https:\\\/\\\/wp.kristdemokraterna.se\\\/taby\\\/#website\"},\"datePublished\":\"2018-04-25T09:13:44+00:00\",\"dateModified\":\"2018-05-24T19:37:51+00:00\",\"author\":{\"@id\":\"https:\\\/\\\/wp.kristdemokraterna.se\\\/taby\\\/#\\\/schema\\\/person\\\/12b9024c714759d0acdc1da1e754d06c\"},\"breadcrumb\":{\"@id\":\"https:\\\/\\\/wp.kristdemokraterna.se\\\/taby\\\/du-ska-kunna-lita-pa-sjukvarden\\\/#breadcrumb\"},\"inLanguage\":\"sv-SE\",\"potentialAction\":[{\"@type\":\"ReadAction\",\"target\":[\"https:\\\/\\\/wp.kristdemokraterna.se\\\/taby\\\/du-ska-kunna-lita-pa-sjukvarden\\\/\"]}]},{\"@type\":\"BreadcrumbList\",\"@id\":\"https:\\\/\\\/wp.kristdemokraterna.se\\\/taby\\\/du-ska-kunna-lita-pa-sjukvarden\\\/#breadcrumb\",\"itemListElement\":[{\"@type\":\"ListItem\",\"position\":1,\"name\":\"Hem\",\"item\":\"https:\\\/\\\/wp.kristdemokraterna.se\\\/taby\\\/\"},{\"@type\":\"ListItem\",\"position\":2,\"name\":\"Du ska kunna lita p\u00e5 sjukv\u00e5rden!\"}]},{\"@type\":\"WebSite\",\"@id\":\"https:\\\/\\\/wp.kristdemokraterna.se\\\/taby\\\/#website\",\"url\":\"https:\\\/\\\/wp.kristdemokraterna.se\\\/taby\\\/\",\"name\":\"T\u00e4by\",\"description\":\"&quot;Det ska vara l\u00e4ttare att f\u00e5 ihop arbetsliv och familjeliv i T\u00e4by&quot;\",\"inLanguage\":\"sv-SE\"},{\"@type\":\"Person\",\"@id\":\"https:\\\/\\\/wp.kristdemokraterna.se\\\/taby\\\/#\\\/schema\\\/person\\\/12b9024c714759d0acdc1da1e754d06c\",\"name\":\"taby\",\"image\":{\"@type\":\"ImageObject\",\"inLanguage\":\"sv-SE\",\"@id\":\"https:\\\/\\\/secure.gravatar.com\\\/avatar\\\/62f6aca44d1f9c34b49438e5fdf4be3554253b04b49a76f013049906786db305?s=96&d=mm&r=g\",\"url\":\"https:\\\/\\\/secure.gravatar.com\\\/avatar\\\/62f6aca44d1f9c34b49438e5fdf4be3554253b04b49a76f013049906786db305?s=96&d=mm&r=g\",\"contentUrl\":\"https:\\\/\\\/secure.gravatar.com\\\/avatar\\\/62f6aca44d1f9c34b49438e5fdf4be3554253b04b49a76f013049906786db305?s=96&d=mm&r=g\",\"caption\":\"taby\"},\"url\":\"https:\\\/\\\/wp.kristdemokraterna.se\\\/taby\\\/author\\\/taby\\\/\"}]}<\/script>\n<!-- \/ Yoast SEO plugin. -->","yoast_head_json":{"title":"Du ska kunna lita p\u00e5 sjukv\u00e5rden! - T\u00e4by","robots":{"index":"index","follow":"follow","max-snippet":"max-snippet:-1","max-image-preview":"max-image-preview:large","max-video-preview":"max-video-preview:-1"},"canonical":"https:\/\/wp.kristdemokraterna.se\/taby\/du-ska-kunna-lita-pa-sjukvarden\/","og_locale":"sv_SE","og_type":"article","og_title":"Du ska kunna lita p\u00e5 sjukv\u00e5rden! - T\u00e4by","og_description":"Hela n\u00e4sta mandatperiod fokuserar KD p\u00e5 sjukv\u00e5rden. L\u00e4s mer om hur!","og_url":"https:\/\/wp.kristdemokraterna.se\/taby\/du-ska-kunna-lita-pa-sjukvarden\/","og_site_name":"T\u00e4by","article_published_time":"2018-04-25T09:13:44+00:00","article_modified_time":"2018-05-24T19:37:51+00:00","author":"taby","twitter_card":"summary_large_image","twitter_misc":{"Skriven av":"taby","Ber\u00e4knad l\u00e4stid":"1 minut"},"schema":{"@context":"https:\/\/schema.org","@graph":[{"@type":"Article","@id":"https:\/\/wp.kristdemokraterna.se\/taby\/du-ska-kunna-lita-pa-sjukvarden\/#article","isPartOf":{"@id":"https:\/\/wp.kristdemokraterna.se\/taby\/du-ska-kunna-lita-pa-sjukvarden\/"},"author":{"name":"taby","@id":"https:\/\/wp.kristdemokraterna.se\/taby\/#\/schema\/person\/12b9024c714759d0acdc1da1e754d06c"},"headline":"Du ska kunna lita p\u00e5 sjukv\u00e5rden!","datePublished":"2018-04-25T09:13:44+00:00","dateModified":"2018-05-24T19:37:51+00:00","mainEntityOfPage":{"@id":"https:\/\/wp.kristdemokraterna.se\/taby\/du-ska-kunna-lita-pa-sjukvarden\/"},"wordCount":123,"articleSection":["inl\u00e4gg","Nyheter","Senaste nytt"],"inLanguage":"sv-SE"},{"@type":"WebPage","@id":"https:\/\/wp.kristdemokraterna.se\/taby\/du-ska-kunna-lita-pa-sjukvarden\/","url":"https:\/\/wp.kristdemokraterna.se\/taby\/du-ska-kunna-lita-pa-sjukvarden\/","name":"Du ska kunna lita p\u00e5 sjukv\u00e5rden! - T\u00e4by","isPartOf":{"@id":"https:\/\/wp.kristdemokraterna.se\/taby\/#website"},"datePublished":"2018-04-25T09:13:44+00:00","dateModified":"2018-05-24T19:37:51+00:00","author":{"@id":"https:\/\/wp.kristdemokraterna.se\/taby\/#\/schema\/person\/12b9024c714759d0acdc1da1e754d06c"},"breadcrumb":{"@id":"https:\/\/wp.kristdemokraterna.se\/taby\/du-ska-kunna-lita-pa-sjukvarden\/#breadcrumb"},"inLanguage":"sv-SE","potentialAction":[{"@type":"ReadAction","target":["https:\/\/wp.kristdemokraterna.se\/taby\/du-ska-kunna-lita-pa-sjukvarden\/"]}]},{"@type":"BreadcrumbList","@id":"https:\/\/wp.kristdemokraterna.se\/taby\/du-ska-kunna-lita-pa-sjukvarden\/#breadcrumb","itemListElement":[{"@type":"ListItem","position":1,"name":"Hem","item":"https:\/\/wp.kristdemokraterna.se\/taby\/"},{"@type":"ListItem","position":2,"name":"Du ska kunna lita p\u00e5 sjukv\u00e5rden!"}]},{"@type":"WebSite","@id":"https:\/\/wp.kristdemokraterna.se\/taby\/#website","url":"https:\/\/wp.kristdemokraterna.se\/taby\/","name":"T\u00e4by","description":"&quot;Det ska vara l\u00e4ttare att f\u00e5 ihop arbetsliv och familjeliv i T\u00e4by&quot;","inLanguage":"sv-SE"},{"@type":"Person","@id":"https:\/\/wp.kristdemokraterna.se\/taby\/#\/schema\/person\/12b9024c714759d0acdc1da1e754d06c","name":"taby","image":{"@type":"ImageObject","inLanguage":"sv-SE","@id":"https:\/\/secure.gravatar.com\/avatar\/62f6aca44d1f9c34b49438e5fdf4be3554253b04b49a76f013049906786db305?s=96&d=mm&r=g","url":"https:\/\/secure.gravatar.com\/avatar\/62f6aca44d1f9c34b49438e5fdf4be3554253b04b49a76f013049906786db305?s=96&d=mm&r=g","contentUrl":"https:\/\/secure.gravatar.com\/avatar\/62f6aca44d1f9c34b49438e5fdf4be3554253b04b49a76f013049906786db305?s=96&d=mm&r=g","caption":"taby"},"url":"https:\/\/wp.kristdemokraterna.se\/taby\/author\/taby\/"}]}},"_links":{"self":[{"href":"https:\/\/wp.kristdemokraterna.se\/taby\/wp-json\/wp\/v2\/posts\/1569","targetHints":{"allow":["GET"]}}],"collection":[{"href":"https:\/\/wp.kristdemokraterna.se\/taby\/wp-json\/wp\/v2\/posts"}],"about":[{"href":"https:\/\/wp.kristdemokraterna.se\/taby\/wp-json\/wp\/v2\/types\/post"}],"author":[{"embeddable":true,"href":"https:\/\/wp.kristdemokraterna.se\/taby\/wp-json\/wp\/v2\/users\/26"}],"replies":[{"embeddable":true,"href":"https:\/\/wp.kristdemokraterna.se\/taby\/wp-json\/wp\/v2\/comments?post=1569"}],"version-history":[{"count":1,"href":"https:\/\/wp.kristdemokraterna.se\/taby\/wp-json\/wp\/v2\/posts\/1569\/revisions"}],"predecessor-version":[{"id":1571,"href":"https:\/\/wp.kristdemokraterna.se\/taby\/wp-json\/wp\/v2\/posts\/1569\/revisions\/1571"}],"wp:attachment":[{"href":"https:\/\/wp.kristdemokraterna.se\/taby\/wp-json\/wp\/v2\/media?parent=1569"}],"wp:term":[{"taxonomy":"category","embeddable":true,"href":"https:\/\/wp.kristdemokraterna.se\/taby\/wp-json\/wp\/v2\/categories?post=1569"},{"taxonomy":"post_tag","embeddable":true,"href":"https:\/\/wp.kristdemokraterna.se\/taby\/wp-json\/wp\/v2\/tags?post=1569"}],"curies":[{"name":"wp","href":"https:\/\/api.w.org\/{rel}","templated":true}]}}