{"id":1609,"date":"2018-05-30T16:21:14","date_gmt":"2018-05-30T14:21:14","guid":{"rendered":"http:\/\/wp.kristdemokraterna.se\/taby\/?p=1609"},"modified":"2018-06-06T16:40:22","modified_gmt":"2018-06-06T14:40:22","slug":"detta-vill-vi-gora-for-dig-som-tabybo","status":"publish","type":"post","link":"https:\/\/wp.kristdemokraterna.se\/taby\/detta-vill-vi-gora-for-dig-som-tabybo\/","title":{"rendered":"Detta vill vi g\u00f6ra f\u00f6r dig som T\u00e4bybo"},"content":{"rendered":"<p>Trygghet ska komma f\u00f6rst!<\/p>\n<p><!--more--><\/p>\n<p>Under l\u00f6rdagen fanns n\u00e5gra av v\u00e5ra politiker p\u00e5 plats i T\u00e4by C f\u00f6r att ber\u00e4tta f\u00f6r kommuninv\u00e5narna vad vi vill g\u00f6ra f\u00f6r att T\u00e4by ska bli tryggare.<\/p>\n<p>Vi arbetar f\u00f6r:<\/p>\n<p><span class=\"_5mfr _47e3\">&#8211;<\/span>\u00a0att inf\u00f6ra kommunala poliser<br \/>\n&#8211; fler ordningsvakter<br \/>\n&#8211; ut\u00f6kad kamera\u00f6vervakning<br \/>\n<span class=\"text_exposed_show\">&#8211; digitala trygghetsvandringar<\/span><\/p>\n","protected":false},"excerpt":{"rendered":"<p>Trygghet ska komma f\u00f6rst!<\/p>\n","protected":false},"author":26,"featured_media":0,"comment_status":"closed","ping_status":"closed","sticky":false,"template":"","format":"standard","meta":{"_acf_changed":false,"footnotes":""},"categories":[30,29,1],"tags":[],"class_list":["post-1609","post","type-post","status-publish","format-standard","hentry","category-inlagg","category-nyheter","category-okategoriserade"],"acf":[],"yoast_head":"<!-- This site is optimized with the Yoast SEO plugin v27.4 - https:\/\/yoast.com\/product\/yoast-seo-wordpress\/ -->\n<title>Detta vill vi g\u00f6ra f\u00f6r dig som T\u00e4bybo - T\u00e4by<\/title>\n<meta name=\"robots\" content=\"index, follow, max-snippet:-1, max-image-preview:large, max-video-preview:-1\" \/>\n<link rel=\"canonical\" href=\"https:\/\/wp.kristdemokraterna.se\/taby\/detta-vill-vi-gora-for-dig-som-tabybo\/\" \/>\n<meta property=\"og:locale\" content=\"sv_SE\" \/>\n<meta property=\"og:type\" content=\"article\" \/>\n<meta property=\"og:title\" content=\"Detta vill vi g\u00f6ra f\u00f6r dig som T\u00e4bybo - T\u00e4by\" \/>\n<meta property=\"og:description\" content=\"Trygghet ska komma f\u00f6rst!\" \/>\n<meta property=\"og:url\" content=\"https:\/\/wp.kristdemokraterna.se\/taby\/detta-vill-vi-gora-for-dig-som-tabybo\/\" \/>\n<meta property=\"og:site_name\" content=\"T\u00e4by\" \/>\n<meta property=\"article:published_time\" content=\"2018-05-30T14:21:14+00:00\" \/>\n<meta property=\"article:modified_time\" content=\"2018-06-06T14:40:22+00:00\" \/>\n<meta name=\"author\" content=\"taby\" \/>\n<meta name=\"twitter:card\" content=\"summary_large_image\" \/>\n<meta name=\"twitter:label1\" content=\"Skriven av\" \/>\n\t<meta name=\"twitter:data1\" content=\"taby\" \/>\n<script type=\"application\/ld+json\" class=\"yoast-schema-graph\">{\"@context\":\"https:\\\/\\\/schema.org\",\"@graph\":[{\"@type\":\"Article\",\"@id\":\"https:\\\/\\\/wp.kristdemokraterna.se\\\/taby\\\/detta-vill-vi-gora-for-dig-som-tabybo\\\/#article\",\"isPartOf\":{\"@id\":\"https:\\\/\\\/wp.kristdemokraterna.se\\\/taby\\\/detta-vill-vi-gora-for-dig-som-tabybo\\\/\"},\"author\":{\"name\":\"taby\",\"@id\":\"https:\\\/\\\/wp.kristdemokraterna.se\\\/taby\\\/#\\\/schema\\\/person\\\/12b9024c714759d0acdc1da1e754d06c\"},\"headline\":\"Detta vill vi g\u00f6ra f\u00f6r dig som T\u00e4bybo\",\"datePublished\":\"2018-05-30T14:21:14+00:00\",\"dateModified\":\"2018-06-06T14:40:22+00:00\",\"mainEntityOfPage\":{\"@id\":\"https:\\\/\\\/wp.kristdemokraterna.se\\\/taby\\\/detta-vill-vi-gora-for-dig-som-tabybo\\\/\"},\"wordCount\":75,\"articleSection\":[\"inl\u00e4gg\",\"Nyheter\",\"Senaste nytt\"],\"inLanguage\":\"sv-SE\"},{\"@type\":\"WebPage\",\"@id\":\"https:\\\/\\\/wp.kristdemokraterna.se\\\/taby\\\/detta-vill-vi-gora-for-dig-som-tabybo\\\/\",\"url\":\"https:\\\/\\\/wp.kristdemokraterna.se\\\/taby\\\/detta-vill-vi-gora-for-dig-som-tabybo\\\/\",\"name\":\"Detta vill vi g\u00f6ra f\u00f6r dig som T\u00e4bybo - T\u00e4by\",\"isPartOf\":{\"@id\":\"https:\\\/\\\/wp.kristdemokraterna.se\\\/taby\\\/#website\"},\"datePublished\":\"2018-05-30T14:21:14+00:00\",\"dateModified\":\"2018-06-06T14:40:22+00:00\",\"author\":{\"@id\":\"https:\\\/\\\/wp.kristdemokraterna.se\\\/taby\\\/#\\\/schema\\\/person\\\/12b9024c714759d0acdc1da1e754d06c\"},\"breadcrumb\":{\"@id\":\"https:\\\/\\\/wp.kristdemokraterna.se\\\/taby\\\/detta-vill-vi-gora-for-dig-som-tabybo\\\/#breadcrumb\"},\"inLanguage\":\"sv-SE\",\"potentialAction\":[{\"@type\":\"ReadAction\",\"target\":[\"https:\\\/\\\/wp.kristdemokraterna.se\\\/taby\\\/detta-vill-vi-gora-for-dig-som-tabybo\\\/\"]}]},{\"@type\":\"BreadcrumbList\",\"@id\":\"https:\\\/\\\/wp.kristdemokraterna.se\\\/taby\\\/detta-vill-vi-gora-for-dig-som-tabybo\\\/#breadcrumb\",\"itemListElement\":[{\"@type\":\"ListItem\",\"position\":1,\"name\":\"Hem\",\"item\":\"https:\\\/\\\/wp.kristdemokraterna.se\\\/taby\\\/\"},{\"@type\":\"ListItem\",\"position\":2,\"name\":\"Detta vill vi g\u00f6ra f\u00f6r dig som T\u00e4bybo\"}]},{\"@type\":\"WebSite\",\"@id\":\"https:\\\/\\\/wp.kristdemokraterna.se\\\/taby\\\/#website\",\"url\":\"https:\\\/\\\/wp.kristdemokraterna.se\\\/taby\\\/\",\"name\":\"T\u00e4by\",\"description\":\"&quot;Det ska vara l\u00e4ttare att f\u00e5 ihop arbetsliv och familjeliv i T\u00e4by&quot;\",\"inLanguage\":\"sv-SE\"},{\"@type\":\"Person\",\"@id\":\"https:\\\/\\\/wp.kristdemokraterna.se\\\/taby\\\/#\\\/schema\\\/person\\\/12b9024c714759d0acdc1da1e754d06c\",\"name\":\"taby\",\"image\":{\"@type\":\"ImageObject\",\"inLanguage\":\"sv-SE\",\"@id\":\"https:\\\/\\\/secure.gravatar.com\\\/avatar\\\/62f6aca44d1f9c34b49438e5fdf4be3554253b04b49a76f013049906786db305?s=96&d=mm&r=g\",\"url\":\"https:\\\/\\\/secure.gravatar.com\\\/avatar\\\/62f6aca44d1f9c34b49438e5fdf4be3554253b04b49a76f013049906786db305?s=96&d=mm&r=g\",\"contentUrl\":\"https:\\\/\\\/secure.gravatar.com\\\/avatar\\\/62f6aca44d1f9c34b49438e5fdf4be3554253b04b49a76f013049906786db305?s=96&d=mm&r=g\",\"caption\":\"taby\"},\"url\":\"https:\\\/\\\/wp.kristdemokraterna.se\\\/taby\\\/author\\\/taby\\\/\"}]}<\/script>\n<!-- \/ Yoast SEO plugin. -->","yoast_head_json":{"title":"Detta vill vi g\u00f6ra f\u00f6r dig som T\u00e4bybo - T\u00e4by","robots":{"index":"index","follow":"follow","max-snippet":"max-snippet:-1","max-image-preview":"max-image-preview:large","max-video-preview":"max-video-preview:-1"},"canonical":"https:\/\/wp.kristdemokraterna.se\/taby\/detta-vill-vi-gora-for-dig-som-tabybo\/","og_locale":"sv_SE","og_type":"article","og_title":"Detta vill vi g\u00f6ra f\u00f6r dig som T\u00e4bybo - T\u00e4by","og_description":"Trygghet ska komma f\u00f6rst!","og_url":"https:\/\/wp.kristdemokraterna.se\/taby\/detta-vill-vi-gora-for-dig-som-tabybo\/","og_site_name":"T\u00e4by","article_published_time":"2018-05-30T14:21:14+00:00","article_modified_time":"2018-06-06T14:40:22+00:00","author":"taby","twitter_card":"summary_large_image","twitter_misc":{"Skriven av":"taby"},"schema":{"@context":"https:\/\/schema.org","@graph":[{"@type":"Article","@id":"https:\/\/wp.kristdemokraterna.se\/taby\/detta-vill-vi-gora-for-dig-som-tabybo\/#article","isPartOf":{"@id":"https:\/\/wp.kristdemokraterna.se\/taby\/detta-vill-vi-gora-for-dig-som-tabybo\/"},"author":{"name":"taby","@id":"https:\/\/wp.kristdemokraterna.se\/taby\/#\/schema\/person\/12b9024c714759d0acdc1da1e754d06c"},"headline":"Detta vill vi g\u00f6ra f\u00f6r dig som T\u00e4bybo","datePublished":"2018-05-30T14:21:14+00:00","dateModified":"2018-06-06T14:40:22+00:00","mainEntityOfPage":{"@id":"https:\/\/wp.kristdemokraterna.se\/taby\/detta-vill-vi-gora-for-dig-som-tabybo\/"},"wordCount":75,"articleSection":["inl\u00e4gg","Nyheter","Senaste nytt"],"inLanguage":"sv-SE"},{"@type":"WebPage","@id":"https:\/\/wp.kristdemokraterna.se\/taby\/detta-vill-vi-gora-for-dig-som-tabybo\/","url":"https:\/\/wp.kristdemokraterna.se\/taby\/detta-vill-vi-gora-for-dig-som-tabybo\/","name":"Detta vill vi g\u00f6ra f\u00f6r dig som T\u00e4bybo - T\u00e4by","isPartOf":{"@id":"https:\/\/wp.kristdemokraterna.se\/taby\/#website"},"datePublished":"2018-05-30T14:21:14+00:00","dateModified":"2018-06-06T14:40:22+00:00","author":{"@id":"https:\/\/wp.kristdemokraterna.se\/taby\/#\/schema\/person\/12b9024c714759d0acdc1da1e754d06c"},"breadcrumb":{"@id":"https:\/\/wp.kristdemokraterna.se\/taby\/detta-vill-vi-gora-for-dig-som-tabybo\/#breadcrumb"},"inLanguage":"sv-SE","potentialAction":[{"@type":"ReadAction","target":["https:\/\/wp.kristdemokraterna.se\/taby\/detta-vill-vi-gora-for-dig-som-tabybo\/"]}]},{"@type":"BreadcrumbList","@id":"https:\/\/wp.kristdemokraterna.se\/taby\/detta-vill-vi-gora-for-dig-som-tabybo\/#breadcrumb","itemListElement":[{"@type":"ListItem","position":1,"name":"Hem","item":"https:\/\/wp.kristdemokraterna.se\/taby\/"},{"@type":"ListItem","position":2,"name":"Detta vill vi g\u00f6ra f\u00f6r dig som T\u00e4bybo"}]},{"@type":"WebSite","@id":"https:\/\/wp.kristdemokraterna.se\/taby\/#website","url":"https:\/\/wp.kristdemokraterna.se\/taby\/","name":"T\u00e4by","description":"&quot;Det ska vara l\u00e4ttare att f\u00e5 ihop arbetsliv och familjeliv i T\u00e4by&quot;","inLanguage":"sv-SE"},{"@type":"Person","@id":"https:\/\/wp.kristdemokraterna.se\/taby\/#\/schema\/person\/12b9024c714759d0acdc1da1e754d06c","name":"taby","image":{"@type":"ImageObject","inLanguage":"sv-SE","@id":"https:\/\/secure.gravatar.com\/avatar\/62f6aca44d1f9c34b49438e5fdf4be3554253b04b49a76f013049906786db305?s=96&d=mm&r=g","url":"https:\/\/secure.gravatar.com\/avatar\/62f6aca44d1f9c34b49438e5fdf4be3554253b04b49a76f013049906786db305?s=96&d=mm&r=g","contentUrl":"https:\/\/secure.gravatar.com\/avatar\/62f6aca44d1f9c34b49438e5fdf4be3554253b04b49a76f013049906786db305?s=96&d=mm&r=g","caption":"taby"},"url":"https:\/\/wp.kristdemokraterna.se\/taby\/author\/taby\/"}]}},"_links":{"self":[{"href":"https:\/\/wp.kristdemokraterna.se\/taby\/wp-json\/wp\/v2\/posts\/1609","targetHints":{"allow":["GET"]}}],"collection":[{"href":"https:\/\/wp.kristdemokraterna.se\/taby\/wp-json\/wp\/v2\/posts"}],"about":[{"href":"https:\/\/wp.kristdemokraterna.se\/taby\/wp-json\/wp\/v2\/types\/post"}],"author":[{"embeddable":true,"href":"https:\/\/wp.kristdemokraterna.se\/taby\/wp-json\/wp\/v2\/users\/26"}],"replies":[{"embeddable":true,"href":"https:\/\/wp.kristdemokraterna.se\/taby\/wp-json\/wp\/v2\/comments?post=1609"}],"version-history":[{"count":1,"href":"https:\/\/wp.kristdemokraterna.se\/taby\/wp-json\/wp\/v2\/posts\/1609\/revisions"}],"predecessor-version":[{"id":1615,"href":"https:\/\/wp.kristdemokraterna.se\/taby\/wp-json\/wp\/v2\/posts\/1609\/revisions\/1615"}],"wp:attachment":[{"href":"https:\/\/wp.kristdemokraterna.se\/taby\/wp-json\/wp\/v2\/media?parent=1609"}],"wp:term":[{"taxonomy":"category","embeddable":true,"href":"https:\/\/wp.kristdemokraterna.se\/taby\/wp-json\/wp\/v2\/categories?post=1609"},{"taxonomy":"post_tag","embeddable":true,"href":"https:\/\/wp.kristdemokraterna.se\/taby\/wp-json\/wp\/v2\/tags?post=1609"}],"curies":[{"name":"wp","href":"https:\/\/api.w.org\/{rel}","templated":true}]}}