{"id":1641,"date":"2018-08-06T12:28:06","date_gmt":"2018-08-06T10:28:06","guid":{"rendered":"http:\/\/wp.kristdemokraterna.se\/taby\/?p=1641"},"modified":"2018-08-09T12:28:13","modified_gmt":"2018-08-09T10:28:13","slug":"ny-lag-skulle-minska-barngrupperna","status":"publish","type":"post","link":"https:\/\/wp.kristdemokraterna.se\/taby\/ny-lag-skulle-minska-barngrupperna\/","title":{"rendered":"Ny lag skulle minska barngrupperna"},"content":{"rendered":"<p>KD driver p\u00e5 b\u00e5de lokalt och nationellt f\u00f6r mindre barngrupper i f\u00f6rskolan. Nu f\u00f6resl\u00e5r vi en ny lag som garanterar h\u00f6gst 12 barn per sm\u00e5barnsgrupp. Lokalt i T\u00e4by forts\u00e4tter vi vara den starka kraften f\u00f6r mindre barngrupper.<\/p>\n<p>R\u00f6sta KD i kommun och riksdagsvalet f\u00f6r mindre barngrupper!<\/p>\n<p>Du beh\u00f6ver inte vara religi\u00f6s f\u00f6r att vara kristdemokrat. Det r\u00e4cker med att du gillar v\u00e5ra id\u00e9er. H\u00e5ller du med om att vi beh\u00f6ver ett Sverige som pr\u00e4glas av goda v\u00e4rderingar? Att alla m\u00e4nniskor ska ha r\u00e4tt att best\u00e4mma \u00f6ver sina egna liv, men att det med frihet \u00e4ven f\u00f6ljer ett ansvar? D\u00e5 delar du s\u00e4kert samma grundv\u00e4rderingar som vi har.<\/p>\n<p><img loading=\"lazy\" decoding=\"async\" class=\"alignnone size-medium\" src=\"https:\/\/scontent-arn2-1.xx.fbcdn.net\/v\/t1.0-9\/38462806_1774287509345336_11540383850823680_n.jpg?_nc_cat=0&amp;oh=cf442164f282b4c1d0e2fc6d16c19736&amp;oe=5C1183A0\" alt=\"barngrupper\" width=\"898\" height=\"960\" \/><\/p>\n","protected":false},"excerpt":{"rendered":"<p>KD driver p\u00e5 b\u00e5de lokalt och nationellt f\u00f6r mindre barngrupper i f\u00f6rskolan. Nu f\u00f6resl\u00e5r vi en ny lag som garanterar h\u00f6gst 12 barn per sm\u00e5barnsgrupp. Lokalt i T\u00e4by forts\u00e4tter vi vara den starka kraften f\u00f6r mindre barngrupper. R\u00f6sta KD i kommun och riksdagsvalet f\u00f6r mindre barngrupper! Du beh\u00f6ver inte vara religi\u00f6s f\u00f6r att vara kristdemokrat. <a class=\"read-more-link\" href=\"https:\/\/wp.kristdemokraterna.se\/taby\/ny-lag-skulle-minska-barngrupperna\/\">Read More<\/a><\/p>\n","protected":false},"author":26,"featured_media":0,"comment_status":"closed","ping_status":"closed","sticky":false,"template":"","format":"standard","meta":{"_acf_changed":false,"footnotes":""},"categories":[30,29,1],"tags":[],"class_list":["post-1641","post","type-post","status-publish","format-standard","hentry","category-inlagg","category-nyheter","category-okategoriserade"],"acf":[],"yoast_head":"<!-- This site is optimized with the Yoast SEO plugin v27.4 - https:\/\/yoast.com\/product\/yoast-seo-wordpress\/ -->\n<title>Ny lag skulle minska barngrupperna - T\u00e4by<\/title>\n<meta name=\"robots\" content=\"index, follow, max-snippet:-1, max-image-preview:large, max-video-preview:-1\" \/>\n<link rel=\"canonical\" href=\"https:\/\/wp.kristdemokraterna.se\/taby\/ny-lag-skulle-minska-barngrupperna\/\" \/>\n<meta property=\"og:locale\" content=\"sv_SE\" \/>\n<meta property=\"og:type\" content=\"article\" \/>\n<meta property=\"og:title\" content=\"Ny lag skulle minska barngrupperna - T\u00e4by\" \/>\n<meta property=\"og:description\" content=\"KD driver p\u00e5 b\u00e5de lokalt och nationellt f\u00f6r mindre barngrupper i f\u00f6rskolan. Nu f\u00f6resl\u00e5r vi en ny lag som garanterar h\u00f6gst 12 barn per sm\u00e5barnsgrupp. Lokalt i T\u00e4by forts\u00e4tter vi vara den starka kraften f\u00f6r mindre barngrupper. R\u00f6sta KD i kommun och riksdagsvalet f\u00f6r mindre barngrupper! Du beh\u00f6ver inte vara religi\u00f6s f\u00f6r att vara kristdemokrat. Read More\" \/>\n<meta property=\"og:url\" content=\"https:\/\/wp.kristdemokraterna.se\/taby\/ny-lag-skulle-minska-barngrupperna\/\" \/>\n<meta property=\"og:site_name\" content=\"T\u00e4by\" \/>\n<meta property=\"article:published_time\" content=\"2018-08-06T10:28:06+00:00\" \/>\n<meta property=\"article:modified_time\" content=\"2018-08-09T10:28:13+00:00\" \/>\n<meta property=\"og:image\" content=\"https:\/\/scontent-arn2-1.xx.fbcdn.net\/v\/t1.0-9\/38462806_1774287509345336_11540383850823680_n.jpg?_nc_cat=0&amp;oh=cf442164f282b4c1d0e2fc6d16c19736&amp;oe=5C1183A0\" \/>\n<meta name=\"author\" content=\"taby\" \/>\n<meta name=\"twitter:card\" content=\"summary_large_image\" \/>\n<meta name=\"twitter:label1\" content=\"Skriven av\" \/>\n\t<meta name=\"twitter:data1\" content=\"taby\" \/>\n\t<meta name=\"twitter:label2\" content=\"Ber\u00e4knad l\u00e4stid\" \/>\n\t<meta name=\"twitter:data2\" content=\"1 minut\" \/>\n<script type=\"application\/ld+json\" class=\"yoast-schema-graph\">{\"@context\":\"https:\\\/\\\/schema.org\",\"@graph\":[{\"@type\":\"Article\",\"@id\":\"https:\\\/\\\/wp.kristdemokraterna.se\\\/taby\\\/ny-lag-skulle-minska-barngrupperna\\\/#article\",\"isPartOf\":{\"@id\":\"https:\\\/\\\/wp.kristdemokraterna.se\\\/taby\\\/ny-lag-skulle-minska-barngrupperna\\\/\"},\"author\":{\"name\":\"taby\",\"@id\":\"https:\\\/\\\/wp.kristdemokraterna.se\\\/taby\\\/#\\\/schema\\\/person\\\/12b9024c714759d0acdc1da1e754d06c\"},\"headline\":\"Ny lag skulle minska barngrupperna\",\"datePublished\":\"2018-08-06T10:28:06+00:00\",\"dateModified\":\"2018-08-09T10:28:13+00:00\",\"mainEntityOfPage\":{\"@id\":\"https:\\\/\\\/wp.kristdemokraterna.se\\\/taby\\\/ny-lag-skulle-minska-barngrupperna\\\/\"},\"wordCount\":139,\"image\":{\"@id\":\"https:\\\/\\\/wp.kristdemokraterna.se\\\/taby\\\/ny-lag-skulle-minska-barngrupperna\\\/#primaryimage\"},\"thumbnailUrl\":\"https:\\\/\\\/scontent-arn2-1.xx.fbcdn.net\\\/v\\\/t1.0-9\\\/38462806_1774287509345336_11540383850823680_n.jpg?_nc_cat=0&amp;oh=cf442164f282b4c1d0e2fc6d16c19736&amp;oe=5C1183A0\",\"articleSection\":[\"inl\u00e4gg\",\"Nyheter\",\"Senaste nytt\"],\"inLanguage\":\"sv-SE\"},{\"@type\":\"WebPage\",\"@id\":\"https:\\\/\\\/wp.kristdemokraterna.se\\\/taby\\\/ny-lag-skulle-minska-barngrupperna\\\/\",\"url\":\"https:\\\/\\\/wp.kristdemokraterna.se\\\/taby\\\/ny-lag-skulle-minska-barngrupperna\\\/\",\"name\":\"Ny lag skulle minska barngrupperna - T\u00e4by\",\"isPartOf\":{\"@id\":\"https:\\\/\\\/wp.kristdemokraterna.se\\\/taby\\\/#website\"},\"primaryImageOfPage\":{\"@id\":\"https:\\\/\\\/wp.kristdemokraterna.se\\\/taby\\\/ny-lag-skulle-minska-barngrupperna\\\/#primaryimage\"},\"image\":{\"@id\":\"https:\\\/\\\/wp.kristdemokraterna.se\\\/taby\\\/ny-lag-skulle-minska-barngrupperna\\\/#primaryimage\"},\"thumbnailUrl\":\"https:\\\/\\\/scontent-arn2-1.xx.fbcdn.net\\\/v\\\/t1.0-9\\\/38462806_1774287509345336_11540383850823680_n.jpg?_nc_cat=0&amp;oh=cf442164f282b4c1d0e2fc6d16c19736&amp;oe=5C1183A0\",\"datePublished\":\"2018-08-06T10:28:06+00:00\",\"dateModified\":\"2018-08-09T10:28:13+00:00\",\"author\":{\"@id\":\"https:\\\/\\\/wp.kristdemokraterna.se\\\/taby\\\/#\\\/schema\\\/person\\\/12b9024c714759d0acdc1da1e754d06c\"},\"breadcrumb\":{\"@id\":\"https:\\\/\\\/wp.kristdemokraterna.se\\\/taby\\\/ny-lag-skulle-minska-barngrupperna\\\/#breadcrumb\"},\"inLanguage\":\"sv-SE\",\"potentialAction\":[{\"@type\":\"ReadAction\",\"target\":[\"https:\\\/\\\/wp.kristdemokraterna.se\\\/taby\\\/ny-lag-skulle-minska-barngrupperna\\\/\"]}]},{\"@type\":\"ImageObject\",\"inLanguage\":\"sv-SE\",\"@id\":\"https:\\\/\\\/wp.kristdemokraterna.se\\\/taby\\\/ny-lag-skulle-minska-barngrupperna\\\/#primaryimage\",\"url\":\"https:\\\/\\\/scontent-arn2-1.xx.fbcdn.net\\\/v\\\/t1.0-9\\\/38462806_1774287509345336_11540383850823680_n.jpg?_nc_cat=0&amp;oh=cf442164f282b4c1d0e2fc6d16c19736&amp;oe=5C1183A0\",\"contentUrl\":\"https:\\\/\\\/scontent-arn2-1.xx.fbcdn.net\\\/v\\\/t1.0-9\\\/38462806_1774287509345336_11540383850823680_n.jpg?_nc_cat=0&amp;oh=cf442164f282b4c1d0e2fc6d16c19736&amp;oe=5C1183A0\"},{\"@type\":\"BreadcrumbList\",\"@id\":\"https:\\\/\\\/wp.kristdemokraterna.se\\\/taby\\\/ny-lag-skulle-minska-barngrupperna\\\/#breadcrumb\",\"itemListElement\":[{\"@type\":\"ListItem\",\"position\":1,\"name\":\"Hem\",\"item\":\"https:\\\/\\\/wp.kristdemokraterna.se\\\/taby\\\/\"},{\"@type\":\"ListItem\",\"position\":2,\"name\":\"Ny lag skulle minska barngrupperna\"}]},{\"@type\":\"WebSite\",\"@id\":\"https:\\\/\\\/wp.kristdemokraterna.se\\\/taby\\\/#website\",\"url\":\"https:\\\/\\\/wp.kristdemokraterna.se\\\/taby\\\/\",\"name\":\"T\u00e4by\",\"description\":\"&quot;Det ska vara l\u00e4ttare att f\u00e5 ihop arbetsliv och familjeliv i T\u00e4by&quot;\",\"inLanguage\":\"sv-SE\"},{\"@type\":\"Person\",\"@id\":\"https:\\\/\\\/wp.kristdemokraterna.se\\\/taby\\\/#\\\/schema\\\/person\\\/12b9024c714759d0acdc1da1e754d06c\",\"name\":\"taby\",\"image\":{\"@type\":\"ImageObject\",\"inLanguage\":\"sv-SE\",\"@id\":\"https:\\\/\\\/secure.gravatar.com\\\/avatar\\\/62f6aca44d1f9c34b49438e5fdf4be3554253b04b49a76f013049906786db305?s=96&d=mm&r=g\",\"url\":\"https:\\\/\\\/secure.gravatar.com\\\/avatar\\\/62f6aca44d1f9c34b49438e5fdf4be3554253b04b49a76f013049906786db305?s=96&d=mm&r=g\",\"contentUrl\":\"https:\\\/\\\/secure.gravatar.com\\\/avatar\\\/62f6aca44d1f9c34b49438e5fdf4be3554253b04b49a76f013049906786db305?s=96&d=mm&r=g\",\"caption\":\"taby\"},\"url\":\"https:\\\/\\\/wp.kristdemokraterna.se\\\/taby\\\/author\\\/taby\\\/\"}]}<\/script>\n<!-- \/ Yoast SEO plugin. -->","yoast_head_json":{"title":"Ny lag skulle minska barngrupperna - T\u00e4by","robots":{"index":"index","follow":"follow","max-snippet":"max-snippet:-1","max-image-preview":"max-image-preview:large","max-video-preview":"max-video-preview:-1"},"canonical":"https:\/\/wp.kristdemokraterna.se\/taby\/ny-lag-skulle-minska-barngrupperna\/","og_locale":"sv_SE","og_type":"article","og_title":"Ny lag skulle minska barngrupperna - T\u00e4by","og_description":"KD driver p\u00e5 b\u00e5de lokalt och nationellt f\u00f6r mindre barngrupper i f\u00f6rskolan. Nu f\u00f6resl\u00e5r vi en ny lag som garanterar h\u00f6gst 12 barn per sm\u00e5barnsgrupp. Lokalt i T\u00e4by forts\u00e4tter vi vara den starka kraften f\u00f6r mindre barngrupper. R\u00f6sta KD i kommun och riksdagsvalet f\u00f6r mindre barngrupper! Du beh\u00f6ver inte vara religi\u00f6s f\u00f6r att vara kristdemokrat. Read More","og_url":"https:\/\/wp.kristdemokraterna.se\/taby\/ny-lag-skulle-minska-barngrupperna\/","og_site_name":"T\u00e4by","article_published_time":"2018-08-06T10:28:06+00:00","article_modified_time":"2018-08-09T10:28:13+00:00","og_image":[{"url":"https:\/\/scontent-arn2-1.xx.fbcdn.net\/v\/t1.0-9\/38462806_1774287509345336_11540383850823680_n.jpg?_nc_cat=0&amp;oh=cf442164f282b4c1d0e2fc6d16c19736&amp;oe=5C1183A0","type":"","width":"","height":""}],"author":"taby","twitter_card":"summary_large_image","twitter_misc":{"Skriven av":"taby","Ber\u00e4knad l\u00e4stid":"1 minut"},"schema":{"@context":"https:\/\/schema.org","@graph":[{"@type":"Article","@id":"https:\/\/wp.kristdemokraterna.se\/taby\/ny-lag-skulle-minska-barngrupperna\/#article","isPartOf":{"@id":"https:\/\/wp.kristdemokraterna.se\/taby\/ny-lag-skulle-minska-barngrupperna\/"},"author":{"name":"taby","@id":"https:\/\/wp.kristdemokraterna.se\/taby\/#\/schema\/person\/12b9024c714759d0acdc1da1e754d06c"},"headline":"Ny lag skulle minska barngrupperna","datePublished":"2018-08-06T10:28:06+00:00","dateModified":"2018-08-09T10:28:13+00:00","mainEntityOfPage":{"@id":"https:\/\/wp.kristdemokraterna.se\/taby\/ny-lag-skulle-minska-barngrupperna\/"},"wordCount":139,"image":{"@id":"https:\/\/wp.kristdemokraterna.se\/taby\/ny-lag-skulle-minska-barngrupperna\/#primaryimage"},"thumbnailUrl":"https:\/\/scontent-arn2-1.xx.fbcdn.net\/v\/t1.0-9\/38462806_1774287509345336_11540383850823680_n.jpg?_nc_cat=0&amp;oh=cf442164f282b4c1d0e2fc6d16c19736&amp;oe=5C1183A0","articleSection":["inl\u00e4gg","Nyheter","Senaste nytt"],"inLanguage":"sv-SE"},{"@type":"WebPage","@id":"https:\/\/wp.kristdemokraterna.se\/taby\/ny-lag-skulle-minska-barngrupperna\/","url":"https:\/\/wp.kristdemokraterna.se\/taby\/ny-lag-skulle-minska-barngrupperna\/","name":"Ny lag skulle minska barngrupperna - T\u00e4by","isPartOf":{"@id":"https:\/\/wp.kristdemokraterna.se\/taby\/#website"},"primaryImageOfPage":{"@id":"https:\/\/wp.kristdemokraterna.se\/taby\/ny-lag-skulle-minska-barngrupperna\/#primaryimage"},"image":{"@id":"https:\/\/wp.kristdemokraterna.se\/taby\/ny-lag-skulle-minska-barngrupperna\/#primaryimage"},"thumbnailUrl":"https:\/\/scontent-arn2-1.xx.fbcdn.net\/v\/t1.0-9\/38462806_1774287509345336_11540383850823680_n.jpg?_nc_cat=0&amp;oh=cf442164f282b4c1d0e2fc6d16c19736&amp;oe=5C1183A0","datePublished":"2018-08-06T10:28:06+00:00","dateModified":"2018-08-09T10:28:13+00:00","author":{"@id":"https:\/\/wp.kristdemokraterna.se\/taby\/#\/schema\/person\/12b9024c714759d0acdc1da1e754d06c"},"breadcrumb":{"@id":"https:\/\/wp.kristdemokraterna.se\/taby\/ny-lag-skulle-minska-barngrupperna\/#breadcrumb"},"inLanguage":"sv-SE","potentialAction":[{"@type":"ReadAction","target":["https:\/\/wp.kristdemokraterna.se\/taby\/ny-lag-skulle-minska-barngrupperna\/"]}]},{"@type":"ImageObject","inLanguage":"sv-SE","@id":"https:\/\/wp.kristdemokraterna.se\/taby\/ny-lag-skulle-minska-barngrupperna\/#primaryimage","url":"https:\/\/scontent-arn2-1.xx.fbcdn.net\/v\/t1.0-9\/38462806_1774287509345336_11540383850823680_n.jpg?_nc_cat=0&amp;oh=cf442164f282b4c1d0e2fc6d16c19736&amp;oe=5C1183A0","contentUrl":"https:\/\/scontent-arn2-1.xx.fbcdn.net\/v\/t1.0-9\/38462806_1774287509345336_11540383850823680_n.jpg?_nc_cat=0&amp;oh=cf442164f282b4c1d0e2fc6d16c19736&amp;oe=5C1183A0"},{"@type":"BreadcrumbList","@id":"https:\/\/wp.kristdemokraterna.se\/taby\/ny-lag-skulle-minska-barngrupperna\/#breadcrumb","itemListElement":[{"@type":"ListItem","position":1,"name":"Hem","item":"https:\/\/wp.kristdemokraterna.se\/taby\/"},{"@type":"ListItem","position":2,"name":"Ny lag skulle minska barngrupperna"}]},{"@type":"WebSite","@id":"https:\/\/wp.kristdemokraterna.se\/taby\/#website","url":"https:\/\/wp.kristdemokraterna.se\/taby\/","name":"T\u00e4by","description":"&quot;Det ska vara l\u00e4ttare att f\u00e5 ihop arbetsliv och familjeliv i T\u00e4by&quot;","inLanguage":"sv-SE"},{"@type":"Person","@id":"https:\/\/wp.kristdemokraterna.se\/taby\/#\/schema\/person\/12b9024c714759d0acdc1da1e754d06c","name":"taby","image":{"@type":"ImageObject","inLanguage":"sv-SE","@id":"https:\/\/secure.gravatar.com\/avatar\/62f6aca44d1f9c34b49438e5fdf4be3554253b04b49a76f013049906786db305?s=96&d=mm&r=g","url":"https:\/\/secure.gravatar.com\/avatar\/62f6aca44d1f9c34b49438e5fdf4be3554253b04b49a76f013049906786db305?s=96&d=mm&r=g","contentUrl":"https:\/\/secure.gravatar.com\/avatar\/62f6aca44d1f9c34b49438e5fdf4be3554253b04b49a76f013049906786db305?s=96&d=mm&r=g","caption":"taby"},"url":"https:\/\/wp.kristdemokraterna.se\/taby\/author\/taby\/"}]}},"_links":{"self":[{"href":"https:\/\/wp.kristdemokraterna.se\/taby\/wp-json\/wp\/v2\/posts\/1641","targetHints":{"allow":["GET"]}}],"collection":[{"href":"https:\/\/wp.kristdemokraterna.se\/taby\/wp-json\/wp\/v2\/posts"}],"about":[{"href":"https:\/\/wp.kristdemokraterna.se\/taby\/wp-json\/wp\/v2\/types\/post"}],"author":[{"embeddable":true,"href":"https:\/\/wp.kristdemokraterna.se\/taby\/wp-json\/wp\/v2\/users\/26"}],"replies":[{"embeddable":true,"href":"https:\/\/wp.kristdemokraterna.se\/taby\/wp-json\/wp\/v2\/comments?post=1641"}],"version-history":[{"count":1,"href":"https:\/\/wp.kristdemokraterna.se\/taby\/wp-json\/wp\/v2\/posts\/1641\/revisions"}],"predecessor-version":[{"id":1642,"href":"https:\/\/wp.kristdemokraterna.se\/taby\/wp-json\/wp\/v2\/posts\/1641\/revisions\/1642"}],"wp:attachment":[{"href":"https:\/\/wp.kristdemokraterna.se\/taby\/wp-json\/wp\/v2\/media?parent=1641"}],"wp:term":[{"taxonomy":"category","embeddable":true,"href":"https:\/\/wp.kristdemokraterna.se\/taby\/wp-json\/wp\/v2\/categories?post=1641"},{"taxonomy":"post_tag","embeddable":true,"href":"https:\/\/wp.kristdemokraterna.se\/taby\/wp-json\/wp\/v2\/tags?post=1641"}],"curies":[{"name":"wp","href":"https:\/\/api.w.org\/{rel}","templated":true}]}}