{"id":1644,"date":"2018-08-04T12:29:18","date_gmt":"2018-08-04T10:29:18","guid":{"rendered":"http:\/\/wp.kristdemokraterna.se\/taby\/?p=1644"},"modified":"2018-08-09T12:31:47","modified_gmt":"2018-08-09T10:31:47","slug":"integration-handlar-om-varderingar","status":"publish","type":"post","link":"https:\/\/wp.kristdemokraterna.se\/taby\/integration-handlar-om-varderingar\/","title":{"rendered":"Integration handlar om v\u00e4rderingar"},"content":{"rendered":"<p>F\u00f6r att m\u00f6jligg\u00f6ra verklig integration vill Kristdemokraterna bland annat:<\/p>\n<p>\u2022 Inf\u00f6ra 24 timmars spr\u00e5kutbildning och samh\u00e4llsorientering per vecka f\u00f6r alla asyls\u00f6kande.<br \/>\n\u2022 Sk\u00e4rpa straffen f\u00f6r v\u00e5ldshandlingar mot bl\u00e5ljuspersonal. <span class=\"text_exposed_show\"><br \/>\n\u2022 S\u00e4nka tr\u00f6skeln f\u00f6r utvisning vid sexual-och v\u00e5ldsbrott.<br \/>\n\u2022 G\u00f6ra hedersbrott till ett brott i sig och f\u00f6rbjuda m\u00e5nggifte.<br \/>\n\u2022 F\u00f6rbjuda institutionaliserade och \u00e5terkommande b\u00f6neutrop.<br \/>\n\u2022 Inf\u00f6ra nolltolerans mot islamistiska inslag i friskolor p\u00e5 muslimsk grund.<br \/>\n\u2022 F\u00f6rbjuda all utl\u00e4ndsk finansiering av mosk\u00e9er.<\/span><\/p>\n<div class=\"text_exposed_show\">\n<p>R\u00f6sta KD i T\u00e4by och Riksdagsvalet f\u00f6r konkret och tydlig integrationspolitik med svenska v\u00e4rderingar i fokus!<\/p>\n<\/div>\n","protected":false},"excerpt":{"rendered":"<p>F\u00f6r att m\u00f6jligg\u00f6ra verklig integration vill Kristdemokraterna bland annat: \u2022 Inf\u00f6ra 24 timmars spr\u00e5kutbildning och samh\u00e4llsorientering per vecka f\u00f6r alla asyls\u00f6kande. \u2022 Sk\u00e4rpa straffen f\u00f6r v\u00e5ldshandlingar mot bl\u00e5ljuspersonal. \u2022 S\u00e4nka tr\u00f6skeln f\u00f6r utvisning vid sexual-och v\u00e5ldsbrott. \u2022 G\u00f6ra hedersbrott till ett brott i sig och f\u00f6rbjuda m\u00e5nggifte. \u2022 F\u00f6rbjuda institutionaliserade och \u00e5terkommande b\u00f6neutrop. \u2022 Inf\u00f6ra <a class=\"read-more-link\" href=\"https:\/\/wp.kristdemokraterna.se\/taby\/integration-handlar-om-varderingar\/\">Read More<\/a><\/p>\n","protected":false},"author":26,"featured_media":0,"comment_status":"closed","ping_status":"closed","sticky":false,"template":"","format":"standard","meta":{"_acf_changed":false,"footnotes":""},"categories":[30,29,1],"tags":[],"class_list":["post-1644","post","type-post","status-publish","format-standard","hentry","category-inlagg","category-nyheter","category-okategoriserade"],"acf":[],"yoast_head":"<!-- This site is optimized with the Yoast SEO plugin v27.4 - https:\/\/yoast.com\/product\/yoast-seo-wordpress\/ -->\n<title>Integration handlar om v\u00e4rderingar - T\u00e4by<\/title>\n<meta name=\"robots\" content=\"index, follow, max-snippet:-1, max-image-preview:large, max-video-preview:-1\" \/>\n<link rel=\"canonical\" href=\"https:\/\/wp.kristdemokraterna.se\/taby\/integration-handlar-om-varderingar\/\" \/>\n<meta property=\"og:locale\" content=\"sv_SE\" \/>\n<meta property=\"og:type\" content=\"article\" \/>\n<meta property=\"og:title\" content=\"Integration handlar om v\u00e4rderingar - T\u00e4by\" \/>\n<meta property=\"og:description\" content=\"F\u00f6r att m\u00f6jligg\u00f6ra verklig integration vill Kristdemokraterna bland annat: \u2022 Inf\u00f6ra 24 timmars spr\u00e5kutbildning och samh\u00e4llsorientering per vecka f\u00f6r alla asyls\u00f6kande. \u2022 Sk\u00e4rpa straffen f\u00f6r v\u00e5ldshandlingar mot bl\u00e5ljuspersonal. \u2022 S\u00e4nka tr\u00f6skeln f\u00f6r utvisning vid sexual-och v\u00e5ldsbrott. \u2022 G\u00f6ra hedersbrott till ett brott i sig och f\u00f6rbjuda m\u00e5nggifte. \u2022 F\u00f6rbjuda institutionaliserade och \u00e5terkommande b\u00f6neutrop. \u2022 Inf\u00f6ra Read More\" \/>\n<meta property=\"og:url\" content=\"https:\/\/wp.kristdemokraterna.se\/taby\/integration-handlar-om-varderingar\/\" \/>\n<meta property=\"og:site_name\" content=\"T\u00e4by\" \/>\n<meta property=\"article:published_time\" content=\"2018-08-04T10:29:18+00:00\" \/>\n<meta property=\"article:modified_time\" content=\"2018-08-09T10:31:47+00:00\" \/>\n<meta name=\"author\" content=\"taby\" \/>\n<meta name=\"twitter:card\" content=\"summary_large_image\" \/>\n<meta name=\"twitter:label1\" content=\"Skriven av\" \/>\n\t<meta name=\"twitter:data1\" content=\"taby\" \/>\n\t<meta name=\"twitter:label2\" content=\"Ber\u00e4knad l\u00e4stid\" \/>\n\t<meta name=\"twitter:data2\" content=\"1 minut\" \/>\n<script type=\"application\/ld+json\" class=\"yoast-schema-graph\">{\"@context\":\"https:\\\/\\\/schema.org\",\"@graph\":[{\"@type\":\"Article\",\"@id\":\"https:\\\/\\\/wp.kristdemokraterna.se\\\/taby\\\/integration-handlar-om-varderingar\\\/#article\",\"isPartOf\":{\"@id\":\"https:\\\/\\\/wp.kristdemokraterna.se\\\/taby\\\/integration-handlar-om-varderingar\\\/\"},\"author\":{\"name\":\"taby\",\"@id\":\"https:\\\/\\\/wp.kristdemokraterna.se\\\/taby\\\/#\\\/schema\\\/person\\\/12b9024c714759d0acdc1da1e754d06c\"},\"headline\":\"Integration handlar om v\u00e4rderingar\",\"datePublished\":\"2018-08-04T10:29:18+00:00\",\"dateModified\":\"2018-08-09T10:31:47+00:00\",\"mainEntityOfPage\":{\"@id\":\"https:\\\/\\\/wp.kristdemokraterna.se\\\/taby\\\/integration-handlar-om-varderingar\\\/\"},\"wordCount\":113,\"articleSection\":[\"inl\u00e4gg\",\"Nyheter\",\"Senaste nytt\"],\"inLanguage\":\"sv-SE\"},{\"@type\":\"WebPage\",\"@id\":\"https:\\\/\\\/wp.kristdemokraterna.se\\\/taby\\\/integration-handlar-om-varderingar\\\/\",\"url\":\"https:\\\/\\\/wp.kristdemokraterna.se\\\/taby\\\/integration-handlar-om-varderingar\\\/\",\"name\":\"Integration handlar om v\u00e4rderingar - T\u00e4by\",\"isPartOf\":{\"@id\":\"https:\\\/\\\/wp.kristdemokraterna.se\\\/taby\\\/#website\"},\"datePublished\":\"2018-08-04T10:29:18+00:00\",\"dateModified\":\"2018-08-09T10:31:47+00:00\",\"author\":{\"@id\":\"https:\\\/\\\/wp.kristdemokraterna.se\\\/taby\\\/#\\\/schema\\\/person\\\/12b9024c714759d0acdc1da1e754d06c\"},\"breadcrumb\":{\"@id\":\"https:\\\/\\\/wp.kristdemokraterna.se\\\/taby\\\/integration-handlar-om-varderingar\\\/#breadcrumb\"},\"inLanguage\":\"sv-SE\",\"potentialAction\":[{\"@type\":\"ReadAction\",\"target\":[\"https:\\\/\\\/wp.kristdemokraterna.se\\\/taby\\\/integration-handlar-om-varderingar\\\/\"]}]},{\"@type\":\"BreadcrumbList\",\"@id\":\"https:\\\/\\\/wp.kristdemokraterna.se\\\/taby\\\/integration-handlar-om-varderingar\\\/#breadcrumb\",\"itemListElement\":[{\"@type\":\"ListItem\",\"position\":1,\"name\":\"Hem\",\"item\":\"https:\\\/\\\/wp.kristdemokraterna.se\\\/taby\\\/\"},{\"@type\":\"ListItem\",\"position\":2,\"name\":\"Integration handlar om v\u00e4rderingar\"}]},{\"@type\":\"WebSite\",\"@id\":\"https:\\\/\\\/wp.kristdemokraterna.se\\\/taby\\\/#website\",\"url\":\"https:\\\/\\\/wp.kristdemokraterna.se\\\/taby\\\/\",\"name\":\"T\u00e4by\",\"description\":\"&quot;Det ska vara l\u00e4ttare att f\u00e5 ihop arbetsliv och familjeliv i T\u00e4by&quot;\",\"inLanguage\":\"sv-SE\"},{\"@type\":\"Person\",\"@id\":\"https:\\\/\\\/wp.kristdemokraterna.se\\\/taby\\\/#\\\/schema\\\/person\\\/12b9024c714759d0acdc1da1e754d06c\",\"name\":\"taby\",\"image\":{\"@type\":\"ImageObject\",\"inLanguage\":\"sv-SE\",\"@id\":\"https:\\\/\\\/secure.gravatar.com\\\/avatar\\\/62f6aca44d1f9c34b49438e5fdf4be3554253b04b49a76f013049906786db305?s=96&d=mm&r=g\",\"url\":\"https:\\\/\\\/secure.gravatar.com\\\/avatar\\\/62f6aca44d1f9c34b49438e5fdf4be3554253b04b49a76f013049906786db305?s=96&d=mm&r=g\",\"contentUrl\":\"https:\\\/\\\/secure.gravatar.com\\\/avatar\\\/62f6aca44d1f9c34b49438e5fdf4be3554253b04b49a76f013049906786db305?s=96&d=mm&r=g\",\"caption\":\"taby\"},\"url\":\"https:\\\/\\\/wp.kristdemokraterna.se\\\/taby\\\/author\\\/taby\\\/\"}]}<\/script>\n<!-- \/ Yoast SEO plugin. -->","yoast_head_json":{"title":"Integration handlar om v\u00e4rderingar - T\u00e4by","robots":{"index":"index","follow":"follow","max-snippet":"max-snippet:-1","max-image-preview":"max-image-preview:large","max-video-preview":"max-video-preview:-1"},"canonical":"https:\/\/wp.kristdemokraterna.se\/taby\/integration-handlar-om-varderingar\/","og_locale":"sv_SE","og_type":"article","og_title":"Integration handlar om v\u00e4rderingar - T\u00e4by","og_description":"F\u00f6r att m\u00f6jligg\u00f6ra verklig integration vill Kristdemokraterna bland annat: \u2022 Inf\u00f6ra 24 timmars spr\u00e5kutbildning och samh\u00e4llsorientering per vecka f\u00f6r alla asyls\u00f6kande. \u2022 Sk\u00e4rpa straffen f\u00f6r v\u00e5ldshandlingar mot bl\u00e5ljuspersonal. \u2022 S\u00e4nka tr\u00f6skeln f\u00f6r utvisning vid sexual-och v\u00e5ldsbrott. \u2022 G\u00f6ra hedersbrott till ett brott i sig och f\u00f6rbjuda m\u00e5nggifte. \u2022 F\u00f6rbjuda institutionaliserade och \u00e5terkommande b\u00f6neutrop. \u2022 Inf\u00f6ra Read More","og_url":"https:\/\/wp.kristdemokraterna.se\/taby\/integration-handlar-om-varderingar\/","og_site_name":"T\u00e4by","article_published_time":"2018-08-04T10:29:18+00:00","article_modified_time":"2018-08-09T10:31:47+00:00","author":"taby","twitter_card":"summary_large_image","twitter_misc":{"Skriven av":"taby","Ber\u00e4knad l\u00e4stid":"1 minut"},"schema":{"@context":"https:\/\/schema.org","@graph":[{"@type":"Article","@id":"https:\/\/wp.kristdemokraterna.se\/taby\/integration-handlar-om-varderingar\/#article","isPartOf":{"@id":"https:\/\/wp.kristdemokraterna.se\/taby\/integration-handlar-om-varderingar\/"},"author":{"name":"taby","@id":"https:\/\/wp.kristdemokraterna.se\/taby\/#\/schema\/person\/12b9024c714759d0acdc1da1e754d06c"},"headline":"Integration handlar om v\u00e4rderingar","datePublished":"2018-08-04T10:29:18+00:00","dateModified":"2018-08-09T10:31:47+00:00","mainEntityOfPage":{"@id":"https:\/\/wp.kristdemokraterna.se\/taby\/integration-handlar-om-varderingar\/"},"wordCount":113,"articleSection":["inl\u00e4gg","Nyheter","Senaste nytt"],"inLanguage":"sv-SE"},{"@type":"WebPage","@id":"https:\/\/wp.kristdemokraterna.se\/taby\/integration-handlar-om-varderingar\/","url":"https:\/\/wp.kristdemokraterna.se\/taby\/integration-handlar-om-varderingar\/","name":"Integration handlar om v\u00e4rderingar - T\u00e4by","isPartOf":{"@id":"https:\/\/wp.kristdemokraterna.se\/taby\/#website"},"datePublished":"2018-08-04T10:29:18+00:00","dateModified":"2018-08-09T10:31:47+00:00","author":{"@id":"https:\/\/wp.kristdemokraterna.se\/taby\/#\/schema\/person\/12b9024c714759d0acdc1da1e754d06c"},"breadcrumb":{"@id":"https:\/\/wp.kristdemokraterna.se\/taby\/integration-handlar-om-varderingar\/#breadcrumb"},"inLanguage":"sv-SE","potentialAction":[{"@type":"ReadAction","target":["https:\/\/wp.kristdemokraterna.se\/taby\/integration-handlar-om-varderingar\/"]}]},{"@type":"BreadcrumbList","@id":"https:\/\/wp.kristdemokraterna.se\/taby\/integration-handlar-om-varderingar\/#breadcrumb","itemListElement":[{"@type":"ListItem","position":1,"name":"Hem","item":"https:\/\/wp.kristdemokraterna.se\/taby\/"},{"@type":"ListItem","position":2,"name":"Integration handlar om v\u00e4rderingar"}]},{"@type":"WebSite","@id":"https:\/\/wp.kristdemokraterna.se\/taby\/#website","url":"https:\/\/wp.kristdemokraterna.se\/taby\/","name":"T\u00e4by","description":"&quot;Det ska vara l\u00e4ttare att f\u00e5 ihop arbetsliv och familjeliv i T\u00e4by&quot;","inLanguage":"sv-SE"},{"@type":"Person","@id":"https:\/\/wp.kristdemokraterna.se\/taby\/#\/schema\/person\/12b9024c714759d0acdc1da1e754d06c","name":"taby","image":{"@type":"ImageObject","inLanguage":"sv-SE","@id":"https:\/\/secure.gravatar.com\/avatar\/62f6aca44d1f9c34b49438e5fdf4be3554253b04b49a76f013049906786db305?s=96&d=mm&r=g","url":"https:\/\/secure.gravatar.com\/avatar\/62f6aca44d1f9c34b49438e5fdf4be3554253b04b49a76f013049906786db305?s=96&d=mm&r=g","contentUrl":"https:\/\/secure.gravatar.com\/avatar\/62f6aca44d1f9c34b49438e5fdf4be3554253b04b49a76f013049906786db305?s=96&d=mm&r=g","caption":"taby"},"url":"https:\/\/wp.kristdemokraterna.se\/taby\/author\/taby\/"}]}},"_links":{"self":[{"href":"https:\/\/wp.kristdemokraterna.se\/taby\/wp-json\/wp\/v2\/posts\/1644","targetHints":{"allow":["GET"]}}],"collection":[{"href":"https:\/\/wp.kristdemokraterna.se\/taby\/wp-json\/wp\/v2\/posts"}],"about":[{"href":"https:\/\/wp.kristdemokraterna.se\/taby\/wp-json\/wp\/v2\/types\/post"}],"author":[{"embeddable":true,"href":"https:\/\/wp.kristdemokraterna.se\/taby\/wp-json\/wp\/v2\/users\/26"}],"replies":[{"embeddable":true,"href":"https:\/\/wp.kristdemokraterna.se\/taby\/wp-json\/wp\/v2\/comments?post=1644"}],"version-history":[{"count":1,"href":"https:\/\/wp.kristdemokraterna.se\/taby\/wp-json\/wp\/v2\/posts\/1644\/revisions"}],"predecessor-version":[{"id":1646,"href":"https:\/\/wp.kristdemokraterna.se\/taby\/wp-json\/wp\/v2\/posts\/1644\/revisions\/1646"}],"wp:attachment":[{"href":"https:\/\/wp.kristdemokraterna.se\/taby\/wp-json\/wp\/v2\/media?parent=1644"}],"wp:term":[{"taxonomy":"category","embeddable":true,"href":"https:\/\/wp.kristdemokraterna.se\/taby\/wp-json\/wp\/v2\/categories?post=1644"},{"taxonomy":"post_tag","embeddable":true,"href":"https:\/\/wp.kristdemokraterna.se\/taby\/wp-json\/wp\/v2\/tags?post=1644"}],"curies":[{"name":"wp","href":"https:\/\/api.w.org\/{rel}","templated":true}]}}