{"id":1647,"date":"2018-07-31T12:32:32","date_gmt":"2018-07-31T10:32:32","guid":{"rendered":"http:\/\/wp.kristdemokraterna.se\/taby\/?p=1647"},"modified":"2018-08-09T12:35:38","modified_gmt":"2018-08-09T10:35:38","slug":"vi-varnar-om-de-aldre","status":"publish","type":"post","link":"https:\/\/wp.kristdemokraterna.se\/taby\/vi-varnar-om-de-aldre\/","title":{"rendered":"Vi v\u00e4rnar om de \u00e4ldre"},"content":{"rendered":"<p>KD har flest \u00e4ldre p\u00e5 sina vallistor.<\/p>\n<p>KD s\u00e4nkte skatten fem g\u00e5nger f\u00f6r pension\u00e4rer 2006-14. Nu vill vi slopa pension\u00e4rsskatten helt. Vi har haft en kristdemokratisk \u00e4ldreminist<span class=\"text_exposed_show\">er i Sverige, \u00e4ldrelandstingsr\u00e5d i Stockholm och \u00e4ldreborgarr\u00e5d i Stockholms stad. V\u00e5r partiledare Ebba Busch Thor var tidigare \u00e4ldrekommunalr\u00e5d i Uppsala.<\/span><\/p>\n<div class=\"text_exposed_show\">\n<p>Nu visar det sig ocks\u00e5 att KD \u00e4r bra f\u00f6r \u00e4ldre v\u00e4ljare p\u00e5 ytterligare ett viktigt s\u00e4tt. P\u00e5 v\u00e5ra listor \u00e4r 25% \u00e4ldre. Fler \u00e4ldre \u00e4n n\u00e5got annat parti. Minst har S. De h\u00e5ller \u00e4ldre borta fr\u00e5n sina listor, tycks det som. Of\u00f6rklarligt &#8211; \u00e4ldre \u00e4r en viktig resurs i det politiska arbetet, inte bara \u201dr\u00f6stboskap\u201d.<\/p>\n<p>Gl\u00f6m dina f\u00f6rdomar om KD. Vi \u00e4r ett frihetligt parti som bygger p\u00e5 en stabil etisk grund. En del tror att man beh\u00f6ver vara religi\u00f6s f\u00f6r att r\u00f6sta p\u00e5 KD. Inte alls. V\u00e5r politik bygger p\u00e5 samma kristna tradition och humanism som ligger till grund f\u00f6r det v\u00e4sterl\u00e4ndska samh\u00e4llet.<\/p>\n<p><em>P\u00e5 bilden: Partiledaren Ebba Busch Thor, tidigare \u00e4ldrekommunalr\u00e5d och KD:s hedersordf\u00f6rande Alf Svensson.<\/em><\/p>\n<\/div>\n","protected":false},"excerpt":{"rendered":"<p>KD har flest \u00e4ldre p\u00e5 sina vallistor. KD s\u00e4nkte skatten fem g\u00e5nger f\u00f6r pension\u00e4rer 2006-14. Nu vill vi slopa pension\u00e4rsskatten helt. Vi har haft en kristdemokratisk \u00e4ldreminister i Sverige, \u00e4ldrelandstingsr\u00e5d i Stockholm och \u00e4ldreborgarr\u00e5d i Stockholms stad. V\u00e5r partiledare Ebba Busch Thor var tidigare \u00e4ldrekommunalr\u00e5d i Uppsala. Nu visar det sig ocks\u00e5 att KD \u00e4r <a class=\"read-more-link\" href=\"https:\/\/wp.kristdemokraterna.se\/taby\/vi-varnar-om-de-aldre\/\">Read More<\/a><\/p>\n","protected":false},"author":26,"featured_media":0,"comment_status":"closed","ping_status":"closed","sticky":false,"template":"","format":"standard","meta":{"_acf_changed":false,"footnotes":""},"categories":[30,29,1],"tags":[],"class_list":["post-1647","post","type-post","status-publish","format-standard","hentry","category-inlagg","category-nyheter","category-okategoriserade"],"acf":[],"yoast_head":"<!-- This site is optimized with the Yoast SEO plugin v27.4 - https:\/\/yoast.com\/product\/yoast-seo-wordpress\/ -->\n<title>Vi v\u00e4rnar om de \u00e4ldre - T\u00e4by<\/title>\n<meta name=\"robots\" content=\"index, follow, max-snippet:-1, max-image-preview:large, max-video-preview:-1\" \/>\n<link rel=\"canonical\" href=\"https:\/\/wp.kristdemokraterna.se\/taby\/vi-varnar-om-de-aldre\/\" \/>\n<meta property=\"og:locale\" content=\"sv_SE\" \/>\n<meta property=\"og:type\" content=\"article\" \/>\n<meta property=\"og:title\" content=\"Vi v\u00e4rnar om de \u00e4ldre - T\u00e4by\" \/>\n<meta property=\"og:description\" content=\"KD har flest \u00e4ldre p\u00e5 sina vallistor. KD s\u00e4nkte skatten fem g\u00e5nger f\u00f6r pension\u00e4rer 2006-14. Nu vill vi slopa pension\u00e4rsskatten helt. Vi har haft en kristdemokratisk \u00e4ldreminister i Sverige, \u00e4ldrelandstingsr\u00e5d i Stockholm och \u00e4ldreborgarr\u00e5d i Stockholms stad. V\u00e5r partiledare Ebba Busch Thor var tidigare \u00e4ldrekommunalr\u00e5d i Uppsala. Nu visar det sig ocks\u00e5 att KD \u00e4r Read More\" \/>\n<meta property=\"og:url\" content=\"https:\/\/wp.kristdemokraterna.se\/taby\/vi-varnar-om-de-aldre\/\" \/>\n<meta property=\"og:site_name\" content=\"T\u00e4by\" \/>\n<meta property=\"article:published_time\" content=\"2018-07-31T10:32:32+00:00\" \/>\n<meta property=\"article:modified_time\" content=\"2018-08-09T10:35:38+00:00\" \/>\n<meta name=\"author\" content=\"taby\" \/>\n<meta name=\"twitter:card\" content=\"summary_large_image\" \/>\n<meta name=\"twitter:label1\" content=\"Skriven av\" \/>\n\t<meta name=\"twitter:data1\" content=\"taby\" \/>\n\t<meta name=\"twitter:label2\" content=\"Ber\u00e4knad l\u00e4stid\" \/>\n\t<meta name=\"twitter:data2\" content=\"1 minut\" \/>\n<script type=\"application\/ld+json\" class=\"yoast-schema-graph\">{\"@context\":\"https:\\\/\\\/schema.org\",\"@graph\":[{\"@type\":\"Article\",\"@id\":\"https:\\\/\\\/wp.kristdemokraterna.se\\\/taby\\\/vi-varnar-om-de-aldre\\\/#article\",\"isPartOf\":{\"@id\":\"https:\\\/\\\/wp.kristdemokraterna.se\\\/taby\\\/vi-varnar-om-de-aldre\\\/\"},\"author\":{\"name\":\"taby\",\"@id\":\"https:\\\/\\\/wp.kristdemokraterna.se\\\/taby\\\/#\\\/schema\\\/person\\\/12b9024c714759d0acdc1da1e754d06c\"},\"headline\":\"Vi v\u00e4rnar om de \u00e4ldre\",\"datePublished\":\"2018-07-31T10:32:32+00:00\",\"dateModified\":\"2018-08-09T10:35:38+00:00\",\"mainEntityOfPage\":{\"@id\":\"https:\\\/\\\/wp.kristdemokraterna.se\\\/taby\\\/vi-varnar-om-de-aldre\\\/\"},\"wordCount\":202,\"articleSection\":[\"inl\u00e4gg\",\"Nyheter\",\"Senaste nytt\"],\"inLanguage\":\"sv-SE\"},{\"@type\":\"WebPage\",\"@id\":\"https:\\\/\\\/wp.kristdemokraterna.se\\\/taby\\\/vi-varnar-om-de-aldre\\\/\",\"url\":\"https:\\\/\\\/wp.kristdemokraterna.se\\\/taby\\\/vi-varnar-om-de-aldre\\\/\",\"name\":\"Vi v\u00e4rnar om de \u00e4ldre - T\u00e4by\",\"isPartOf\":{\"@id\":\"https:\\\/\\\/wp.kristdemokraterna.se\\\/taby\\\/#website\"},\"datePublished\":\"2018-07-31T10:32:32+00:00\",\"dateModified\":\"2018-08-09T10:35:38+00:00\",\"author\":{\"@id\":\"https:\\\/\\\/wp.kristdemokraterna.se\\\/taby\\\/#\\\/schema\\\/person\\\/12b9024c714759d0acdc1da1e754d06c\"},\"breadcrumb\":{\"@id\":\"https:\\\/\\\/wp.kristdemokraterna.se\\\/taby\\\/vi-varnar-om-de-aldre\\\/#breadcrumb\"},\"inLanguage\":\"sv-SE\",\"potentialAction\":[{\"@type\":\"ReadAction\",\"target\":[\"https:\\\/\\\/wp.kristdemokraterna.se\\\/taby\\\/vi-varnar-om-de-aldre\\\/\"]}]},{\"@type\":\"BreadcrumbList\",\"@id\":\"https:\\\/\\\/wp.kristdemokraterna.se\\\/taby\\\/vi-varnar-om-de-aldre\\\/#breadcrumb\",\"itemListElement\":[{\"@type\":\"ListItem\",\"position\":1,\"name\":\"Hem\",\"item\":\"https:\\\/\\\/wp.kristdemokraterna.se\\\/taby\\\/\"},{\"@type\":\"ListItem\",\"position\":2,\"name\":\"Vi v\u00e4rnar om de \u00e4ldre\"}]},{\"@type\":\"WebSite\",\"@id\":\"https:\\\/\\\/wp.kristdemokraterna.se\\\/taby\\\/#website\",\"url\":\"https:\\\/\\\/wp.kristdemokraterna.se\\\/taby\\\/\",\"name\":\"T\u00e4by\",\"description\":\"&quot;Det ska vara l\u00e4ttare att f\u00e5 ihop arbetsliv och familjeliv i T\u00e4by&quot;\",\"inLanguage\":\"sv-SE\"},{\"@type\":\"Person\",\"@id\":\"https:\\\/\\\/wp.kristdemokraterna.se\\\/taby\\\/#\\\/schema\\\/person\\\/12b9024c714759d0acdc1da1e754d06c\",\"name\":\"taby\",\"image\":{\"@type\":\"ImageObject\",\"inLanguage\":\"sv-SE\",\"@id\":\"https:\\\/\\\/secure.gravatar.com\\\/avatar\\\/62f6aca44d1f9c34b49438e5fdf4be3554253b04b49a76f013049906786db305?s=96&d=mm&r=g\",\"url\":\"https:\\\/\\\/secure.gravatar.com\\\/avatar\\\/62f6aca44d1f9c34b49438e5fdf4be3554253b04b49a76f013049906786db305?s=96&d=mm&r=g\",\"contentUrl\":\"https:\\\/\\\/secure.gravatar.com\\\/avatar\\\/62f6aca44d1f9c34b49438e5fdf4be3554253b04b49a76f013049906786db305?s=96&d=mm&r=g\",\"caption\":\"taby\"},\"url\":\"https:\\\/\\\/wp.kristdemokraterna.se\\\/taby\\\/author\\\/taby\\\/\"}]}<\/script>\n<!-- \/ Yoast SEO plugin. -->","yoast_head_json":{"title":"Vi v\u00e4rnar om de \u00e4ldre - T\u00e4by","robots":{"index":"index","follow":"follow","max-snippet":"max-snippet:-1","max-image-preview":"max-image-preview:large","max-video-preview":"max-video-preview:-1"},"canonical":"https:\/\/wp.kristdemokraterna.se\/taby\/vi-varnar-om-de-aldre\/","og_locale":"sv_SE","og_type":"article","og_title":"Vi v\u00e4rnar om de \u00e4ldre - T\u00e4by","og_description":"KD har flest \u00e4ldre p\u00e5 sina vallistor. KD s\u00e4nkte skatten fem g\u00e5nger f\u00f6r pension\u00e4rer 2006-14. Nu vill vi slopa pension\u00e4rsskatten helt. Vi har haft en kristdemokratisk \u00e4ldreminister i Sverige, \u00e4ldrelandstingsr\u00e5d i Stockholm och \u00e4ldreborgarr\u00e5d i Stockholms stad. V\u00e5r partiledare Ebba Busch Thor var tidigare \u00e4ldrekommunalr\u00e5d i Uppsala. Nu visar det sig ocks\u00e5 att KD \u00e4r Read More","og_url":"https:\/\/wp.kristdemokraterna.se\/taby\/vi-varnar-om-de-aldre\/","og_site_name":"T\u00e4by","article_published_time":"2018-07-31T10:32:32+00:00","article_modified_time":"2018-08-09T10:35:38+00:00","author":"taby","twitter_card":"summary_large_image","twitter_misc":{"Skriven av":"taby","Ber\u00e4knad l\u00e4stid":"1 minut"},"schema":{"@context":"https:\/\/schema.org","@graph":[{"@type":"Article","@id":"https:\/\/wp.kristdemokraterna.se\/taby\/vi-varnar-om-de-aldre\/#article","isPartOf":{"@id":"https:\/\/wp.kristdemokraterna.se\/taby\/vi-varnar-om-de-aldre\/"},"author":{"name":"taby","@id":"https:\/\/wp.kristdemokraterna.se\/taby\/#\/schema\/person\/12b9024c714759d0acdc1da1e754d06c"},"headline":"Vi v\u00e4rnar om de \u00e4ldre","datePublished":"2018-07-31T10:32:32+00:00","dateModified":"2018-08-09T10:35:38+00:00","mainEntityOfPage":{"@id":"https:\/\/wp.kristdemokraterna.se\/taby\/vi-varnar-om-de-aldre\/"},"wordCount":202,"articleSection":["inl\u00e4gg","Nyheter","Senaste nytt"],"inLanguage":"sv-SE"},{"@type":"WebPage","@id":"https:\/\/wp.kristdemokraterna.se\/taby\/vi-varnar-om-de-aldre\/","url":"https:\/\/wp.kristdemokraterna.se\/taby\/vi-varnar-om-de-aldre\/","name":"Vi v\u00e4rnar om de \u00e4ldre - T\u00e4by","isPartOf":{"@id":"https:\/\/wp.kristdemokraterna.se\/taby\/#website"},"datePublished":"2018-07-31T10:32:32+00:00","dateModified":"2018-08-09T10:35:38+00:00","author":{"@id":"https:\/\/wp.kristdemokraterna.se\/taby\/#\/schema\/person\/12b9024c714759d0acdc1da1e754d06c"},"breadcrumb":{"@id":"https:\/\/wp.kristdemokraterna.se\/taby\/vi-varnar-om-de-aldre\/#breadcrumb"},"inLanguage":"sv-SE","potentialAction":[{"@type":"ReadAction","target":["https:\/\/wp.kristdemokraterna.se\/taby\/vi-varnar-om-de-aldre\/"]}]},{"@type":"BreadcrumbList","@id":"https:\/\/wp.kristdemokraterna.se\/taby\/vi-varnar-om-de-aldre\/#breadcrumb","itemListElement":[{"@type":"ListItem","position":1,"name":"Hem","item":"https:\/\/wp.kristdemokraterna.se\/taby\/"},{"@type":"ListItem","position":2,"name":"Vi v\u00e4rnar om de \u00e4ldre"}]},{"@type":"WebSite","@id":"https:\/\/wp.kristdemokraterna.se\/taby\/#website","url":"https:\/\/wp.kristdemokraterna.se\/taby\/","name":"T\u00e4by","description":"&quot;Det ska vara l\u00e4ttare att f\u00e5 ihop arbetsliv och familjeliv i T\u00e4by&quot;","inLanguage":"sv-SE"},{"@type":"Person","@id":"https:\/\/wp.kristdemokraterna.se\/taby\/#\/schema\/person\/12b9024c714759d0acdc1da1e754d06c","name":"taby","image":{"@type":"ImageObject","inLanguage":"sv-SE","@id":"https:\/\/secure.gravatar.com\/avatar\/62f6aca44d1f9c34b49438e5fdf4be3554253b04b49a76f013049906786db305?s=96&d=mm&r=g","url":"https:\/\/secure.gravatar.com\/avatar\/62f6aca44d1f9c34b49438e5fdf4be3554253b04b49a76f013049906786db305?s=96&d=mm&r=g","contentUrl":"https:\/\/secure.gravatar.com\/avatar\/62f6aca44d1f9c34b49438e5fdf4be3554253b04b49a76f013049906786db305?s=96&d=mm&r=g","caption":"taby"},"url":"https:\/\/wp.kristdemokraterna.se\/taby\/author\/taby\/"}]}},"_links":{"self":[{"href":"https:\/\/wp.kristdemokraterna.se\/taby\/wp-json\/wp\/v2\/posts\/1647","targetHints":{"allow":["GET"]}}],"collection":[{"href":"https:\/\/wp.kristdemokraterna.se\/taby\/wp-json\/wp\/v2\/posts"}],"about":[{"href":"https:\/\/wp.kristdemokraterna.se\/taby\/wp-json\/wp\/v2\/types\/post"}],"author":[{"embeddable":true,"href":"https:\/\/wp.kristdemokraterna.se\/taby\/wp-json\/wp\/v2\/users\/26"}],"replies":[{"embeddable":true,"href":"https:\/\/wp.kristdemokraterna.se\/taby\/wp-json\/wp\/v2\/comments?post=1647"}],"version-history":[{"count":1,"href":"https:\/\/wp.kristdemokraterna.se\/taby\/wp-json\/wp\/v2\/posts\/1647\/revisions"}],"predecessor-version":[{"id":1649,"href":"https:\/\/wp.kristdemokraterna.se\/taby\/wp-json\/wp\/v2\/posts\/1647\/revisions\/1649"}],"wp:attachment":[{"href":"https:\/\/wp.kristdemokraterna.se\/taby\/wp-json\/wp\/v2\/media?parent=1647"}],"wp:term":[{"taxonomy":"category","embeddable":true,"href":"https:\/\/wp.kristdemokraterna.se\/taby\/wp-json\/wp\/v2\/categories?post=1647"},{"taxonomy":"post_tag","embeddable":true,"href":"https:\/\/wp.kristdemokraterna.se\/taby\/wp-json\/wp\/v2\/tags?post=1647"}],"curies":[{"name":"wp","href":"https:\/\/api.w.org\/{rel}","templated":true}]}}