{"id":1650,"date":"2018-07-23T12:36:18","date_gmt":"2018-07-23T10:36:18","guid":{"rendered":"http:\/\/wp.kristdemokraterna.se\/taby\/?p=1650"},"modified":"2018-08-09T12:39:24","modified_gmt":"2018-08-09T10:39:24","slug":"skydda-henne-inte-forovaren","status":"publish","type":"post","link":"https:\/\/wp.kristdemokraterna.se\/taby\/skydda-henne-inte-forovaren\/","title":{"rendered":"Skydda henne &#8211; inte f\u00f6r\u00f6varen!"},"content":{"rendered":"<p>F\u00f6rra \u00e5ret anm\u00e4ldes \u00f6ver 7 000 v\u00e5ldt\u00e4kter, men bara en br\u00e5kdel klarades upp. Att s\u00e5 f\u00e5 v\u00e5ldsbrott klaras upp \u00e4r ett svek mot de som uts\u00e4tts och mot de som v\u00e5gar anm\u00e4la.<\/p>\n<p>Samh\u00e4llet m\u00e5ste f\u00f6rebygga brott, men ocks\u00e5 se till att brottsoffret f\u00e5r uppr\u00e4ttelse n\u00e4r ett brott v\u00e4l skett. Vi beh\u00f6ver fler poliser och sk\u00e4rpta straff f\u00f6r v\u00e5ldsbrott. Alla ska kunna vara trygga, \u00f6verallt. Du ska kunna lita p\u00e5 Sverige.<\/p>\n","protected":false},"excerpt":{"rendered":"<p>F\u00f6rra \u00e5ret anm\u00e4ldes \u00f6ver 7 000 v\u00e5ldt\u00e4kter, men bara en br\u00e5kdel klarades upp. Att s\u00e5 f\u00e5 v\u00e5ldsbrott klaras upp \u00e4r ett svek mot de som uts\u00e4tts och mot de som v\u00e5gar anm\u00e4la. Samh\u00e4llet m\u00e5ste f\u00f6rebygga brott, men ocks\u00e5 se till att brottsoffret f\u00e5r uppr\u00e4ttelse n\u00e4r ett brott v\u00e4l skett. Vi beh\u00f6ver fler poliser och sk\u00e4rpta <a class=\"read-more-link\" href=\"https:\/\/wp.kristdemokraterna.se\/taby\/skydda-henne-inte-forovaren\/\">Read More<\/a><\/p>\n","protected":false},"author":26,"featured_media":0,"comment_status":"closed","ping_status":"closed","sticky":false,"template":"","format":"standard","meta":{"_acf_changed":false,"footnotes":""},"categories":[30,29,1],"tags":[],"class_list":["post-1650","post","type-post","status-publish","format-standard","hentry","category-inlagg","category-nyheter","category-okategoriserade"],"acf":[],"yoast_head":"<!-- This site is optimized with the Yoast SEO plugin v27.4 - https:\/\/yoast.com\/product\/yoast-seo-wordpress\/ -->\n<title>Skydda henne - inte f\u00f6r\u00f6varen! - T\u00e4by<\/title>\n<meta name=\"robots\" content=\"index, follow, max-snippet:-1, max-image-preview:large, max-video-preview:-1\" \/>\n<link rel=\"canonical\" href=\"https:\/\/wp.kristdemokraterna.se\/taby\/skydda-henne-inte-forovaren\/\" \/>\n<meta property=\"og:locale\" content=\"sv_SE\" \/>\n<meta property=\"og:type\" content=\"article\" \/>\n<meta property=\"og:title\" content=\"Skydda henne - inte f\u00f6r\u00f6varen! - T\u00e4by\" \/>\n<meta property=\"og:description\" content=\"F\u00f6rra \u00e5ret anm\u00e4ldes \u00f6ver 7 000 v\u00e5ldt\u00e4kter, men bara en br\u00e5kdel klarades upp. Att s\u00e5 f\u00e5 v\u00e5ldsbrott klaras upp \u00e4r ett svek mot de som uts\u00e4tts och mot de som v\u00e5gar anm\u00e4la. Samh\u00e4llet m\u00e5ste f\u00f6rebygga brott, men ocks\u00e5 se till att brottsoffret f\u00e5r uppr\u00e4ttelse n\u00e4r ett brott v\u00e4l skett. Vi beh\u00f6ver fler poliser och sk\u00e4rpta Read More\" \/>\n<meta property=\"og:url\" content=\"https:\/\/wp.kristdemokraterna.se\/taby\/skydda-henne-inte-forovaren\/\" \/>\n<meta property=\"og:site_name\" content=\"T\u00e4by\" \/>\n<meta property=\"article:published_time\" content=\"2018-07-23T10:36:18+00:00\" \/>\n<meta property=\"article:modified_time\" content=\"2018-08-09T10:39:24+00:00\" \/>\n<meta name=\"author\" content=\"taby\" \/>\n<meta name=\"twitter:card\" content=\"summary_large_image\" \/>\n<meta name=\"twitter:label1\" content=\"Skriven av\" \/>\n\t<meta name=\"twitter:data1\" content=\"taby\" \/>\n<script type=\"application\/ld+json\" class=\"yoast-schema-graph\">{\"@context\":\"https:\\\/\\\/schema.org\",\"@graph\":[{\"@type\":\"Article\",\"@id\":\"https:\\\/\\\/wp.kristdemokraterna.se\\\/taby\\\/skydda-henne-inte-forovaren\\\/#article\",\"isPartOf\":{\"@id\":\"https:\\\/\\\/wp.kristdemokraterna.se\\\/taby\\\/skydda-henne-inte-forovaren\\\/\"},\"author\":{\"name\":\"taby\",\"@id\":\"https:\\\/\\\/wp.kristdemokraterna.se\\\/taby\\\/#\\\/schema\\\/person\\\/12b9024c714759d0acdc1da1e754d06c\"},\"headline\":\"Skydda henne &#8211; inte f\u00f6r\u00f6varen!\",\"datePublished\":\"2018-07-23T10:36:18+00:00\",\"dateModified\":\"2018-08-09T10:39:24+00:00\",\"mainEntityOfPage\":{\"@id\":\"https:\\\/\\\/wp.kristdemokraterna.se\\\/taby\\\/skydda-henne-inte-forovaren\\\/\"},\"wordCount\":95,\"articleSection\":[\"inl\u00e4gg\",\"Nyheter\",\"Senaste nytt\"],\"inLanguage\":\"sv-SE\"},{\"@type\":\"WebPage\",\"@id\":\"https:\\\/\\\/wp.kristdemokraterna.se\\\/taby\\\/skydda-henne-inte-forovaren\\\/\",\"url\":\"https:\\\/\\\/wp.kristdemokraterna.se\\\/taby\\\/skydda-henne-inte-forovaren\\\/\",\"name\":\"Skydda henne - inte f\u00f6r\u00f6varen! - T\u00e4by\",\"isPartOf\":{\"@id\":\"https:\\\/\\\/wp.kristdemokraterna.se\\\/taby\\\/#website\"},\"datePublished\":\"2018-07-23T10:36:18+00:00\",\"dateModified\":\"2018-08-09T10:39:24+00:00\",\"author\":{\"@id\":\"https:\\\/\\\/wp.kristdemokraterna.se\\\/taby\\\/#\\\/schema\\\/person\\\/12b9024c714759d0acdc1da1e754d06c\"},\"breadcrumb\":{\"@id\":\"https:\\\/\\\/wp.kristdemokraterna.se\\\/taby\\\/skydda-henne-inte-forovaren\\\/#breadcrumb\"},\"inLanguage\":\"sv-SE\",\"potentialAction\":[{\"@type\":\"ReadAction\",\"target\":[\"https:\\\/\\\/wp.kristdemokraterna.se\\\/taby\\\/skydda-henne-inte-forovaren\\\/\"]}]},{\"@type\":\"BreadcrumbList\",\"@id\":\"https:\\\/\\\/wp.kristdemokraterna.se\\\/taby\\\/skydda-henne-inte-forovaren\\\/#breadcrumb\",\"itemListElement\":[{\"@type\":\"ListItem\",\"position\":1,\"name\":\"Hem\",\"item\":\"https:\\\/\\\/wp.kristdemokraterna.se\\\/taby\\\/\"},{\"@type\":\"ListItem\",\"position\":2,\"name\":\"Skydda henne &#8211; inte f\u00f6r\u00f6varen!\"}]},{\"@type\":\"WebSite\",\"@id\":\"https:\\\/\\\/wp.kristdemokraterna.se\\\/taby\\\/#website\",\"url\":\"https:\\\/\\\/wp.kristdemokraterna.se\\\/taby\\\/\",\"name\":\"T\u00e4by\",\"description\":\"&quot;Det ska vara l\u00e4ttare att f\u00e5 ihop arbetsliv och familjeliv i T\u00e4by&quot;\",\"inLanguage\":\"sv-SE\"},{\"@type\":\"Person\",\"@id\":\"https:\\\/\\\/wp.kristdemokraterna.se\\\/taby\\\/#\\\/schema\\\/person\\\/12b9024c714759d0acdc1da1e754d06c\",\"name\":\"taby\",\"image\":{\"@type\":\"ImageObject\",\"inLanguage\":\"sv-SE\",\"@id\":\"https:\\\/\\\/secure.gravatar.com\\\/avatar\\\/62f6aca44d1f9c34b49438e5fdf4be3554253b04b49a76f013049906786db305?s=96&d=mm&r=g\",\"url\":\"https:\\\/\\\/secure.gravatar.com\\\/avatar\\\/62f6aca44d1f9c34b49438e5fdf4be3554253b04b49a76f013049906786db305?s=96&d=mm&r=g\",\"contentUrl\":\"https:\\\/\\\/secure.gravatar.com\\\/avatar\\\/62f6aca44d1f9c34b49438e5fdf4be3554253b04b49a76f013049906786db305?s=96&d=mm&r=g\",\"caption\":\"taby\"},\"url\":\"https:\\\/\\\/wp.kristdemokraterna.se\\\/taby\\\/author\\\/taby\\\/\"}]}<\/script>\n<!-- \/ Yoast SEO plugin. -->","yoast_head_json":{"title":"Skydda henne - inte f\u00f6r\u00f6varen! - T\u00e4by","robots":{"index":"index","follow":"follow","max-snippet":"max-snippet:-1","max-image-preview":"max-image-preview:large","max-video-preview":"max-video-preview:-1"},"canonical":"https:\/\/wp.kristdemokraterna.se\/taby\/skydda-henne-inte-forovaren\/","og_locale":"sv_SE","og_type":"article","og_title":"Skydda henne - inte f\u00f6r\u00f6varen! - T\u00e4by","og_description":"F\u00f6rra \u00e5ret anm\u00e4ldes \u00f6ver 7 000 v\u00e5ldt\u00e4kter, men bara en br\u00e5kdel klarades upp. Att s\u00e5 f\u00e5 v\u00e5ldsbrott klaras upp \u00e4r ett svek mot de som uts\u00e4tts och mot de som v\u00e5gar anm\u00e4la. Samh\u00e4llet m\u00e5ste f\u00f6rebygga brott, men ocks\u00e5 se till att brottsoffret f\u00e5r uppr\u00e4ttelse n\u00e4r ett brott v\u00e4l skett. Vi beh\u00f6ver fler poliser och sk\u00e4rpta Read More","og_url":"https:\/\/wp.kristdemokraterna.se\/taby\/skydda-henne-inte-forovaren\/","og_site_name":"T\u00e4by","article_published_time":"2018-07-23T10:36:18+00:00","article_modified_time":"2018-08-09T10:39:24+00:00","author":"taby","twitter_card":"summary_large_image","twitter_misc":{"Skriven av":"taby"},"schema":{"@context":"https:\/\/schema.org","@graph":[{"@type":"Article","@id":"https:\/\/wp.kristdemokraterna.se\/taby\/skydda-henne-inte-forovaren\/#article","isPartOf":{"@id":"https:\/\/wp.kristdemokraterna.se\/taby\/skydda-henne-inte-forovaren\/"},"author":{"name":"taby","@id":"https:\/\/wp.kristdemokraterna.se\/taby\/#\/schema\/person\/12b9024c714759d0acdc1da1e754d06c"},"headline":"Skydda henne &#8211; inte f\u00f6r\u00f6varen!","datePublished":"2018-07-23T10:36:18+00:00","dateModified":"2018-08-09T10:39:24+00:00","mainEntityOfPage":{"@id":"https:\/\/wp.kristdemokraterna.se\/taby\/skydda-henne-inte-forovaren\/"},"wordCount":95,"articleSection":["inl\u00e4gg","Nyheter","Senaste nytt"],"inLanguage":"sv-SE"},{"@type":"WebPage","@id":"https:\/\/wp.kristdemokraterna.se\/taby\/skydda-henne-inte-forovaren\/","url":"https:\/\/wp.kristdemokraterna.se\/taby\/skydda-henne-inte-forovaren\/","name":"Skydda henne - inte f\u00f6r\u00f6varen! - T\u00e4by","isPartOf":{"@id":"https:\/\/wp.kristdemokraterna.se\/taby\/#website"},"datePublished":"2018-07-23T10:36:18+00:00","dateModified":"2018-08-09T10:39:24+00:00","author":{"@id":"https:\/\/wp.kristdemokraterna.se\/taby\/#\/schema\/person\/12b9024c714759d0acdc1da1e754d06c"},"breadcrumb":{"@id":"https:\/\/wp.kristdemokraterna.se\/taby\/skydda-henne-inte-forovaren\/#breadcrumb"},"inLanguage":"sv-SE","potentialAction":[{"@type":"ReadAction","target":["https:\/\/wp.kristdemokraterna.se\/taby\/skydda-henne-inte-forovaren\/"]}]},{"@type":"BreadcrumbList","@id":"https:\/\/wp.kristdemokraterna.se\/taby\/skydda-henne-inte-forovaren\/#breadcrumb","itemListElement":[{"@type":"ListItem","position":1,"name":"Hem","item":"https:\/\/wp.kristdemokraterna.se\/taby\/"},{"@type":"ListItem","position":2,"name":"Skydda henne &#8211; inte f\u00f6r\u00f6varen!"}]},{"@type":"WebSite","@id":"https:\/\/wp.kristdemokraterna.se\/taby\/#website","url":"https:\/\/wp.kristdemokraterna.se\/taby\/","name":"T\u00e4by","description":"&quot;Det ska vara l\u00e4ttare att f\u00e5 ihop arbetsliv och familjeliv i T\u00e4by&quot;","inLanguage":"sv-SE"},{"@type":"Person","@id":"https:\/\/wp.kristdemokraterna.se\/taby\/#\/schema\/person\/12b9024c714759d0acdc1da1e754d06c","name":"taby","image":{"@type":"ImageObject","inLanguage":"sv-SE","@id":"https:\/\/secure.gravatar.com\/avatar\/62f6aca44d1f9c34b49438e5fdf4be3554253b04b49a76f013049906786db305?s=96&d=mm&r=g","url":"https:\/\/secure.gravatar.com\/avatar\/62f6aca44d1f9c34b49438e5fdf4be3554253b04b49a76f013049906786db305?s=96&d=mm&r=g","contentUrl":"https:\/\/secure.gravatar.com\/avatar\/62f6aca44d1f9c34b49438e5fdf4be3554253b04b49a76f013049906786db305?s=96&d=mm&r=g","caption":"taby"},"url":"https:\/\/wp.kristdemokraterna.se\/taby\/author\/taby\/"}]}},"_links":{"self":[{"href":"https:\/\/wp.kristdemokraterna.se\/taby\/wp-json\/wp\/v2\/posts\/1650","targetHints":{"allow":["GET"]}}],"collection":[{"href":"https:\/\/wp.kristdemokraterna.se\/taby\/wp-json\/wp\/v2\/posts"}],"about":[{"href":"https:\/\/wp.kristdemokraterna.se\/taby\/wp-json\/wp\/v2\/types\/post"}],"author":[{"embeddable":true,"href":"https:\/\/wp.kristdemokraterna.se\/taby\/wp-json\/wp\/v2\/users\/26"}],"replies":[{"embeddable":true,"href":"https:\/\/wp.kristdemokraterna.se\/taby\/wp-json\/wp\/v2\/comments?post=1650"}],"version-history":[{"count":1,"href":"https:\/\/wp.kristdemokraterna.se\/taby\/wp-json\/wp\/v2\/posts\/1650\/revisions"}],"predecessor-version":[{"id":1652,"href":"https:\/\/wp.kristdemokraterna.se\/taby\/wp-json\/wp\/v2\/posts\/1650\/revisions\/1652"}],"wp:attachment":[{"href":"https:\/\/wp.kristdemokraterna.se\/taby\/wp-json\/wp\/v2\/media?parent=1650"}],"wp:term":[{"taxonomy":"category","embeddable":true,"href":"https:\/\/wp.kristdemokraterna.se\/taby\/wp-json\/wp\/v2\/categories?post=1650"},{"taxonomy":"post_tag","embeddable":true,"href":"https:\/\/wp.kristdemokraterna.se\/taby\/wp-json\/wp\/v2\/tags?post=1650"}],"curies":[{"name":"wp","href":"https:\/\/api.w.org\/{rel}","templated":true}]}}