{"id":1653,"date":"2018-08-13T12:45:15","date_gmt":"2018-08-13T10:45:15","guid":{"rendered":"http:\/\/wp.kristdemokraterna.se\/taby\/?p=1653"},"modified":"2018-08-22T12:49:23","modified_gmt":"2018-08-22T10:49:23","slug":"utan-oss-blir-det-inget-maktskifte","status":"publish","type":"post","link":"https:\/\/wp.kristdemokraterna.se\/taby\/utan-oss-blir-det-inget-maktskifte\/","title":{"rendered":"Utan oss blir det inget maktskifte"},"content":{"rendered":"<p>Enligt flera unders\u00f6kningar blir det inget maktskifte i Sverige. Det r\u00f6dgr\u00f6na blocket ser ut att bli st\u00f6rre \u00e4n Alliansen om KD inte \u00e4r med.<\/p>\n<p>Det \u00e4r klart att vi kristdemokrater r\u00e4knar med att g\u00f6ra en sjus\u00e4rdeles valr\u00f6relse. Det brukar vi g\u00f6ra. Ebba Bush Thor \u00e4r en skicklig kampanjpolitiker. Men n\u00e5r vi inte \u00e4nda fram f\u00f6rlorar Alliansen de r\u00f6ster som skulle ge oss ett \u00f6vertag mot regeringen L\u00f6fven.<\/p>\n<div class=\"text_exposed_show\">\n<p>Vad f\u00e5r man f\u00f6r sin r\u00f6st d\u00e5? N\u00e4r du r\u00f6star p\u00e5 KD l\u00e4gger du din r\u00f6st p\u00e5 ett frihetligt och marknadsv\u00e4nligt parti som vill ha rimliga skatter och undvika sl\u00f6seri med skattemedel. Vi betonar noga vad som \u00e4r politikens uppgift och vad som inte \u00e4r det.<\/p>\n<p>Vi har suttit stabilt i alla borgerliga regeringar sedan vi kom in i riksdagen 1991. Man vet var man har oss.<\/p>\n<p>I grunden \u00e4r vi annorlunda \u00e4n liberaler och socialister. I v\u00e5r str\u00e4van efter ett gott samh\u00e4lle bortser vi inte fr\u00e5n individ och kollektiv, men fokuserar mer p\u00e5 de gemenskaper som finns d\u00e4remellan; en livskamrat, familj, arbetskamrater, v\u00e4nner, grannar, kyrkor, f\u00f6retag, f\u00f6reningar och v\u00e4lg\u00f6renhetsorganisationer.<\/p>\n<h3><strong>Vi \u00e4r samh\u00e4llsbyggare<\/strong><\/h3>\n<p>Gl\u00f6m dina f\u00f6rdomar om KD. Vi \u00e4r ett frihetligt parti som bygger p\u00e5 en stabil etisk grund. En del tror att man beh\u00f6ver vara religi\u00f6s f\u00f6r att r\u00f6sta p\u00e5 KD. Inte alls. V\u00e5r politik bygger p\u00e5 samma kristna tradition och humanism som ligger till grund f\u00f6r hela det v\u00e4sterl\u00e4ndska samh\u00e4llet.<\/p>\n<\/div>\n","protected":false},"excerpt":{"rendered":"<p>Enligt flera unders\u00f6kningar blir det inget maktskifte i Sverige. Det r\u00f6dgr\u00f6na blocket ser ut att bli st\u00f6rre \u00e4n Alliansen om KD inte \u00e4r med. Det \u00e4r klart att vi kristdemokrater r\u00e4knar med att g\u00f6ra en sjus\u00e4rdeles valr\u00f6relse. Det brukar vi g\u00f6ra. Ebba Bush Thor \u00e4r en skicklig kampanjpolitiker. Men n\u00e5r vi inte \u00e4nda fram f\u00f6rlorar <a class=\"read-more-link\" href=\"https:\/\/wp.kristdemokraterna.se\/taby\/utan-oss-blir-det-inget-maktskifte\/\">Read More<\/a><\/p>\n","protected":false},"author":26,"featured_media":0,"comment_status":"closed","ping_status":"closed","sticky":false,"template":"","format":"standard","meta":{"_acf_changed":false,"footnotes":""},"categories":[30,29,1],"tags":[],"class_list":["post-1653","post","type-post","status-publish","format-standard","hentry","category-inlagg","category-nyheter","category-okategoriserade"],"acf":[],"yoast_head":"<!-- This site is optimized with the Yoast SEO plugin v27.4 - https:\/\/yoast.com\/product\/yoast-seo-wordpress\/ -->\n<title>Utan oss blir det inget maktskifte - T\u00e4by<\/title>\n<meta name=\"robots\" content=\"index, follow, max-snippet:-1, max-image-preview:large, max-video-preview:-1\" \/>\n<link rel=\"canonical\" href=\"https:\/\/wp.kristdemokraterna.se\/taby\/utan-oss-blir-det-inget-maktskifte\/\" \/>\n<meta property=\"og:locale\" content=\"sv_SE\" \/>\n<meta property=\"og:type\" content=\"article\" \/>\n<meta property=\"og:title\" content=\"Utan oss blir det inget maktskifte - T\u00e4by\" \/>\n<meta property=\"og:description\" content=\"Enligt flera unders\u00f6kningar blir det inget maktskifte i Sverige. Det r\u00f6dgr\u00f6na blocket ser ut att bli st\u00f6rre \u00e4n Alliansen om KD inte \u00e4r med. Det \u00e4r klart att vi kristdemokrater r\u00e4knar med att g\u00f6ra en sjus\u00e4rdeles valr\u00f6relse. Det brukar vi g\u00f6ra. Ebba Bush Thor \u00e4r en skicklig kampanjpolitiker. Men n\u00e5r vi inte \u00e4nda fram f\u00f6rlorar Read More\" \/>\n<meta property=\"og:url\" content=\"https:\/\/wp.kristdemokraterna.se\/taby\/utan-oss-blir-det-inget-maktskifte\/\" \/>\n<meta property=\"og:site_name\" content=\"T\u00e4by\" \/>\n<meta property=\"article:published_time\" content=\"2018-08-13T10:45:15+00:00\" \/>\n<meta property=\"article:modified_time\" content=\"2018-08-22T10:49:23+00:00\" \/>\n<meta name=\"author\" content=\"taby\" \/>\n<meta name=\"twitter:card\" content=\"summary_large_image\" \/>\n<meta name=\"twitter:label1\" content=\"Skriven av\" \/>\n\t<meta name=\"twitter:data1\" content=\"taby\" \/>\n\t<meta name=\"twitter:label2\" content=\"Ber\u00e4knad l\u00e4stid\" \/>\n\t<meta name=\"twitter:data2\" content=\"1 minut\" \/>\n<script type=\"application\/ld+json\" class=\"yoast-schema-graph\">{\"@context\":\"https:\\\/\\\/schema.org\",\"@graph\":[{\"@type\":\"Article\",\"@id\":\"https:\\\/\\\/wp.kristdemokraterna.se\\\/taby\\\/utan-oss-blir-det-inget-maktskifte\\\/#article\",\"isPartOf\":{\"@id\":\"https:\\\/\\\/wp.kristdemokraterna.se\\\/taby\\\/utan-oss-blir-det-inget-maktskifte\\\/\"},\"author\":{\"name\":\"taby\",\"@id\":\"https:\\\/\\\/wp.kristdemokraterna.se\\\/taby\\\/#\\\/schema\\\/person\\\/12b9024c714759d0acdc1da1e754d06c\"},\"headline\":\"Utan oss blir det inget maktskifte\",\"datePublished\":\"2018-08-13T10:45:15+00:00\",\"dateModified\":\"2018-08-22T10:49:23+00:00\",\"mainEntityOfPage\":{\"@id\":\"https:\\\/\\\/wp.kristdemokraterna.se\\\/taby\\\/utan-oss-blir-det-inget-maktskifte\\\/\"},\"wordCount\":279,\"articleSection\":[\"inl\u00e4gg\",\"Nyheter\",\"Senaste nytt\"],\"inLanguage\":\"sv-SE\"},{\"@type\":\"WebPage\",\"@id\":\"https:\\\/\\\/wp.kristdemokraterna.se\\\/taby\\\/utan-oss-blir-det-inget-maktskifte\\\/\",\"url\":\"https:\\\/\\\/wp.kristdemokraterna.se\\\/taby\\\/utan-oss-blir-det-inget-maktskifte\\\/\",\"name\":\"Utan oss blir det inget maktskifte - T\u00e4by\",\"isPartOf\":{\"@id\":\"https:\\\/\\\/wp.kristdemokraterna.se\\\/taby\\\/#website\"},\"datePublished\":\"2018-08-13T10:45:15+00:00\",\"dateModified\":\"2018-08-22T10:49:23+00:00\",\"author\":{\"@id\":\"https:\\\/\\\/wp.kristdemokraterna.se\\\/taby\\\/#\\\/schema\\\/person\\\/12b9024c714759d0acdc1da1e754d06c\"},\"breadcrumb\":{\"@id\":\"https:\\\/\\\/wp.kristdemokraterna.se\\\/taby\\\/utan-oss-blir-det-inget-maktskifte\\\/#breadcrumb\"},\"inLanguage\":\"sv-SE\",\"potentialAction\":[{\"@type\":\"ReadAction\",\"target\":[\"https:\\\/\\\/wp.kristdemokraterna.se\\\/taby\\\/utan-oss-blir-det-inget-maktskifte\\\/\"]}]},{\"@type\":\"BreadcrumbList\",\"@id\":\"https:\\\/\\\/wp.kristdemokraterna.se\\\/taby\\\/utan-oss-blir-det-inget-maktskifte\\\/#breadcrumb\",\"itemListElement\":[{\"@type\":\"ListItem\",\"position\":1,\"name\":\"Hem\",\"item\":\"https:\\\/\\\/wp.kristdemokraterna.se\\\/taby\\\/\"},{\"@type\":\"ListItem\",\"position\":2,\"name\":\"Utan oss blir det inget maktskifte\"}]},{\"@type\":\"WebSite\",\"@id\":\"https:\\\/\\\/wp.kristdemokraterna.se\\\/taby\\\/#website\",\"url\":\"https:\\\/\\\/wp.kristdemokraterna.se\\\/taby\\\/\",\"name\":\"T\u00e4by\",\"description\":\"&quot;Det ska vara l\u00e4ttare att f\u00e5 ihop arbetsliv och familjeliv i T\u00e4by&quot;\",\"inLanguage\":\"sv-SE\"},{\"@type\":\"Person\",\"@id\":\"https:\\\/\\\/wp.kristdemokraterna.se\\\/taby\\\/#\\\/schema\\\/person\\\/12b9024c714759d0acdc1da1e754d06c\",\"name\":\"taby\",\"image\":{\"@type\":\"ImageObject\",\"inLanguage\":\"sv-SE\",\"@id\":\"https:\\\/\\\/secure.gravatar.com\\\/avatar\\\/62f6aca44d1f9c34b49438e5fdf4be3554253b04b49a76f013049906786db305?s=96&d=mm&r=g\",\"url\":\"https:\\\/\\\/secure.gravatar.com\\\/avatar\\\/62f6aca44d1f9c34b49438e5fdf4be3554253b04b49a76f013049906786db305?s=96&d=mm&r=g\",\"contentUrl\":\"https:\\\/\\\/secure.gravatar.com\\\/avatar\\\/62f6aca44d1f9c34b49438e5fdf4be3554253b04b49a76f013049906786db305?s=96&d=mm&r=g\",\"caption\":\"taby\"},\"url\":\"https:\\\/\\\/wp.kristdemokraterna.se\\\/taby\\\/author\\\/taby\\\/\"}]}<\/script>\n<!-- \/ Yoast SEO plugin. -->","yoast_head_json":{"title":"Utan oss blir det inget maktskifte - T\u00e4by","robots":{"index":"index","follow":"follow","max-snippet":"max-snippet:-1","max-image-preview":"max-image-preview:large","max-video-preview":"max-video-preview:-1"},"canonical":"https:\/\/wp.kristdemokraterna.se\/taby\/utan-oss-blir-det-inget-maktskifte\/","og_locale":"sv_SE","og_type":"article","og_title":"Utan oss blir det inget maktskifte - T\u00e4by","og_description":"Enligt flera unders\u00f6kningar blir det inget maktskifte i Sverige. Det r\u00f6dgr\u00f6na blocket ser ut att bli st\u00f6rre \u00e4n Alliansen om KD inte \u00e4r med. Det \u00e4r klart att vi kristdemokrater r\u00e4knar med att g\u00f6ra en sjus\u00e4rdeles valr\u00f6relse. Det brukar vi g\u00f6ra. Ebba Bush Thor \u00e4r en skicklig kampanjpolitiker. Men n\u00e5r vi inte \u00e4nda fram f\u00f6rlorar Read More","og_url":"https:\/\/wp.kristdemokraterna.se\/taby\/utan-oss-blir-det-inget-maktskifte\/","og_site_name":"T\u00e4by","article_published_time":"2018-08-13T10:45:15+00:00","article_modified_time":"2018-08-22T10:49:23+00:00","author":"taby","twitter_card":"summary_large_image","twitter_misc":{"Skriven av":"taby","Ber\u00e4knad l\u00e4stid":"1 minut"},"schema":{"@context":"https:\/\/schema.org","@graph":[{"@type":"Article","@id":"https:\/\/wp.kristdemokraterna.se\/taby\/utan-oss-blir-det-inget-maktskifte\/#article","isPartOf":{"@id":"https:\/\/wp.kristdemokraterna.se\/taby\/utan-oss-blir-det-inget-maktskifte\/"},"author":{"name":"taby","@id":"https:\/\/wp.kristdemokraterna.se\/taby\/#\/schema\/person\/12b9024c714759d0acdc1da1e754d06c"},"headline":"Utan oss blir det inget maktskifte","datePublished":"2018-08-13T10:45:15+00:00","dateModified":"2018-08-22T10:49:23+00:00","mainEntityOfPage":{"@id":"https:\/\/wp.kristdemokraterna.se\/taby\/utan-oss-blir-det-inget-maktskifte\/"},"wordCount":279,"articleSection":["inl\u00e4gg","Nyheter","Senaste nytt"],"inLanguage":"sv-SE"},{"@type":"WebPage","@id":"https:\/\/wp.kristdemokraterna.se\/taby\/utan-oss-blir-det-inget-maktskifte\/","url":"https:\/\/wp.kristdemokraterna.se\/taby\/utan-oss-blir-det-inget-maktskifte\/","name":"Utan oss blir det inget maktskifte - T\u00e4by","isPartOf":{"@id":"https:\/\/wp.kristdemokraterna.se\/taby\/#website"},"datePublished":"2018-08-13T10:45:15+00:00","dateModified":"2018-08-22T10:49:23+00:00","author":{"@id":"https:\/\/wp.kristdemokraterna.se\/taby\/#\/schema\/person\/12b9024c714759d0acdc1da1e754d06c"},"breadcrumb":{"@id":"https:\/\/wp.kristdemokraterna.se\/taby\/utan-oss-blir-det-inget-maktskifte\/#breadcrumb"},"inLanguage":"sv-SE","potentialAction":[{"@type":"ReadAction","target":["https:\/\/wp.kristdemokraterna.se\/taby\/utan-oss-blir-det-inget-maktskifte\/"]}]},{"@type":"BreadcrumbList","@id":"https:\/\/wp.kristdemokraterna.se\/taby\/utan-oss-blir-det-inget-maktskifte\/#breadcrumb","itemListElement":[{"@type":"ListItem","position":1,"name":"Hem","item":"https:\/\/wp.kristdemokraterna.se\/taby\/"},{"@type":"ListItem","position":2,"name":"Utan oss blir det inget maktskifte"}]},{"@type":"WebSite","@id":"https:\/\/wp.kristdemokraterna.se\/taby\/#website","url":"https:\/\/wp.kristdemokraterna.se\/taby\/","name":"T\u00e4by","description":"&quot;Det ska vara l\u00e4ttare att f\u00e5 ihop arbetsliv och familjeliv i T\u00e4by&quot;","inLanguage":"sv-SE"},{"@type":"Person","@id":"https:\/\/wp.kristdemokraterna.se\/taby\/#\/schema\/person\/12b9024c714759d0acdc1da1e754d06c","name":"taby","image":{"@type":"ImageObject","inLanguage":"sv-SE","@id":"https:\/\/secure.gravatar.com\/avatar\/62f6aca44d1f9c34b49438e5fdf4be3554253b04b49a76f013049906786db305?s=96&d=mm&r=g","url":"https:\/\/secure.gravatar.com\/avatar\/62f6aca44d1f9c34b49438e5fdf4be3554253b04b49a76f013049906786db305?s=96&d=mm&r=g","contentUrl":"https:\/\/secure.gravatar.com\/avatar\/62f6aca44d1f9c34b49438e5fdf4be3554253b04b49a76f013049906786db305?s=96&d=mm&r=g","caption":"taby"},"url":"https:\/\/wp.kristdemokraterna.se\/taby\/author\/taby\/"}]}},"_links":{"self":[{"href":"https:\/\/wp.kristdemokraterna.se\/taby\/wp-json\/wp\/v2\/posts\/1653","targetHints":{"allow":["GET"]}}],"collection":[{"href":"https:\/\/wp.kristdemokraterna.se\/taby\/wp-json\/wp\/v2\/posts"}],"about":[{"href":"https:\/\/wp.kristdemokraterna.se\/taby\/wp-json\/wp\/v2\/types\/post"}],"author":[{"embeddable":true,"href":"https:\/\/wp.kristdemokraterna.se\/taby\/wp-json\/wp\/v2\/users\/26"}],"replies":[{"embeddable":true,"href":"https:\/\/wp.kristdemokraterna.se\/taby\/wp-json\/wp\/v2\/comments?post=1653"}],"version-history":[{"count":1,"href":"https:\/\/wp.kristdemokraterna.se\/taby\/wp-json\/wp\/v2\/posts\/1653\/revisions"}],"predecessor-version":[{"id":1655,"href":"https:\/\/wp.kristdemokraterna.se\/taby\/wp-json\/wp\/v2\/posts\/1653\/revisions\/1655"}],"wp:attachment":[{"href":"https:\/\/wp.kristdemokraterna.se\/taby\/wp-json\/wp\/v2\/media?parent=1653"}],"wp:term":[{"taxonomy":"category","embeddable":true,"href":"https:\/\/wp.kristdemokraterna.se\/taby\/wp-json\/wp\/v2\/categories?post=1653"},{"taxonomy":"post_tag","embeddable":true,"href":"https:\/\/wp.kristdemokraterna.se\/taby\/wp-json\/wp\/v2\/tags?post=1653"}],"curies":[{"name":"wp","href":"https:\/\/api.w.org\/{rel}","templated":true}]}}