{"id":1656,"date":"2018-08-17T12:50:54","date_gmt":"2018-08-17T10:50:54","guid":{"rendered":"http:\/\/wp.kristdemokraterna.se\/taby\/?p=1656"},"modified":"2018-08-22T12:56:53","modified_gmt":"2018-08-22T10:56:53","slug":"se-pa-partiledarutfragningen-med-ebba","status":"publish","type":"post","link":"https:\/\/wp.kristdemokraterna.se\/taby\/se-pa-partiledarutfragningen-med-ebba\/","title":{"rendered":"Lyssna p\u00e5 partiledarutfr\u00e5gningen med Ebba"},"content":{"rendered":"<p>V\u00e5rden, \u00e4ldrefr\u00e5gorna och tryggheten \u00e4r de viktigaste fr\u00e5gorna i valet 2018!<\/p>\n<p>Valet den 9:e september \u00e4r ett v\u00e4rderingsval. Ett val om vilka v\u00e4rderingar vi vill <span class=\"text_exposed_show\">ska pr\u00e4gla v\u00e5rt och om vilka prioriteringar som \u00e4r n\u00f6dv\u00e4ndiga. Kristdemokraterna s\u00e4tter m\u00e4nniskov\u00e4rdet fr\u00e4mst. <\/span><\/p>\n<div class=\"text_exposed_show\">\n<p>Se hela partiledarutfr\u00e5gningen med <a class=\"profileLink\" href=\"https:\/\/www.facebook.com\/ebbabuschthor\/?fref=mentions&amp;__xts__%5B0%5D=68.ARAduWegPtZ1XZ_lJu3jvlFFxnLwtGkmeVndJZkllAgpO_hw9lhgBGkz9BN93gFFePST3kkUtCUlJAwAsjQyyP9W_ykKgut1lo5x7ZWzWO5RXLSnd9Fte6DTLavMU3DBF7YZaXKz3sLN&amp;__tn__=KH-R\">Ebba Busch Thor<\/a> h\u00e4r:<\/p>\n<p><a href=\"https:\/\/www.svtplay.se\/\u2026\/val-2018-\u2026\/val-2018-utfragningen-kd\">Partiledarutfr\u00e5gning Ebba<\/a><\/p>\n<p>&nbsp;<\/p>\n<p>&nbsp;<\/p>\n<\/div>\n","protected":false},"excerpt":{"rendered":"<p>V\u00e5rden, \u00e4ldrefr\u00e5gorna och tryggheten \u00e4r de viktigaste fr\u00e5gorna i valet 2018! Valet den 9:e september \u00e4r ett v\u00e4rderingsval. Ett val om vilka v\u00e4rderingar vi vill ska pr\u00e4gla v\u00e5rt och om vilka prioriteringar som \u00e4r n\u00f6dv\u00e4ndiga. Kristdemokraterna s\u00e4tter m\u00e4nniskov\u00e4rdet fr\u00e4mst. Se hela partiledarutfr\u00e5gningen med Ebba Busch Thor h\u00e4r: Partiledarutfr\u00e5gning Ebba &nbsp; &nbsp;<\/p>\n","protected":false},"author":26,"featured_media":0,"comment_status":"closed","ping_status":"closed","sticky":false,"template":"","format":"standard","meta":{"_acf_changed":false,"footnotes":""},"categories":[30,29,1],"tags":[],"class_list":["post-1656","post","type-post","status-publish","format-standard","hentry","category-inlagg","category-nyheter","category-okategoriserade"],"acf":[],"yoast_head":"<!-- This site is optimized with the Yoast SEO plugin v27.4 - https:\/\/yoast.com\/product\/yoast-seo-wordpress\/ -->\n<title>Lyssna p\u00e5 partiledarutfr\u00e5gningen med Ebba - T\u00e4by<\/title>\n<meta name=\"robots\" content=\"index, follow, max-snippet:-1, max-image-preview:large, max-video-preview:-1\" \/>\n<link rel=\"canonical\" href=\"https:\/\/wp.kristdemokraterna.se\/taby\/se-pa-partiledarutfragningen-med-ebba\/\" \/>\n<meta property=\"og:locale\" content=\"sv_SE\" \/>\n<meta property=\"og:type\" content=\"article\" \/>\n<meta property=\"og:title\" content=\"Lyssna p\u00e5 partiledarutfr\u00e5gningen med Ebba - T\u00e4by\" \/>\n<meta property=\"og:description\" content=\"V\u00e5rden, \u00e4ldrefr\u00e5gorna och tryggheten \u00e4r de viktigaste fr\u00e5gorna i valet 2018! Valet den 9:e september \u00e4r ett v\u00e4rderingsval. Ett val om vilka v\u00e4rderingar vi vill ska pr\u00e4gla v\u00e5rt och om vilka prioriteringar som \u00e4r n\u00f6dv\u00e4ndiga. Kristdemokraterna s\u00e4tter m\u00e4nniskov\u00e4rdet fr\u00e4mst. Se hela partiledarutfr\u00e5gningen med Ebba Busch Thor h\u00e4r: Partiledarutfr\u00e5gning Ebba &nbsp; &nbsp;\" \/>\n<meta property=\"og:url\" content=\"https:\/\/wp.kristdemokraterna.se\/taby\/se-pa-partiledarutfragningen-med-ebba\/\" \/>\n<meta property=\"og:site_name\" content=\"T\u00e4by\" \/>\n<meta property=\"article:published_time\" content=\"2018-08-17T10:50:54+00:00\" \/>\n<meta property=\"article:modified_time\" content=\"2018-08-22T10:56:53+00:00\" \/>\n<meta name=\"author\" content=\"taby\" \/>\n<meta name=\"twitter:card\" content=\"summary_large_image\" \/>\n<meta name=\"twitter:label1\" content=\"Skriven av\" \/>\n\t<meta name=\"twitter:data1\" content=\"taby\" \/>\n<script type=\"application\/ld+json\" class=\"yoast-schema-graph\">{\"@context\":\"https:\\\/\\\/schema.org\",\"@graph\":[{\"@type\":\"Article\",\"@id\":\"https:\\\/\\\/wp.kristdemokraterna.se\\\/taby\\\/se-pa-partiledarutfragningen-med-ebba\\\/#article\",\"isPartOf\":{\"@id\":\"https:\\\/\\\/wp.kristdemokraterna.se\\\/taby\\\/se-pa-partiledarutfragningen-med-ebba\\\/\"},\"author\":{\"name\":\"taby\",\"@id\":\"https:\\\/\\\/wp.kristdemokraterna.se\\\/taby\\\/#\\\/schema\\\/person\\\/12b9024c714759d0acdc1da1e754d06c\"},\"headline\":\"Lyssna p\u00e5 partiledarutfr\u00e5gningen med Ebba\",\"datePublished\":\"2018-08-17T10:50:54+00:00\",\"dateModified\":\"2018-08-22T10:56:53+00:00\",\"mainEntityOfPage\":{\"@id\":\"https:\\\/\\\/wp.kristdemokraterna.se\\\/taby\\\/se-pa-partiledarutfragningen-med-ebba\\\/\"},\"wordCount\":72,\"articleSection\":[\"inl\u00e4gg\",\"Nyheter\",\"Senaste nytt\"],\"inLanguage\":\"sv-SE\"},{\"@type\":\"WebPage\",\"@id\":\"https:\\\/\\\/wp.kristdemokraterna.se\\\/taby\\\/se-pa-partiledarutfragningen-med-ebba\\\/\",\"url\":\"https:\\\/\\\/wp.kristdemokraterna.se\\\/taby\\\/se-pa-partiledarutfragningen-med-ebba\\\/\",\"name\":\"Lyssna p\u00e5 partiledarutfr\u00e5gningen med Ebba - T\u00e4by\",\"isPartOf\":{\"@id\":\"https:\\\/\\\/wp.kristdemokraterna.se\\\/taby\\\/#website\"},\"datePublished\":\"2018-08-17T10:50:54+00:00\",\"dateModified\":\"2018-08-22T10:56:53+00:00\",\"author\":{\"@id\":\"https:\\\/\\\/wp.kristdemokraterna.se\\\/taby\\\/#\\\/schema\\\/person\\\/12b9024c714759d0acdc1da1e754d06c\"},\"breadcrumb\":{\"@id\":\"https:\\\/\\\/wp.kristdemokraterna.se\\\/taby\\\/se-pa-partiledarutfragningen-med-ebba\\\/#breadcrumb\"},\"inLanguage\":\"sv-SE\",\"potentialAction\":[{\"@type\":\"ReadAction\",\"target\":[\"https:\\\/\\\/wp.kristdemokraterna.se\\\/taby\\\/se-pa-partiledarutfragningen-med-ebba\\\/\"]}]},{\"@type\":\"BreadcrumbList\",\"@id\":\"https:\\\/\\\/wp.kristdemokraterna.se\\\/taby\\\/se-pa-partiledarutfragningen-med-ebba\\\/#breadcrumb\",\"itemListElement\":[{\"@type\":\"ListItem\",\"position\":1,\"name\":\"Hem\",\"item\":\"https:\\\/\\\/wp.kristdemokraterna.se\\\/taby\\\/\"},{\"@type\":\"ListItem\",\"position\":2,\"name\":\"Lyssna p\u00e5 partiledarutfr\u00e5gningen med Ebba\"}]},{\"@type\":\"WebSite\",\"@id\":\"https:\\\/\\\/wp.kristdemokraterna.se\\\/taby\\\/#website\",\"url\":\"https:\\\/\\\/wp.kristdemokraterna.se\\\/taby\\\/\",\"name\":\"T\u00e4by\",\"description\":\"&quot;Det ska vara l\u00e4ttare att f\u00e5 ihop arbetsliv och familjeliv i T\u00e4by&quot;\",\"inLanguage\":\"sv-SE\"},{\"@type\":\"Person\",\"@id\":\"https:\\\/\\\/wp.kristdemokraterna.se\\\/taby\\\/#\\\/schema\\\/person\\\/12b9024c714759d0acdc1da1e754d06c\",\"name\":\"taby\",\"image\":{\"@type\":\"ImageObject\",\"inLanguage\":\"sv-SE\",\"@id\":\"https:\\\/\\\/secure.gravatar.com\\\/avatar\\\/62f6aca44d1f9c34b49438e5fdf4be3554253b04b49a76f013049906786db305?s=96&d=mm&r=g\",\"url\":\"https:\\\/\\\/secure.gravatar.com\\\/avatar\\\/62f6aca44d1f9c34b49438e5fdf4be3554253b04b49a76f013049906786db305?s=96&d=mm&r=g\",\"contentUrl\":\"https:\\\/\\\/secure.gravatar.com\\\/avatar\\\/62f6aca44d1f9c34b49438e5fdf4be3554253b04b49a76f013049906786db305?s=96&d=mm&r=g\",\"caption\":\"taby\"},\"url\":\"https:\\\/\\\/wp.kristdemokraterna.se\\\/taby\\\/author\\\/taby\\\/\"}]}<\/script>\n<!-- \/ Yoast SEO plugin. -->","yoast_head_json":{"title":"Lyssna p\u00e5 partiledarutfr\u00e5gningen med Ebba - T\u00e4by","robots":{"index":"index","follow":"follow","max-snippet":"max-snippet:-1","max-image-preview":"max-image-preview:large","max-video-preview":"max-video-preview:-1"},"canonical":"https:\/\/wp.kristdemokraterna.se\/taby\/se-pa-partiledarutfragningen-med-ebba\/","og_locale":"sv_SE","og_type":"article","og_title":"Lyssna p\u00e5 partiledarutfr\u00e5gningen med Ebba - T\u00e4by","og_description":"V\u00e5rden, \u00e4ldrefr\u00e5gorna och tryggheten \u00e4r de viktigaste fr\u00e5gorna i valet 2018! Valet den 9:e september \u00e4r ett v\u00e4rderingsval. Ett val om vilka v\u00e4rderingar vi vill ska pr\u00e4gla v\u00e5rt och om vilka prioriteringar som \u00e4r n\u00f6dv\u00e4ndiga. Kristdemokraterna s\u00e4tter m\u00e4nniskov\u00e4rdet fr\u00e4mst. Se hela partiledarutfr\u00e5gningen med Ebba Busch Thor h\u00e4r: Partiledarutfr\u00e5gning Ebba &nbsp; &nbsp;","og_url":"https:\/\/wp.kristdemokraterna.se\/taby\/se-pa-partiledarutfragningen-med-ebba\/","og_site_name":"T\u00e4by","article_published_time":"2018-08-17T10:50:54+00:00","article_modified_time":"2018-08-22T10:56:53+00:00","author":"taby","twitter_card":"summary_large_image","twitter_misc":{"Skriven av":"taby"},"schema":{"@context":"https:\/\/schema.org","@graph":[{"@type":"Article","@id":"https:\/\/wp.kristdemokraterna.se\/taby\/se-pa-partiledarutfragningen-med-ebba\/#article","isPartOf":{"@id":"https:\/\/wp.kristdemokraterna.se\/taby\/se-pa-partiledarutfragningen-med-ebba\/"},"author":{"name":"taby","@id":"https:\/\/wp.kristdemokraterna.se\/taby\/#\/schema\/person\/12b9024c714759d0acdc1da1e754d06c"},"headline":"Lyssna p\u00e5 partiledarutfr\u00e5gningen med Ebba","datePublished":"2018-08-17T10:50:54+00:00","dateModified":"2018-08-22T10:56:53+00:00","mainEntityOfPage":{"@id":"https:\/\/wp.kristdemokraterna.se\/taby\/se-pa-partiledarutfragningen-med-ebba\/"},"wordCount":72,"articleSection":["inl\u00e4gg","Nyheter","Senaste nytt"],"inLanguage":"sv-SE"},{"@type":"WebPage","@id":"https:\/\/wp.kristdemokraterna.se\/taby\/se-pa-partiledarutfragningen-med-ebba\/","url":"https:\/\/wp.kristdemokraterna.se\/taby\/se-pa-partiledarutfragningen-med-ebba\/","name":"Lyssna p\u00e5 partiledarutfr\u00e5gningen med Ebba - T\u00e4by","isPartOf":{"@id":"https:\/\/wp.kristdemokraterna.se\/taby\/#website"},"datePublished":"2018-08-17T10:50:54+00:00","dateModified":"2018-08-22T10:56:53+00:00","author":{"@id":"https:\/\/wp.kristdemokraterna.se\/taby\/#\/schema\/person\/12b9024c714759d0acdc1da1e754d06c"},"breadcrumb":{"@id":"https:\/\/wp.kristdemokraterna.se\/taby\/se-pa-partiledarutfragningen-med-ebba\/#breadcrumb"},"inLanguage":"sv-SE","potentialAction":[{"@type":"ReadAction","target":["https:\/\/wp.kristdemokraterna.se\/taby\/se-pa-partiledarutfragningen-med-ebba\/"]}]},{"@type":"BreadcrumbList","@id":"https:\/\/wp.kristdemokraterna.se\/taby\/se-pa-partiledarutfragningen-med-ebba\/#breadcrumb","itemListElement":[{"@type":"ListItem","position":1,"name":"Hem","item":"https:\/\/wp.kristdemokraterna.se\/taby\/"},{"@type":"ListItem","position":2,"name":"Lyssna p\u00e5 partiledarutfr\u00e5gningen med Ebba"}]},{"@type":"WebSite","@id":"https:\/\/wp.kristdemokraterna.se\/taby\/#website","url":"https:\/\/wp.kristdemokraterna.se\/taby\/","name":"T\u00e4by","description":"&quot;Det ska vara l\u00e4ttare att f\u00e5 ihop arbetsliv och familjeliv i T\u00e4by&quot;","inLanguage":"sv-SE"},{"@type":"Person","@id":"https:\/\/wp.kristdemokraterna.se\/taby\/#\/schema\/person\/12b9024c714759d0acdc1da1e754d06c","name":"taby","image":{"@type":"ImageObject","inLanguage":"sv-SE","@id":"https:\/\/secure.gravatar.com\/avatar\/62f6aca44d1f9c34b49438e5fdf4be3554253b04b49a76f013049906786db305?s=96&d=mm&r=g","url":"https:\/\/secure.gravatar.com\/avatar\/62f6aca44d1f9c34b49438e5fdf4be3554253b04b49a76f013049906786db305?s=96&d=mm&r=g","contentUrl":"https:\/\/secure.gravatar.com\/avatar\/62f6aca44d1f9c34b49438e5fdf4be3554253b04b49a76f013049906786db305?s=96&d=mm&r=g","caption":"taby"},"url":"https:\/\/wp.kristdemokraterna.se\/taby\/author\/taby\/"}]}},"_links":{"self":[{"href":"https:\/\/wp.kristdemokraterna.se\/taby\/wp-json\/wp\/v2\/posts\/1656","targetHints":{"allow":["GET"]}}],"collection":[{"href":"https:\/\/wp.kristdemokraterna.se\/taby\/wp-json\/wp\/v2\/posts"}],"about":[{"href":"https:\/\/wp.kristdemokraterna.se\/taby\/wp-json\/wp\/v2\/types\/post"}],"author":[{"embeddable":true,"href":"https:\/\/wp.kristdemokraterna.se\/taby\/wp-json\/wp\/v2\/users\/26"}],"replies":[{"embeddable":true,"href":"https:\/\/wp.kristdemokraterna.se\/taby\/wp-json\/wp\/v2\/comments?post=1656"}],"version-history":[{"count":3,"href":"https:\/\/wp.kristdemokraterna.se\/taby\/wp-json\/wp\/v2\/posts\/1656\/revisions"}],"predecessor-version":[{"id":1660,"href":"https:\/\/wp.kristdemokraterna.se\/taby\/wp-json\/wp\/v2\/posts\/1656\/revisions\/1660"}],"wp:attachment":[{"href":"https:\/\/wp.kristdemokraterna.se\/taby\/wp-json\/wp\/v2\/media?parent=1656"}],"wp:term":[{"taxonomy":"category","embeddable":true,"href":"https:\/\/wp.kristdemokraterna.se\/taby\/wp-json\/wp\/v2\/categories?post=1656"},{"taxonomy":"post_tag","embeddable":true,"href":"https:\/\/wp.kristdemokraterna.se\/taby\/wp-json\/wp\/v2\/tags?post=1656"}],"curies":[{"name":"wp","href":"https:\/\/api.w.org\/{rel}","templated":true}]}}