{"id":1661,"date":"2018-08-21T12:57:35","date_gmt":"2018-08-21T10:57:35","guid":{"rendered":"http:\/\/wp.kristdemokraterna.se\/taby\/?p=1661"},"modified":"2018-08-22T12:59:32","modified_gmt":"2018-08-22T10:59:32","slug":"byt-regering-for-en-valfard-du-kan-lita-pa","status":"publish","type":"post","link":"https:\/\/wp.kristdemokraterna.se\/taby\/byt-regering-for-en-valfard-du-kan-lita-pa\/","title":{"rendered":"Byt regering \u2013 f\u00f6r en v\u00e4lf\u00e4rd du kan lita p\u00e5!"},"content":{"rendered":"<div id=\"js_5xp\" class=\"_5pbx userContent _3576\">\n<div id=\"id_5b7d3f9a159b71e49874515\" class=\"text_exposed_root text_exposed\">\n<p>Sjukv\u00e5rden, \u00e4ldrefr\u00e5gorna och tryggheten \u00e4r de viktigaste fr\u00e5gorna f\u00f6r oss i valet 2018.<br \/>\nL\u00e4s mer om v\u00e5ra viktigaste fr\u00e5gor i v\u00e5rt valmanifest. Du finner det h\u00e4r:<\/p>\n<p><a href=\"https:\/\/kristdemokraterna.se\/\u2026\/uploads\/2016\/11\/Valmanifest-\u2026\">https:\/\/kristdemokraterna.se\/\u2026\/uploads\/2016\/11\/Valmanifest-\u2026<\/a><\/p>\n<div class=\"text_exposed_show\">\n<p>Vi vill att 2018 blir ett \u00e5r av f\u00f6r\u00e4ndring. Ett \u00e5r n\u00e4r svenska folket v\u00e4ljer en ny regering. Ett \u00e5r n\u00e4r vi p\u00e5b\u00f6rjar arbetet f\u00f6r en v\u00e4lf\u00e4rd man kan lita p\u00e5. S\u00e5 att det finns en b\u00e4dd \u00e5t alla sjuka. En hand f\u00f6r alla de som beh\u00f6ver omsorg. Och en samh\u00e4llsgemenskap som inte l\u00e4mnar n\u00e5gon utanf\u00f6r.<\/p>\n<p>Det \u00e4r n\u00e4r vi \u00e4r som svagast som v\u00e4lf\u00e4rden m\u00e5ste vara som starkast! Du ska kunna lita p\u00e5 Sverige.<\/p>\n<p>Gl\u00f6m dina f\u00f6rdomar om KD! Vi \u00e4r ett frihetligt parti som bygger p\u00e5 en stabil etisk grund. En del tror att man beh\u00f6ver vara religi\u00f6s f\u00f6r att r\u00f6sta p\u00e5 KD. Inte alls. V\u00e5r politik bygger p\u00e5 samma kristna tradition och humanism som ligger till grund f\u00f6r hela det v\u00e4sterl\u00e4ndska samh\u00e4llet.<\/p>\n<\/div>\n<\/div>\n<\/div>\n","protected":false},"excerpt":{"rendered":"<p>Sjukv\u00e5rden, \u00e4ldrefr\u00e5gorna och tryggheten \u00e4r de viktigaste fr\u00e5gorna f\u00f6r oss i valet 2018. L\u00e4s mer om v\u00e5ra viktigaste fr\u00e5gor i v\u00e5rt valmanifest. Du finner det h\u00e4r: https:\/\/kristdemokraterna.se\/\u2026\/uploads\/2016\/11\/Valmanifest-\u2026 Vi vill att 2018 blir ett \u00e5r av f\u00f6r\u00e4ndring. Ett \u00e5r n\u00e4r svenska folket v\u00e4ljer en ny regering. Ett \u00e5r n\u00e4r vi p\u00e5b\u00f6rjar arbetet f\u00f6r en v\u00e4lf\u00e4rd man <a class=\"read-more-link\" href=\"https:\/\/wp.kristdemokraterna.se\/taby\/byt-regering-for-en-valfard-du-kan-lita-pa\/\">Read More<\/a><\/p>\n","protected":false},"author":26,"featured_media":0,"comment_status":"closed","ping_status":"closed","sticky":false,"template":"","format":"standard","meta":{"_acf_changed":false,"footnotes":""},"categories":[30,29,1],"tags":[],"class_list":["post-1661","post","type-post","status-publish","format-standard","hentry","category-inlagg","category-nyheter","category-okategoriserade"],"acf":[],"yoast_head":"<!-- This site is optimized with the Yoast SEO plugin v27.4 - https:\/\/yoast.com\/product\/yoast-seo-wordpress\/ -->\n<title>Byt regering \u2013 f\u00f6r en v\u00e4lf\u00e4rd du kan lita p\u00e5! - T\u00e4by<\/title>\n<meta name=\"robots\" content=\"index, follow, max-snippet:-1, max-image-preview:large, max-video-preview:-1\" \/>\n<link rel=\"canonical\" href=\"https:\/\/wp.kristdemokraterna.se\/taby\/byt-regering-for-en-valfard-du-kan-lita-pa\/\" \/>\n<meta property=\"og:locale\" content=\"sv_SE\" \/>\n<meta property=\"og:type\" content=\"article\" \/>\n<meta property=\"og:title\" content=\"Byt regering \u2013 f\u00f6r en v\u00e4lf\u00e4rd du kan lita p\u00e5! - T\u00e4by\" \/>\n<meta property=\"og:description\" content=\"Sjukv\u00e5rden, \u00e4ldrefr\u00e5gorna och tryggheten \u00e4r de viktigaste fr\u00e5gorna f\u00f6r oss i valet 2018. L\u00e4s mer om v\u00e5ra viktigaste fr\u00e5gor i v\u00e5rt valmanifest. Du finner det h\u00e4r: https:\/\/kristdemokraterna.se\/\u2026\/uploads\/2016\/11\/Valmanifest-\u2026 Vi vill att 2018 blir ett \u00e5r av f\u00f6r\u00e4ndring. Ett \u00e5r n\u00e4r svenska folket v\u00e4ljer en ny regering. Ett \u00e5r n\u00e4r vi p\u00e5b\u00f6rjar arbetet f\u00f6r en v\u00e4lf\u00e4rd man Read More\" \/>\n<meta property=\"og:url\" content=\"https:\/\/wp.kristdemokraterna.se\/taby\/byt-regering-for-en-valfard-du-kan-lita-pa\/\" \/>\n<meta property=\"og:site_name\" content=\"T\u00e4by\" \/>\n<meta property=\"article:published_time\" content=\"2018-08-21T10:57:35+00:00\" \/>\n<meta property=\"article:modified_time\" content=\"2018-08-22T10:59:32+00:00\" \/>\n<meta name=\"author\" content=\"taby\" \/>\n<meta name=\"twitter:card\" content=\"summary_large_image\" \/>\n<meta name=\"twitter:label1\" content=\"Skriven av\" \/>\n\t<meta name=\"twitter:data1\" content=\"taby\" \/>\n\t<meta name=\"twitter:label2\" content=\"Ber\u00e4knad l\u00e4stid\" \/>\n\t<meta name=\"twitter:data2\" content=\"1 minut\" \/>\n<script type=\"application\/ld+json\" class=\"yoast-schema-graph\">{\"@context\":\"https:\\\/\\\/schema.org\",\"@graph\":[{\"@type\":\"Article\",\"@id\":\"https:\\\/\\\/wp.kristdemokraterna.se\\\/taby\\\/byt-regering-for-en-valfard-du-kan-lita-pa\\\/#article\",\"isPartOf\":{\"@id\":\"https:\\\/\\\/wp.kristdemokraterna.se\\\/taby\\\/byt-regering-for-en-valfard-du-kan-lita-pa\\\/\"},\"author\":{\"name\":\"taby\",\"@id\":\"https:\\\/\\\/wp.kristdemokraterna.se\\\/taby\\\/#\\\/schema\\\/person\\\/12b9024c714759d0acdc1da1e754d06c\"},\"headline\":\"Byt regering \u2013 f\u00f6r en v\u00e4lf\u00e4rd du kan lita p\u00e5!\",\"datePublished\":\"2018-08-21T10:57:35+00:00\",\"dateModified\":\"2018-08-22T10:59:32+00:00\",\"mainEntityOfPage\":{\"@id\":\"https:\\\/\\\/wp.kristdemokraterna.se\\\/taby\\\/byt-regering-for-en-valfard-du-kan-lita-pa\\\/\"},\"wordCount\":207,\"articleSection\":[\"inl\u00e4gg\",\"Nyheter\",\"Senaste nytt\"],\"inLanguage\":\"sv-SE\"},{\"@type\":\"WebPage\",\"@id\":\"https:\\\/\\\/wp.kristdemokraterna.se\\\/taby\\\/byt-regering-for-en-valfard-du-kan-lita-pa\\\/\",\"url\":\"https:\\\/\\\/wp.kristdemokraterna.se\\\/taby\\\/byt-regering-for-en-valfard-du-kan-lita-pa\\\/\",\"name\":\"Byt regering \u2013 f\u00f6r en v\u00e4lf\u00e4rd du kan lita p\u00e5! - T\u00e4by\",\"isPartOf\":{\"@id\":\"https:\\\/\\\/wp.kristdemokraterna.se\\\/taby\\\/#website\"},\"datePublished\":\"2018-08-21T10:57:35+00:00\",\"dateModified\":\"2018-08-22T10:59:32+00:00\",\"author\":{\"@id\":\"https:\\\/\\\/wp.kristdemokraterna.se\\\/taby\\\/#\\\/schema\\\/person\\\/12b9024c714759d0acdc1da1e754d06c\"},\"breadcrumb\":{\"@id\":\"https:\\\/\\\/wp.kristdemokraterna.se\\\/taby\\\/byt-regering-for-en-valfard-du-kan-lita-pa\\\/#breadcrumb\"},\"inLanguage\":\"sv-SE\",\"potentialAction\":[{\"@type\":\"ReadAction\",\"target\":[\"https:\\\/\\\/wp.kristdemokraterna.se\\\/taby\\\/byt-regering-for-en-valfard-du-kan-lita-pa\\\/\"]}]},{\"@type\":\"BreadcrumbList\",\"@id\":\"https:\\\/\\\/wp.kristdemokraterna.se\\\/taby\\\/byt-regering-for-en-valfard-du-kan-lita-pa\\\/#breadcrumb\",\"itemListElement\":[{\"@type\":\"ListItem\",\"position\":1,\"name\":\"Hem\",\"item\":\"https:\\\/\\\/wp.kristdemokraterna.se\\\/taby\\\/\"},{\"@type\":\"ListItem\",\"position\":2,\"name\":\"Byt regering \u2013 f\u00f6r en v\u00e4lf\u00e4rd du kan lita p\u00e5!\"}]},{\"@type\":\"WebSite\",\"@id\":\"https:\\\/\\\/wp.kristdemokraterna.se\\\/taby\\\/#website\",\"url\":\"https:\\\/\\\/wp.kristdemokraterna.se\\\/taby\\\/\",\"name\":\"T\u00e4by\",\"description\":\"&quot;Det ska vara l\u00e4ttare att f\u00e5 ihop arbetsliv och familjeliv i T\u00e4by&quot;\",\"inLanguage\":\"sv-SE\"},{\"@type\":\"Person\",\"@id\":\"https:\\\/\\\/wp.kristdemokraterna.se\\\/taby\\\/#\\\/schema\\\/person\\\/12b9024c714759d0acdc1da1e754d06c\",\"name\":\"taby\",\"image\":{\"@type\":\"ImageObject\",\"inLanguage\":\"sv-SE\",\"@id\":\"https:\\\/\\\/secure.gravatar.com\\\/avatar\\\/62f6aca44d1f9c34b49438e5fdf4be3554253b04b49a76f013049906786db305?s=96&d=mm&r=g\",\"url\":\"https:\\\/\\\/secure.gravatar.com\\\/avatar\\\/62f6aca44d1f9c34b49438e5fdf4be3554253b04b49a76f013049906786db305?s=96&d=mm&r=g\",\"contentUrl\":\"https:\\\/\\\/secure.gravatar.com\\\/avatar\\\/62f6aca44d1f9c34b49438e5fdf4be3554253b04b49a76f013049906786db305?s=96&d=mm&r=g\",\"caption\":\"taby\"},\"url\":\"https:\\\/\\\/wp.kristdemokraterna.se\\\/taby\\\/author\\\/taby\\\/\"}]}<\/script>\n<!-- \/ Yoast SEO plugin. -->","yoast_head_json":{"title":"Byt regering \u2013 f\u00f6r en v\u00e4lf\u00e4rd du kan lita p\u00e5! - T\u00e4by","robots":{"index":"index","follow":"follow","max-snippet":"max-snippet:-1","max-image-preview":"max-image-preview:large","max-video-preview":"max-video-preview:-1"},"canonical":"https:\/\/wp.kristdemokraterna.se\/taby\/byt-regering-for-en-valfard-du-kan-lita-pa\/","og_locale":"sv_SE","og_type":"article","og_title":"Byt regering \u2013 f\u00f6r en v\u00e4lf\u00e4rd du kan lita p\u00e5! - T\u00e4by","og_description":"Sjukv\u00e5rden, \u00e4ldrefr\u00e5gorna och tryggheten \u00e4r de viktigaste fr\u00e5gorna f\u00f6r oss i valet 2018. L\u00e4s mer om v\u00e5ra viktigaste fr\u00e5gor i v\u00e5rt valmanifest. Du finner det h\u00e4r: https:\/\/kristdemokraterna.se\/\u2026\/uploads\/2016\/11\/Valmanifest-\u2026 Vi vill att 2018 blir ett \u00e5r av f\u00f6r\u00e4ndring. Ett \u00e5r n\u00e4r svenska folket v\u00e4ljer en ny regering. Ett \u00e5r n\u00e4r vi p\u00e5b\u00f6rjar arbetet f\u00f6r en v\u00e4lf\u00e4rd man Read More","og_url":"https:\/\/wp.kristdemokraterna.se\/taby\/byt-regering-for-en-valfard-du-kan-lita-pa\/","og_site_name":"T\u00e4by","article_published_time":"2018-08-21T10:57:35+00:00","article_modified_time":"2018-08-22T10:59:32+00:00","author":"taby","twitter_card":"summary_large_image","twitter_misc":{"Skriven av":"taby","Ber\u00e4knad l\u00e4stid":"1 minut"},"schema":{"@context":"https:\/\/schema.org","@graph":[{"@type":"Article","@id":"https:\/\/wp.kristdemokraterna.se\/taby\/byt-regering-for-en-valfard-du-kan-lita-pa\/#article","isPartOf":{"@id":"https:\/\/wp.kristdemokraterna.se\/taby\/byt-regering-for-en-valfard-du-kan-lita-pa\/"},"author":{"name":"taby","@id":"https:\/\/wp.kristdemokraterna.se\/taby\/#\/schema\/person\/12b9024c714759d0acdc1da1e754d06c"},"headline":"Byt regering \u2013 f\u00f6r en v\u00e4lf\u00e4rd du kan lita p\u00e5!","datePublished":"2018-08-21T10:57:35+00:00","dateModified":"2018-08-22T10:59:32+00:00","mainEntityOfPage":{"@id":"https:\/\/wp.kristdemokraterna.se\/taby\/byt-regering-for-en-valfard-du-kan-lita-pa\/"},"wordCount":207,"articleSection":["inl\u00e4gg","Nyheter","Senaste nytt"],"inLanguage":"sv-SE"},{"@type":"WebPage","@id":"https:\/\/wp.kristdemokraterna.se\/taby\/byt-regering-for-en-valfard-du-kan-lita-pa\/","url":"https:\/\/wp.kristdemokraterna.se\/taby\/byt-regering-for-en-valfard-du-kan-lita-pa\/","name":"Byt regering \u2013 f\u00f6r en v\u00e4lf\u00e4rd du kan lita p\u00e5! - T\u00e4by","isPartOf":{"@id":"https:\/\/wp.kristdemokraterna.se\/taby\/#website"},"datePublished":"2018-08-21T10:57:35+00:00","dateModified":"2018-08-22T10:59:32+00:00","author":{"@id":"https:\/\/wp.kristdemokraterna.se\/taby\/#\/schema\/person\/12b9024c714759d0acdc1da1e754d06c"},"breadcrumb":{"@id":"https:\/\/wp.kristdemokraterna.se\/taby\/byt-regering-for-en-valfard-du-kan-lita-pa\/#breadcrumb"},"inLanguage":"sv-SE","potentialAction":[{"@type":"ReadAction","target":["https:\/\/wp.kristdemokraterna.se\/taby\/byt-regering-for-en-valfard-du-kan-lita-pa\/"]}]},{"@type":"BreadcrumbList","@id":"https:\/\/wp.kristdemokraterna.se\/taby\/byt-regering-for-en-valfard-du-kan-lita-pa\/#breadcrumb","itemListElement":[{"@type":"ListItem","position":1,"name":"Hem","item":"https:\/\/wp.kristdemokraterna.se\/taby\/"},{"@type":"ListItem","position":2,"name":"Byt regering \u2013 f\u00f6r en v\u00e4lf\u00e4rd du kan lita p\u00e5!"}]},{"@type":"WebSite","@id":"https:\/\/wp.kristdemokraterna.se\/taby\/#website","url":"https:\/\/wp.kristdemokraterna.se\/taby\/","name":"T\u00e4by","description":"&quot;Det ska vara l\u00e4ttare att f\u00e5 ihop arbetsliv och familjeliv i T\u00e4by&quot;","inLanguage":"sv-SE"},{"@type":"Person","@id":"https:\/\/wp.kristdemokraterna.se\/taby\/#\/schema\/person\/12b9024c714759d0acdc1da1e754d06c","name":"taby","image":{"@type":"ImageObject","inLanguage":"sv-SE","@id":"https:\/\/secure.gravatar.com\/avatar\/62f6aca44d1f9c34b49438e5fdf4be3554253b04b49a76f013049906786db305?s=96&d=mm&r=g","url":"https:\/\/secure.gravatar.com\/avatar\/62f6aca44d1f9c34b49438e5fdf4be3554253b04b49a76f013049906786db305?s=96&d=mm&r=g","contentUrl":"https:\/\/secure.gravatar.com\/avatar\/62f6aca44d1f9c34b49438e5fdf4be3554253b04b49a76f013049906786db305?s=96&d=mm&r=g","caption":"taby"},"url":"https:\/\/wp.kristdemokraterna.se\/taby\/author\/taby\/"}]}},"_links":{"self":[{"href":"https:\/\/wp.kristdemokraterna.se\/taby\/wp-json\/wp\/v2\/posts\/1661","targetHints":{"allow":["GET"]}}],"collection":[{"href":"https:\/\/wp.kristdemokraterna.se\/taby\/wp-json\/wp\/v2\/posts"}],"about":[{"href":"https:\/\/wp.kristdemokraterna.se\/taby\/wp-json\/wp\/v2\/types\/post"}],"author":[{"embeddable":true,"href":"https:\/\/wp.kristdemokraterna.se\/taby\/wp-json\/wp\/v2\/users\/26"}],"replies":[{"embeddable":true,"href":"https:\/\/wp.kristdemokraterna.se\/taby\/wp-json\/wp\/v2\/comments?post=1661"}],"version-history":[{"count":1,"href":"https:\/\/wp.kristdemokraterna.se\/taby\/wp-json\/wp\/v2\/posts\/1661\/revisions"}],"predecessor-version":[{"id":1663,"href":"https:\/\/wp.kristdemokraterna.se\/taby\/wp-json\/wp\/v2\/posts\/1661\/revisions\/1663"}],"wp:attachment":[{"href":"https:\/\/wp.kristdemokraterna.se\/taby\/wp-json\/wp\/v2\/media?parent=1661"}],"wp:term":[{"taxonomy":"category","embeddable":true,"href":"https:\/\/wp.kristdemokraterna.se\/taby\/wp-json\/wp\/v2\/categories?post=1661"},{"taxonomy":"post_tag","embeddable":true,"href":"https:\/\/wp.kristdemokraterna.se\/taby\/wp-json\/wp\/v2\/tags?post=1661"}],"curies":[{"name":"wp","href":"https:\/\/api.w.org\/{rel}","templated":true}]}}