{"id":1672,"date":"2018-08-28T20:45:05","date_gmt":"2018-08-28T18:45:05","guid":{"rendered":"http:\/\/wp.kristdemokraterna.se\/taby\/?p=1672"},"modified":"2018-08-28T20:45:05","modified_gmt":"2018-08-28T18:45:05","slug":"missade-du-bilagan-fran-kd-taby-i-taby-nyheter","status":"publish","type":"post","link":"https:\/\/wp.kristdemokraterna.se\/taby\/missade-du-bilagan-fran-kd-taby-i-taby-nyheter\/","title":{"rendered":"Missade du Bilagan fr\u00e5n KD T\u00e4by i T\u00e4by Nyheter?"},"content":{"rendered":"<p>Camilla Brodin, kommunalr\u00e5d KD och Tobias Karlstr\u00f6m, ordf\u00f6rande i KD T\u00e4by f\u00f6rklarar hur KD T\u00e4by vill utveckla kommunen.<\/p>\n<p>L\u00e4s mer om v\u00e5ra viktigaste fr\u00e5gor:<\/p>\n<ul>\n<li>Kommunala poliser, ordningsvakter och kamera\u00f6vervakning f\u00f6r \u00f6kad trygghet.<\/li>\n<li>T\u00e4by ska bara v\u00e4xa om trafiken klarar det, varje ny utbyggnadsfas i T\u00e4by ska bara startas om trafiken till\u00e5ter.<\/li>\n<li>Mindre barngrupper i f\u00f6rskolan och fler vuxna i skolan.<\/li>\n<li>L\u00e4gg ner landstingen och l\u00e5t staten ta \u00f6ver ansvaret f\u00f6r v\u00e5rden, f\u00f6r en j\u00e4mlik v\u00e5rd i hela landet.<\/li>\n<li>Fler bost\u00e4der f\u00f6r \u00e4ldre och kortare handl\u00e4ggningstid f\u00f6r bist\u00e5ndsbed\u00f6mning.<\/li>\n<li>Avskaffa arbetsf\u00f6rmedlingen \u2013 inf\u00f6r integrationsplikt.<\/li>\n<\/ul>\n<p>L\u00e4s hela bilagan h\u00e4r<\/p>\n<p><a href=\"http:\/\/wp.kristdemokraterna.se\/taby\/files\/2018\/08\/vad-kd-ta\u0308by-vill-go\u0308ra.pdf\">Vad KD Ta\u0308by vill go\u0308ra<\/a><\/p>\n","protected":false},"excerpt":{"rendered":"<p>Camilla Brodin, kommunalr\u00e5d KD och Tobias Karlstr\u00f6m, ordf\u00f6rande i KD T\u00e4by f\u00f6rklarar hur KD T\u00e4by vill utveckla kommunen. L\u00e4s mer om v\u00e5ra viktigaste fr\u00e5gor: Kommunala poliser, ordningsvakter och kamera\u00f6vervakning f\u00f6r \u00f6kad trygghet. T\u00e4by ska bara v\u00e4xa om trafiken klarar det, varje ny utbyggnadsfas i T\u00e4by ska bara startas om trafiken till\u00e5ter. Mindre barngrupper i f\u00f6rskolan <a class=\"read-more-link\" href=\"https:\/\/wp.kristdemokraterna.se\/taby\/missade-du-bilagan-fran-kd-taby-i-taby-nyheter\/\">Read More<\/a><\/p>\n","protected":false},"author":26,"featured_media":0,"comment_status":"closed","ping_status":"closed","sticky":false,"template":"","format":"standard","meta":{"_acf_changed":false,"footnotes":""},"categories":[30,29,1],"tags":[],"class_list":["post-1672","post","type-post","status-publish","format-standard","hentry","category-inlagg","category-nyheter","category-okategoriserade"],"acf":[],"yoast_head":"<!-- This site is optimized with the Yoast SEO plugin v27.4 - https:\/\/yoast.com\/product\/yoast-seo-wordpress\/ -->\n<title>Missade du Bilagan fr\u00e5n KD T\u00e4by i T\u00e4by Nyheter? - T\u00e4by<\/title>\n<meta name=\"robots\" content=\"index, follow, max-snippet:-1, max-image-preview:large, max-video-preview:-1\" \/>\n<link rel=\"canonical\" href=\"https:\/\/wp.kristdemokraterna.se\/taby\/missade-du-bilagan-fran-kd-taby-i-taby-nyheter\/\" \/>\n<meta property=\"og:locale\" content=\"sv_SE\" \/>\n<meta property=\"og:type\" content=\"article\" \/>\n<meta property=\"og:title\" content=\"Missade du Bilagan fr\u00e5n KD T\u00e4by i T\u00e4by Nyheter? - T\u00e4by\" \/>\n<meta property=\"og:description\" content=\"Camilla Brodin, kommunalr\u00e5d KD och Tobias Karlstr\u00f6m, ordf\u00f6rande i KD T\u00e4by f\u00f6rklarar hur KD T\u00e4by vill utveckla kommunen. L\u00e4s mer om v\u00e5ra viktigaste fr\u00e5gor: Kommunala poliser, ordningsvakter och kamera\u00f6vervakning f\u00f6r \u00f6kad trygghet. T\u00e4by ska bara v\u00e4xa om trafiken klarar det, varje ny utbyggnadsfas i T\u00e4by ska bara startas om trafiken till\u00e5ter. Mindre barngrupper i f\u00f6rskolan Read More\" \/>\n<meta property=\"og:url\" content=\"https:\/\/wp.kristdemokraterna.se\/taby\/missade-du-bilagan-fran-kd-taby-i-taby-nyheter\/\" \/>\n<meta property=\"og:site_name\" content=\"T\u00e4by\" \/>\n<meta property=\"article:published_time\" content=\"2018-08-28T18:45:05+00:00\" \/>\n<meta name=\"author\" content=\"taby\" \/>\n<meta name=\"twitter:card\" content=\"summary_large_image\" \/>\n<meta name=\"twitter:label1\" content=\"Skriven av\" \/>\n\t<meta name=\"twitter:data1\" content=\"taby\" \/>\n\t<meta name=\"twitter:label2\" content=\"Ber\u00e4knad l\u00e4stid\" \/>\n\t<meta name=\"twitter:data2\" content=\"1 minut\" \/>\n<script type=\"application\/ld+json\" class=\"yoast-schema-graph\">{\"@context\":\"https:\\\/\\\/schema.org\",\"@graph\":[{\"@type\":\"Article\",\"@id\":\"https:\\\/\\\/wp.kristdemokraterna.se\\\/taby\\\/missade-du-bilagan-fran-kd-taby-i-taby-nyheter\\\/#article\",\"isPartOf\":{\"@id\":\"https:\\\/\\\/wp.kristdemokraterna.se\\\/taby\\\/missade-du-bilagan-fran-kd-taby-i-taby-nyheter\\\/\"},\"author\":{\"name\":\"taby\",\"@id\":\"https:\\\/\\\/wp.kristdemokraterna.se\\\/taby\\\/#\\\/schema\\\/person\\\/12b9024c714759d0acdc1da1e754d06c\"},\"headline\":\"Missade du Bilagan fr\u00e5n KD T\u00e4by i T\u00e4by Nyheter?\",\"datePublished\":\"2018-08-28T18:45:05+00:00\",\"mainEntityOfPage\":{\"@id\":\"https:\\\/\\\/wp.kristdemokraterna.se\\\/taby\\\/missade-du-bilagan-fran-kd-taby-i-taby-nyheter\\\/\"},\"wordCount\":147,\"articleSection\":[\"inl\u00e4gg\",\"Nyheter\",\"Senaste nytt\"],\"inLanguage\":\"sv-SE\"},{\"@type\":\"WebPage\",\"@id\":\"https:\\\/\\\/wp.kristdemokraterna.se\\\/taby\\\/missade-du-bilagan-fran-kd-taby-i-taby-nyheter\\\/\",\"url\":\"https:\\\/\\\/wp.kristdemokraterna.se\\\/taby\\\/missade-du-bilagan-fran-kd-taby-i-taby-nyheter\\\/\",\"name\":\"Missade du Bilagan fr\u00e5n KD T\u00e4by i T\u00e4by Nyheter? - T\u00e4by\",\"isPartOf\":{\"@id\":\"https:\\\/\\\/wp.kristdemokraterna.se\\\/taby\\\/#website\"},\"datePublished\":\"2018-08-28T18:45:05+00:00\",\"author\":{\"@id\":\"https:\\\/\\\/wp.kristdemokraterna.se\\\/taby\\\/#\\\/schema\\\/person\\\/12b9024c714759d0acdc1da1e754d06c\"},\"breadcrumb\":{\"@id\":\"https:\\\/\\\/wp.kristdemokraterna.se\\\/taby\\\/missade-du-bilagan-fran-kd-taby-i-taby-nyheter\\\/#breadcrumb\"},\"inLanguage\":\"sv-SE\",\"potentialAction\":[{\"@type\":\"ReadAction\",\"target\":[\"https:\\\/\\\/wp.kristdemokraterna.se\\\/taby\\\/missade-du-bilagan-fran-kd-taby-i-taby-nyheter\\\/\"]}]},{\"@type\":\"BreadcrumbList\",\"@id\":\"https:\\\/\\\/wp.kristdemokraterna.se\\\/taby\\\/missade-du-bilagan-fran-kd-taby-i-taby-nyheter\\\/#breadcrumb\",\"itemListElement\":[{\"@type\":\"ListItem\",\"position\":1,\"name\":\"Hem\",\"item\":\"https:\\\/\\\/wp.kristdemokraterna.se\\\/taby\\\/\"},{\"@type\":\"ListItem\",\"position\":2,\"name\":\"Missade du Bilagan fr\u00e5n KD T\u00e4by i T\u00e4by Nyheter?\"}]},{\"@type\":\"WebSite\",\"@id\":\"https:\\\/\\\/wp.kristdemokraterna.se\\\/taby\\\/#website\",\"url\":\"https:\\\/\\\/wp.kristdemokraterna.se\\\/taby\\\/\",\"name\":\"T\u00e4by\",\"description\":\"&quot;Det ska vara l\u00e4ttare att f\u00e5 ihop arbetsliv och familjeliv i T\u00e4by&quot;\",\"inLanguage\":\"sv-SE\"},{\"@type\":\"Person\",\"@id\":\"https:\\\/\\\/wp.kristdemokraterna.se\\\/taby\\\/#\\\/schema\\\/person\\\/12b9024c714759d0acdc1da1e754d06c\",\"name\":\"taby\",\"image\":{\"@type\":\"ImageObject\",\"inLanguage\":\"sv-SE\",\"@id\":\"https:\\\/\\\/secure.gravatar.com\\\/avatar\\\/62f6aca44d1f9c34b49438e5fdf4be3554253b04b49a76f013049906786db305?s=96&d=mm&r=g\",\"url\":\"https:\\\/\\\/secure.gravatar.com\\\/avatar\\\/62f6aca44d1f9c34b49438e5fdf4be3554253b04b49a76f013049906786db305?s=96&d=mm&r=g\",\"contentUrl\":\"https:\\\/\\\/secure.gravatar.com\\\/avatar\\\/62f6aca44d1f9c34b49438e5fdf4be3554253b04b49a76f013049906786db305?s=96&d=mm&r=g\",\"caption\":\"taby\"},\"url\":\"https:\\\/\\\/wp.kristdemokraterna.se\\\/taby\\\/author\\\/taby\\\/\"}]}<\/script>\n<!-- \/ Yoast SEO plugin. -->","yoast_head_json":{"title":"Missade du Bilagan fr\u00e5n KD T\u00e4by i T\u00e4by Nyheter? - T\u00e4by","robots":{"index":"index","follow":"follow","max-snippet":"max-snippet:-1","max-image-preview":"max-image-preview:large","max-video-preview":"max-video-preview:-1"},"canonical":"https:\/\/wp.kristdemokraterna.se\/taby\/missade-du-bilagan-fran-kd-taby-i-taby-nyheter\/","og_locale":"sv_SE","og_type":"article","og_title":"Missade du Bilagan fr\u00e5n KD T\u00e4by i T\u00e4by Nyheter? - T\u00e4by","og_description":"Camilla Brodin, kommunalr\u00e5d KD och Tobias Karlstr\u00f6m, ordf\u00f6rande i KD T\u00e4by f\u00f6rklarar hur KD T\u00e4by vill utveckla kommunen. L\u00e4s mer om v\u00e5ra viktigaste fr\u00e5gor: Kommunala poliser, ordningsvakter och kamera\u00f6vervakning f\u00f6r \u00f6kad trygghet. T\u00e4by ska bara v\u00e4xa om trafiken klarar det, varje ny utbyggnadsfas i T\u00e4by ska bara startas om trafiken till\u00e5ter. Mindre barngrupper i f\u00f6rskolan Read More","og_url":"https:\/\/wp.kristdemokraterna.se\/taby\/missade-du-bilagan-fran-kd-taby-i-taby-nyheter\/","og_site_name":"T\u00e4by","article_published_time":"2018-08-28T18:45:05+00:00","author":"taby","twitter_card":"summary_large_image","twitter_misc":{"Skriven av":"taby","Ber\u00e4knad l\u00e4stid":"1 minut"},"schema":{"@context":"https:\/\/schema.org","@graph":[{"@type":"Article","@id":"https:\/\/wp.kristdemokraterna.se\/taby\/missade-du-bilagan-fran-kd-taby-i-taby-nyheter\/#article","isPartOf":{"@id":"https:\/\/wp.kristdemokraterna.se\/taby\/missade-du-bilagan-fran-kd-taby-i-taby-nyheter\/"},"author":{"name":"taby","@id":"https:\/\/wp.kristdemokraterna.se\/taby\/#\/schema\/person\/12b9024c714759d0acdc1da1e754d06c"},"headline":"Missade du Bilagan fr\u00e5n KD T\u00e4by i T\u00e4by Nyheter?","datePublished":"2018-08-28T18:45:05+00:00","mainEntityOfPage":{"@id":"https:\/\/wp.kristdemokraterna.se\/taby\/missade-du-bilagan-fran-kd-taby-i-taby-nyheter\/"},"wordCount":147,"articleSection":["inl\u00e4gg","Nyheter","Senaste nytt"],"inLanguage":"sv-SE"},{"@type":"WebPage","@id":"https:\/\/wp.kristdemokraterna.se\/taby\/missade-du-bilagan-fran-kd-taby-i-taby-nyheter\/","url":"https:\/\/wp.kristdemokraterna.se\/taby\/missade-du-bilagan-fran-kd-taby-i-taby-nyheter\/","name":"Missade du Bilagan fr\u00e5n KD T\u00e4by i T\u00e4by Nyheter? - T\u00e4by","isPartOf":{"@id":"https:\/\/wp.kristdemokraterna.se\/taby\/#website"},"datePublished":"2018-08-28T18:45:05+00:00","author":{"@id":"https:\/\/wp.kristdemokraterna.se\/taby\/#\/schema\/person\/12b9024c714759d0acdc1da1e754d06c"},"breadcrumb":{"@id":"https:\/\/wp.kristdemokraterna.se\/taby\/missade-du-bilagan-fran-kd-taby-i-taby-nyheter\/#breadcrumb"},"inLanguage":"sv-SE","potentialAction":[{"@type":"ReadAction","target":["https:\/\/wp.kristdemokraterna.se\/taby\/missade-du-bilagan-fran-kd-taby-i-taby-nyheter\/"]}]},{"@type":"BreadcrumbList","@id":"https:\/\/wp.kristdemokraterna.se\/taby\/missade-du-bilagan-fran-kd-taby-i-taby-nyheter\/#breadcrumb","itemListElement":[{"@type":"ListItem","position":1,"name":"Hem","item":"https:\/\/wp.kristdemokraterna.se\/taby\/"},{"@type":"ListItem","position":2,"name":"Missade du Bilagan fr\u00e5n KD T\u00e4by i T\u00e4by Nyheter?"}]},{"@type":"WebSite","@id":"https:\/\/wp.kristdemokraterna.se\/taby\/#website","url":"https:\/\/wp.kristdemokraterna.se\/taby\/","name":"T\u00e4by","description":"&quot;Det ska vara l\u00e4ttare att f\u00e5 ihop arbetsliv och familjeliv i T\u00e4by&quot;","inLanguage":"sv-SE"},{"@type":"Person","@id":"https:\/\/wp.kristdemokraterna.se\/taby\/#\/schema\/person\/12b9024c714759d0acdc1da1e754d06c","name":"taby","image":{"@type":"ImageObject","inLanguage":"sv-SE","@id":"https:\/\/secure.gravatar.com\/avatar\/62f6aca44d1f9c34b49438e5fdf4be3554253b04b49a76f013049906786db305?s=96&d=mm&r=g","url":"https:\/\/secure.gravatar.com\/avatar\/62f6aca44d1f9c34b49438e5fdf4be3554253b04b49a76f013049906786db305?s=96&d=mm&r=g","contentUrl":"https:\/\/secure.gravatar.com\/avatar\/62f6aca44d1f9c34b49438e5fdf4be3554253b04b49a76f013049906786db305?s=96&d=mm&r=g","caption":"taby"},"url":"https:\/\/wp.kristdemokraterna.se\/taby\/author\/taby\/"}]}},"_links":{"self":[{"href":"https:\/\/wp.kristdemokraterna.se\/taby\/wp-json\/wp\/v2\/posts\/1672","targetHints":{"allow":["GET"]}}],"collection":[{"href":"https:\/\/wp.kristdemokraterna.se\/taby\/wp-json\/wp\/v2\/posts"}],"about":[{"href":"https:\/\/wp.kristdemokraterna.se\/taby\/wp-json\/wp\/v2\/types\/post"}],"author":[{"embeddable":true,"href":"https:\/\/wp.kristdemokraterna.se\/taby\/wp-json\/wp\/v2\/users\/26"}],"replies":[{"embeddable":true,"href":"https:\/\/wp.kristdemokraterna.se\/taby\/wp-json\/wp\/v2\/comments?post=1672"}],"version-history":[{"count":3,"href":"https:\/\/wp.kristdemokraterna.se\/taby\/wp-json\/wp\/v2\/posts\/1672\/revisions"}],"predecessor-version":[{"id":1678,"href":"https:\/\/wp.kristdemokraterna.se\/taby\/wp-json\/wp\/v2\/posts\/1672\/revisions\/1678"}],"wp:attachment":[{"href":"https:\/\/wp.kristdemokraterna.se\/taby\/wp-json\/wp\/v2\/media?parent=1672"}],"wp:term":[{"taxonomy":"category","embeddable":true,"href":"https:\/\/wp.kristdemokraterna.se\/taby\/wp-json\/wp\/v2\/categories?post=1672"},{"taxonomy":"post_tag","embeddable":true,"href":"https:\/\/wp.kristdemokraterna.se\/taby\/wp-json\/wp\/v2\/tags?post=1672"}],"curies":[{"name":"wp","href":"https:\/\/api.w.org\/{rel}","templated":true}]}}