{"id":1679,"date":"2018-08-22T20:49:16","date_gmt":"2018-08-22T18:49:16","guid":{"rendered":"http:\/\/wp.kristdemokraterna.se\/taby\/?p=1679"},"modified":"2018-08-28T20:59:56","modified_gmt":"2018-08-28T18:59:56","slug":"nu-har-fortidsrostningen-oppnat","status":"publish","type":"post","link":"https:\/\/wp.kristdemokraterna.se\/taby\/nu-har-fortidsrostningen-oppnat\/","title":{"rendered":"Nu har f\u00f6rtidsr\u00f6stningen \u00f6ppnat!"},"content":{"rendered":"<p>En r\u00f6st p\u00e5 Kristdemokraterna i T\u00e4by \u00e4r en r\u00f6st f\u00f6r:<\/p>\n<p><span class=\"_5mfr _47e3\"><img loading=\"lazy\" decoding=\"async\" class=\"img\" role=\"presentation\" src=\"https:\/\/static.xx.fbcdn.net\/images\/emoji.php\/v9\/fe\/2\/16\/2611.png\" alt=\"\" width=\"16\" height=\"16\" \/> <\/span>T\u00c4BY SKA V\u00c4XA &#8211; MEN INTE S\u00c5 DET KNAKAR.<br \/>\nT\u00e4by ska bara v\u00e4xa om trafiken klarar det, varje ny utbyggnadsfas i T\u00e4by ska bara starta om trafiken till\u00e5ter.<\/p>\n<div class=\"text_exposed_show\">\n<p><span class=\"_5mfr _47e3\"><img loading=\"lazy\" decoding=\"async\" class=\"img\" role=\"presentation\" src=\"https:\/\/static.xx.fbcdn.net\/images\/emoji.php\/v9\/fe\/2\/16\/2611.png\" alt=\"\" width=\"16\" height=\"16\" \/> <\/span>INF\u00d6R KOMMUNAL POLIS &#8211; \u00d6KA TRYGGHETEN.<br \/>\nVi vill arbeta f\u00f6r att inf\u00f6ra kommunala poliser, fler ordningsvakter, kamera\u00f6vervakning och digitala trygghetsvandringar f\u00f6r \u00f6kad trygghet.<\/p>\n<p><span class=\"_5mfr _47e3\"><img loading=\"lazy\" decoding=\"async\" class=\"img\" role=\"presentation\" src=\"https:\/\/static.xx.fbcdn.net\/images\/emoji.php\/v9\/fe\/2\/16\/2611.png\" alt=\"\" width=\"16\" height=\"16\" \/> <\/span>MINDRE BARNGRUPPER I T\u00c4BYS F\u00d6RSKOLOR.<br \/>\nVi arbetar f\u00f6r f\u00e4rre barn i varje barngrupp i f\u00f6rskolan, fler vuxna i skolan och elevh\u00e4lsoteam p\u00e5 varje skola.<\/p>\n<p><span class=\"_5mfr _47e3\"><img loading=\"lazy\" decoding=\"async\" class=\"img\" role=\"presentation\" src=\"https:\/\/static.xx.fbcdn.net\/images\/emoji.php\/v9\/fe\/2\/16\/2611.png\" alt=\"\" width=\"16\" height=\"16\" \/> <\/span>BO BRA P\u00c5 \u00c4LDRE DAR &#8211; V\u00c4RDIG \u00c4LDREOMSORG. Vi vill se fler bost\u00e4der f\u00f6r \u00e4ldre och vill inf\u00f6ra hemtagningsteam f\u00f6r en b\u00e4ttre \u00f6verg\u00e5ng mellan sjukv\u00e5rd och hemmet.<\/p>\n<p>L\u00c4S HELA KD T\u00c4BYS KOMMUNPROGRAM H\u00c4R:<\/p>\n<p><a href=\"http:\/\/wp.kristdemokraterna.se\/taby\/files\/2018\/08\/kd-ta\u0308by-kommunpolitiskt-program.pdf\">KD Ta\u0308by kommunpolitiskt program<\/a><\/p>\n<p>\u00c4R DU NYFIKEN P\u00c5 V\u00c5R RIKSPOLITK HITAR DU V\u00c5RT VALMANIFEST H\u00c4R:<\/p>\n<p><a href=\"http:\/\/wp.kristdemokraterna.se\/taby\/files\/2018\/08\/valmanifest-kd-2018.pdf\">Valmanifest KD 2018<\/a><\/p>\n<p>Gl\u00f6m dina f\u00f6rdomar om KD. Vi \u00e4r ett frihetligt parti som bygger p\u00e5 en stabil etisk grund. En del tror att man beh\u00f6ver vara religi\u00f6s f\u00f6r att r\u00f6sta p\u00e5 KD. Inte alls. V\u00e5r politik bygger p\u00e5 samma kristna tradition och humanism som ligger till grund f\u00f6r hela det v\u00e4sterl\u00e4ndska samh\u00e4llet.<\/p>\n<\/div>\n","protected":false},"excerpt":{"rendered":"<p>En r\u00f6st p\u00e5 Kristdemokraterna i T\u00e4by \u00e4r en r\u00f6st f\u00f6r: T\u00c4BY SKA V\u00c4XA &#8211; MEN INTE S\u00c5 DET KNAKAR. T\u00e4by ska bara v\u00e4xa om trafiken klarar det, varje ny utbyggnadsfas i T\u00e4by ska bara starta om trafiken till\u00e5ter. INF\u00d6R KOMMUNAL POLIS &#8211; \u00d6KA TRYGGHETEN. Vi vill arbeta f\u00f6r att inf\u00f6ra kommunala poliser, fler ordningsvakter, kamera\u00f6vervakning <a class=\"read-more-link\" href=\"https:\/\/wp.kristdemokraterna.se\/taby\/nu-har-fortidsrostningen-oppnat\/\">Read More<\/a><\/p>\n","protected":false},"author":26,"featured_media":0,"comment_status":"closed","ping_status":"closed","sticky":false,"template":"","format":"standard","meta":{"_acf_changed":false,"footnotes":""},"categories":[30,29,1],"tags":[],"class_list":["post-1679","post","type-post","status-publish","format-standard","hentry","category-inlagg","category-nyheter","category-okategoriserade"],"acf":[],"yoast_head":"<!-- This site is optimized with the Yoast SEO plugin v27.4 - https:\/\/yoast.com\/product\/yoast-seo-wordpress\/ -->\n<title>Nu har f\u00f6rtidsr\u00f6stningen \u00f6ppnat! - T\u00e4by<\/title>\n<meta name=\"robots\" content=\"index, follow, max-snippet:-1, max-image-preview:large, max-video-preview:-1\" \/>\n<link rel=\"canonical\" href=\"https:\/\/wp.kristdemokraterna.se\/taby\/nu-har-fortidsrostningen-oppnat\/\" \/>\n<meta property=\"og:locale\" content=\"sv_SE\" \/>\n<meta property=\"og:type\" content=\"article\" \/>\n<meta property=\"og:title\" content=\"Nu har f\u00f6rtidsr\u00f6stningen \u00f6ppnat! - T\u00e4by\" \/>\n<meta property=\"og:description\" content=\"En r\u00f6st p\u00e5 Kristdemokraterna i T\u00e4by \u00e4r en r\u00f6st f\u00f6r: T\u00c4BY SKA V\u00c4XA &#8211; MEN INTE S\u00c5 DET KNAKAR. T\u00e4by ska bara v\u00e4xa om trafiken klarar det, varje ny utbyggnadsfas i T\u00e4by ska bara starta om trafiken till\u00e5ter. INF\u00d6R KOMMUNAL POLIS &#8211; \u00d6KA TRYGGHETEN. Vi vill arbeta f\u00f6r att inf\u00f6ra kommunala poliser, fler ordningsvakter, kamera\u00f6vervakning Read More\" \/>\n<meta property=\"og:url\" content=\"https:\/\/wp.kristdemokraterna.se\/taby\/nu-har-fortidsrostningen-oppnat\/\" \/>\n<meta property=\"og:site_name\" content=\"T\u00e4by\" \/>\n<meta property=\"article:published_time\" content=\"2018-08-22T18:49:16+00:00\" \/>\n<meta property=\"article:modified_time\" content=\"2018-08-28T18:59:56+00:00\" \/>\n<meta property=\"og:image\" content=\"https:\/\/static.xx.fbcdn.net\/images\/emoji.php\/v9\/fe\/2\/16\/2611.png\" \/>\n<meta name=\"author\" content=\"taby\" \/>\n<meta name=\"twitter:card\" content=\"summary_large_image\" \/>\n<meta name=\"twitter:label1\" content=\"Skriven av\" \/>\n\t<meta name=\"twitter:data1\" content=\"taby\" \/>\n\t<meta name=\"twitter:label2\" content=\"Ber\u00e4knad l\u00e4stid\" \/>\n\t<meta name=\"twitter:data2\" content=\"1 minut\" \/>\n<script type=\"application\/ld+json\" class=\"yoast-schema-graph\">{\"@context\":\"https:\\\/\\\/schema.org\",\"@graph\":[{\"@type\":\"Article\",\"@id\":\"https:\\\/\\\/wp.kristdemokraterna.se\\\/taby\\\/nu-har-fortidsrostningen-oppnat\\\/#article\",\"isPartOf\":{\"@id\":\"https:\\\/\\\/wp.kristdemokraterna.se\\\/taby\\\/nu-har-fortidsrostningen-oppnat\\\/\"},\"author\":{\"name\":\"taby\",\"@id\":\"https:\\\/\\\/wp.kristdemokraterna.se\\\/taby\\\/#\\\/schema\\\/person\\\/12b9024c714759d0acdc1da1e754d06c\"},\"headline\":\"Nu har f\u00f6rtidsr\u00f6stningen \u00f6ppnat!\",\"datePublished\":\"2018-08-22T18:49:16+00:00\",\"dateModified\":\"2018-08-28T18:59:56+00:00\",\"mainEntityOfPage\":{\"@id\":\"https:\\\/\\\/wp.kristdemokraterna.se\\\/taby\\\/nu-har-fortidsrostningen-oppnat\\\/\"},\"wordCount\":238,\"image\":{\"@id\":\"https:\\\/\\\/wp.kristdemokraterna.se\\\/taby\\\/nu-har-fortidsrostningen-oppnat\\\/#primaryimage\"},\"thumbnailUrl\":\"https:\\\/\\\/static.xx.fbcdn.net\\\/images\\\/emoji.php\\\/v9\\\/fe\\\/2\\\/16\\\/2611.png\",\"articleSection\":[\"inl\u00e4gg\",\"Nyheter\",\"Senaste nytt\"],\"inLanguage\":\"sv-SE\"},{\"@type\":\"WebPage\",\"@id\":\"https:\\\/\\\/wp.kristdemokraterna.se\\\/taby\\\/nu-har-fortidsrostningen-oppnat\\\/\",\"url\":\"https:\\\/\\\/wp.kristdemokraterna.se\\\/taby\\\/nu-har-fortidsrostningen-oppnat\\\/\",\"name\":\"Nu har f\u00f6rtidsr\u00f6stningen \u00f6ppnat! - T\u00e4by\",\"isPartOf\":{\"@id\":\"https:\\\/\\\/wp.kristdemokraterna.se\\\/taby\\\/#website\"},\"primaryImageOfPage\":{\"@id\":\"https:\\\/\\\/wp.kristdemokraterna.se\\\/taby\\\/nu-har-fortidsrostningen-oppnat\\\/#primaryimage\"},\"image\":{\"@id\":\"https:\\\/\\\/wp.kristdemokraterna.se\\\/taby\\\/nu-har-fortidsrostningen-oppnat\\\/#primaryimage\"},\"thumbnailUrl\":\"https:\\\/\\\/static.xx.fbcdn.net\\\/images\\\/emoji.php\\\/v9\\\/fe\\\/2\\\/16\\\/2611.png\",\"datePublished\":\"2018-08-22T18:49:16+00:00\",\"dateModified\":\"2018-08-28T18:59:56+00:00\",\"author\":{\"@id\":\"https:\\\/\\\/wp.kristdemokraterna.se\\\/taby\\\/#\\\/schema\\\/person\\\/12b9024c714759d0acdc1da1e754d06c\"},\"breadcrumb\":{\"@id\":\"https:\\\/\\\/wp.kristdemokraterna.se\\\/taby\\\/nu-har-fortidsrostningen-oppnat\\\/#breadcrumb\"},\"inLanguage\":\"sv-SE\",\"potentialAction\":[{\"@type\":\"ReadAction\",\"target\":[\"https:\\\/\\\/wp.kristdemokraterna.se\\\/taby\\\/nu-har-fortidsrostningen-oppnat\\\/\"]}]},{\"@type\":\"ImageObject\",\"inLanguage\":\"sv-SE\",\"@id\":\"https:\\\/\\\/wp.kristdemokraterna.se\\\/taby\\\/nu-har-fortidsrostningen-oppnat\\\/#primaryimage\",\"url\":\"https:\\\/\\\/static.xx.fbcdn.net\\\/images\\\/emoji.php\\\/v9\\\/fe\\\/2\\\/16\\\/2611.png\",\"contentUrl\":\"https:\\\/\\\/static.xx.fbcdn.net\\\/images\\\/emoji.php\\\/v9\\\/fe\\\/2\\\/16\\\/2611.png\"},{\"@type\":\"BreadcrumbList\",\"@id\":\"https:\\\/\\\/wp.kristdemokraterna.se\\\/taby\\\/nu-har-fortidsrostningen-oppnat\\\/#breadcrumb\",\"itemListElement\":[{\"@type\":\"ListItem\",\"position\":1,\"name\":\"Hem\",\"item\":\"https:\\\/\\\/wp.kristdemokraterna.se\\\/taby\\\/\"},{\"@type\":\"ListItem\",\"position\":2,\"name\":\"Nu har f\u00f6rtidsr\u00f6stningen \u00f6ppnat!\"}]},{\"@type\":\"WebSite\",\"@id\":\"https:\\\/\\\/wp.kristdemokraterna.se\\\/taby\\\/#website\",\"url\":\"https:\\\/\\\/wp.kristdemokraterna.se\\\/taby\\\/\",\"name\":\"T\u00e4by\",\"description\":\"&quot;Det ska vara l\u00e4ttare att f\u00e5 ihop arbetsliv och familjeliv i T\u00e4by&quot;\",\"inLanguage\":\"sv-SE\"},{\"@type\":\"Person\",\"@id\":\"https:\\\/\\\/wp.kristdemokraterna.se\\\/taby\\\/#\\\/schema\\\/person\\\/12b9024c714759d0acdc1da1e754d06c\",\"name\":\"taby\",\"image\":{\"@type\":\"ImageObject\",\"inLanguage\":\"sv-SE\",\"@id\":\"https:\\\/\\\/secure.gravatar.com\\\/avatar\\\/62f6aca44d1f9c34b49438e5fdf4be3554253b04b49a76f013049906786db305?s=96&d=mm&r=g\",\"url\":\"https:\\\/\\\/secure.gravatar.com\\\/avatar\\\/62f6aca44d1f9c34b49438e5fdf4be3554253b04b49a76f013049906786db305?s=96&d=mm&r=g\",\"contentUrl\":\"https:\\\/\\\/secure.gravatar.com\\\/avatar\\\/62f6aca44d1f9c34b49438e5fdf4be3554253b04b49a76f013049906786db305?s=96&d=mm&r=g\",\"caption\":\"taby\"},\"url\":\"https:\\\/\\\/wp.kristdemokraterna.se\\\/taby\\\/author\\\/taby\\\/\"}]}<\/script>\n<!-- \/ Yoast SEO plugin. -->","yoast_head_json":{"title":"Nu har f\u00f6rtidsr\u00f6stningen \u00f6ppnat! - T\u00e4by","robots":{"index":"index","follow":"follow","max-snippet":"max-snippet:-1","max-image-preview":"max-image-preview:large","max-video-preview":"max-video-preview:-1"},"canonical":"https:\/\/wp.kristdemokraterna.se\/taby\/nu-har-fortidsrostningen-oppnat\/","og_locale":"sv_SE","og_type":"article","og_title":"Nu har f\u00f6rtidsr\u00f6stningen \u00f6ppnat! - T\u00e4by","og_description":"En r\u00f6st p\u00e5 Kristdemokraterna i T\u00e4by \u00e4r en r\u00f6st f\u00f6r: T\u00c4BY SKA V\u00c4XA &#8211; MEN INTE S\u00c5 DET KNAKAR. T\u00e4by ska bara v\u00e4xa om trafiken klarar det, varje ny utbyggnadsfas i T\u00e4by ska bara starta om trafiken till\u00e5ter. INF\u00d6R KOMMUNAL POLIS &#8211; \u00d6KA TRYGGHETEN. Vi vill arbeta f\u00f6r att inf\u00f6ra kommunala poliser, fler ordningsvakter, kamera\u00f6vervakning Read More","og_url":"https:\/\/wp.kristdemokraterna.se\/taby\/nu-har-fortidsrostningen-oppnat\/","og_site_name":"T\u00e4by","article_published_time":"2018-08-22T18:49:16+00:00","article_modified_time":"2018-08-28T18:59:56+00:00","og_image":[{"url":"https:\/\/static.xx.fbcdn.net\/images\/emoji.php\/v9\/fe\/2\/16\/2611.png","type":"","width":"","height":""}],"author":"taby","twitter_card":"summary_large_image","twitter_misc":{"Skriven av":"taby","Ber\u00e4knad l\u00e4stid":"1 minut"},"schema":{"@context":"https:\/\/schema.org","@graph":[{"@type":"Article","@id":"https:\/\/wp.kristdemokraterna.se\/taby\/nu-har-fortidsrostningen-oppnat\/#article","isPartOf":{"@id":"https:\/\/wp.kristdemokraterna.se\/taby\/nu-har-fortidsrostningen-oppnat\/"},"author":{"name":"taby","@id":"https:\/\/wp.kristdemokraterna.se\/taby\/#\/schema\/person\/12b9024c714759d0acdc1da1e754d06c"},"headline":"Nu har f\u00f6rtidsr\u00f6stningen \u00f6ppnat!","datePublished":"2018-08-22T18:49:16+00:00","dateModified":"2018-08-28T18:59:56+00:00","mainEntityOfPage":{"@id":"https:\/\/wp.kristdemokraterna.se\/taby\/nu-har-fortidsrostningen-oppnat\/"},"wordCount":238,"image":{"@id":"https:\/\/wp.kristdemokraterna.se\/taby\/nu-har-fortidsrostningen-oppnat\/#primaryimage"},"thumbnailUrl":"https:\/\/static.xx.fbcdn.net\/images\/emoji.php\/v9\/fe\/2\/16\/2611.png","articleSection":["inl\u00e4gg","Nyheter","Senaste nytt"],"inLanguage":"sv-SE"},{"@type":"WebPage","@id":"https:\/\/wp.kristdemokraterna.se\/taby\/nu-har-fortidsrostningen-oppnat\/","url":"https:\/\/wp.kristdemokraterna.se\/taby\/nu-har-fortidsrostningen-oppnat\/","name":"Nu har f\u00f6rtidsr\u00f6stningen \u00f6ppnat! - T\u00e4by","isPartOf":{"@id":"https:\/\/wp.kristdemokraterna.se\/taby\/#website"},"primaryImageOfPage":{"@id":"https:\/\/wp.kristdemokraterna.se\/taby\/nu-har-fortidsrostningen-oppnat\/#primaryimage"},"image":{"@id":"https:\/\/wp.kristdemokraterna.se\/taby\/nu-har-fortidsrostningen-oppnat\/#primaryimage"},"thumbnailUrl":"https:\/\/static.xx.fbcdn.net\/images\/emoji.php\/v9\/fe\/2\/16\/2611.png","datePublished":"2018-08-22T18:49:16+00:00","dateModified":"2018-08-28T18:59:56+00:00","author":{"@id":"https:\/\/wp.kristdemokraterna.se\/taby\/#\/schema\/person\/12b9024c714759d0acdc1da1e754d06c"},"breadcrumb":{"@id":"https:\/\/wp.kristdemokraterna.se\/taby\/nu-har-fortidsrostningen-oppnat\/#breadcrumb"},"inLanguage":"sv-SE","potentialAction":[{"@type":"ReadAction","target":["https:\/\/wp.kristdemokraterna.se\/taby\/nu-har-fortidsrostningen-oppnat\/"]}]},{"@type":"ImageObject","inLanguage":"sv-SE","@id":"https:\/\/wp.kristdemokraterna.se\/taby\/nu-har-fortidsrostningen-oppnat\/#primaryimage","url":"https:\/\/static.xx.fbcdn.net\/images\/emoji.php\/v9\/fe\/2\/16\/2611.png","contentUrl":"https:\/\/static.xx.fbcdn.net\/images\/emoji.php\/v9\/fe\/2\/16\/2611.png"},{"@type":"BreadcrumbList","@id":"https:\/\/wp.kristdemokraterna.se\/taby\/nu-har-fortidsrostningen-oppnat\/#breadcrumb","itemListElement":[{"@type":"ListItem","position":1,"name":"Hem","item":"https:\/\/wp.kristdemokraterna.se\/taby\/"},{"@type":"ListItem","position":2,"name":"Nu har f\u00f6rtidsr\u00f6stningen \u00f6ppnat!"}]},{"@type":"WebSite","@id":"https:\/\/wp.kristdemokraterna.se\/taby\/#website","url":"https:\/\/wp.kristdemokraterna.se\/taby\/","name":"T\u00e4by","description":"&quot;Det ska vara l\u00e4ttare att f\u00e5 ihop arbetsliv och familjeliv i T\u00e4by&quot;","inLanguage":"sv-SE"},{"@type":"Person","@id":"https:\/\/wp.kristdemokraterna.se\/taby\/#\/schema\/person\/12b9024c714759d0acdc1da1e754d06c","name":"taby","image":{"@type":"ImageObject","inLanguage":"sv-SE","@id":"https:\/\/secure.gravatar.com\/avatar\/62f6aca44d1f9c34b49438e5fdf4be3554253b04b49a76f013049906786db305?s=96&d=mm&r=g","url":"https:\/\/secure.gravatar.com\/avatar\/62f6aca44d1f9c34b49438e5fdf4be3554253b04b49a76f013049906786db305?s=96&d=mm&r=g","contentUrl":"https:\/\/secure.gravatar.com\/avatar\/62f6aca44d1f9c34b49438e5fdf4be3554253b04b49a76f013049906786db305?s=96&d=mm&r=g","caption":"taby"},"url":"https:\/\/wp.kristdemokraterna.se\/taby\/author\/taby\/"}]}},"_links":{"self":[{"href":"https:\/\/wp.kristdemokraterna.se\/taby\/wp-json\/wp\/v2\/posts\/1679","targetHints":{"allow":["GET"]}}],"collection":[{"href":"https:\/\/wp.kristdemokraterna.se\/taby\/wp-json\/wp\/v2\/posts"}],"about":[{"href":"https:\/\/wp.kristdemokraterna.se\/taby\/wp-json\/wp\/v2\/types\/post"}],"author":[{"embeddable":true,"href":"https:\/\/wp.kristdemokraterna.se\/taby\/wp-json\/wp\/v2\/users\/26"}],"replies":[{"embeddable":true,"href":"https:\/\/wp.kristdemokraterna.se\/taby\/wp-json\/wp\/v2\/comments?post=1679"}],"version-history":[{"count":2,"href":"https:\/\/wp.kristdemokraterna.se\/taby\/wp-json\/wp\/v2\/posts\/1679\/revisions"}],"predecessor-version":[{"id":1684,"href":"https:\/\/wp.kristdemokraterna.se\/taby\/wp-json\/wp\/v2\/posts\/1679\/revisions\/1684"}],"wp:attachment":[{"href":"https:\/\/wp.kristdemokraterna.se\/taby\/wp-json\/wp\/v2\/media?parent=1679"}],"wp:term":[{"taxonomy":"category","embeddable":true,"href":"https:\/\/wp.kristdemokraterna.se\/taby\/wp-json\/wp\/v2\/categories?post=1679"},{"taxonomy":"post_tag","embeddable":true,"href":"https:\/\/wp.kristdemokraterna.se\/taby\/wp-json\/wp\/v2\/tags?post=1679"}],"curies":[{"name":"wp","href":"https:\/\/api.w.org\/{rel}","templated":true}]}}