{"id":1949,"date":"2019-10-29T20:12:02","date_gmt":"2019-10-29T19:12:02","guid":{"rendered":"http:\/\/wp.kristdemokraterna.se\/taby\/?p=1949"},"modified":"2019-11-01T09:22:36","modified_gmt":"2019-11-01T08:22:36","slug":"uppdatera-energioverenskommelsen","status":"publish","type":"post","link":"https:\/\/wp.kristdemokraterna.se\/taby\/uppdatera-energioverenskommelsen\/","title":{"rendered":"Uppdatera energi\u00f6verenskommelsen!"},"content":{"rendered":"<p>Idag uttalar sig T\u00e4bybon och KD:s energipolitiska talesperson <a class=\"profileLink\" title=\"Camilla Brodin\" href=\"https:\/\/www.facebook.com\/camilla.brodin.9?__tn__=K-R&amp;eid=ARBEOPXcC-jma0IQYr6quqJrg3AX1n6363wDL_8lrCT11rKVNI6AyzPDU-eUOJjo-hVdR8F8uHeueKa2&amp;fref=mentions&amp;__xts__%5B0%5D=68.ARDix-2WbMbvo9La-XOB8Hpkv3qg1B-6wrbf9eMxPHNQGMXdgzqpsl9Y5QxA8sJsmXdLN4qfq5CYdO_2vflPDXp8zb2gB2-qno9X9dBDxyBUalhIUvN_7O94MH8FVpfokWfFQ5AMql2qGBh-8RZXbgQqaEPZrSAIK8paz6VnpeFNCBWiSB-iVM9stemKouZ1jSVqfdng0unNkjvzfYeMT6WGCT1KMHFlztxMj_RZ0pkqu9F9R_XCDA2MNQaZqDVfyTD3NUBMPBYyAzNM4TGRcydky-J3h6srTltS6lVJgc95Ra-Cu_S9ICmul68FLi6yp8C10DCJaPNzC58loQ2FA_TRog\" data-hovercard=\"\/ajax\/hovercard\/user.php?id=615786704&amp;extragetparams=%7B%22__tn__%22%3A%22%2CdK-R-R%22%2C%22eid%22%3A%22ARBEOPXcC-jma0IQYr6quqJrg3AX1n6363wDL_8lrCT11rKVNI6AyzPDU-eUOJjo-hVdR8F8uHeueKa2%22%2C%22fref%22%3A%22mentions%22%7D\" data-hovercard-prefer-more-content-show=\"1\">Camilla Brodin<\/a> i Aftonbladet:<\/p>\n<p>&#8221;- S m\u00e5ste v\u00e4lja v\u00e4g i k\u00e4rnkraftsfr\u00e5gan s\u00e5 fort som m\u00f6jligt.&#8221;<\/p>\n<p>KD vill helst att den existerande energi\u00f6verenskommelsen bevaras, men uppdateras. Idag \u00e4r \u00f6verenskommelsen k\u00e4rnkraftsv\u00e4nlig men regeringspartierna, som ocks\u00e5 styr myndigheterna, ger inte den bilden. Camilla har vid upprepade tillf\u00e4llen p\u00e5talat detta och trots upprepade krav har S inte gett besked var de st\u00e5r.<\/p>\n<p>&nbsp;<\/p>\n<p><a href=\"https:\/\/omni.se\/kd-ger-s-deadline-for-att-bestamma\u2026\/a\/opxAXg\" target=\"_blank\" rel=\"noopener noreferrer\">L\u00e4s hela artikeln h\u00e4r!<\/a><\/p>\n<p>&nbsp;<\/p>\n","protected":false},"excerpt":{"rendered":"<p>Idag uttalar sig T\u00e4bybon och KD:s energipolitiska talesperson Camilla Brodin i Aftonbladet: &#8221;- S m\u00e5ste v\u00e4lja v\u00e4g i k\u00e4rnkraftsfr\u00e5gan s\u00e5 fort som m\u00f6jligt.&#8221; KD vill helst att den existerande energi\u00f6verenskommelsen bevaras, men uppdateras. Idag \u00e4r \u00f6verenskommelsen k\u00e4rnkraftsv\u00e4nlig men regeringspartierna, som ocks\u00e5 styr myndigheterna, ger inte den bilden. Camilla har vid upprepade tillf\u00e4llen p\u00e5talat detta och <a class=\"read-more-link\" href=\"https:\/\/wp.kristdemokraterna.se\/taby\/uppdatera-energioverenskommelsen\/\">Read More<\/a><\/p>\n","protected":false},"author":26,"featured_media":0,"comment_status":"closed","ping_status":"closed","sticky":false,"template":"","format":"standard","meta":{"_acf_changed":false,"footnotes":""},"categories":[30,29,1],"tags":[],"class_list":["post-1949","post","type-post","status-publish","format-standard","hentry","category-inlagg","category-nyheter","category-okategoriserade"],"acf":[],"yoast_head":"<!-- This site is optimized with the Yoast SEO plugin v27.4 - https:\/\/yoast.com\/product\/yoast-seo-wordpress\/ -->\n<title>Uppdatera energi\u00f6verenskommelsen! - T\u00e4by<\/title>\n<meta name=\"description\" content=\"Riksdagsledamoten Camilla Brodin, KD, vill uppdatera energi\u00f6verenskommelsen men regeringen v\u00e4grar ge svar p\u00e5 vad de vill.\" \/>\n<meta name=\"robots\" content=\"index, follow, max-snippet:-1, max-image-preview:large, max-video-preview:-1\" \/>\n<link rel=\"canonical\" href=\"https:\/\/wp.kristdemokraterna.se\/taby\/uppdatera-energioverenskommelsen\/\" \/>\n<meta property=\"og:locale\" content=\"sv_SE\" \/>\n<meta property=\"og:type\" content=\"article\" \/>\n<meta property=\"og:title\" content=\"Uppdatera energi\u00f6verenskommelsen! - T\u00e4by\" \/>\n<meta property=\"og:description\" content=\"Riksdagsledamoten Camilla Brodin, KD, vill uppdatera energi\u00f6verenskommelsen men regeringen v\u00e4grar ge svar p\u00e5 vad de vill.\" \/>\n<meta property=\"og:url\" content=\"https:\/\/wp.kristdemokraterna.se\/taby\/uppdatera-energioverenskommelsen\/\" \/>\n<meta property=\"og:site_name\" content=\"T\u00e4by\" \/>\n<meta property=\"article:published_time\" content=\"2019-10-29T19:12:02+00:00\" \/>\n<meta property=\"article:modified_time\" content=\"2019-11-01T08:22:36+00:00\" \/>\n<meta name=\"author\" content=\"taby\" \/>\n<meta name=\"twitter:card\" content=\"summary_large_image\" \/>\n<meta name=\"twitter:label1\" content=\"Skriven av\" \/>\n\t<meta name=\"twitter:data1\" content=\"taby\" \/>\n<script type=\"application\/ld+json\" class=\"yoast-schema-graph\">{\"@context\":\"https:\\\/\\\/schema.org\",\"@graph\":[{\"@type\":\"Article\",\"@id\":\"https:\\\/\\\/wp.kristdemokraterna.se\\\/taby\\\/uppdatera-energioverenskommelsen\\\/#article\",\"isPartOf\":{\"@id\":\"https:\\\/\\\/wp.kristdemokraterna.se\\\/taby\\\/uppdatera-energioverenskommelsen\\\/\"},\"author\":{\"name\":\"taby\",\"@id\":\"https:\\\/\\\/wp.kristdemokraterna.se\\\/taby\\\/#\\\/schema\\\/person\\\/12b9024c714759d0acdc1da1e754d06c\"},\"headline\":\"Uppdatera energi\u00f6verenskommelsen!\",\"datePublished\":\"2019-10-29T19:12:02+00:00\",\"dateModified\":\"2019-11-01T08:22:36+00:00\",\"mainEntityOfPage\":{\"@id\":\"https:\\\/\\\/wp.kristdemokraterna.se\\\/taby\\\/uppdatera-energioverenskommelsen\\\/\"},\"wordCount\":91,\"articleSection\":[\"inl\u00e4gg\",\"Nyheter\",\"Senaste nytt\"],\"inLanguage\":\"sv-SE\"},{\"@type\":\"WebPage\",\"@id\":\"https:\\\/\\\/wp.kristdemokraterna.se\\\/taby\\\/uppdatera-energioverenskommelsen\\\/\",\"url\":\"https:\\\/\\\/wp.kristdemokraterna.se\\\/taby\\\/uppdatera-energioverenskommelsen\\\/\",\"name\":\"Uppdatera energi\u00f6verenskommelsen! - T\u00e4by\",\"isPartOf\":{\"@id\":\"https:\\\/\\\/wp.kristdemokraterna.se\\\/taby\\\/#website\"},\"datePublished\":\"2019-10-29T19:12:02+00:00\",\"dateModified\":\"2019-11-01T08:22:36+00:00\",\"author\":{\"@id\":\"https:\\\/\\\/wp.kristdemokraterna.se\\\/taby\\\/#\\\/schema\\\/person\\\/12b9024c714759d0acdc1da1e754d06c\"},\"description\":\"Riksdagsledamoten Camilla Brodin, KD, vill uppdatera energi\u00f6verenskommelsen men regeringen v\u00e4grar ge svar p\u00e5 vad de vill.\",\"breadcrumb\":{\"@id\":\"https:\\\/\\\/wp.kristdemokraterna.se\\\/taby\\\/uppdatera-energioverenskommelsen\\\/#breadcrumb\"},\"inLanguage\":\"sv-SE\",\"potentialAction\":[{\"@type\":\"ReadAction\",\"target\":[\"https:\\\/\\\/wp.kristdemokraterna.se\\\/taby\\\/uppdatera-energioverenskommelsen\\\/\"]}]},{\"@type\":\"BreadcrumbList\",\"@id\":\"https:\\\/\\\/wp.kristdemokraterna.se\\\/taby\\\/uppdatera-energioverenskommelsen\\\/#breadcrumb\",\"itemListElement\":[{\"@type\":\"ListItem\",\"position\":1,\"name\":\"Hem\",\"item\":\"https:\\\/\\\/wp.kristdemokraterna.se\\\/taby\\\/\"},{\"@type\":\"ListItem\",\"position\":2,\"name\":\"Uppdatera energi\u00f6verenskommelsen!\"}]},{\"@type\":\"WebSite\",\"@id\":\"https:\\\/\\\/wp.kristdemokraterna.se\\\/taby\\\/#website\",\"url\":\"https:\\\/\\\/wp.kristdemokraterna.se\\\/taby\\\/\",\"name\":\"T\u00e4by\",\"description\":\"&quot;Det ska vara l\u00e4ttare att f\u00e5 ihop arbetsliv och familjeliv i T\u00e4by&quot;\",\"inLanguage\":\"sv-SE\"},{\"@type\":\"Person\",\"@id\":\"https:\\\/\\\/wp.kristdemokraterna.se\\\/taby\\\/#\\\/schema\\\/person\\\/12b9024c714759d0acdc1da1e754d06c\",\"name\":\"taby\",\"image\":{\"@type\":\"ImageObject\",\"inLanguage\":\"sv-SE\",\"@id\":\"https:\\\/\\\/secure.gravatar.com\\\/avatar\\\/62f6aca44d1f9c34b49438e5fdf4be3554253b04b49a76f013049906786db305?s=96&d=mm&r=g\",\"url\":\"https:\\\/\\\/secure.gravatar.com\\\/avatar\\\/62f6aca44d1f9c34b49438e5fdf4be3554253b04b49a76f013049906786db305?s=96&d=mm&r=g\",\"contentUrl\":\"https:\\\/\\\/secure.gravatar.com\\\/avatar\\\/62f6aca44d1f9c34b49438e5fdf4be3554253b04b49a76f013049906786db305?s=96&d=mm&r=g\",\"caption\":\"taby\"},\"url\":\"https:\\\/\\\/wp.kristdemokraterna.se\\\/taby\\\/author\\\/taby\\\/\"}]}<\/script>\n<!-- \/ Yoast SEO plugin. -->","yoast_head_json":{"title":"Uppdatera energi\u00f6verenskommelsen! - T\u00e4by","description":"Riksdagsledamoten Camilla Brodin, KD, vill uppdatera energi\u00f6verenskommelsen men regeringen v\u00e4grar ge svar p\u00e5 vad de vill.","robots":{"index":"index","follow":"follow","max-snippet":"max-snippet:-1","max-image-preview":"max-image-preview:large","max-video-preview":"max-video-preview:-1"},"canonical":"https:\/\/wp.kristdemokraterna.se\/taby\/uppdatera-energioverenskommelsen\/","og_locale":"sv_SE","og_type":"article","og_title":"Uppdatera energi\u00f6verenskommelsen! - T\u00e4by","og_description":"Riksdagsledamoten Camilla Brodin, KD, vill uppdatera energi\u00f6verenskommelsen men regeringen v\u00e4grar ge svar p\u00e5 vad de vill.","og_url":"https:\/\/wp.kristdemokraterna.se\/taby\/uppdatera-energioverenskommelsen\/","og_site_name":"T\u00e4by","article_published_time":"2019-10-29T19:12:02+00:00","article_modified_time":"2019-11-01T08:22:36+00:00","author":"taby","twitter_card":"summary_large_image","twitter_misc":{"Skriven av":"taby"},"schema":{"@context":"https:\/\/schema.org","@graph":[{"@type":"Article","@id":"https:\/\/wp.kristdemokraterna.se\/taby\/uppdatera-energioverenskommelsen\/#article","isPartOf":{"@id":"https:\/\/wp.kristdemokraterna.se\/taby\/uppdatera-energioverenskommelsen\/"},"author":{"name":"taby","@id":"https:\/\/wp.kristdemokraterna.se\/taby\/#\/schema\/person\/12b9024c714759d0acdc1da1e754d06c"},"headline":"Uppdatera energi\u00f6verenskommelsen!","datePublished":"2019-10-29T19:12:02+00:00","dateModified":"2019-11-01T08:22:36+00:00","mainEntityOfPage":{"@id":"https:\/\/wp.kristdemokraterna.se\/taby\/uppdatera-energioverenskommelsen\/"},"wordCount":91,"articleSection":["inl\u00e4gg","Nyheter","Senaste nytt"],"inLanguage":"sv-SE"},{"@type":"WebPage","@id":"https:\/\/wp.kristdemokraterna.se\/taby\/uppdatera-energioverenskommelsen\/","url":"https:\/\/wp.kristdemokraterna.se\/taby\/uppdatera-energioverenskommelsen\/","name":"Uppdatera energi\u00f6verenskommelsen! - T\u00e4by","isPartOf":{"@id":"https:\/\/wp.kristdemokraterna.se\/taby\/#website"},"datePublished":"2019-10-29T19:12:02+00:00","dateModified":"2019-11-01T08:22:36+00:00","author":{"@id":"https:\/\/wp.kristdemokraterna.se\/taby\/#\/schema\/person\/12b9024c714759d0acdc1da1e754d06c"},"description":"Riksdagsledamoten Camilla Brodin, KD, vill uppdatera energi\u00f6verenskommelsen men regeringen v\u00e4grar ge svar p\u00e5 vad de vill.","breadcrumb":{"@id":"https:\/\/wp.kristdemokraterna.se\/taby\/uppdatera-energioverenskommelsen\/#breadcrumb"},"inLanguage":"sv-SE","potentialAction":[{"@type":"ReadAction","target":["https:\/\/wp.kristdemokraterna.se\/taby\/uppdatera-energioverenskommelsen\/"]}]},{"@type":"BreadcrumbList","@id":"https:\/\/wp.kristdemokraterna.se\/taby\/uppdatera-energioverenskommelsen\/#breadcrumb","itemListElement":[{"@type":"ListItem","position":1,"name":"Hem","item":"https:\/\/wp.kristdemokraterna.se\/taby\/"},{"@type":"ListItem","position":2,"name":"Uppdatera energi\u00f6verenskommelsen!"}]},{"@type":"WebSite","@id":"https:\/\/wp.kristdemokraterna.se\/taby\/#website","url":"https:\/\/wp.kristdemokraterna.se\/taby\/","name":"T\u00e4by","description":"&quot;Det ska vara l\u00e4ttare att f\u00e5 ihop arbetsliv och familjeliv i T\u00e4by&quot;","inLanguage":"sv-SE"},{"@type":"Person","@id":"https:\/\/wp.kristdemokraterna.se\/taby\/#\/schema\/person\/12b9024c714759d0acdc1da1e754d06c","name":"taby","image":{"@type":"ImageObject","inLanguage":"sv-SE","@id":"https:\/\/secure.gravatar.com\/avatar\/62f6aca44d1f9c34b49438e5fdf4be3554253b04b49a76f013049906786db305?s=96&d=mm&r=g","url":"https:\/\/secure.gravatar.com\/avatar\/62f6aca44d1f9c34b49438e5fdf4be3554253b04b49a76f013049906786db305?s=96&d=mm&r=g","contentUrl":"https:\/\/secure.gravatar.com\/avatar\/62f6aca44d1f9c34b49438e5fdf4be3554253b04b49a76f013049906786db305?s=96&d=mm&r=g","caption":"taby"},"url":"https:\/\/wp.kristdemokraterna.se\/taby\/author\/taby\/"}]}},"_links":{"self":[{"href":"https:\/\/wp.kristdemokraterna.se\/taby\/wp-json\/wp\/v2\/posts\/1949","targetHints":{"allow":["GET"]}}],"collection":[{"href":"https:\/\/wp.kristdemokraterna.se\/taby\/wp-json\/wp\/v2\/posts"}],"about":[{"href":"https:\/\/wp.kristdemokraterna.se\/taby\/wp-json\/wp\/v2\/types\/post"}],"author":[{"embeddable":true,"href":"https:\/\/wp.kristdemokraterna.se\/taby\/wp-json\/wp\/v2\/users\/26"}],"replies":[{"embeddable":true,"href":"https:\/\/wp.kristdemokraterna.se\/taby\/wp-json\/wp\/v2\/comments?post=1949"}],"version-history":[{"count":1,"href":"https:\/\/wp.kristdemokraterna.se\/taby\/wp-json\/wp\/v2\/posts\/1949\/revisions"}],"predecessor-version":[{"id":1952,"href":"https:\/\/wp.kristdemokraterna.se\/taby\/wp-json\/wp\/v2\/posts\/1949\/revisions\/1952"}],"wp:attachment":[{"href":"https:\/\/wp.kristdemokraterna.se\/taby\/wp-json\/wp\/v2\/media?parent=1949"}],"wp:term":[{"taxonomy":"category","embeddable":true,"href":"https:\/\/wp.kristdemokraterna.se\/taby\/wp-json\/wp\/v2\/categories?post=1949"},{"taxonomy":"post_tag","embeddable":true,"href":"https:\/\/wp.kristdemokraterna.se\/taby\/wp-json\/wp\/v2\/tags?post=1949"}],"curies":[{"name":"wp","href":"https:\/\/api.w.org\/{rel}","templated":true}]}}