{"id":1960,"date":"2019-10-25T09:37:58","date_gmt":"2019-10-25T07:37:58","guid":{"rendered":"http:\/\/wp.kristdemokraterna.se\/taby\/?p=1960"},"modified":"2019-11-01T09:43:11","modified_gmt":"2019-11-01T08:43:11","slug":"lakare-rasar-regeringen-tar-inte-ansvar","status":"publish","type":"post","link":"https:\/\/wp.kristdemokraterna.se\/taby\/lakare-rasar-regeringen-tar-inte-ansvar\/","title":{"rendered":"L\u00e4kare rasar &#8211; regeringen tar inte ansvar!"},"content":{"rendered":"<p>Patienter behandlas med f\u00f6r\u00e5ldrade metoder, menar L\u00e4karf\u00f6rbundet. Forskningen g\u00f6r snabba framsteg men svenska patienter f\u00e5r inte ta del av dem. S\u00e5 kan vi inte ha det. V\u00e5rdpersonalen f\u00e5r inte den vidareutbildning de beh\u00f6ver f\u00f6r att kunna ta del av nya viktiga r\u00f6n och arbetss\u00e4tt. Det har g\u00e5tt s\u00e5 l\u00e5ngt att L\u00e4karf\u00f6rbundet nu anm\u00e4lt regeringen till EU-kommissionen.<\/p>\n<p>I en tid d\u00e4r ocks\u00e5 v\u00e5rdk\u00f6erna skenar iv\u00e4g \u00e4r det obegripligt att regeringen<span class=\"text_exposed_show\"> inte satsar p\u00e5 fortbildning av v\u00e5rdpersonal. Det \u00e4r precis som att regeringen inte tar v\u00e5den p\u00e5 allvar. Kristdemokraterna driver p\u00e5 f\u00f6r att lagstadga r\u00e4tten till fortbildning. V\u00e5rden \u00e4r en av samh\u00e4llets grundfundament.<\/span><\/p>\n<div class=\"text_exposed_show\">\n<p>Idag genomg\u00e5r sjuksk\u00f6terskor, terapeuter, l\u00e4kare och psykologer mfl l\u00e5nga och sv\u00e5ra utbildningar f\u00f6r att f\u00e5 sin legitimation. Men s\u00e5 fort man har legitimationen i handen finns det ingen plan f\u00f6r att se till att man f\u00e5r del av den senaste forskningen. Hur kan man handskas s\u00e5 med v\u00e5rdens viktigaste resurs?<\/p>\n<p>Kunskaperna om nya behandlingsmetoder, omv\u00e5rdnad och nya terapier utvecklas hela tiden. Legitimerad personal ska kontinuerligt f\u00e5 del av forskning och utveckling. D\u00e4rut\u00f6ver b\u00f6r m\u00f6jligheten att forska och l\u00e4gga till specialistkunskap utvidgas. Vi kristdemokrater menar att en lagstadgad r\u00e4tt till fortbildning av god kvalitet \u00e4r n\u00f6dv\u00e4ndig f\u00f6r att garantera h\u00e4lso- och sjukv\u00e5rd av god kvalitet.<\/p>\n<p>F\u00f6r en v\u00e5rd att lita p\u00e5.<\/p>\n<p><a href=\"https:\/\/www.riksdagen.se\/\u2026\/utgiftsomrade-9-halsovard-sjukva\u2026\" target=\"_blank\" rel=\"noopener noreferrer\">L\u00e4s mer om Kristdemokraternas f\u00f6rslag om fortbildning f\u00f6r legitimerad personal i v\u00e5r budgetmotion.<\/a><\/p>\n<p><a href=\"https:\/\/www.dagensmedicin.se\/\u2026\/lakarfacket-anmaler-regerin\u2026\/\" target=\"_blank\" rel=\"noopener noreferrer\">Mer om l\u00e4karf\u00f6rbundets anm\u00e4lan finner ni h\u00e4r<\/a>.<\/p>\n<\/div>\n","protected":false},"excerpt":{"rendered":"<p>Patienter behandlas med f\u00f6r\u00e5ldrade metoder, menar L\u00e4karf\u00f6rbundet. Forskningen g\u00f6r snabba framsteg men svenska patienter f\u00e5r inte ta del av dem. S\u00e5 kan vi inte ha det. V\u00e5rdpersonalen f\u00e5r inte den vidareutbildning de beh\u00f6ver f\u00f6r att kunna ta del av nya viktiga r\u00f6n och arbetss\u00e4tt. Det har g\u00e5tt s\u00e5 l\u00e5ngt att L\u00e4karf\u00f6rbundet nu anm\u00e4lt regeringen till <a class=\"read-more-link\" href=\"https:\/\/wp.kristdemokraterna.se\/taby\/lakare-rasar-regeringen-tar-inte-ansvar\/\">Read More<\/a><\/p>\n","protected":false},"author":26,"featured_media":0,"comment_status":"closed","ping_status":"closed","sticky":false,"template":"","format":"standard","meta":{"_acf_changed":false,"footnotes":""},"categories":[30,29,1],"tags":[],"class_list":["post-1960","post","type-post","status-publish","format-standard","hentry","category-inlagg","category-nyheter","category-okategoriserade"],"acf":[],"yoast_head":"<!-- This site is optimized with the Yoast SEO plugin v27.4 - https:\/\/yoast.com\/product\/yoast-seo-wordpress\/ -->\n<title>L\u00e4kare rasar - regeringen tar inte ansvar! -<\/title>\n<meta name=\"description\" content=\"Den svenska h\u00e4lso- och sjukv\u00e5rden fungerar inte! L\u00e4kare rasar - regeringen tar inte ansvar! Nu g\u00e5r L\u00e4karf\u00f6rbundet ut i en protest!\" \/>\n<meta name=\"robots\" content=\"index, follow, max-snippet:-1, max-image-preview:large, max-video-preview:-1\" \/>\n<link rel=\"canonical\" href=\"https:\/\/wp.kristdemokraterna.se\/taby\/lakare-rasar-regeringen-tar-inte-ansvar\/\" \/>\n<meta property=\"og:locale\" content=\"sv_SE\" \/>\n<meta property=\"og:type\" content=\"article\" \/>\n<meta property=\"og:title\" content=\"L\u00e4kare rasar - regeringen tar inte ansvar! -\" \/>\n<meta property=\"og:description\" content=\"Den svenska h\u00e4lso- och sjukv\u00e5rden fungerar inte! L\u00e4kare rasar - regeringen tar inte ansvar! Nu g\u00e5r L\u00e4karf\u00f6rbundet ut i en protest!\" \/>\n<meta property=\"og:url\" content=\"https:\/\/wp.kristdemokraterna.se\/taby\/lakare-rasar-regeringen-tar-inte-ansvar\/\" \/>\n<meta property=\"og:site_name\" content=\"T\u00e4by\" \/>\n<meta property=\"article:published_time\" content=\"2019-10-25T07:37:58+00:00\" \/>\n<meta property=\"article:modified_time\" content=\"2019-11-01T08:43:11+00:00\" \/>\n<meta name=\"author\" content=\"taby\" \/>\n<meta name=\"twitter:card\" content=\"summary_large_image\" \/>\n<meta name=\"twitter:label1\" content=\"Skriven av\" \/>\n\t<meta name=\"twitter:data1\" content=\"taby\" \/>\n\t<meta name=\"twitter:label2\" content=\"Ber\u00e4knad l\u00e4stid\" \/>\n\t<meta name=\"twitter:data2\" content=\"1 minut\" \/>\n<script type=\"application\/ld+json\" class=\"yoast-schema-graph\">{\"@context\":\"https:\\\/\\\/schema.org\",\"@graph\":[{\"@type\":\"Article\",\"@id\":\"https:\\\/\\\/wp.kristdemokraterna.se\\\/taby\\\/lakare-rasar-regeringen-tar-inte-ansvar\\\/#article\",\"isPartOf\":{\"@id\":\"https:\\\/\\\/wp.kristdemokraterna.se\\\/taby\\\/lakare-rasar-regeringen-tar-inte-ansvar\\\/\"},\"author\":{\"name\":\"taby\",\"@id\":\"https:\\\/\\\/wp.kristdemokraterna.se\\\/taby\\\/#\\\/schema\\\/person\\\/12b9024c714759d0acdc1da1e754d06c\"},\"headline\":\"L\u00e4kare rasar &#8211; regeringen tar inte ansvar!\",\"datePublished\":\"2019-10-25T07:37:58+00:00\",\"dateModified\":\"2019-11-01T08:43:11+00:00\",\"mainEntityOfPage\":{\"@id\":\"https:\\\/\\\/wp.kristdemokraterna.se\\\/taby\\\/lakare-rasar-regeringen-tar-inte-ansvar\\\/\"},\"wordCount\":297,\"articleSection\":[\"inl\u00e4gg\",\"Nyheter\",\"Senaste nytt\"],\"inLanguage\":\"sv-SE\"},{\"@type\":\"WebPage\",\"@id\":\"https:\\\/\\\/wp.kristdemokraterna.se\\\/taby\\\/lakare-rasar-regeringen-tar-inte-ansvar\\\/\",\"url\":\"https:\\\/\\\/wp.kristdemokraterna.se\\\/taby\\\/lakare-rasar-regeringen-tar-inte-ansvar\\\/\",\"name\":\"L\u00e4kare rasar - regeringen tar inte ansvar! -\",\"isPartOf\":{\"@id\":\"https:\\\/\\\/wp.kristdemokraterna.se\\\/taby\\\/#website\"},\"datePublished\":\"2019-10-25T07:37:58+00:00\",\"dateModified\":\"2019-11-01T08:43:11+00:00\",\"author\":{\"@id\":\"https:\\\/\\\/wp.kristdemokraterna.se\\\/taby\\\/#\\\/schema\\\/person\\\/12b9024c714759d0acdc1da1e754d06c\"},\"description\":\"Den svenska h\u00e4lso- och sjukv\u00e5rden fungerar inte! L\u00e4kare rasar - regeringen tar inte ansvar! Nu g\u00e5r L\u00e4karf\u00f6rbundet ut i en protest!\",\"breadcrumb\":{\"@id\":\"https:\\\/\\\/wp.kristdemokraterna.se\\\/taby\\\/lakare-rasar-regeringen-tar-inte-ansvar\\\/#breadcrumb\"},\"inLanguage\":\"sv-SE\",\"potentialAction\":[{\"@type\":\"ReadAction\",\"target\":[\"https:\\\/\\\/wp.kristdemokraterna.se\\\/taby\\\/lakare-rasar-regeringen-tar-inte-ansvar\\\/\"]}]},{\"@type\":\"BreadcrumbList\",\"@id\":\"https:\\\/\\\/wp.kristdemokraterna.se\\\/taby\\\/lakare-rasar-regeringen-tar-inte-ansvar\\\/#breadcrumb\",\"itemListElement\":[{\"@type\":\"ListItem\",\"position\":1,\"name\":\"Hem\",\"item\":\"https:\\\/\\\/wp.kristdemokraterna.se\\\/taby\\\/\"},{\"@type\":\"ListItem\",\"position\":2,\"name\":\"L\u00e4kare rasar &#8211; regeringen tar inte ansvar!\"}]},{\"@type\":\"WebSite\",\"@id\":\"https:\\\/\\\/wp.kristdemokraterna.se\\\/taby\\\/#website\",\"url\":\"https:\\\/\\\/wp.kristdemokraterna.se\\\/taby\\\/\",\"name\":\"T\u00e4by\",\"description\":\"&quot;Det ska vara l\u00e4ttare att f\u00e5 ihop arbetsliv och familjeliv i T\u00e4by&quot;\",\"inLanguage\":\"sv-SE\"},{\"@type\":\"Person\",\"@id\":\"https:\\\/\\\/wp.kristdemokraterna.se\\\/taby\\\/#\\\/schema\\\/person\\\/12b9024c714759d0acdc1da1e754d06c\",\"name\":\"taby\",\"image\":{\"@type\":\"ImageObject\",\"inLanguage\":\"sv-SE\",\"@id\":\"https:\\\/\\\/secure.gravatar.com\\\/avatar\\\/62f6aca44d1f9c34b49438e5fdf4be3554253b04b49a76f013049906786db305?s=96&d=mm&r=g\",\"url\":\"https:\\\/\\\/secure.gravatar.com\\\/avatar\\\/62f6aca44d1f9c34b49438e5fdf4be3554253b04b49a76f013049906786db305?s=96&d=mm&r=g\",\"contentUrl\":\"https:\\\/\\\/secure.gravatar.com\\\/avatar\\\/62f6aca44d1f9c34b49438e5fdf4be3554253b04b49a76f013049906786db305?s=96&d=mm&r=g\",\"caption\":\"taby\"},\"url\":\"https:\\\/\\\/wp.kristdemokraterna.se\\\/taby\\\/author\\\/taby\\\/\"}]}<\/script>\n<!-- \/ Yoast SEO plugin. -->","yoast_head_json":{"title":"L\u00e4kare rasar - regeringen tar inte ansvar! -","description":"Den svenska h\u00e4lso- och sjukv\u00e5rden fungerar inte! L\u00e4kare rasar - regeringen tar inte ansvar! Nu g\u00e5r L\u00e4karf\u00f6rbundet ut i en protest!","robots":{"index":"index","follow":"follow","max-snippet":"max-snippet:-1","max-image-preview":"max-image-preview:large","max-video-preview":"max-video-preview:-1"},"canonical":"https:\/\/wp.kristdemokraterna.se\/taby\/lakare-rasar-regeringen-tar-inte-ansvar\/","og_locale":"sv_SE","og_type":"article","og_title":"L\u00e4kare rasar - regeringen tar inte ansvar! -","og_description":"Den svenska h\u00e4lso- och sjukv\u00e5rden fungerar inte! L\u00e4kare rasar - regeringen tar inte ansvar! Nu g\u00e5r L\u00e4karf\u00f6rbundet ut i en protest!","og_url":"https:\/\/wp.kristdemokraterna.se\/taby\/lakare-rasar-regeringen-tar-inte-ansvar\/","og_site_name":"T\u00e4by","article_published_time":"2019-10-25T07:37:58+00:00","article_modified_time":"2019-11-01T08:43:11+00:00","author":"taby","twitter_card":"summary_large_image","twitter_misc":{"Skriven av":"taby","Ber\u00e4knad l\u00e4stid":"1 minut"},"schema":{"@context":"https:\/\/schema.org","@graph":[{"@type":"Article","@id":"https:\/\/wp.kristdemokraterna.se\/taby\/lakare-rasar-regeringen-tar-inte-ansvar\/#article","isPartOf":{"@id":"https:\/\/wp.kristdemokraterna.se\/taby\/lakare-rasar-regeringen-tar-inte-ansvar\/"},"author":{"name":"taby","@id":"https:\/\/wp.kristdemokraterna.se\/taby\/#\/schema\/person\/12b9024c714759d0acdc1da1e754d06c"},"headline":"L\u00e4kare rasar &#8211; regeringen tar inte ansvar!","datePublished":"2019-10-25T07:37:58+00:00","dateModified":"2019-11-01T08:43:11+00:00","mainEntityOfPage":{"@id":"https:\/\/wp.kristdemokraterna.se\/taby\/lakare-rasar-regeringen-tar-inte-ansvar\/"},"wordCount":297,"articleSection":["inl\u00e4gg","Nyheter","Senaste nytt"],"inLanguage":"sv-SE"},{"@type":"WebPage","@id":"https:\/\/wp.kristdemokraterna.se\/taby\/lakare-rasar-regeringen-tar-inte-ansvar\/","url":"https:\/\/wp.kristdemokraterna.se\/taby\/lakare-rasar-regeringen-tar-inte-ansvar\/","name":"L\u00e4kare rasar - regeringen tar inte ansvar! -","isPartOf":{"@id":"https:\/\/wp.kristdemokraterna.se\/taby\/#website"},"datePublished":"2019-10-25T07:37:58+00:00","dateModified":"2019-11-01T08:43:11+00:00","author":{"@id":"https:\/\/wp.kristdemokraterna.se\/taby\/#\/schema\/person\/12b9024c714759d0acdc1da1e754d06c"},"description":"Den svenska h\u00e4lso- och sjukv\u00e5rden fungerar inte! L\u00e4kare rasar - regeringen tar inte ansvar! Nu g\u00e5r L\u00e4karf\u00f6rbundet ut i en protest!","breadcrumb":{"@id":"https:\/\/wp.kristdemokraterna.se\/taby\/lakare-rasar-regeringen-tar-inte-ansvar\/#breadcrumb"},"inLanguage":"sv-SE","potentialAction":[{"@type":"ReadAction","target":["https:\/\/wp.kristdemokraterna.se\/taby\/lakare-rasar-regeringen-tar-inte-ansvar\/"]}]},{"@type":"BreadcrumbList","@id":"https:\/\/wp.kristdemokraterna.se\/taby\/lakare-rasar-regeringen-tar-inte-ansvar\/#breadcrumb","itemListElement":[{"@type":"ListItem","position":1,"name":"Hem","item":"https:\/\/wp.kristdemokraterna.se\/taby\/"},{"@type":"ListItem","position":2,"name":"L\u00e4kare rasar &#8211; regeringen tar inte ansvar!"}]},{"@type":"WebSite","@id":"https:\/\/wp.kristdemokraterna.se\/taby\/#website","url":"https:\/\/wp.kristdemokraterna.se\/taby\/","name":"T\u00e4by","description":"&quot;Det ska vara l\u00e4ttare att f\u00e5 ihop arbetsliv och familjeliv i T\u00e4by&quot;","inLanguage":"sv-SE"},{"@type":"Person","@id":"https:\/\/wp.kristdemokraterna.se\/taby\/#\/schema\/person\/12b9024c714759d0acdc1da1e754d06c","name":"taby","image":{"@type":"ImageObject","inLanguage":"sv-SE","@id":"https:\/\/secure.gravatar.com\/avatar\/62f6aca44d1f9c34b49438e5fdf4be3554253b04b49a76f013049906786db305?s=96&d=mm&r=g","url":"https:\/\/secure.gravatar.com\/avatar\/62f6aca44d1f9c34b49438e5fdf4be3554253b04b49a76f013049906786db305?s=96&d=mm&r=g","contentUrl":"https:\/\/secure.gravatar.com\/avatar\/62f6aca44d1f9c34b49438e5fdf4be3554253b04b49a76f013049906786db305?s=96&d=mm&r=g","caption":"taby"},"url":"https:\/\/wp.kristdemokraterna.se\/taby\/author\/taby\/"}]}},"_links":{"self":[{"href":"https:\/\/wp.kristdemokraterna.se\/taby\/wp-json\/wp\/v2\/posts\/1960","targetHints":{"allow":["GET"]}}],"collection":[{"href":"https:\/\/wp.kristdemokraterna.se\/taby\/wp-json\/wp\/v2\/posts"}],"about":[{"href":"https:\/\/wp.kristdemokraterna.se\/taby\/wp-json\/wp\/v2\/types\/post"}],"author":[{"embeddable":true,"href":"https:\/\/wp.kristdemokraterna.se\/taby\/wp-json\/wp\/v2\/users\/26"}],"replies":[{"embeddable":true,"href":"https:\/\/wp.kristdemokraterna.se\/taby\/wp-json\/wp\/v2\/comments?post=1960"}],"version-history":[{"count":1,"href":"https:\/\/wp.kristdemokraterna.se\/taby\/wp-json\/wp\/v2\/posts\/1960\/revisions"}],"predecessor-version":[{"id":1962,"href":"https:\/\/wp.kristdemokraterna.se\/taby\/wp-json\/wp\/v2\/posts\/1960\/revisions\/1962"}],"wp:attachment":[{"href":"https:\/\/wp.kristdemokraterna.se\/taby\/wp-json\/wp\/v2\/media?parent=1960"}],"wp:term":[{"taxonomy":"category","embeddable":true,"href":"https:\/\/wp.kristdemokraterna.se\/taby\/wp-json\/wp\/v2\/categories?post=1960"},{"taxonomy":"post_tag","embeddable":true,"href":"https:\/\/wp.kristdemokraterna.se\/taby\/wp-json\/wp\/v2\/tags?post=1960"}],"curies":[{"name":"wp","href":"https:\/\/api.w.org\/{rel}","templated":true}]}}