{"id":1988,"date":"2019-11-25T21:01:57","date_gmt":"2019-11-25T20:01:57","guid":{"rendered":"http:\/\/wp.kristdemokraterna.se\/taby\/?p=1988"},"modified":"2019-12-10T12:06:41","modified_gmt":"2019-12-10T11:06:41","slug":"budgetfullmaktige","status":"publish","type":"post","link":"https:\/\/wp.kristdemokraterna.se\/taby\/budgetfullmaktige\/","title":{"rendered":"Budgetfullm\u00e4ktige"},"content":{"rendered":"<p>Idag h\u00e5ller KD T\u00e4by fanan h\u00f6gt p\u00e5 fullm\u00e4ktige. Vi jobbar f\u00f6r ett tryggt och snyggt T\u00e4by med fokus p\u00e5 v\u00e4lf\u00e4rdens k\u00e4rna under 2020.<\/p>\n<p><span class=\"_5mfr\"><span class=\"_6qdm\">\u2705<\/span><\/span> 11,1 miljoner extra till \u00e4ldreboende genom en h\u00f6jning av pengen f\u00f6r v\u00e5rd- och omsorgsboende f\u00f6r \u00e4ldre med 3,4 procent.<\/p>\n<div class=\"text_exposed_show\">\n<p><span class=\"_5mfr\"><span class=\"_6qdm\">\u2705<\/span><\/span> F\u00f6rskolepengen h\u00f6js med 1,5 procent fr\u00e5n \u00e5rsskiftet med ambitionen att h\u00f6ja upp till 0,5% ytterligare fr\u00e5n halv\u00e5rsskiftet.<\/p>\n<p><span class=\"_5mfr\"><span class=\"_6qdm\">\u2705<\/span><\/span> Satsning p\u00e5 grundskolan med 5 miljoner extra i form av en kvalitetspeng.<\/p>\n<p><span class=\"_5mfr\"><span class=\"_6qdm\">\u2705<\/span><\/span> F\u00f6r att \u00f6ka m\u00f6jligheten till eget boende f\u00f6r unga med funktionsneds\u00e4ttning h\u00f6js det kommunala bostadstill\u00e4gget.<\/p>\n<p><span class=\"_5mfr\"><span class=\"_6qdm\">\u2705<\/span><\/span> Satsning p\u00e5 kulturskoleverksamheten Ung kultur med 3 miljoner extra.<\/p>\n<p><span class=\"_5mfr\"><span class=\"_6qdm\">\u2705<\/span><\/span> Helhetsgrepp f\u00f6r att ytterligare f\u00f6rst\u00e4rka integrationsarbetet genomf\u00f6rs 2020.<\/p>\n<p><span class=\"_5mfr\"><span class=\"_6qdm\">\u2705<\/span><\/span> F\u00f6retagsklimatet ska f\u00f6rb\u00e4ttras och fler arbetsplatser skapas i T\u00e4by genom att en handlingsplan med 29 punkter genomf\u00f6rs.<\/p>\n<p><span class=\"_5mfr\"><span class=\"_6qdm\">\u2705<\/span><\/span> Of\u00f6r\u00e4ndrad l\u00e5g kommunalskatt.<\/p>\n<p>Du kan nu f\u00f6lja KF T\u00e4by live via:<br \/>\n<a href=\"https:\/\/l.facebook.com\/l.php?u=https%3A%2F%2Fsecure.quickchannel.com%2Fqc%2Fcreate%2Fplay.asp%3FPRODUCER_ID%3Dability681%26LAYOUT%3Dv2_ny%26fbclid%3DIwAR1d2j4i43CMGLmoBnSWOy_6Z1ew9bYC8IsNcZx3mI17auuD5scEb1L-QsE&amp;h=AT28ne91fIs_fqaDUPVj71FaT5gnkfoACWwtn3WDzZyEkoqum5dEHSeFXYLhiPxupSp__cqkrjNIYpHRq-UcGarD_XgomXpwgtnuSIrxgHCTf4IYEsYGkNOLO6Tp1OaOwxxLRaER1Os5be67WLVPXOkEi8ADhg8wk5SvJSC5e_jsblUNB33gyS4iSwZAiF6Jcdsf6ZQu0Nl88POCjf-fJz24ykeW24ESkNXUsgSlurHEye1Xov2DJPhBIY7IvLLGkzUTTolaT2j_fpwDBUAWl80ldPBhMYwESwZN8T-4q7KCuwxNkDIr4jWxSdhOHvxQ-HvhC8BCyRzOvtPSbRnEU09Vvm1LpQ_WXyVZyu7aWBSYIttPoTV_rSGeeLcerJJyH2xvs4aUXJabt7L1PRpiuttrq7x3c5hFXWgNX9pH8oY4CEFaEpPuqr1-2DM7e68YHzM0d3EBcGBWDhLtK9d-VjxWicgjo3FkR9ThnDjhDMiXxpvnuyFuMTELPiJ_noNNRc69TDrAovoXFzSjblhIO89Y5rnMTj--S3J5n8bXJmRMX1SF2G-xsPCaoWJEqtMmE6cMnJ8qhX_zMwToLOltsH-DOQT1rjB8ICmfEHQc2kUlupCaObye8lBy-oIs1bKXofH2HTWK\" target=\"_blank\" rel=\"noopener nofollow noreferrer\" data-ft=\"{&quot;tn&quot;:&quot;-U&quot;}\" data-lynx-mode=\"async\">https:\/\/secure.quickchannel.com\/qc\/create\/play.asp\u2026<\/a><\/p>\n<p>L\u00e4s mer om T\u00e4byalliansens f\u00f6rslag till budget h\u00e4r:<br \/>\n<a href=\"https:\/\/l.facebook.com\/l.php?u=https%3A%2F%2Fwww.taby.se%2Fnyheter%2F2019%2Foktober%2Ftabyalliansen-satsar-pa-forskola-och-aldreomsorg-nasta-ar%2F%3Ffbclid%3DIwAR0M2eVD0Qr4pNXMNCjj18DkIN_F4U9MZO60AeSRKnHqnG_K2-5SE8iSp2Y&amp;h=AT3Oourv6RNtpO1hdBRsvw7oB69JPfG_YN15pAcCZXoxOa8csRe6jfn_NOkzKEHhTGJjrrf2VpzUizteEWGB23MH2xx97VFUTqwpiHH79NhDGPLY_7akqTz4YslOYlhwC08Y8Diln5alGPNWVmwyh7qhjVkBmSd-d7SDJlILDCHFIhMRRGX5y7fOfQf9_5Ap7m12tLCABoONlInN2VwMb1CsK4I_F0uALg0biZ3O8ySUSk-C0yit8MMxHPizFwa_HAQ05ySJ6H4COKlcPLgNss170fxI6LxNfabhtOEHk-h3XCql_tpXObp6d535LWVafuVZkmXFJCc7VUrA1VFLcBbcix5_OOlPbT0Hp-uEI7JSBvg_8TaEjFl0S7epsHTh7jqibh4LKZjlbQzu-jqXSkQLL2H-4SnSE8M1DwPfpXjqnte-Tkut27TmCHYRPIIlFbD8baAYYPnBJKYuSZnh4H0ZjyyXtW1yb1c9EwM05zkajbpWyFiPB2L8EvXfkhI7b4S2B2n-EAJ_l7mUQwL-tLxUqZW6xdRmkN0RFAx1o-2AKtOHXl8XDTIddCUnCXUbkSlq-5X5sJRc20rSRNVARCAy3JJAc_U9W4Hhhs5QtChp5ohjlIBlXDVqq95fs5pX9HErGP7O\" target=\"_blank\" rel=\"noopener nofollow noreferrer\" data-ft=\"{&quot;tn&quot;:&quot;-U&quot;}\" data-lynx-mode=\"async\">https:\/\/www.taby.se\/\u2026\/tabyalliansen-satsar-pa-forskola-och\u2026\/<\/a><\/p>\n<\/div>\n","protected":false},"excerpt":{"rendered":"<p>Idag h\u00e5ller KD T\u00e4by fanan h\u00f6gt p\u00e5 fullm\u00e4ktige. Vi jobbar f\u00f6r ett tryggt och snyggt T\u00e4by med fokus p\u00e5 v\u00e4lf\u00e4rdens k\u00e4rna under 2020. \u2705 11,1 miljoner extra till \u00e4ldreboende genom en h\u00f6jning av pengen f\u00f6r v\u00e5rd- och omsorgsboende f\u00f6r \u00e4ldre med 3,4 procent. \u2705 F\u00f6rskolepengen h\u00f6js med 1,5 procent fr\u00e5n \u00e5rsskiftet med ambitionen att h\u00f6ja <a class=\"read-more-link\" href=\"https:\/\/wp.kristdemokraterna.se\/taby\/budgetfullmaktige\/\">Read More<\/a><\/p>\n","protected":false},"author":862,"featured_media":0,"comment_status":"closed","ping_status":"closed","sticky":false,"template":"","format":"standard","meta":{"_acf_changed":false,"footnotes":""},"categories":[30,29,1],"tags":[],"class_list":["post-1988","post","type-post","status-publish","format-standard","hentry","category-inlagg","category-nyheter","category-okategoriserade"],"acf":[],"yoast_head":"<!-- This site is optimized with the Yoast SEO plugin v27.4 - https:\/\/yoast.com\/product\/yoast-seo-wordpress\/ -->\n<title>Budgetfullm\u00e4ktige - T\u00e4by<\/title>\n<meta name=\"robots\" content=\"index, follow, max-snippet:-1, max-image-preview:large, max-video-preview:-1\" \/>\n<link rel=\"canonical\" href=\"https:\/\/wp.kristdemokraterna.se\/taby\/budgetfullmaktige\/\" \/>\n<meta property=\"og:locale\" content=\"sv_SE\" \/>\n<meta property=\"og:type\" content=\"article\" \/>\n<meta property=\"og:title\" content=\"Budgetfullm\u00e4ktige - T\u00e4by\" \/>\n<meta property=\"og:description\" content=\"Idag h\u00e5ller KD T\u00e4by fanan h\u00f6gt p\u00e5 fullm\u00e4ktige. Vi jobbar f\u00f6r ett tryggt och snyggt T\u00e4by med fokus p\u00e5 v\u00e4lf\u00e4rdens k\u00e4rna under 2020. \u2705 11,1 miljoner extra till \u00e4ldreboende genom en h\u00f6jning av pengen f\u00f6r v\u00e5rd- och omsorgsboende f\u00f6r \u00e4ldre med 3,4 procent. \u2705 F\u00f6rskolepengen h\u00f6js med 1,5 procent fr\u00e5n \u00e5rsskiftet med ambitionen att h\u00f6ja Read More\" \/>\n<meta property=\"og:url\" content=\"https:\/\/wp.kristdemokraterna.se\/taby\/budgetfullmaktige\/\" \/>\n<meta property=\"og:site_name\" content=\"T\u00e4by\" \/>\n<meta property=\"article:published_time\" content=\"2019-11-25T20:01:57+00:00\" \/>\n<meta property=\"article:modified_time\" content=\"2019-12-10T11:06:41+00:00\" \/>\n<meta name=\"author\" content=\"marialindqvist\" \/>\n<meta name=\"twitter:card\" content=\"summary_large_image\" \/>\n<meta name=\"twitter:label1\" content=\"Skriven av\" \/>\n\t<meta name=\"twitter:data1\" content=\"marialindqvist\" \/>\n\t<meta name=\"twitter:label2\" content=\"Ber\u00e4knad l\u00e4stid\" \/>\n\t<meta name=\"twitter:data2\" content=\"1 minut\" \/>\n<script type=\"application\/ld+json\" class=\"yoast-schema-graph\">{\"@context\":\"https:\\\/\\\/schema.org\",\"@graph\":[{\"@type\":\"Article\",\"@id\":\"https:\\\/\\\/wp.kristdemokraterna.se\\\/taby\\\/budgetfullmaktige\\\/#article\",\"isPartOf\":{\"@id\":\"https:\\\/\\\/wp.kristdemokraterna.se\\\/taby\\\/budgetfullmaktige\\\/\"},\"author\":{\"name\":\"marialindqvist\",\"@id\":\"https:\\\/\\\/wp.kristdemokraterna.se\\\/taby\\\/#\\\/schema\\\/person\\\/3b80c13492bdaa92185da7a10a85158a\"},\"headline\":\"Budgetfullm\u00e4ktige\",\"datePublished\":\"2019-11-25T20:01:57+00:00\",\"dateModified\":\"2019-12-10T11:06:41+00:00\",\"mainEntityOfPage\":{\"@id\":\"https:\\\/\\\/wp.kristdemokraterna.se\\\/taby\\\/budgetfullmaktige\\\/\"},\"wordCount\":188,\"articleSection\":[\"inl\u00e4gg\",\"Nyheter\",\"Senaste nytt\"],\"inLanguage\":\"sv-SE\"},{\"@type\":\"WebPage\",\"@id\":\"https:\\\/\\\/wp.kristdemokraterna.se\\\/taby\\\/budgetfullmaktige\\\/\",\"url\":\"https:\\\/\\\/wp.kristdemokraterna.se\\\/taby\\\/budgetfullmaktige\\\/\",\"name\":\"Budgetfullm\u00e4ktige - T\u00e4by\",\"isPartOf\":{\"@id\":\"https:\\\/\\\/wp.kristdemokraterna.se\\\/taby\\\/#website\"},\"datePublished\":\"2019-11-25T20:01:57+00:00\",\"dateModified\":\"2019-12-10T11:06:41+00:00\",\"author\":{\"@id\":\"https:\\\/\\\/wp.kristdemokraterna.se\\\/taby\\\/#\\\/schema\\\/person\\\/3b80c13492bdaa92185da7a10a85158a\"},\"breadcrumb\":{\"@id\":\"https:\\\/\\\/wp.kristdemokraterna.se\\\/taby\\\/budgetfullmaktige\\\/#breadcrumb\"},\"inLanguage\":\"sv-SE\",\"potentialAction\":[{\"@type\":\"ReadAction\",\"target\":[\"https:\\\/\\\/wp.kristdemokraterna.se\\\/taby\\\/budgetfullmaktige\\\/\"]}]},{\"@type\":\"BreadcrumbList\",\"@id\":\"https:\\\/\\\/wp.kristdemokraterna.se\\\/taby\\\/budgetfullmaktige\\\/#breadcrumb\",\"itemListElement\":[{\"@type\":\"ListItem\",\"position\":1,\"name\":\"Hem\",\"item\":\"https:\\\/\\\/wp.kristdemokraterna.se\\\/taby\\\/\"},{\"@type\":\"ListItem\",\"position\":2,\"name\":\"Budgetfullm\u00e4ktige\"}]},{\"@type\":\"WebSite\",\"@id\":\"https:\\\/\\\/wp.kristdemokraterna.se\\\/taby\\\/#website\",\"url\":\"https:\\\/\\\/wp.kristdemokraterna.se\\\/taby\\\/\",\"name\":\"T\u00e4by\",\"description\":\"&quot;Det ska vara l\u00e4ttare att f\u00e5 ihop arbetsliv och familjeliv i T\u00e4by&quot;\",\"inLanguage\":\"sv-SE\"},{\"@type\":\"Person\",\"@id\":\"https:\\\/\\\/wp.kristdemokraterna.se\\\/taby\\\/#\\\/schema\\\/person\\\/3b80c13492bdaa92185da7a10a85158a\",\"name\":\"marialindqvist\",\"image\":{\"@type\":\"ImageObject\",\"inLanguage\":\"sv-SE\",\"@id\":\"https:\\\/\\\/secure.gravatar.com\\\/avatar\\\/fcdd8380d51c9eb132887cd5c2822813bd14ccba235ed320fe44de1241136ecc?s=96&d=mm&r=g\",\"url\":\"https:\\\/\\\/secure.gravatar.com\\\/avatar\\\/fcdd8380d51c9eb132887cd5c2822813bd14ccba235ed320fe44de1241136ecc?s=96&d=mm&r=g\",\"contentUrl\":\"https:\\\/\\\/secure.gravatar.com\\\/avatar\\\/fcdd8380d51c9eb132887cd5c2822813bd14ccba235ed320fe44de1241136ecc?s=96&d=mm&r=g\",\"caption\":\"marialindqvist\"},\"url\":\"https:\\\/\\\/wp.kristdemokraterna.se\\\/taby\\\/author\\\/marialindqvist\\\/\"}]}<\/script>\n<!-- \/ Yoast SEO plugin. -->","yoast_head_json":{"title":"Budgetfullm\u00e4ktige - T\u00e4by","robots":{"index":"index","follow":"follow","max-snippet":"max-snippet:-1","max-image-preview":"max-image-preview:large","max-video-preview":"max-video-preview:-1"},"canonical":"https:\/\/wp.kristdemokraterna.se\/taby\/budgetfullmaktige\/","og_locale":"sv_SE","og_type":"article","og_title":"Budgetfullm\u00e4ktige - T\u00e4by","og_description":"Idag h\u00e5ller KD T\u00e4by fanan h\u00f6gt p\u00e5 fullm\u00e4ktige. Vi jobbar f\u00f6r ett tryggt och snyggt T\u00e4by med fokus p\u00e5 v\u00e4lf\u00e4rdens k\u00e4rna under 2020. \u2705 11,1 miljoner extra till \u00e4ldreboende genom en h\u00f6jning av pengen f\u00f6r v\u00e5rd- och omsorgsboende f\u00f6r \u00e4ldre med 3,4 procent. \u2705 F\u00f6rskolepengen h\u00f6js med 1,5 procent fr\u00e5n \u00e5rsskiftet med ambitionen att h\u00f6ja Read More","og_url":"https:\/\/wp.kristdemokraterna.se\/taby\/budgetfullmaktige\/","og_site_name":"T\u00e4by","article_published_time":"2019-11-25T20:01:57+00:00","article_modified_time":"2019-12-10T11:06:41+00:00","author":"marialindqvist","twitter_card":"summary_large_image","twitter_misc":{"Skriven av":"marialindqvist","Ber\u00e4knad l\u00e4stid":"1 minut"},"schema":{"@context":"https:\/\/schema.org","@graph":[{"@type":"Article","@id":"https:\/\/wp.kristdemokraterna.se\/taby\/budgetfullmaktige\/#article","isPartOf":{"@id":"https:\/\/wp.kristdemokraterna.se\/taby\/budgetfullmaktige\/"},"author":{"name":"marialindqvist","@id":"https:\/\/wp.kristdemokraterna.se\/taby\/#\/schema\/person\/3b80c13492bdaa92185da7a10a85158a"},"headline":"Budgetfullm\u00e4ktige","datePublished":"2019-11-25T20:01:57+00:00","dateModified":"2019-12-10T11:06:41+00:00","mainEntityOfPage":{"@id":"https:\/\/wp.kristdemokraterna.se\/taby\/budgetfullmaktige\/"},"wordCount":188,"articleSection":["inl\u00e4gg","Nyheter","Senaste nytt"],"inLanguage":"sv-SE"},{"@type":"WebPage","@id":"https:\/\/wp.kristdemokraterna.se\/taby\/budgetfullmaktige\/","url":"https:\/\/wp.kristdemokraterna.se\/taby\/budgetfullmaktige\/","name":"Budgetfullm\u00e4ktige - T\u00e4by","isPartOf":{"@id":"https:\/\/wp.kristdemokraterna.se\/taby\/#website"},"datePublished":"2019-11-25T20:01:57+00:00","dateModified":"2019-12-10T11:06:41+00:00","author":{"@id":"https:\/\/wp.kristdemokraterna.se\/taby\/#\/schema\/person\/3b80c13492bdaa92185da7a10a85158a"},"breadcrumb":{"@id":"https:\/\/wp.kristdemokraterna.se\/taby\/budgetfullmaktige\/#breadcrumb"},"inLanguage":"sv-SE","potentialAction":[{"@type":"ReadAction","target":["https:\/\/wp.kristdemokraterna.se\/taby\/budgetfullmaktige\/"]}]},{"@type":"BreadcrumbList","@id":"https:\/\/wp.kristdemokraterna.se\/taby\/budgetfullmaktige\/#breadcrumb","itemListElement":[{"@type":"ListItem","position":1,"name":"Hem","item":"https:\/\/wp.kristdemokraterna.se\/taby\/"},{"@type":"ListItem","position":2,"name":"Budgetfullm\u00e4ktige"}]},{"@type":"WebSite","@id":"https:\/\/wp.kristdemokraterna.se\/taby\/#website","url":"https:\/\/wp.kristdemokraterna.se\/taby\/","name":"T\u00e4by","description":"&quot;Det ska vara l\u00e4ttare att f\u00e5 ihop arbetsliv och familjeliv i T\u00e4by&quot;","inLanguage":"sv-SE"},{"@type":"Person","@id":"https:\/\/wp.kristdemokraterna.se\/taby\/#\/schema\/person\/3b80c13492bdaa92185da7a10a85158a","name":"marialindqvist","image":{"@type":"ImageObject","inLanguage":"sv-SE","@id":"https:\/\/secure.gravatar.com\/avatar\/fcdd8380d51c9eb132887cd5c2822813bd14ccba235ed320fe44de1241136ecc?s=96&d=mm&r=g","url":"https:\/\/secure.gravatar.com\/avatar\/fcdd8380d51c9eb132887cd5c2822813bd14ccba235ed320fe44de1241136ecc?s=96&d=mm&r=g","contentUrl":"https:\/\/secure.gravatar.com\/avatar\/fcdd8380d51c9eb132887cd5c2822813bd14ccba235ed320fe44de1241136ecc?s=96&d=mm&r=g","caption":"marialindqvist"},"url":"https:\/\/wp.kristdemokraterna.se\/taby\/author\/marialindqvist\/"}]}},"_links":{"self":[{"href":"https:\/\/wp.kristdemokraterna.se\/taby\/wp-json\/wp\/v2\/posts\/1988","targetHints":{"allow":["GET"]}}],"collection":[{"href":"https:\/\/wp.kristdemokraterna.se\/taby\/wp-json\/wp\/v2\/posts"}],"about":[{"href":"https:\/\/wp.kristdemokraterna.se\/taby\/wp-json\/wp\/v2\/types\/post"}],"author":[{"embeddable":true,"href":"https:\/\/wp.kristdemokraterna.se\/taby\/wp-json\/wp\/v2\/users\/862"}],"replies":[{"embeddable":true,"href":"https:\/\/wp.kristdemokraterna.se\/taby\/wp-json\/wp\/v2\/comments?post=1988"}],"version-history":[{"count":1,"href":"https:\/\/wp.kristdemokraterna.se\/taby\/wp-json\/wp\/v2\/posts\/1988\/revisions"}],"predecessor-version":[{"id":1990,"href":"https:\/\/wp.kristdemokraterna.se\/taby\/wp-json\/wp\/v2\/posts\/1988\/revisions\/1990"}],"wp:attachment":[{"href":"https:\/\/wp.kristdemokraterna.se\/taby\/wp-json\/wp\/v2\/media?parent=1988"}],"wp:term":[{"taxonomy":"category","embeddable":true,"href":"https:\/\/wp.kristdemokraterna.se\/taby\/wp-json\/wp\/v2\/categories?post=1988"},{"taxonomy":"post_tag","embeddable":true,"href":"https:\/\/wp.kristdemokraterna.se\/taby\/wp-json\/wp\/v2\/tags?post=1988"}],"curies":[{"name":"wp","href":"https:\/\/api.w.org\/{rel}","templated":true}]}}