{"id":1997,"date":"2019-11-17T12:13:00","date_gmt":"2019-11-17T11:13:00","guid":{"rendered":"http:\/\/wp.kristdemokraterna.se\/taby\/?p=1997"},"modified":"2019-12-10T12:15:28","modified_gmt":"2019-12-10T11:15:28","slug":"kd-okar-en-procentenhet-i-demoskop","status":"publish","type":"post","link":"https:\/\/wp.kristdemokraterna.se\/taby\/kd-okar-en-procentenhet-i-demoskop\/","title":{"rendered":"KD \u00f6kar en procentenhet i demoskop!"},"content":{"rendered":"<p>KD \u00f6kar en procentenhet i Aftonbladet\/Demoskops f\u00f6rtroendem\u00e4tning i november m\u00e5nad. Under en m\u00e4tperiod d\u00e4r mycket fokus hamnat p\u00e5 v\u00e5rt riksting och p\u00e5 v\u00e5rd- och trygghetsfr\u00e5gor.<\/p>\n<p>G\u00e5 med i KD du ocks\u00e5 och jobba f\u00f6r ett Sverige att lita p\u00e5. <span class=\"text_exposed_show\"><br \/>\n<a href=\"https:\/\/l.facebook.com\/l.php?u=http%3A%2F%2FKD.nu%2Fblimedlem%3Ffbclid%3DIwAR1pG5r_jyFu_3twzGuv9JFLyACnJdBA4NCCdPVHAct58XIHkiMGMPSdOVc&amp;h=AT0BRab9qp41VoIFc-gL6onpPT2uVNk1_PmqzRn06-J3QB5G2qkqSwP4OhDaDs5keyrJiolZTlU8ORDHGpn9QAIG-IHW68OteD4zvZM2-Wu3GgBi_5yZyJB9mRAh6a-wBm8gbpwYxhdU-V9VFu5EqI99a0vr_aGjLREgpWXbtcpyyCZZsFdURZtfkzIXHDptwlxpVBpahxZMVaayMIlDA8tJCxQlatfzECpDRVUOcZUkAciGI8Jk-sxD5mYvtnpjOfo2VCFPfqcbYR54cl-musWjviLcQwPIlk40evd9iybWA8RAsMo6hz2-_ipV0YG1fJi16t6dO-yaRSrXlwC99N3Ttwxbx4eqOGV2I6MTjYHZhtRyzG-gTK5kIN7KIjqLH4V1g5P2j3KiGSrb4sgSjK1-Be9w4GPLIhmG68bztfRK1_2mWqIL56olreFAdPaUiQHHK8HvgN9a7U6v5SLWUWBEou072s7ClA4ef85dqMbjnJDMaYnMx5Luwm8kFRw15uEmIQrEw_0v9y6jDC5-CjxN-K3Aj8MtL3-RAa6zuCOQQ89oP7HsaUN_tMpkWH3Nmht57GxOJCOo0Y0YSax3w9y3sQ7ytIlvlR9C7Sk8_FzIRwZIN13nmpxkEa2uBIYo2cduBQmwZE-JmYI\" target=\"_blank\" rel=\"noopener nofollow noreferrer\" data-ft=\"{&quot;tn&quot;:&quot;-U&quot;}\" data-lynx-mode=\"async\">KD.nu\/blimedlem<\/a><\/span><\/p>\n<div class=\"text_exposed_show\">\n<p>L\u00e4s hela unders\u00f6kningen h\u00e4r:<br \/>\n<a href=\"https:\/\/www.aftonbladet.se\/nyheter\/samhalle\/a\/e8Rp6g\/historisk-matning-nu-ar-sd-storst-i-sverige?fbclid=IwAR3VxWRqN7JmXOn_hN71vW9RVAZIYc6c9h8OgXg0GMJyAA7drZWpVKPsydA\" target=\"_blank\" rel=\"noopener nofollow noreferrer\" data-ft=\"{&quot;tn&quot;:&quot;-U&quot;}\" data-lynx-mode=\"async\" data-lynx-uri=\"https:\/\/l.facebook.com\/l.php?u=https%3A%2F%2Fwww.aftonbladet.se%2Fnyheter%2Fsamhalle%2Fa%2Fe8Rp6g%2Fhistorisk-matning-nu-ar-sd-storst-i-sverige%3Ffbclid%3DIwAR3VxWRqN7JmXOn_hN71vW9RVAZIYc6c9h8OgXg0GMJyAA7drZWpVKPsydA&amp;h=AT1eWlqs1bQxYf9wHrPmN_Ob091jveK21T_q7cayvgBjngBPklIlufA5v0eB1Ai76KX1Iwk9H0bJTmj47UeMYiildFeRRf6021SOtonr8pbRsIfHFtbFD36NR02T0yBTP0DrFEwOF0LCOtbtPxBjDFuvMWgvlBsE5cNAYB7lUCaFlSjh8-c-70su0R40EfJ-w6ckbTeacuvMcC15gG5aGdX0UAiOQz57JG7_gnOB5IVHgE5baRy68x1EFFQ5v-S3QP9MTh7n9CX3ZJ6m5i048SmFJy_65fu6ltR0wF-mgR-aeWrfwcyXo2w_dLpn4iNKh3eozVT9wGRHjj_6wHikOs-JVUTDsmXNpb7GJUa4A-e1yibqjIBC18Ur0Mcgek1E3hnqghO-T0sM5rLz7BtLJz-AKbyyof9uCOfRtZe8omao6riVc2XazQ3b8Qa768ikA8de9NTNBZjhYJuF-b8XF8O6tkYYT_GJbBG45P_BcV1LIUj0LjcEM-np6iYi9W4gCe-XuwsQJkBB2-lSLYwi1atde6LnOGLG-qBpI-4QNwBoWiNlzGt03ny_lsuUFoBH9FxWLhsdZM04ujzIw5UpaZ8XVnAe5L7ZegnOrh5BS6Jeq-qt3RlOLvkkm7BqiJWZaUGwbkXP\">https:\/\/www.aftonbladet.se\/\u2026\/historisk-matning-nu-ar-sd-sto\u2026<\/a><\/p>\n<\/div>\n","protected":false},"excerpt":{"rendered":"<p>KD \u00f6kar en procentenhet i Aftonbladet\/Demoskops f\u00f6rtroendem\u00e4tning i november m\u00e5nad. Under en m\u00e4tperiod d\u00e4r mycket fokus hamnat p\u00e5 v\u00e5rt riksting och p\u00e5 v\u00e5rd- och trygghetsfr\u00e5gor. G\u00e5 med i KD du ocks\u00e5 och jobba f\u00f6r ett Sverige att lita p\u00e5. KD.nu\/blimedlem L\u00e4s hela unders\u00f6kningen h\u00e4r: https:\/\/www.aftonbladet.se\/\u2026\/historisk-matning-nu-ar-sd-sto\u2026<\/p>\n","protected":false},"author":862,"featured_media":0,"comment_status":"closed","ping_status":"closed","sticky":false,"template":"","format":"standard","meta":{"_acf_changed":false,"footnotes":""},"categories":[30,29,1],"tags":[],"class_list":["post-1997","post","type-post","status-publish","format-standard","hentry","category-inlagg","category-nyheter","category-okategoriserade"],"acf":[],"yoast_head":"<!-- This site is optimized with the Yoast SEO plugin v27.4 - https:\/\/yoast.com\/product\/yoast-seo-wordpress\/ -->\n<title>KD \u00f6kar en procentenhet i demoskop! - T\u00e4by<\/title>\n<meta name=\"robots\" content=\"index, follow, max-snippet:-1, max-image-preview:large, max-video-preview:-1\" \/>\n<link rel=\"canonical\" href=\"https:\/\/wp.kristdemokraterna.se\/taby\/kd-okar-en-procentenhet-i-demoskop\/\" \/>\n<meta property=\"og:locale\" content=\"sv_SE\" \/>\n<meta property=\"og:type\" content=\"article\" \/>\n<meta property=\"og:title\" content=\"KD \u00f6kar en procentenhet i demoskop! - T\u00e4by\" \/>\n<meta property=\"og:description\" content=\"KD \u00f6kar en procentenhet i Aftonbladet\/Demoskops f\u00f6rtroendem\u00e4tning i november m\u00e5nad. Under en m\u00e4tperiod d\u00e4r mycket fokus hamnat p\u00e5 v\u00e5rt riksting och p\u00e5 v\u00e5rd- och trygghetsfr\u00e5gor. G\u00e5 med i KD du ocks\u00e5 och jobba f\u00f6r ett Sverige att lita p\u00e5. KD.nu\/blimedlem L\u00e4s hela unders\u00f6kningen h\u00e4r: https:\/\/www.aftonbladet.se\/\u2026\/historisk-matning-nu-ar-sd-sto\u2026\" \/>\n<meta property=\"og:url\" content=\"https:\/\/wp.kristdemokraterna.se\/taby\/kd-okar-en-procentenhet-i-demoskop\/\" \/>\n<meta property=\"og:site_name\" content=\"T\u00e4by\" \/>\n<meta property=\"article:published_time\" content=\"2019-11-17T11:13:00+00:00\" \/>\n<meta property=\"article:modified_time\" content=\"2019-12-10T11:15:28+00:00\" \/>\n<meta name=\"author\" content=\"marialindqvist\" \/>\n<meta name=\"twitter:card\" content=\"summary_large_image\" \/>\n<meta name=\"twitter:label1\" content=\"Skriven av\" \/>\n\t<meta name=\"twitter:data1\" content=\"marialindqvist\" \/>\n<script type=\"application\/ld+json\" class=\"yoast-schema-graph\">{\"@context\":\"https:\\\/\\\/schema.org\",\"@graph\":[{\"@type\":\"Article\",\"@id\":\"https:\\\/\\\/wp.kristdemokraterna.se\\\/taby\\\/kd-okar-en-procentenhet-i-demoskop\\\/#article\",\"isPartOf\":{\"@id\":\"https:\\\/\\\/wp.kristdemokraterna.se\\\/taby\\\/kd-okar-en-procentenhet-i-demoskop\\\/\"},\"author\":{\"name\":\"marialindqvist\",\"@id\":\"https:\\\/\\\/wp.kristdemokraterna.se\\\/taby\\\/#\\\/schema\\\/person\\\/3b80c13492bdaa92185da7a10a85158a\"},\"headline\":\"KD \u00f6kar en procentenhet i demoskop!\",\"datePublished\":\"2019-11-17T11:13:00+00:00\",\"dateModified\":\"2019-12-10T11:15:28+00:00\",\"mainEntityOfPage\":{\"@id\":\"https:\\\/\\\/wp.kristdemokraterna.se\\\/taby\\\/kd-okar-en-procentenhet-i-demoskop\\\/\"},\"wordCount\":70,\"articleSection\":[\"inl\u00e4gg\",\"Nyheter\",\"Senaste nytt\"],\"inLanguage\":\"sv-SE\"},{\"@type\":\"WebPage\",\"@id\":\"https:\\\/\\\/wp.kristdemokraterna.se\\\/taby\\\/kd-okar-en-procentenhet-i-demoskop\\\/\",\"url\":\"https:\\\/\\\/wp.kristdemokraterna.se\\\/taby\\\/kd-okar-en-procentenhet-i-demoskop\\\/\",\"name\":\"KD \u00f6kar en procentenhet i demoskop! - T\u00e4by\",\"isPartOf\":{\"@id\":\"https:\\\/\\\/wp.kristdemokraterna.se\\\/taby\\\/#website\"},\"datePublished\":\"2019-11-17T11:13:00+00:00\",\"dateModified\":\"2019-12-10T11:15:28+00:00\",\"author\":{\"@id\":\"https:\\\/\\\/wp.kristdemokraterna.se\\\/taby\\\/#\\\/schema\\\/person\\\/3b80c13492bdaa92185da7a10a85158a\"},\"breadcrumb\":{\"@id\":\"https:\\\/\\\/wp.kristdemokraterna.se\\\/taby\\\/kd-okar-en-procentenhet-i-demoskop\\\/#breadcrumb\"},\"inLanguage\":\"sv-SE\",\"potentialAction\":[{\"@type\":\"ReadAction\",\"target\":[\"https:\\\/\\\/wp.kristdemokraterna.se\\\/taby\\\/kd-okar-en-procentenhet-i-demoskop\\\/\"]}]},{\"@type\":\"BreadcrumbList\",\"@id\":\"https:\\\/\\\/wp.kristdemokraterna.se\\\/taby\\\/kd-okar-en-procentenhet-i-demoskop\\\/#breadcrumb\",\"itemListElement\":[{\"@type\":\"ListItem\",\"position\":1,\"name\":\"Hem\",\"item\":\"https:\\\/\\\/wp.kristdemokraterna.se\\\/taby\\\/\"},{\"@type\":\"ListItem\",\"position\":2,\"name\":\"KD \u00f6kar en procentenhet i demoskop!\"}]},{\"@type\":\"WebSite\",\"@id\":\"https:\\\/\\\/wp.kristdemokraterna.se\\\/taby\\\/#website\",\"url\":\"https:\\\/\\\/wp.kristdemokraterna.se\\\/taby\\\/\",\"name\":\"T\u00e4by\",\"description\":\"&quot;Det ska vara l\u00e4ttare att f\u00e5 ihop arbetsliv och familjeliv i T\u00e4by&quot;\",\"inLanguage\":\"sv-SE\"},{\"@type\":\"Person\",\"@id\":\"https:\\\/\\\/wp.kristdemokraterna.se\\\/taby\\\/#\\\/schema\\\/person\\\/3b80c13492bdaa92185da7a10a85158a\",\"name\":\"marialindqvist\",\"image\":{\"@type\":\"ImageObject\",\"inLanguage\":\"sv-SE\",\"@id\":\"https:\\\/\\\/secure.gravatar.com\\\/avatar\\\/fcdd8380d51c9eb132887cd5c2822813bd14ccba235ed320fe44de1241136ecc?s=96&d=mm&r=g\",\"url\":\"https:\\\/\\\/secure.gravatar.com\\\/avatar\\\/fcdd8380d51c9eb132887cd5c2822813bd14ccba235ed320fe44de1241136ecc?s=96&d=mm&r=g\",\"contentUrl\":\"https:\\\/\\\/secure.gravatar.com\\\/avatar\\\/fcdd8380d51c9eb132887cd5c2822813bd14ccba235ed320fe44de1241136ecc?s=96&d=mm&r=g\",\"caption\":\"marialindqvist\"},\"url\":\"https:\\\/\\\/wp.kristdemokraterna.se\\\/taby\\\/author\\\/marialindqvist\\\/\"}]}<\/script>\n<!-- \/ Yoast SEO plugin. -->","yoast_head_json":{"title":"KD \u00f6kar en procentenhet i demoskop! - T\u00e4by","robots":{"index":"index","follow":"follow","max-snippet":"max-snippet:-1","max-image-preview":"max-image-preview:large","max-video-preview":"max-video-preview:-1"},"canonical":"https:\/\/wp.kristdemokraterna.se\/taby\/kd-okar-en-procentenhet-i-demoskop\/","og_locale":"sv_SE","og_type":"article","og_title":"KD \u00f6kar en procentenhet i demoskop! - T\u00e4by","og_description":"KD \u00f6kar en procentenhet i Aftonbladet\/Demoskops f\u00f6rtroendem\u00e4tning i november m\u00e5nad. Under en m\u00e4tperiod d\u00e4r mycket fokus hamnat p\u00e5 v\u00e5rt riksting och p\u00e5 v\u00e5rd- och trygghetsfr\u00e5gor. G\u00e5 med i KD du ocks\u00e5 och jobba f\u00f6r ett Sverige att lita p\u00e5. KD.nu\/blimedlem L\u00e4s hela unders\u00f6kningen h\u00e4r: https:\/\/www.aftonbladet.se\/\u2026\/historisk-matning-nu-ar-sd-sto\u2026","og_url":"https:\/\/wp.kristdemokraterna.se\/taby\/kd-okar-en-procentenhet-i-demoskop\/","og_site_name":"T\u00e4by","article_published_time":"2019-11-17T11:13:00+00:00","article_modified_time":"2019-12-10T11:15:28+00:00","author":"marialindqvist","twitter_card":"summary_large_image","twitter_misc":{"Skriven av":"marialindqvist"},"schema":{"@context":"https:\/\/schema.org","@graph":[{"@type":"Article","@id":"https:\/\/wp.kristdemokraterna.se\/taby\/kd-okar-en-procentenhet-i-demoskop\/#article","isPartOf":{"@id":"https:\/\/wp.kristdemokraterna.se\/taby\/kd-okar-en-procentenhet-i-demoskop\/"},"author":{"name":"marialindqvist","@id":"https:\/\/wp.kristdemokraterna.se\/taby\/#\/schema\/person\/3b80c13492bdaa92185da7a10a85158a"},"headline":"KD \u00f6kar en procentenhet i demoskop!","datePublished":"2019-11-17T11:13:00+00:00","dateModified":"2019-12-10T11:15:28+00:00","mainEntityOfPage":{"@id":"https:\/\/wp.kristdemokraterna.se\/taby\/kd-okar-en-procentenhet-i-demoskop\/"},"wordCount":70,"articleSection":["inl\u00e4gg","Nyheter","Senaste nytt"],"inLanguage":"sv-SE"},{"@type":"WebPage","@id":"https:\/\/wp.kristdemokraterna.se\/taby\/kd-okar-en-procentenhet-i-demoskop\/","url":"https:\/\/wp.kristdemokraterna.se\/taby\/kd-okar-en-procentenhet-i-demoskop\/","name":"KD \u00f6kar en procentenhet i demoskop! - T\u00e4by","isPartOf":{"@id":"https:\/\/wp.kristdemokraterna.se\/taby\/#website"},"datePublished":"2019-11-17T11:13:00+00:00","dateModified":"2019-12-10T11:15:28+00:00","author":{"@id":"https:\/\/wp.kristdemokraterna.se\/taby\/#\/schema\/person\/3b80c13492bdaa92185da7a10a85158a"},"breadcrumb":{"@id":"https:\/\/wp.kristdemokraterna.se\/taby\/kd-okar-en-procentenhet-i-demoskop\/#breadcrumb"},"inLanguage":"sv-SE","potentialAction":[{"@type":"ReadAction","target":["https:\/\/wp.kristdemokraterna.se\/taby\/kd-okar-en-procentenhet-i-demoskop\/"]}]},{"@type":"BreadcrumbList","@id":"https:\/\/wp.kristdemokraterna.se\/taby\/kd-okar-en-procentenhet-i-demoskop\/#breadcrumb","itemListElement":[{"@type":"ListItem","position":1,"name":"Hem","item":"https:\/\/wp.kristdemokraterna.se\/taby\/"},{"@type":"ListItem","position":2,"name":"KD \u00f6kar en procentenhet i demoskop!"}]},{"@type":"WebSite","@id":"https:\/\/wp.kristdemokraterna.se\/taby\/#website","url":"https:\/\/wp.kristdemokraterna.se\/taby\/","name":"T\u00e4by","description":"&quot;Det ska vara l\u00e4ttare att f\u00e5 ihop arbetsliv och familjeliv i T\u00e4by&quot;","inLanguage":"sv-SE"},{"@type":"Person","@id":"https:\/\/wp.kristdemokraterna.se\/taby\/#\/schema\/person\/3b80c13492bdaa92185da7a10a85158a","name":"marialindqvist","image":{"@type":"ImageObject","inLanguage":"sv-SE","@id":"https:\/\/secure.gravatar.com\/avatar\/fcdd8380d51c9eb132887cd5c2822813bd14ccba235ed320fe44de1241136ecc?s=96&d=mm&r=g","url":"https:\/\/secure.gravatar.com\/avatar\/fcdd8380d51c9eb132887cd5c2822813bd14ccba235ed320fe44de1241136ecc?s=96&d=mm&r=g","contentUrl":"https:\/\/secure.gravatar.com\/avatar\/fcdd8380d51c9eb132887cd5c2822813bd14ccba235ed320fe44de1241136ecc?s=96&d=mm&r=g","caption":"marialindqvist"},"url":"https:\/\/wp.kristdemokraterna.se\/taby\/author\/marialindqvist\/"}]}},"_links":{"self":[{"href":"https:\/\/wp.kristdemokraterna.se\/taby\/wp-json\/wp\/v2\/posts\/1997","targetHints":{"allow":["GET"]}}],"collection":[{"href":"https:\/\/wp.kristdemokraterna.se\/taby\/wp-json\/wp\/v2\/posts"}],"about":[{"href":"https:\/\/wp.kristdemokraterna.se\/taby\/wp-json\/wp\/v2\/types\/post"}],"author":[{"embeddable":true,"href":"https:\/\/wp.kristdemokraterna.se\/taby\/wp-json\/wp\/v2\/users\/862"}],"replies":[{"embeddable":true,"href":"https:\/\/wp.kristdemokraterna.se\/taby\/wp-json\/wp\/v2\/comments?post=1997"}],"version-history":[{"count":1,"href":"https:\/\/wp.kristdemokraterna.se\/taby\/wp-json\/wp\/v2\/posts\/1997\/revisions"}],"predecessor-version":[{"id":1999,"href":"https:\/\/wp.kristdemokraterna.se\/taby\/wp-json\/wp\/v2\/posts\/1997\/revisions\/1999"}],"wp:attachment":[{"href":"https:\/\/wp.kristdemokraterna.se\/taby\/wp-json\/wp\/v2\/media?parent=1997"}],"wp:term":[{"taxonomy":"category","embeddable":true,"href":"https:\/\/wp.kristdemokraterna.se\/taby\/wp-json\/wp\/v2\/categories?post=1997"},{"taxonomy":"post_tag","embeddable":true,"href":"https:\/\/wp.kristdemokraterna.se\/taby\/wp-json\/wp\/v2\/tags?post=1997"}],"curies":[{"name":"wp","href":"https:\/\/api.w.org\/{rel}","templated":true}]}}