{"id":2016,"date":"2020-01-30T14:13:50","date_gmt":"2020-01-30T13:13:50","guid":{"rendered":"http:\/\/wp.kristdemokraterna.se\/taby\/?p=2016"},"modified":"2020-02-02T14:21:13","modified_gmt":"2020-02-02T13:21:13","slug":"taby-behover-fler-gymnasieskolor","status":"publish","type":"post","link":"https:\/\/wp.kristdemokraterna.se\/taby\/taby-behover-fler-gymnasieskolor\/","title":{"rendered":"T\u00e4by beh\u00f6ver fler gymnasieskolor!"},"content":{"rendered":"<div id=\"js_x9\" class=\"_5pbx userContent _3576\" data-testid=\"post_message\" data-ft=\"{&quot;tn&quot;:&quot;K&quot;}\">\n<p>KDs kommunalr\u00e5d kr\u00e4ver tillsammans med sina allianskollegor m\u00f6te med Skolinspektionen efter att ans\u00f6kan om att starta ny gymnasieskola i T\u00e4by avslagits.<\/p>\n<p>&#8221;- Vi har i v\u00e5ra remissvar pekat p\u00e5 de prognoser och brister p\u00e5 platser i T\u00e4by och l\u00e4net som finns. Det \u00e4r tydligt att man ignorerat detta. Jag fr\u00e5gar mig varf\u00f6r. Tar man inte det h\u00e4r p\u00e5 allvar? \u00c4r man emot friskolor? Eller har man fastnat i en byr\u00e5krati som tappat kontakt med verkligheten? Alldeles oavsett kr\u00e4vs det svar och b\u00e4ttring, och det nu&#8221;, s\u00e4ger Tobias Karlstr\u00f6m (KD), Gymnasie- och N\u00e4ringslivsn\u00e4mndens ordf\u00f6rande.<\/p>\n<p><a href=\"https:\/\/l.facebook.com\/l.php?u=https%3A%2F%2Fmitti.se%2Fnyheter%2Falliansen-skolinspektionen-kraver%2F%3Fomrade%3Dtaby%26fbclid%3DIwAR3tCDchnIULAt3THrBSv-4mZ8p0gdflHkFuZQsFgnQTUZJYCPd4r0dK1-Q&amp;h=AT1xkhlGUsxJw6-zmOOhQ8xSeWgdJqsxBTGKbGAmlfG5yCQFTyeVCrWjr2vyrX4EkVuUOZO1m8GfKweAR11NBYbNOlnbLbWA86UV2xEsCUwMsR62Uf3fTWYqlgJyyvJIENg4r172IOG1p0JguwryJtVxm4YJWUhif2FpiTfStpFp0cgBC2FBdCNM6Dq2NgqWTUWiw2SET8EjBhnM_hrEf_9NODfQNQspgQBP2bbPDZcPadK4apRE8EC5QOhgWn7OVIPeRbNF5N-YZEC2ZhSDg9N0wkokE_JD0OjIJuPtt1Q3fKAceqUgBPEGYTFkKzO6BI13EBRH0nE3tW_QqY_2NeAyWgJwCdhSXQxrPsVofEXAQ04jP1c_C7R9qZw3LNMiY176bfjxxNUCNzOJlFScxX1TiBysqwQMlDPtG9HEkpkGfDOwtvk_gOYlXBEBnn48uvNLznYAvVQgwQtEQHXDqle3WDNJkxOkLGgEjaYqRrhCxPTDC9CvAg2N67WLUViGbtucoQX1UwvgErpabaQufccDUbbhgP82kt7YzQJBDmo-UmBSf1pVccTtCvs6l0laFsISJf8POfak5iEogToXNil8W_35DYJpoPMm1Rhwzwt4S3G-XPTir05hLXsDMQ\">L\u00e4s artikeln i Mitti h\u00e4r!<\/a><\/p>\n<\/div>\n","protected":false},"excerpt":{"rendered":"<p>KDs kommunalr\u00e5d kr\u00e4ver tillsammans med sina allianskollegor m\u00f6te med Skolinspektionen efter att ans\u00f6kan om att starta ny gymnasieskola i T\u00e4by avslagits. &#8221;- Vi har i v\u00e5ra remissvar pekat p\u00e5 de prognoser och brister p\u00e5 platser i T\u00e4by och l\u00e4net som finns. Det \u00e4r tydligt att man ignorerat detta. Jag fr\u00e5gar mig varf\u00f6r. Tar man inte <a class=\"read-more-link\" href=\"https:\/\/wp.kristdemokraterna.se\/taby\/taby-behover-fler-gymnasieskolor\/\">Read More<\/a><\/p>\n","protected":false},"author":26,"featured_media":0,"comment_status":"closed","ping_status":"closed","sticky":false,"template":"","format":"standard","meta":{"_acf_changed":false,"footnotes":""},"categories":[30,29,1],"tags":[],"class_list":["post-2016","post","type-post","status-publish","format-standard","hentry","category-inlagg","category-nyheter","category-okategoriserade"],"acf":[],"yoast_head":"<!-- This site is optimized with the Yoast SEO plugin v27.4 - https:\/\/yoast.com\/product\/yoast-seo-wordpress\/ -->\n<title>T\u00e4by beh\u00f6ver fler gymnasieskolor! - s\u00e5 snart som m\u00f6jligt!<\/title>\n<meta name=\"description\" content=\"Antalet gymnasieungdomar \u00f6kar i T\u00e4by men \u00e4n s\u00e5 l\u00e4nge finns det inga konkreta byggplaner f\u00f6r nya gymnasieskolor. Ett f\u00f6retag vill driva gymnasieskola..\" \/>\n<meta name=\"robots\" content=\"index, follow, max-snippet:-1, max-image-preview:large, max-video-preview:-1\" \/>\n<link rel=\"canonical\" href=\"https:\/\/wp.kristdemokraterna.se\/taby\/taby-behover-fler-gymnasieskolor\/\" \/>\n<meta property=\"og:locale\" content=\"sv_SE\" \/>\n<meta property=\"og:type\" content=\"article\" \/>\n<meta property=\"og:title\" content=\"T\u00e4by beh\u00f6ver fler gymnasieskolor! - s\u00e5 snart som m\u00f6jligt!\" \/>\n<meta property=\"og:description\" content=\"Antalet gymnasieungdomar \u00f6kar i T\u00e4by men \u00e4n s\u00e5 l\u00e4nge finns det inga konkreta byggplaner f\u00f6r nya gymnasieskolor. Ett f\u00f6retag vill driva gymnasieskola..\" \/>\n<meta property=\"og:url\" content=\"https:\/\/wp.kristdemokraterna.se\/taby\/taby-behover-fler-gymnasieskolor\/\" \/>\n<meta property=\"og:site_name\" content=\"T\u00e4by\" \/>\n<meta property=\"article:published_time\" content=\"2020-01-30T13:13:50+00:00\" \/>\n<meta property=\"article:modified_time\" content=\"2020-02-02T13:21:13+00:00\" \/>\n<meta name=\"author\" content=\"taby\" \/>\n<meta name=\"twitter:card\" content=\"summary_large_image\" \/>\n<meta name=\"twitter:label1\" content=\"Skriven av\" \/>\n\t<meta name=\"twitter:data1\" content=\"taby\" \/>\n\t<meta name=\"twitter:label2\" content=\"Ber\u00e4knad l\u00e4stid\" \/>\n\t<meta name=\"twitter:data2\" content=\"1 minut\" \/>\n<script type=\"application\/ld+json\" class=\"yoast-schema-graph\">{\"@context\":\"https:\\\/\\\/schema.org\",\"@graph\":[{\"@type\":\"Article\",\"@id\":\"https:\\\/\\\/wp.kristdemokraterna.se\\\/taby\\\/taby-behover-fler-gymnasieskolor\\\/#article\",\"isPartOf\":{\"@id\":\"https:\\\/\\\/wp.kristdemokraterna.se\\\/taby\\\/taby-behover-fler-gymnasieskolor\\\/\"},\"author\":{\"name\":\"taby\",\"@id\":\"https:\\\/\\\/wp.kristdemokraterna.se\\\/taby\\\/#\\\/schema\\\/person\\\/12b9024c714759d0acdc1da1e754d06c\"},\"headline\":\"T\u00e4by beh\u00f6ver fler gymnasieskolor!\",\"datePublished\":\"2020-01-30T13:13:50+00:00\",\"dateModified\":\"2020-02-02T13:21:13+00:00\",\"mainEntityOfPage\":{\"@id\":\"https:\\\/\\\/wp.kristdemokraterna.se\\\/taby\\\/taby-behover-fler-gymnasieskolor\\\/\"},\"wordCount\":125,\"articleSection\":[\"inl\u00e4gg\",\"Nyheter\",\"Senaste nytt\"],\"inLanguage\":\"sv-SE\"},{\"@type\":\"WebPage\",\"@id\":\"https:\\\/\\\/wp.kristdemokraterna.se\\\/taby\\\/taby-behover-fler-gymnasieskolor\\\/\",\"url\":\"https:\\\/\\\/wp.kristdemokraterna.se\\\/taby\\\/taby-behover-fler-gymnasieskolor\\\/\",\"name\":\"T\u00e4by beh\u00f6ver fler gymnasieskolor! - s\u00e5 snart som m\u00f6jligt!\",\"isPartOf\":{\"@id\":\"https:\\\/\\\/wp.kristdemokraterna.se\\\/taby\\\/#website\"},\"datePublished\":\"2020-01-30T13:13:50+00:00\",\"dateModified\":\"2020-02-02T13:21:13+00:00\",\"author\":{\"@id\":\"https:\\\/\\\/wp.kristdemokraterna.se\\\/taby\\\/#\\\/schema\\\/person\\\/12b9024c714759d0acdc1da1e754d06c\"},\"description\":\"Antalet gymnasieungdomar \u00f6kar i T\u00e4by men \u00e4n s\u00e5 l\u00e4nge finns det inga konkreta byggplaner f\u00f6r nya gymnasieskolor. Ett f\u00f6retag vill driva gymnasieskola..\",\"breadcrumb\":{\"@id\":\"https:\\\/\\\/wp.kristdemokraterna.se\\\/taby\\\/taby-behover-fler-gymnasieskolor\\\/#breadcrumb\"},\"inLanguage\":\"sv-SE\",\"potentialAction\":[{\"@type\":\"ReadAction\",\"target\":[\"https:\\\/\\\/wp.kristdemokraterna.se\\\/taby\\\/taby-behover-fler-gymnasieskolor\\\/\"]}]},{\"@type\":\"BreadcrumbList\",\"@id\":\"https:\\\/\\\/wp.kristdemokraterna.se\\\/taby\\\/taby-behover-fler-gymnasieskolor\\\/#breadcrumb\",\"itemListElement\":[{\"@type\":\"ListItem\",\"position\":1,\"name\":\"Hem\",\"item\":\"https:\\\/\\\/wp.kristdemokraterna.se\\\/taby\\\/\"},{\"@type\":\"ListItem\",\"position\":2,\"name\":\"T\u00e4by beh\u00f6ver fler gymnasieskolor!\"}]},{\"@type\":\"WebSite\",\"@id\":\"https:\\\/\\\/wp.kristdemokraterna.se\\\/taby\\\/#website\",\"url\":\"https:\\\/\\\/wp.kristdemokraterna.se\\\/taby\\\/\",\"name\":\"T\u00e4by\",\"description\":\"&quot;Det ska vara l\u00e4ttare att f\u00e5 ihop arbetsliv och familjeliv i T\u00e4by&quot;\",\"inLanguage\":\"sv-SE\"},{\"@type\":\"Person\",\"@id\":\"https:\\\/\\\/wp.kristdemokraterna.se\\\/taby\\\/#\\\/schema\\\/person\\\/12b9024c714759d0acdc1da1e754d06c\",\"name\":\"taby\",\"image\":{\"@type\":\"ImageObject\",\"inLanguage\":\"sv-SE\",\"@id\":\"https:\\\/\\\/secure.gravatar.com\\\/avatar\\\/62f6aca44d1f9c34b49438e5fdf4be3554253b04b49a76f013049906786db305?s=96&d=mm&r=g\",\"url\":\"https:\\\/\\\/secure.gravatar.com\\\/avatar\\\/62f6aca44d1f9c34b49438e5fdf4be3554253b04b49a76f013049906786db305?s=96&d=mm&r=g\",\"contentUrl\":\"https:\\\/\\\/secure.gravatar.com\\\/avatar\\\/62f6aca44d1f9c34b49438e5fdf4be3554253b04b49a76f013049906786db305?s=96&d=mm&r=g\",\"caption\":\"taby\"},\"url\":\"https:\\\/\\\/wp.kristdemokraterna.se\\\/taby\\\/author\\\/taby\\\/\"}]}<\/script>\n<!-- \/ Yoast SEO plugin. -->","yoast_head_json":{"title":"T\u00e4by beh\u00f6ver fler gymnasieskolor! - s\u00e5 snart som m\u00f6jligt!","description":"Antalet gymnasieungdomar \u00f6kar i T\u00e4by men \u00e4n s\u00e5 l\u00e4nge finns det inga konkreta byggplaner f\u00f6r nya gymnasieskolor. Ett f\u00f6retag vill driva gymnasieskola..","robots":{"index":"index","follow":"follow","max-snippet":"max-snippet:-1","max-image-preview":"max-image-preview:large","max-video-preview":"max-video-preview:-1"},"canonical":"https:\/\/wp.kristdemokraterna.se\/taby\/taby-behover-fler-gymnasieskolor\/","og_locale":"sv_SE","og_type":"article","og_title":"T\u00e4by beh\u00f6ver fler gymnasieskolor! - s\u00e5 snart som m\u00f6jligt!","og_description":"Antalet gymnasieungdomar \u00f6kar i T\u00e4by men \u00e4n s\u00e5 l\u00e4nge finns det inga konkreta byggplaner f\u00f6r nya gymnasieskolor. Ett f\u00f6retag vill driva gymnasieskola..","og_url":"https:\/\/wp.kristdemokraterna.se\/taby\/taby-behover-fler-gymnasieskolor\/","og_site_name":"T\u00e4by","article_published_time":"2020-01-30T13:13:50+00:00","article_modified_time":"2020-02-02T13:21:13+00:00","author":"taby","twitter_card":"summary_large_image","twitter_misc":{"Skriven av":"taby","Ber\u00e4knad l\u00e4stid":"1 minut"},"schema":{"@context":"https:\/\/schema.org","@graph":[{"@type":"Article","@id":"https:\/\/wp.kristdemokraterna.se\/taby\/taby-behover-fler-gymnasieskolor\/#article","isPartOf":{"@id":"https:\/\/wp.kristdemokraterna.se\/taby\/taby-behover-fler-gymnasieskolor\/"},"author":{"name":"taby","@id":"https:\/\/wp.kristdemokraterna.se\/taby\/#\/schema\/person\/12b9024c714759d0acdc1da1e754d06c"},"headline":"T\u00e4by beh\u00f6ver fler gymnasieskolor!","datePublished":"2020-01-30T13:13:50+00:00","dateModified":"2020-02-02T13:21:13+00:00","mainEntityOfPage":{"@id":"https:\/\/wp.kristdemokraterna.se\/taby\/taby-behover-fler-gymnasieskolor\/"},"wordCount":125,"articleSection":["inl\u00e4gg","Nyheter","Senaste nytt"],"inLanguage":"sv-SE"},{"@type":"WebPage","@id":"https:\/\/wp.kristdemokraterna.se\/taby\/taby-behover-fler-gymnasieskolor\/","url":"https:\/\/wp.kristdemokraterna.se\/taby\/taby-behover-fler-gymnasieskolor\/","name":"T\u00e4by beh\u00f6ver fler gymnasieskolor! - s\u00e5 snart som m\u00f6jligt!","isPartOf":{"@id":"https:\/\/wp.kristdemokraterna.se\/taby\/#website"},"datePublished":"2020-01-30T13:13:50+00:00","dateModified":"2020-02-02T13:21:13+00:00","author":{"@id":"https:\/\/wp.kristdemokraterna.se\/taby\/#\/schema\/person\/12b9024c714759d0acdc1da1e754d06c"},"description":"Antalet gymnasieungdomar \u00f6kar i T\u00e4by men \u00e4n s\u00e5 l\u00e4nge finns det inga konkreta byggplaner f\u00f6r nya gymnasieskolor. Ett f\u00f6retag vill driva gymnasieskola..","breadcrumb":{"@id":"https:\/\/wp.kristdemokraterna.se\/taby\/taby-behover-fler-gymnasieskolor\/#breadcrumb"},"inLanguage":"sv-SE","potentialAction":[{"@type":"ReadAction","target":["https:\/\/wp.kristdemokraterna.se\/taby\/taby-behover-fler-gymnasieskolor\/"]}]},{"@type":"BreadcrumbList","@id":"https:\/\/wp.kristdemokraterna.se\/taby\/taby-behover-fler-gymnasieskolor\/#breadcrumb","itemListElement":[{"@type":"ListItem","position":1,"name":"Hem","item":"https:\/\/wp.kristdemokraterna.se\/taby\/"},{"@type":"ListItem","position":2,"name":"T\u00e4by beh\u00f6ver fler gymnasieskolor!"}]},{"@type":"WebSite","@id":"https:\/\/wp.kristdemokraterna.se\/taby\/#website","url":"https:\/\/wp.kristdemokraterna.se\/taby\/","name":"T\u00e4by","description":"&quot;Det ska vara l\u00e4ttare att f\u00e5 ihop arbetsliv och familjeliv i T\u00e4by&quot;","inLanguage":"sv-SE"},{"@type":"Person","@id":"https:\/\/wp.kristdemokraterna.se\/taby\/#\/schema\/person\/12b9024c714759d0acdc1da1e754d06c","name":"taby","image":{"@type":"ImageObject","inLanguage":"sv-SE","@id":"https:\/\/secure.gravatar.com\/avatar\/62f6aca44d1f9c34b49438e5fdf4be3554253b04b49a76f013049906786db305?s=96&d=mm&r=g","url":"https:\/\/secure.gravatar.com\/avatar\/62f6aca44d1f9c34b49438e5fdf4be3554253b04b49a76f013049906786db305?s=96&d=mm&r=g","contentUrl":"https:\/\/secure.gravatar.com\/avatar\/62f6aca44d1f9c34b49438e5fdf4be3554253b04b49a76f013049906786db305?s=96&d=mm&r=g","caption":"taby"},"url":"https:\/\/wp.kristdemokraterna.se\/taby\/author\/taby\/"}]}},"_links":{"self":[{"href":"https:\/\/wp.kristdemokraterna.se\/taby\/wp-json\/wp\/v2\/posts\/2016","targetHints":{"allow":["GET"]}}],"collection":[{"href":"https:\/\/wp.kristdemokraterna.se\/taby\/wp-json\/wp\/v2\/posts"}],"about":[{"href":"https:\/\/wp.kristdemokraterna.se\/taby\/wp-json\/wp\/v2\/types\/post"}],"author":[{"embeddable":true,"href":"https:\/\/wp.kristdemokraterna.se\/taby\/wp-json\/wp\/v2\/users\/26"}],"replies":[{"embeddable":true,"href":"https:\/\/wp.kristdemokraterna.se\/taby\/wp-json\/wp\/v2\/comments?post=2016"}],"version-history":[{"count":1,"href":"https:\/\/wp.kristdemokraterna.se\/taby\/wp-json\/wp\/v2\/posts\/2016\/revisions"}],"predecessor-version":[{"id":2017,"href":"https:\/\/wp.kristdemokraterna.se\/taby\/wp-json\/wp\/v2\/posts\/2016\/revisions\/2017"}],"wp:attachment":[{"href":"https:\/\/wp.kristdemokraterna.se\/taby\/wp-json\/wp\/v2\/media?parent=2016"}],"wp:term":[{"taxonomy":"category","embeddable":true,"href":"https:\/\/wp.kristdemokraterna.se\/taby\/wp-json\/wp\/v2\/categories?post=2016"},{"taxonomy":"post_tag","embeddable":true,"href":"https:\/\/wp.kristdemokraterna.se\/taby\/wp-json\/wp\/v2\/tags?post=2016"}],"curies":[{"name":"wp","href":"https:\/\/api.w.org\/{rel}","templated":true}]}}